{"id":1026610,"date":"2021-11-02T10:53:07","date_gmt":"2021-11-02T07:53:07","guid":{"rendered":"https:\/\/darkamazi.info\/?p=1026610"},"modified":"2021-11-02T10:53:07","modified_gmt":"2021-11-02T07:53:07","slug":"li-meletiye-zilameki-hevjina-xwe-da-ber-keran-u-kust","status":"publish","type":"post","link":"https:\/\/darkamazi.info\/archives\/1026610","title":{"rendered":"Li Meletiy\u00ea zilamek\u00ee hevj\u00eena xwe da ber k\u00earan \u00fb ku\u015ft"},"content":{"rendered":"<h3 style=\"text-align: justify\"><span style=\"font-family: 'arial black', sans-serif\">Li par\u00eazgeha Melet\u00ee ya Bakur\u00ea Kurdistdan\u00ea zilamek\u00ee jina xwe da ber k\u00earan \u00fb ku\u015ft.<\/span><\/h3>\n<h3 style=\"text-align: justify\">Duh\u00ee \u00eavar\u00ea li nav\u00e7eya Se\u00e7uql\u00ee ya bajarok\u00ea Betalgaz\u00ee li par\u00eazgeha Melet\u00ee ya Bakur\u00ea Kurdistan\u00ea, zilamek\u00ee 42 sal\u00ee hevj\u00eena xwe ya 38 sal\u00ee ya bi nav\u00ea N\u00fbrsel T. da ber k\u00earan \u00fb giran bir\u00eendar kir.<\/h3>\n<h3 style=\"text-align: justify\">Li gor\u00ee agahiyan, N\u00fbrsel (dayka s\u00ea zarokan) li nexwe\u015fxan\u00ea can\u00ea xwe ji dest da.<\/h3>\n<h3 style=\"text-align: justify\">T\u00ea gotin ku hevj\u00eena w\u00ee zilam\u00ee dixwast telaq werbigire \u00fb j\u00ea cuda bibe l\u00ea ew raz\u00ee neb\u00fb, ji ber w\u00ea j\u00ee dab\u00fb ber k\u00earan.<\/h3>\n<h3 style=\"text-align: justify\">Hat ragehandin ku zilam destp\u00eak\u00ea reviyab\u00fb l\u00ea pa\u015f\u00ea bi xwe \u00e7\u00fbb\u00fb tesl\u00eem\u00ee pol\u00ees bib\u00fb.<\/h3>\n","protected":false},"excerpt":{"rendered":"<p>Li par\u00eazgeha Melet\u00ee ya Bakur\u00ea Kurdistdan\u00ea zilamek\u00ee jina xwe da ber k\u00earan \u00fb ku\u015ft. Duh\u00ee \u00eavar\u00ea li nav\u00e7eya Se\u00e7uql\u00ee ya bajarok\u00ea Betalgaz\u00ee li par\u00eazgeha Melet\u00ee ya Bakur\u00ea Kurdistan\u00ea, zilamek\u00ee 42 sal\u00ee hevj\u00eena xwe ya 38 sal\u00ee ya bi nav\u00ea N\u00fbrsel T. da ber k\u00earan \u00fb giran bir\u00eendar kir. Li gor\u00ee agahiyan, N\u00fbrsel (dayka s\u00ea zarokan) [&hellip;]<\/p>\n","protected":false},"author":2,"featured_media":1026611,"comment_status":"closed","ping_status":"closed","sticky":false,"template":"","format":"standard","meta":{"footnotes":""},"categories":[29],"tags":[37],"class_list":["post-1026610","post","type-post","status-publish","format-standard","has-post-thumbnail","hentry","category-kurdistan","tag-sereke"],"blocksy_meta":[],"seo_head":"<!-- This site is optimized with the Yoast SEO plugin v27.5 - https:\/\/yoast.com\/product\/yoast-seo-wordpress\/ -->\n<title>Li Meletiy\u00ea zilamek\u00ee hevj\u00eena xwe da ber k\u00earan \u00fb ku\u015ft - Darka Maz\u00ee<\/title>\n<meta name=\"robots\" content=\"index, follow, max-snippet:-1, max-image-preview:large, max-video-preview:-1\" \/>\n<link rel=\"canonical\" href=\"https:\/\/darkamazi.info\/archives\/1026610\" \/>\n<meta property=\"og:locale\" content=\"en_US\" \/>\n<meta property=\"og:type\" content=\"article\" \/>\n<meta property=\"og:title\" content=\"Li Meletiy\u00ea zilamek\u00ee hevj\u00eena xwe da ber k\u00earan \u00fb ku\u015ft - Darka Maz\u00ee\" \/>\n<meta property=\"og:description\" content=\"Li par\u00eazgeha Melet\u00ee ya Bakur\u00ea Kurdistdan\u00ea zilamek\u00ee jina xwe da ber k\u00earan \u00fb ku\u015ft. Duh\u00ee \u00eavar\u00ea li nav\u00e7eya Se\u00e7uql\u00ee ya bajarok\u00ea Betalgaz\u00ee li par\u00eazgeha Melet\u00ee ya Bakur\u00ea Kurdistan\u00ea, zilamek\u00ee 42 sal\u00ee hevj\u00eena xwe ya 38 sal\u00ee ya bi nav\u00ea N\u00fbrsel T. da ber k\u00earan \u00fb giran bir\u00eendar kir. Li gor\u00ee agahiyan, N\u00fbrsel (dayka s\u00ea zarokan) [&hellip;]\" \/>\n<meta property=\"og:url\" content=\"https:\/\/darkamazi.info\/archives\/1026610\" \/>\n<meta property=\"og:site_name\" content=\"Darka Maz\u00ee\" \/>\n<meta property=\"article:publisher\" content=\"https:\/\/www.facebook.com\/DarMaziKurmanci\" \/>\n<meta property=\"article:published_time\" content=\"2021-11-02T07:53:07+00:00\" \/>\n<meta property=\"og:image\" content=\"https:\/\/darkamazi.info\/file\/2021\/11\/meleti-bakure-kurdistan.jpg\" \/>\n\t<meta property=\"og:image:width\" content=\"900\" \/>\n\t<meta property=\"og:image:height\" content=\"497\" \/>\n\t<meta property=\"og:image:type\" content=\"image\/jpeg\" \/>\n<meta name=\"author\" content=\"darka mazi\" \/>\n<meta name=\"twitter:card\" content=\"summary_large_image\" \/>\n<meta name=\"twitter:creator\" content=\"@DarkaMaziLatini\" \/>\n<meta name=\"twitter:site\" content=\"@DarkaMaziLatini\" \/>\n<meta name=\"twitter:label1\" content=\"Written by\" \/>\n\t<meta name=\"twitter:data1\" content=\"darka mazi\" \/>\n\t<meta name=\"twitter:label2\" content=\"Est. reading time\" \/>\n\t<meta name=\"twitter:data2\" content=\"1 minute\" \/>\n<script type=\"application\/ld+json\" class=\"seo-schema-graph\">{\"@context\":\"https:\\\/\\\/schema.org\",\"@graph\":[{\"@type\":\"Article\",\"@id\":\"https:\\\/\\\/darkamazi.info\\\/archives\\\/1026610#article\",\"isPartOf\":{\"@id\":\"https:\\\/\\\/darkamazi.info\\\/archives\\\/1026610\"},\"author\":{\"name\":\"darka mazi\",\"@id\":\"https:\\\/\\\/darkamazi.info\\\/#\\\/schema\\\/person\\\/5ad3e24553a0567993fa8ed4bd0a776c\"},\"headline\":\"Li Meletiy\u00ea zilamek\u00ee hevj\u00eena xwe da ber k\u00earan \u00fb ku\u015ft\",\"datePublished\":\"2021-11-02T07:53:07+00:00\",\"mainEntityOfPage\":{\"@id\":\"https:\\\/\\\/darkamazi.info\\\/archives\\\/1026610\"},\"wordCount\":124,\"publisher\":{\"@id\":\"https:\\\/\\\/darkamazi.info\\\/#organization\"},\"image\":{\"@id\":\"https:\\\/\\\/darkamazi.info\\\/archives\\\/1026610#primaryimage\"},\"thumbnailUrl\":\"https:\\\/\\\/darkamazi.info\\\/darka-content\\\/uploads\\\/2021\\\/11\\\/meleti-bakure-kurdistan.jpg\",\"keywords\":[\"sereke\"],\"articleSection\":[\"Kurdistan\"],\"inLanguage\":\"en-US\"},{\"@type\":\"WebPage\",\"@id\":\"https:\\\/\\\/darkamazi.info\\\/archives\\\/1026610\",\"url\":\"https:\\\/\\\/darkamazi.info\\\/archives\\\/1026610\",\"name\":\"Li Meletiy\u00ea zilamek\u00ee hevj\u00eena xwe da ber k\u00earan \u00fb ku\u015ft - Darka Maz\u00ee\",\"isPartOf\":{\"@id\":\"https:\\\/\\\/darkamazi.info\\\/#website\"},\"primaryImageOfPage\":{\"@id\":\"https:\\\/\\\/darkamazi.info\\\/archives\\\/1026610#primaryimage\"},\"image\":{\"@id\":\"https:\\\/\\\/darkamazi.info\\\/archives\\\/1026610#primaryimage\"},\"thumbnailUrl\":\"https:\\\/\\\/darkamazi.info\\\/darka-content\\\/uploads\\\/2021\\\/11\\\/meleti-bakure-kurdistan.jpg\",\"datePublished\":\"2021-11-02T07:53:07+00:00\",\"breadcrumb\":{\"@id\":\"https:\\\/\\\/darkamazi.info\\\/archives\\\/1026610#breadcrumb\"},\"inLanguage\":\"en-US\",\"potentialAction\":[{\"@type\":\"ReadAction\",\"target\":[\"https:\\\/\\\/darkamazi.info\\\/archives\\\/1026610\"]}]},{\"@type\":\"ImageObject\",\"inLanguage\":\"en-US\",\"@id\":\"https:\\\/\\\/darkamazi.info\\\/archives\\\/1026610#primaryimage\",\"url\":\"https:\\\/\\\/darkamazi.info\\\/darka-content\\\/uploads\\\/2021\\\/11\\\/meleti-bakure-kurdistan.jpg\",\"contentUrl\":\"https:\\\/\\\/darkamazi.info\\\/darka-content\\\/uploads\\\/2021\\\/11\\\/meleti-bakure-kurdistan.jpg\",\"width\":900,\"height\":497,\"caption\":\"Li Meletiy\u00ea zilamek\u00ee hevj\u00eena xwe da ber k\u00earan \u00fb ku\u015ft\"},{\"@type\":\"BreadcrumbList\",\"@id\":\"https:\\\/\\\/darkamazi.info\\\/archives\\\/1026610#breadcrumb\",\"itemListElement\":[{\"@type\":\"ListItem\",\"position\":1,\"name\":\"Home\",\"item\":\"https:\\\/\\\/darkamazi.info\\\/\"},{\"@type\":\"ListItem\",\"position\":2,\"name\":\"Li Meletiy\u00ea zilamek\u00ee hevj\u00eena xwe da ber k\u00earan \u00fb ku\u015ft\"}]},{\"@type\":\"WebSite\",\"@id\":\"https:\\\/\\\/darkamazi.info\\\/#website\",\"url\":\"https:\\\/\\\/darkamazi.info\\\/\",\"name\":\"Darka Maz\u00ee\",\"description\":\"P\u00eageha Zanyariy\u00ean Nebih\u00eest\u00ee\",\"publisher\":{\"@id\":\"https:\\\/\\\/darkamazi.info\\\/#organization\"},\"potentialAction\":[{\"@type\":\"SearchAction\",\"target\":{\"@type\":\"EntryPoint\",\"urlTemplate\":\"https:\\\/\\\/darkamazi.info\\\/?s={search_term_string}\"},\"query-input\":{\"@type\":\"PropertyValueSpecification\",\"valueRequired\":true,\"valueName\":\"search_term_string\"}}],\"inLanguage\":\"en-US\"},{\"@type\":\"Organization\",\"@id\":\"https:\\\/\\\/darkamazi.info\\\/#organization\",\"name\":\"Darka Maz\u00ee\",\"url\":\"https:\\\/\\\/darkamazi.info\\\/\",\"logo\":{\"@type\":\"ImageObject\",\"inLanguage\":\"en-US\",\"@id\":\"https:\\\/\\\/darkamazi.info\\\/#\\\/schema\\\/logo\\\/image\\\/\",\"url\":\"https:\\\/\\\/darkamazi.info\\\/darka-content\\\/uploads\\\/2017\\\/12\\\/darka-mazi-logo.png\",\"contentUrl\":\"https:\\\/\\\/darkamazi.info\\\/darka-content\\\/uploads\\\/2017\\\/12\\\/darka-mazi-logo.png\",\"width\":151,\"height\":75,\"caption\":\"Darka Maz\u00ee\"},\"image\":{\"@id\":\"https:\\\/\\\/darkamazi.info\\\/#\\\/schema\\\/logo\\\/image\\\/\"},\"sameAs\":[\"https:\\\/\\\/www.facebook.com\\\/DarMaziKurmanci\",\"https:\\\/\\\/x.com\\\/DarkaMaziLatini\",\"https:\\\/\\\/www.instagram.com\\\/darkamazi.kurmanci\\\/\",\"https:\\\/\\\/www.youtube.com\\\/channel\\\/UCa5HkTdmI8U1qCUFuTw8B2g\"]},{\"@type\":\"Person\",\"@id\":\"https:\\\/\\\/darkamazi.info\\\/#\\\/schema\\\/person\\\/5ad3e24553a0567993fa8ed4bd0a776c\",\"name\":\"darka mazi\",\"sameAs\":[\"https:\\\/\\\/darkamazi.info\\\/\"],\"url\":\"https:\\\/\\\/darkamazi.info\\\/archives\\\/author\\\/kurdi\"}]}<\/script>\n<!-- \/ Yoast SEO plugin. -->","seo_head_json":{"title":"Li Meletiy\u00ea zilamek\u00ee hevj\u00eena xwe da ber k\u00earan \u00fb ku\u015ft - Darka Maz\u00ee","robots":{"index":"index","follow":"follow","max-snippet":"max-snippet:-1","max-image-preview":"max-image-preview:large","max-video-preview":"max-video-preview:-1"},"canonical":"https:\/\/darkamazi.info\/archives\/1026610","og_locale":"en_US","og_type":"article","og_title":"Li Meletiy\u00ea zilamek\u00ee hevj\u00eena xwe da ber k\u00earan \u00fb ku\u015ft - Darka Maz\u00ee","og_description":"Li par\u00eazgeha Melet\u00ee ya Bakur\u00ea Kurdistdan\u00ea zilamek\u00ee jina xwe da ber k\u00earan \u00fb ku\u015ft. Duh\u00ee \u00eavar\u00ea li nav\u00e7eya Se\u00e7uql\u00ee ya bajarok\u00ea Betalgaz\u00ee li par\u00eazgeha Melet\u00ee ya Bakur\u00ea Kurdistan\u00ea, zilamek\u00ee 42 sal\u00ee hevj\u00eena xwe ya 38 sal\u00ee ya bi nav\u00ea N\u00fbrsel T. da ber k\u00earan \u00fb giran bir\u00eendar kir. Li gor\u00ee agahiyan, N\u00fbrsel (dayka s\u00ea zarokan) [&hellip;]","og_url":"https:\/\/darkamazi.info\/archives\/1026610","og_site_name":"Darka Maz\u00ee","article_publisher":"https:\/\/www.facebook.com\/DarMaziKurmanci","article_published_time":"2021-11-02T07:53:07+00:00","og_image":[{"width":900,"height":497,"url":"https:\/\/darkamazi.info\/file\/2021\/11\/meleti-bakure-kurdistan.jpg","type":"image\/jpeg"}],"author":"darka mazi","twitter_card":"summary_large_image","twitter_creator":"@DarkaMaziLatini","twitter_site":"@DarkaMaziLatini","twitter_misc":{"Written by":"darka mazi","Est. reading time":"1 minute"},"schema":{"@context":"https:\/\/schema.org","@graph":[{"@type":"Article","@id":"https:\/\/darkamazi.info\/archives\/1026610#article","isPartOf":{"@id":"https:\/\/darkamazi.info\/archives\/1026610"},"author":{"name":"darka mazi","@id":"https:\/\/darkamazi.info\/#\/schema\/person\/5ad3e24553a0567993fa8ed4bd0a776c"},"headline":"Li Meletiy\u00ea zilamek\u00ee hevj\u00eena xwe da ber k\u00earan \u00fb ku\u015ft","datePublished":"2021-11-02T07:53:07+00:00","mainEntityOfPage":{"@id":"https:\/\/darkamazi.info\/archives\/1026610"},"wordCount":124,"publisher":{"@id":"https:\/\/darkamazi.info\/#organization"},"image":{"@id":"https:\/\/darkamazi.info\/archives\/1026610#primaryimage"},"thumbnailUrl":"https:\/\/darkamazi.info\/file\/2021\/11\/meleti-bakure-kurdistan.jpg","keywords":["sereke"],"articleSection":["Kurdistan"],"inLanguage":"en-US"},{"@type":"WebPage","@id":"https:\/\/darkamazi.info\/archives\/1026610","url":"https:\/\/darkamazi.info\/archives\/1026610","name":"Li Meletiy\u00ea zilamek\u00ee hevj\u00eena xwe da ber k\u00earan \u00fb ku\u015ft - Darka Maz\u00ee","isPartOf":{"@id":"https:\/\/darkamazi.info\/#website"},"primaryImageOfPage":{"@id":"https:\/\/darkamazi.info\/archives\/1026610#primaryimage"},"image":{"@id":"https:\/\/darkamazi.info\/archives\/1026610#primaryimage"},"thumbnailUrl":"https:\/\/darkamazi.info\/file\/2021\/11\/meleti-bakure-kurdistan.jpg","datePublished":"2021-11-02T07:53:07+00:00","breadcrumb":{"@id":"https:\/\/darkamazi.info\/archives\/1026610#breadcrumb"},"inLanguage":"en-US","potentialAction":[{"@type":"ReadAction","target":["https:\/\/darkamazi.info\/archives\/1026610"]}]},{"@type":"ImageObject","inLanguage":"en-US","@id":"https:\/\/darkamazi.info\/archives\/1026610#primaryimage","url":"https:\/\/darkamazi.info\/file\/2021\/11\/meleti-bakure-kurdistan.jpg","contentUrl":"https:\/\/darkamazi.info\/file\/2021\/11\/meleti-bakure-kurdistan.jpg","width":900,"height":497,"caption":"Li Meletiy\u00ea zilamek\u00ee hevj\u00eena xwe da ber k\u00earan \u00fb ku\u015ft"},{"@type":"BreadcrumbList","@id":"https:\/\/darkamazi.info\/archives\/1026610#breadcrumb","itemListElement":[{"@type":"ListItem","position":1,"name":"Home","item":"https:\/\/darkamazi.info\/"},{"@type":"ListItem","position":2,"name":"Li Meletiy\u00ea zilamek\u00ee hevj\u00eena xwe da ber k\u00earan \u00fb ku\u015ft"}]},{"@type":"WebSite","@id":"https:\/\/darkamazi.info\/#website","url":"https:\/\/darkamazi.info\/","name":"Darka Maz\u00ee","description":"P\u00eageha Zanyariy\u00ean Nebih\u00eest\u00ee","publisher":{"@id":"https:\/\/darkamazi.info\/#organization"},"potentialAction":[{"@type":"SearchAction","target":{"@type":"EntryPoint","urlTemplate":"https:\/\/darkamazi.info\/?s={search_term_string}"},"query-input":{"@type":"PropertyValueSpecification","valueRequired":true,"valueName":"search_term_string"}}],"inLanguage":"en-US"},{"@type":"Organization","@id":"https:\/\/darkamazi.info\/#organization","name":"Darka Maz\u00ee","url":"https:\/\/darkamazi.info\/","logo":{"@type":"ImageObject","inLanguage":"en-US","@id":"https:\/\/darkamazi.info\/#\/schema\/logo\/image\/","url":"https:\/\/darkamazi.info\/file\/2017\/12\/darka-mazi-logo.png","contentUrl":"https:\/\/darkamazi.info\/file\/2017\/12\/darka-mazi-logo.png","width":151,"height":75,"caption":"Darka Maz\u00ee"},"image":{"@id":"https:\/\/darkamazi.info\/#\/schema\/logo\/image\/"},"sameAs":["https:\/\/www.facebook.com\/DarMaziKurmanci","https:\/\/x.com\/DarkaMaziLatini","https:\/\/www.instagram.com\/darkamazi.kurmanci\/","https:\/\/www.youtube.com\/channel\/UCa5HkTdmI8U1qCUFuTw8B2g"]},{"@type":"Person","@id":"https:\/\/darkamazi.info\/#\/schema\/person\/5ad3e24553a0567993fa8ed4bd0a776c","name":"darka mazi","sameAs":["https:\/\/darkamazi.info\/"],"url":"https:\/\/darkamazi.info\/archives\/author\/kurdi"}]}},"_links":{"self":[{"href":"https:\/\/darkamazi.info\/funavuv\/wp\/v2\/posts\/1026610","targetHints":{"allow":["GET"]}}],"collection":[{"href":"https:\/\/darkamazi.info\/funavuv\/wp\/v2\/posts"}],"about":[{"href":"https:\/\/darkamazi.info\/funavuv\/wp\/v2\/types\/post"}],"author":[{"embeddable":true,"href":"https:\/\/darkamazi.info\/funavuv\/wp\/v2\/users\/2"}],"replies":[{"embeddable":true,"href":"https:\/\/darkamazi.info\/funavuv\/wp\/v2\/comments?post=1026610"}],"version-history":[{"count":0,"href":"https:\/\/darkamazi.info\/funavuv\/wp\/v2\/posts\/1026610\/revisions"}],"wp:featuredmedia":[{"embeddable":true,"href":"https:\/\/darkamazi.info\/funavuv\/wp\/v2\/media\/1026611"}],"wp:attachment":[{"href":"https:\/\/darkamazi.info\/funavuv\/wp\/v2\/media?parent=1026610"}],"wp:term":[{"taxonomy":"category","embeddable":true,"href":"https:\/\/darkamazi.info\/funavuv\/wp\/v2\/categories?post=1026610"},{"taxonomy":"post_tag","embeddable":true,"href":"https:\/\/darkamazi.info\/funavuv\/wp\/v2\/tags?post=1026610"}],"curies":[{"name":"wp","href":"https:\/\/api.w.org\/{rel}","templated":true}]}}