{"id":1026638,"date":"2021-11-03T15:58:44","date_gmt":"2021-11-03T12:58:44","guid":{"rendered":"https:\/\/darkamazi.info\/?p=1026638"},"modified":"2021-11-03T15:58:44","modified_gmt":"2021-11-03T12:58:44","slug":"kilicdaroglu-ez-de-qendile-bi-erde-re-bikim-yek","status":"publish","type":"post","link":"https:\/\/darkamazi.info\/archives\/1026638","title":{"rendered":"Kili\u00e7daroglu: Ez d\u00ea Qend\u00eel\u00ea bi erd\u00ea re bikim yek"},"content":{"rendered":"<h3 style=\"text-align: justify\"><span style=\"font-family: 'arial black', sans-serif\">Serok\u00ea CHP\u00ea Kemal Kili\u00e7daroglu gef li dij\u00ee PKK\u00ea xwe xwar \u00fb got: \u201cSoz didim eger ez v\u00ea h\u00eal\u00eena bi nav\u00ea Qend\u00eel\u00ea bi erd\u00ea re nekim yek, bila ji min re neb\u00eajin Kili\u00e7daroglu.<\/span><\/h3>\n<h3 style=\"text-align: justify\"><span style=\"font-family: arial, helvetica, sans-serif\">Serok\u00ea Gi\u015ft\u00ee y\u00ea CHP\u00ea Kemal Kili\u00e7daroglu li Yozgat\u00ea ligel n\u00fbner\u00ean r\u00eaxistin\u00ean dezgeh\u00ean siv\u00eel \u00fb rihspiy\u00ean baj\u00ear ve civiya \u00fb di hevd\u00eetina xwe de axivtinek kir.<\/span><\/h3>\n<h3 style=\"text-align: justify\"><span style=\"font-family: arial, helvetica, sans-serif\">Kemal Kili\u00e7daroglu di \u00e7ar\u00e7oveya hevd\u00eetin\u00ean xwe y\u00ean li Yozgat\u00ea de ewil li gund\u00ea Sek\u00eel\u00ee y\u00ea nav\u00e7eya Yerkoy\u00ea bi muxtar \u00fb cotkaran re ta\u015ft\u00ea xwar.<\/span><\/h3>\n<h3 style=\"text-align: justify\"><span style=\"font-family: arial, helvetica, sans-serif\">Kili\u00e7daroglu pi\u015ft re li Navenda \u00c7and\u00ea ya \u015earedariya Yozgat\u00ea di hevd\u00eetina ligel rihspiyan, mixtar \u00fb n\u00fbner\u00ean r\u00eaxistin\u00ean civak\u00ee y\u00ean siv\u00eel de diyar kir ku ew cara 7em\u00een e ku serdana w\u00ee bajar\u00ee dike, l\u00ea cara yekem\u00een ku guhdariya xelk\u00ea dike.<\/span><\/h3>\n<h3 style=\"text-align: justify\"><span style=\"font-family: arial, helvetica, sans-serif\">Kili\u00e7daroglu bal ki\u015fand ser w\u00ea yek\u00ea ku hem\u00fb welat\u00ean c\u00eehan\u00ea pi\u015ftgiriy\u00ea didin \u00e7andiniy\u00ea \u00fb kerta \u00e7andiniy\u00ea sektorek stratej\u00eek e \u00fb got: \u201cEger bi \u00eezna Xwed\u00ea h\u00fbn pi\u015ftgiriy\u00ea bidin me \u00fb em bibin desthilatdar, ya em bikin ew e ku cotkar d\u00ea bigih\u00eaje heqe xwe y\u00ea weberh\u00eanan\u00ea. H\u00fbn d\u00ea heq\u00ea mazot, gubre \u00fb hwd derbixin. Bi ser de d\u00ea qazanceke we ya maq\u00fbl hebe<\/span><span style=\"font-family: arial, helvetica, sans-serif\">\u201d<\/span><span style=\"font-family: arial, helvetica, sans-serif\">.<\/span><\/h3>\n<h3 style=\"text-align: justify\"><span style=\"font-family: arial, helvetica, sans-serif\">D\u0131 be\u015feke din axavtina xe de Serok\u00ea Gi\u015ft\u00ee y\u00ea CHP\u00ea gef li dij\u00ee PKK\u00ea xwar \u00fb got: \u201cSoz didim eger ez v\u00ea h\u00eal\u00eena bi nav\u00ea Qend\u00eel\u00ea bi erd\u00ea re nekim yek, bila ji min re neb\u00eajin Kili\u00e7daroglu. Ez tu car\u00ee p\u00ealav\u00ean le\u015fker\u00ee y\u00ean biyan\u00ee li v\u00ea ax\u00ea naxwazim<\/span><span style=\"font-family: arial, helvetica, sans-serif\">\u201d<\/span><span style=\"font-family: arial, helvetica, sans-serif\">.<\/span><\/h3>\n","protected":false},"excerpt":{"rendered":"<p>Serok\u00ea CHP\u00ea Kemal Kili\u00e7daroglu gef li dij\u00ee PKK\u00ea xwe xwar \u00fb got: \u201cSoz didim eger ez v\u00ea h\u00eal\u00eena bi nav\u00ea Qend\u00eel\u00ea bi erd\u00ea re nekim yek, bila ji min re neb\u00eajin Kili\u00e7daroglu. Serok\u00ea Gi\u015ft\u00ee y\u00ea CHP\u00ea Kemal Kili\u00e7daroglu li Yozgat\u00ea ligel n\u00fbner\u00ean r\u00eaxistin\u00ean dezgeh\u00ean siv\u00eel \u00fb rihspiy\u00ean baj\u00ear ve civiya \u00fb di hevd\u00eetina xwe de [&hellip;]<\/p>\n","protected":false},"author":2,"featured_media":1026642,"comment_status":"closed","ping_status":"closed","sticky":false,"template":"","format":"standard","meta":{"footnotes":""},"categories":[29],"tags":[37],"class_list":["post-1026638","post","type-post","status-publish","format-standard","has-post-thumbnail","hentry","category-kurdistan","tag-sereke"],"blocksy_meta":[],"seo_head":"<!-- This site is optimized with the Yoast SEO plugin v27.5 - https:\/\/yoast.com\/product\/yoast-seo-wordpress\/ -->\n<title>Kili\u00e7daroglu: Ez d\u00ea Qend\u00eel\u00ea bi erd\u00ea re bikim yek - Darka Maz\u00ee<\/title>\n<meta name=\"robots\" content=\"index, follow, max-snippet:-1, max-image-preview:large, max-video-preview:-1\" \/>\n<link rel=\"canonical\" href=\"https:\/\/darkamazi.info\/archives\/1026638\" \/>\n<meta property=\"og:locale\" content=\"en_US\" \/>\n<meta property=\"og:type\" content=\"article\" \/>\n<meta property=\"og:title\" content=\"Kili\u00e7daroglu: Ez d\u00ea Qend\u00eel\u00ea bi erd\u00ea re bikim yek - Darka Maz\u00ee\" \/>\n<meta property=\"og:description\" content=\"Serok\u00ea CHP\u00ea Kemal Kili\u00e7daroglu gef li dij\u00ee PKK\u00ea xwe xwar \u00fb got: \u201cSoz didim eger ez v\u00ea h\u00eal\u00eena bi nav\u00ea Qend\u00eel\u00ea bi erd\u00ea re nekim yek, bila ji min re neb\u00eajin Kili\u00e7daroglu. Serok\u00ea Gi\u015ft\u00ee y\u00ea CHP\u00ea Kemal Kili\u00e7daroglu li Yozgat\u00ea ligel n\u00fbner\u00ean r\u00eaxistin\u00ean dezgeh\u00ean siv\u00eel \u00fb rihspiy\u00ean baj\u00ear ve civiya \u00fb di hevd\u00eetina xwe de [&hellip;]\" \/>\n<meta property=\"og:url\" content=\"https:\/\/darkamazi.info\/archives\/1026638\" \/>\n<meta property=\"og:site_name\" content=\"Darka Maz\u00ee\" \/>\n<meta property=\"article:publisher\" content=\"https:\/\/www.facebook.com\/DarMaziKurmanci\" \/>\n<meta property=\"article:published_time\" content=\"2021-11-03T12:58:44+00:00\" \/>\n<meta property=\"og:image\" content=\"https:\/\/darkamazi.info\/file\/2021\/11\/Kilicdaroglu-Qendil-pkk-kck-2.jpg\" \/>\n\t<meta property=\"og:image:width\" content=\"900\" \/>\n\t<meta property=\"og:image:height\" content=\"497\" \/>\n\t<meta property=\"og:image:type\" content=\"image\/jpeg\" \/>\n<meta name=\"author\" content=\"darka mazi\" \/>\n<meta name=\"twitter:card\" content=\"summary_large_image\" \/>\n<meta name=\"twitter:creator\" content=\"@DarkaMaziLatini\" \/>\n<meta name=\"twitter:site\" content=\"@DarkaMaziLatini\" \/>\n<meta name=\"twitter:label1\" content=\"Written by\" \/>\n\t<meta name=\"twitter:data1\" content=\"darka mazi\" \/>\n\t<meta name=\"twitter:label2\" content=\"Est. reading time\" \/>\n\t<meta name=\"twitter:data2\" content=\"1 minute\" \/>\n<script type=\"application\/ld+json\" class=\"seo-schema-graph\">{\"@context\":\"https:\\\/\\\/schema.org\",\"@graph\":[{\"@type\":\"Article\",\"@id\":\"https:\\\/\\\/darkamazi.info\\\/archives\\\/1026638#article\",\"isPartOf\":{\"@id\":\"https:\\\/\\\/darkamazi.info\\\/archives\\\/1026638\"},\"author\":{\"name\":\"darka mazi\",\"@id\":\"https:\\\/\\\/darkamazi.info\\\/#\\\/schema\\\/person\\\/5ad3e24553a0567993fa8ed4bd0a776c\"},\"headline\":\"Kili\u00e7daroglu: Ez d\u00ea Qend\u00eel\u00ea bi erd\u00ea re bikim yek\",\"datePublished\":\"2021-11-03T12:58:44+00:00\",\"mainEntityOfPage\":{\"@id\":\"https:\\\/\\\/darkamazi.info\\\/archives\\\/1026638\"},\"wordCount\":292,\"publisher\":{\"@id\":\"https:\\\/\\\/darkamazi.info\\\/#organization\"},\"image\":{\"@id\":\"https:\\\/\\\/darkamazi.info\\\/archives\\\/1026638#primaryimage\"},\"thumbnailUrl\":\"https:\\\/\\\/darkamazi.info\\\/darka-content\\\/uploads\\\/2021\\\/11\\\/Kilicdaroglu-Qendil-pkk-kck-2.jpg\",\"keywords\":[\"sereke\"],\"articleSection\":[\"Kurdistan\"],\"inLanguage\":\"en-US\"},{\"@type\":\"WebPage\",\"@id\":\"https:\\\/\\\/darkamazi.info\\\/archives\\\/1026638\",\"url\":\"https:\\\/\\\/darkamazi.info\\\/archives\\\/1026638\",\"name\":\"Kili\u00e7daroglu: Ez d\u00ea Qend\u00eel\u00ea bi erd\u00ea re bikim yek - Darka Maz\u00ee\",\"isPartOf\":{\"@id\":\"https:\\\/\\\/darkamazi.info\\\/#website\"},\"primaryImageOfPage\":{\"@id\":\"https:\\\/\\\/darkamazi.info\\\/archives\\\/1026638#primaryimage\"},\"image\":{\"@id\":\"https:\\\/\\\/darkamazi.info\\\/archives\\\/1026638#primaryimage\"},\"thumbnailUrl\":\"https:\\\/\\\/darkamazi.info\\\/darka-content\\\/uploads\\\/2021\\\/11\\\/Kilicdaroglu-Qendil-pkk-kck-2.jpg\",\"datePublished\":\"2021-11-03T12:58:44+00:00\",\"breadcrumb\":{\"@id\":\"https:\\\/\\\/darkamazi.info\\\/archives\\\/1026638#breadcrumb\"},\"inLanguage\":\"en-US\",\"potentialAction\":[{\"@type\":\"ReadAction\",\"target\":[\"https:\\\/\\\/darkamazi.info\\\/archives\\\/1026638\"]}]},{\"@type\":\"ImageObject\",\"inLanguage\":\"en-US\",\"@id\":\"https:\\\/\\\/darkamazi.info\\\/archives\\\/1026638#primaryimage\",\"url\":\"https:\\\/\\\/darkamazi.info\\\/darka-content\\\/uploads\\\/2021\\\/11\\\/Kilicdaroglu-Qendil-pkk-kck-2.jpg\",\"contentUrl\":\"https:\\\/\\\/darkamazi.info\\\/darka-content\\\/uploads\\\/2021\\\/11\\\/Kilicdaroglu-Qendil-pkk-kck-2.jpg\",\"width\":900,\"height\":497,\"caption\":\"Kili\u00e7daroglu-Qend\u00eel-pkk-kck (2)\"},{\"@type\":\"BreadcrumbList\",\"@id\":\"https:\\\/\\\/darkamazi.info\\\/archives\\\/1026638#breadcrumb\",\"itemListElement\":[{\"@type\":\"ListItem\",\"position\":1,\"name\":\"Home\",\"item\":\"https:\\\/\\\/darkamazi.info\\\/\"},{\"@type\":\"ListItem\",\"position\":2,\"name\":\"Kili\u00e7daroglu: Ez d\u00ea Qend\u00eel\u00ea bi erd\u00ea re bikim yek\"}]},{\"@type\":\"WebSite\",\"@id\":\"https:\\\/\\\/darkamazi.info\\\/#website\",\"url\":\"https:\\\/\\\/darkamazi.info\\\/\",\"name\":\"Darka Maz\u00ee\",\"description\":\"P\u00eageha Zanyariy\u00ean Nebih\u00eest\u00ee\",\"publisher\":{\"@id\":\"https:\\\/\\\/darkamazi.info\\\/#organization\"},\"potentialAction\":[{\"@type\":\"SearchAction\",\"target\":{\"@type\":\"EntryPoint\",\"urlTemplate\":\"https:\\\/\\\/darkamazi.info\\\/?s={search_term_string}\"},\"query-input\":{\"@type\":\"PropertyValueSpecification\",\"valueRequired\":true,\"valueName\":\"search_term_string\"}}],\"inLanguage\":\"en-US\"},{\"@type\":\"Organization\",\"@id\":\"https:\\\/\\\/darkamazi.info\\\/#organization\",\"name\":\"Darka Maz\u00ee\",\"url\":\"https:\\\/\\\/darkamazi.info\\\/\",\"logo\":{\"@type\":\"ImageObject\",\"inLanguage\":\"en-US\",\"@id\":\"https:\\\/\\\/darkamazi.info\\\/#\\\/schema\\\/logo\\\/image\\\/\",\"url\":\"https:\\\/\\\/darkamazi.info\\\/darka-content\\\/uploads\\\/2017\\\/12\\\/darka-mazi-logo.png\",\"contentUrl\":\"https:\\\/\\\/darkamazi.info\\\/darka-content\\\/uploads\\\/2017\\\/12\\\/darka-mazi-logo.png\",\"width\":151,\"height\":75,\"caption\":\"Darka Maz\u00ee\"},\"image\":{\"@id\":\"https:\\\/\\\/darkamazi.info\\\/#\\\/schema\\\/logo\\\/image\\\/\"},\"sameAs\":[\"https:\\\/\\\/www.facebook.com\\\/DarMaziKurmanci\",\"https:\\\/\\\/x.com\\\/DarkaMaziLatini\",\"https:\\\/\\\/www.instagram.com\\\/darkamazi.kurmanci\\\/\",\"https:\\\/\\\/www.youtube.com\\\/channel\\\/UCa5HkTdmI8U1qCUFuTw8B2g\"]},{\"@type\":\"Person\",\"@id\":\"https:\\\/\\\/darkamazi.info\\\/#\\\/schema\\\/person\\\/5ad3e24553a0567993fa8ed4bd0a776c\",\"name\":\"darka mazi\",\"sameAs\":[\"https:\\\/\\\/darkamazi.info\\\/\"],\"url\":\"https:\\\/\\\/darkamazi.info\\\/archives\\\/author\\\/kurdi\"}]}<\/script>\n<!-- \/ Yoast SEO plugin. -->","seo_head_json":{"title":"Kili\u00e7daroglu: Ez d\u00ea Qend\u00eel\u00ea bi erd\u00ea re bikim yek - Darka Maz\u00ee","robots":{"index":"index","follow":"follow","max-snippet":"max-snippet:-1","max-image-preview":"max-image-preview:large","max-video-preview":"max-video-preview:-1"},"canonical":"https:\/\/darkamazi.info\/archives\/1026638","og_locale":"en_US","og_type":"article","og_title":"Kili\u00e7daroglu: Ez d\u00ea Qend\u00eel\u00ea bi erd\u00ea re bikim yek - Darka Maz\u00ee","og_description":"Serok\u00ea CHP\u00ea Kemal Kili\u00e7daroglu gef li dij\u00ee PKK\u00ea xwe xwar \u00fb got: \u201cSoz didim eger ez v\u00ea h\u00eal\u00eena bi nav\u00ea Qend\u00eel\u00ea bi erd\u00ea re nekim yek, bila ji min re neb\u00eajin Kili\u00e7daroglu. Serok\u00ea Gi\u015ft\u00ee y\u00ea CHP\u00ea Kemal Kili\u00e7daroglu li Yozgat\u00ea ligel n\u00fbner\u00ean r\u00eaxistin\u00ean dezgeh\u00ean siv\u00eel \u00fb rihspiy\u00ean baj\u00ear ve civiya \u00fb di hevd\u00eetina xwe de [&hellip;]","og_url":"https:\/\/darkamazi.info\/archives\/1026638","og_site_name":"Darka Maz\u00ee","article_publisher":"https:\/\/www.facebook.com\/DarMaziKurmanci","article_published_time":"2021-11-03T12:58:44+00:00","og_image":[{"width":900,"height":497,"url":"https:\/\/darkamazi.info\/file\/2021\/11\/Kilicdaroglu-Qendil-pkk-kck-2.jpg","type":"image\/jpeg"}],"author":"darka mazi","twitter_card":"summary_large_image","twitter_creator":"@DarkaMaziLatini","twitter_site":"@DarkaMaziLatini","twitter_misc":{"Written by":"darka mazi","Est. reading time":"1 minute"},"schema":{"@context":"https:\/\/schema.org","@graph":[{"@type":"Article","@id":"https:\/\/darkamazi.info\/archives\/1026638#article","isPartOf":{"@id":"https:\/\/darkamazi.info\/archives\/1026638"},"author":{"name":"darka mazi","@id":"https:\/\/darkamazi.info\/#\/schema\/person\/5ad3e24553a0567993fa8ed4bd0a776c"},"headline":"Kili\u00e7daroglu: Ez d\u00ea Qend\u00eel\u00ea bi erd\u00ea re bikim yek","datePublished":"2021-11-03T12:58:44+00:00","mainEntityOfPage":{"@id":"https:\/\/darkamazi.info\/archives\/1026638"},"wordCount":292,"publisher":{"@id":"https:\/\/darkamazi.info\/#organization"},"image":{"@id":"https:\/\/darkamazi.info\/archives\/1026638#primaryimage"},"thumbnailUrl":"https:\/\/darkamazi.info\/file\/2021\/11\/Kilicdaroglu-Qendil-pkk-kck-2.jpg","keywords":["sereke"],"articleSection":["Kurdistan"],"inLanguage":"en-US"},{"@type":"WebPage","@id":"https:\/\/darkamazi.info\/archives\/1026638","url":"https:\/\/darkamazi.info\/archives\/1026638","name":"Kili\u00e7daroglu: Ez d\u00ea Qend\u00eel\u00ea bi erd\u00ea re bikim yek - Darka Maz\u00ee","isPartOf":{"@id":"https:\/\/darkamazi.info\/#website"},"primaryImageOfPage":{"@id":"https:\/\/darkamazi.info\/archives\/1026638#primaryimage"},"image":{"@id":"https:\/\/darkamazi.info\/archives\/1026638#primaryimage"},"thumbnailUrl":"https:\/\/darkamazi.info\/file\/2021\/11\/Kilicdaroglu-Qendil-pkk-kck-2.jpg","datePublished":"2021-11-03T12:58:44+00:00","breadcrumb":{"@id":"https:\/\/darkamazi.info\/archives\/1026638#breadcrumb"},"inLanguage":"en-US","potentialAction":[{"@type":"ReadAction","target":["https:\/\/darkamazi.info\/archives\/1026638"]}]},{"@type":"ImageObject","inLanguage":"en-US","@id":"https:\/\/darkamazi.info\/archives\/1026638#primaryimage","url":"https:\/\/darkamazi.info\/file\/2021\/11\/Kilicdaroglu-Qendil-pkk-kck-2.jpg","contentUrl":"https:\/\/darkamazi.info\/file\/2021\/11\/Kilicdaroglu-Qendil-pkk-kck-2.jpg","width":900,"height":497,"caption":"Kili\u00e7daroglu-Qend\u00eel-pkk-kck (2)"},{"@type":"BreadcrumbList","@id":"https:\/\/darkamazi.info\/archives\/1026638#breadcrumb","itemListElement":[{"@type":"ListItem","position":1,"name":"Home","item":"https:\/\/darkamazi.info\/"},{"@type":"ListItem","position":2,"name":"Kili\u00e7daroglu: Ez d\u00ea Qend\u00eel\u00ea bi erd\u00ea re bikim yek"}]},{"@type":"WebSite","@id":"https:\/\/darkamazi.info\/#website","url":"https:\/\/darkamazi.info\/","name":"Darka Maz\u00ee","description":"P\u00eageha Zanyariy\u00ean Nebih\u00eest\u00ee","publisher":{"@id":"https:\/\/darkamazi.info\/#organization"},"potentialAction":[{"@type":"SearchAction","target":{"@type":"EntryPoint","urlTemplate":"https:\/\/darkamazi.info\/?s={search_term_string}"},"query-input":{"@type":"PropertyValueSpecification","valueRequired":true,"valueName":"search_term_string"}}],"inLanguage":"en-US"},{"@type":"Organization","@id":"https:\/\/darkamazi.info\/#organization","name":"Darka Maz\u00ee","url":"https:\/\/darkamazi.info\/","logo":{"@type":"ImageObject","inLanguage":"en-US","@id":"https:\/\/darkamazi.info\/#\/schema\/logo\/image\/","url":"https:\/\/darkamazi.info\/file\/2017\/12\/darka-mazi-logo.png","contentUrl":"https:\/\/darkamazi.info\/file\/2017\/12\/darka-mazi-logo.png","width":151,"height":75,"caption":"Darka Maz\u00ee"},"image":{"@id":"https:\/\/darkamazi.info\/#\/schema\/logo\/image\/"},"sameAs":["https:\/\/www.facebook.com\/DarMaziKurmanci","https:\/\/x.com\/DarkaMaziLatini","https:\/\/www.instagram.com\/darkamazi.kurmanci\/","https:\/\/www.youtube.com\/channel\/UCa5HkTdmI8U1qCUFuTw8B2g"]},{"@type":"Person","@id":"https:\/\/darkamazi.info\/#\/schema\/person\/5ad3e24553a0567993fa8ed4bd0a776c","name":"darka mazi","sameAs":["https:\/\/darkamazi.info\/"],"url":"https:\/\/darkamazi.info\/archives\/author\/kurdi"}]}},"_links":{"self":[{"href":"https:\/\/darkamazi.info\/funavuv\/wp\/v2\/posts\/1026638","targetHints":{"allow":["GET"]}}],"collection":[{"href":"https:\/\/darkamazi.info\/funavuv\/wp\/v2\/posts"}],"about":[{"href":"https:\/\/darkamazi.info\/funavuv\/wp\/v2\/types\/post"}],"author":[{"embeddable":true,"href":"https:\/\/darkamazi.info\/funavuv\/wp\/v2\/users\/2"}],"replies":[{"embeddable":true,"href":"https:\/\/darkamazi.info\/funavuv\/wp\/v2\/comments?post=1026638"}],"version-history":[{"count":0,"href":"https:\/\/darkamazi.info\/funavuv\/wp\/v2\/posts\/1026638\/revisions"}],"wp:featuredmedia":[{"embeddable":true,"href":"https:\/\/darkamazi.info\/funavuv\/wp\/v2\/media\/1026642"}],"wp:attachment":[{"href":"https:\/\/darkamazi.info\/funavuv\/wp\/v2\/media?parent=1026638"}],"wp:term":[{"taxonomy":"category","embeddable":true,"href":"https:\/\/darkamazi.info\/funavuv\/wp\/v2\/categories?post=1026638"},{"taxonomy":"post_tag","embeddable":true,"href":"https:\/\/darkamazi.info\/funavuv\/wp\/v2\/tags?post=1026638"}],"curies":[{"name":"wp","href":"https:\/\/api.w.org\/{rel}","templated":true}]}}