{"id":1026798,"date":"2021-11-10T14:40:27","date_gmt":"2021-11-10T11:40:27","guid":{"rendered":"https:\/\/darkamazi.info\/?p=1026798"},"modified":"2021-11-10T14:40:27","modified_gmt":"2021-11-10T11:40:27","slug":"pyde-u-rejima-esed-derbare-carenivisa-navceyen-kurdi-gihestin-lihevtegihestinek-destpeki","status":"publish","type":"post","link":"https:\/\/darkamazi.info\/archives\/1026798","title":{"rendered":"PYD\u00ea \u00fb Rej\u00eema Esed derbar\u00ea \u00e7areniv\u00eesa nav\u00e7ey\u00ean Kurd\u00ee gihe\u015ftin lihevt\u00eagihe\u015ftinek destp\u00eak\u00ee"},"content":{"rendered":"<h3 style=\"text-align: justify\"><span style=\"font-family: 'arial black', sans-serif\">Pi\u015ft\u00ee gefxwarin\u00ean Tirkiy\u00ea ji encamdana operasiyoneke le\u015fker\u00ee li S\u00fbriy\u00ea, rojane p\u00ea\u015fve\u00e7\u00fbn\u00ean n\u00fb r\u00fb didin, \u00fb daxuyan\u00ee \u00fb helw\u00east\u00ean c\u00fbda c\u00fbda derdikevin hol\u00ea.<\/span><\/h3>\n<h3 style=\"text-align: justify\">J\u00eaderek agahdar ragihand ku pi\u015ft\u00ee Dan\u00fbstandin\u00ean berdewam navbera PYD\u00ea \u00fb Rej\u00eema Esed de bi serpiri\u015ftiya R\u00fbsyay\u00ea herdu al\u00ee gihi\u015ftin lihevt\u00eagihe\u015ftineke destp\u00eak\u00ee derbar\u00ea hin dosey\u00ean giring.<\/h3>\n<h3 style=\"text-align: justify\">Heman j\u00eadera n\u00eaz\u00eek ji QSD\u00ea e\u015fkere kir ku niha \u00fb bi raz\u00eeb\u00fbna Emer\u00eeka , bi serpiri\u015ftiya R\u00fbsiya dan\u00fbstandin navbera berpirs\u00ean PYD\u00ea \u00fb Rej\u00eem\u00ea de t\u00eane encamdan, \u00fb niha herdu al\u00ee gihi\u015ftine livevt\u00eagihe\u015ftineke destp\u00eak\u00ee di dosey\u00ean gir\u00eaday\u00ee bi ware R\u00eaveber\u00ee \u00fb le\u015fker\u00ee de.<\/h3>\n<h3 style=\"text-align: justify\">J\u00eadera navhat\u00ee serbar kir \u00fb got ku R\u00fbsiya fi\u015far\u00ean z\u00eade li herdu aliyan dike ji bo gihi\u015ftin bi \u00e7areseriyek navend \u00fb pi\u015ft re r\u00eakeftinek dawiy\u00ea derbar\u00ea \u00e7areniv\u00eesa nav\u00e7ey\u00ean Kurd\u00ee li Rojhelat\u00ea \u00e7em\u00ea Firat\u00ea were encamdan.<\/h3>\n","protected":false},"excerpt":{"rendered":"<p>Pi\u015ft\u00ee gefxwarin\u00ean Tirkiy\u00ea ji encamdana operasiyoneke le\u015fker\u00ee li S\u00fbriy\u00ea, rojane p\u00ea\u015fve\u00e7\u00fbn\u00ean n\u00fb r\u00fb didin, \u00fb daxuyan\u00ee \u00fb helw\u00east\u00ean c\u00fbda c\u00fbda derdikevin hol\u00ea. J\u00eaderek agahdar ragihand ku pi\u015ft\u00ee Dan\u00fbstandin\u00ean berdewam navbera PYD\u00ea \u00fb Rej\u00eema Esed de bi serpiri\u015ftiya R\u00fbsyay\u00ea herdu al\u00ee gihi\u015ftin lihevt\u00eagihe\u015ftineke destp\u00eak\u00ee derbar\u00ea hin dosey\u00ean giring. Heman j\u00eadera n\u00eaz\u00eek ji QSD\u00ea e\u015fkere kir ku [&hellip;]<\/p>\n","protected":false},"author":2,"featured_media":1026799,"comment_status":"closed","ping_status":"closed","sticky":false,"template":"","format":"standard","meta":{"footnotes":""},"categories":[29],"tags":[37],"class_list":["post-1026798","post","type-post","status-publish","format-standard","has-post-thumbnail","hentry","category-kurdistan","tag-sereke"],"blocksy_meta":[],"seo_head":"<!-- This site is optimized with the Yoast SEO plugin v27.5 - https:\/\/yoast.com\/product\/yoast-seo-wordpress\/ -->\n<title>PYD\u00ea \u00fb Rej\u00eema Esed derbar\u00ea \u00e7areniv\u00eesa nav\u00e7ey\u00ean Kurd\u00ee gihe\u015ftin lihevt\u00eagihe\u015ftinek destp\u00eak\u00ee - Darka Maz\u00ee<\/title>\n<meta name=\"robots\" content=\"index, follow, max-snippet:-1, max-image-preview:large, max-video-preview:-1\" \/>\n<link rel=\"canonical\" href=\"https:\/\/darkamazi.info\/archives\/1026798\" \/>\n<meta property=\"og:locale\" content=\"en_US\" \/>\n<meta property=\"og:type\" content=\"article\" \/>\n<meta property=\"og:title\" content=\"PYD\u00ea \u00fb Rej\u00eema Esed derbar\u00ea \u00e7areniv\u00eesa nav\u00e7ey\u00ean Kurd\u00ee gihe\u015ftin lihevt\u00eagihe\u015ftinek destp\u00eak\u00ee - Darka Maz\u00ee\" \/>\n<meta property=\"og:description\" content=\"Pi\u015ft\u00ee gefxwarin\u00ean Tirkiy\u00ea ji encamdana operasiyoneke le\u015fker\u00ee li S\u00fbriy\u00ea, rojane p\u00ea\u015fve\u00e7\u00fbn\u00ean n\u00fb r\u00fb didin, \u00fb daxuyan\u00ee \u00fb helw\u00east\u00ean c\u00fbda c\u00fbda derdikevin hol\u00ea. J\u00eaderek agahdar ragihand ku pi\u015ft\u00ee Dan\u00fbstandin\u00ean berdewam navbera PYD\u00ea \u00fb Rej\u00eema Esed de bi serpiri\u015ftiya R\u00fbsyay\u00ea herdu al\u00ee gihi\u015ftin lihevt\u00eagihe\u015ftineke destp\u00eak\u00ee derbar\u00ea hin dosey\u00ean giring. Heman j\u00eadera n\u00eaz\u00eek ji QSD\u00ea e\u015fkere kir ku [&hellip;]\" \/>\n<meta property=\"og:url\" content=\"https:\/\/darkamazi.info\/archives\/1026798\" \/>\n<meta property=\"og:site_name\" content=\"Darka Maz\u00ee\" \/>\n<meta property=\"article:publisher\" content=\"https:\/\/www.facebook.com\/DarMaziKurmanci\" \/>\n<meta property=\"article:published_time\" content=\"2021-11-10T11:40:27+00:00\" \/>\n<meta property=\"og:image\" content=\"https:\/\/darkamazi.info\/file\/2021\/11\/ypg-hsd-suriya.jpg\" \/>\n\t<meta property=\"og:image:width\" content=\"900\" \/>\n\t<meta property=\"og:image:height\" content=\"497\" \/>\n\t<meta property=\"og:image:type\" content=\"image\/jpeg\" \/>\n<meta name=\"author\" content=\"darka mazi\" \/>\n<meta name=\"twitter:card\" content=\"summary_large_image\" \/>\n<meta name=\"twitter:creator\" content=\"@DarkaMaziLatini\" \/>\n<meta name=\"twitter:site\" content=\"@DarkaMaziLatini\" \/>\n<meta name=\"twitter:label1\" content=\"Written by\" \/>\n\t<meta name=\"twitter:data1\" content=\"darka mazi\" \/>\n\t<meta name=\"twitter:label2\" content=\"Est. reading time\" \/>\n\t<meta name=\"twitter:data2\" content=\"1 minute\" \/>\n<script type=\"application\/ld+json\" class=\"seo-schema-graph\">{\"@context\":\"https:\\\/\\\/schema.org\",\"@graph\":[{\"@type\":\"Article\",\"@id\":\"https:\\\/\\\/darkamazi.info\\\/archives\\\/1026798#article\",\"isPartOf\":{\"@id\":\"https:\\\/\\\/darkamazi.info\\\/archives\\\/1026798\"},\"author\":{\"name\":\"darka mazi\",\"@id\":\"https:\\\/\\\/darkamazi.info\\\/#\\\/schema\\\/person\\\/5ad3e24553a0567993fa8ed4bd0a776c\"},\"headline\":\"PYD\u00ea \u00fb Rej\u00eema Esed derbar\u00ea \u00e7areniv\u00eesa nav\u00e7ey\u00ean Kurd\u00ee gihe\u015ftin lihevt\u00eagihe\u015ftinek destp\u00eak\u00ee\",\"datePublished\":\"2021-11-10T11:40:27+00:00\",\"mainEntityOfPage\":{\"@id\":\"https:\\\/\\\/darkamazi.info\\\/archives\\\/1026798\"},\"wordCount\":187,\"publisher\":{\"@id\":\"https:\\\/\\\/darkamazi.info\\\/#organization\"},\"image\":{\"@id\":\"https:\\\/\\\/darkamazi.info\\\/archives\\\/1026798#primaryimage\"},\"thumbnailUrl\":\"https:\\\/\\\/darkamazi.info\\\/darka-content\\\/uploads\\\/2021\\\/11\\\/ypg-hsd-suriya.jpg\",\"keywords\":[\"sereke\"],\"articleSection\":[\"Kurdistan\"],\"inLanguage\":\"en-US\"},{\"@type\":\"WebPage\",\"@id\":\"https:\\\/\\\/darkamazi.info\\\/archives\\\/1026798\",\"url\":\"https:\\\/\\\/darkamazi.info\\\/archives\\\/1026798\",\"name\":\"PYD\u00ea \u00fb Rej\u00eema Esed derbar\u00ea \u00e7areniv\u00eesa nav\u00e7ey\u00ean Kurd\u00ee gihe\u015ftin lihevt\u00eagihe\u015ftinek destp\u00eak\u00ee - Darka Maz\u00ee\",\"isPartOf\":{\"@id\":\"https:\\\/\\\/darkamazi.info\\\/#website\"},\"primaryImageOfPage\":{\"@id\":\"https:\\\/\\\/darkamazi.info\\\/archives\\\/1026798#primaryimage\"},\"image\":{\"@id\":\"https:\\\/\\\/darkamazi.info\\\/archives\\\/1026798#primaryimage\"},\"thumbnailUrl\":\"https:\\\/\\\/darkamazi.info\\\/darka-content\\\/uploads\\\/2021\\\/11\\\/ypg-hsd-suriya.jpg\",\"datePublished\":\"2021-11-10T11:40:27+00:00\",\"breadcrumb\":{\"@id\":\"https:\\\/\\\/darkamazi.info\\\/archives\\\/1026798#breadcrumb\"},\"inLanguage\":\"en-US\",\"potentialAction\":[{\"@type\":\"ReadAction\",\"target\":[\"https:\\\/\\\/darkamazi.info\\\/archives\\\/1026798\"]}]},{\"@type\":\"ImageObject\",\"inLanguage\":\"en-US\",\"@id\":\"https:\\\/\\\/darkamazi.info\\\/archives\\\/1026798#primaryimage\",\"url\":\"https:\\\/\\\/darkamazi.info\\\/darka-content\\\/uploads\\\/2021\\\/11\\\/ypg-hsd-suriya.jpg\",\"contentUrl\":\"https:\\\/\\\/darkamazi.info\\\/darka-content\\\/uploads\\\/2021\\\/11\\\/ypg-hsd-suriya.jpg\",\"width\":900,\"height\":497,\"caption\":\"PYD\u00ea \u00fb Rej\u00eema Esed derbar\u00ea \u00e7areniv\u00eesa nav\u00e7ey\u00ean Kurd\u00ee gihe\u015ftin lihevt\u00eagihe\u015ftinek destp\u00eak\u00ee\"},{\"@type\":\"BreadcrumbList\",\"@id\":\"https:\\\/\\\/darkamazi.info\\\/archives\\\/1026798#breadcrumb\",\"itemListElement\":[{\"@type\":\"ListItem\",\"position\":1,\"name\":\"Home\",\"item\":\"https:\\\/\\\/darkamazi.info\\\/\"},{\"@type\":\"ListItem\",\"position\":2,\"name\":\"PYD\u00ea \u00fb Rej\u00eema Esed derbar\u00ea \u00e7areniv\u00eesa nav\u00e7ey\u00ean Kurd\u00ee gihe\u015ftin lihevt\u00eagihe\u015ftinek destp\u00eak\u00ee\"}]},{\"@type\":\"WebSite\",\"@id\":\"https:\\\/\\\/darkamazi.info\\\/#website\",\"url\":\"https:\\\/\\\/darkamazi.info\\\/\",\"name\":\"Darka Maz\u00ee\",\"description\":\"P\u00eageha Zanyariy\u00ean Nebih\u00eest\u00ee\",\"publisher\":{\"@id\":\"https:\\\/\\\/darkamazi.info\\\/#organization\"},\"potentialAction\":[{\"@type\":\"SearchAction\",\"target\":{\"@type\":\"EntryPoint\",\"urlTemplate\":\"https:\\\/\\\/darkamazi.info\\\/?s={search_term_string}\"},\"query-input\":{\"@type\":\"PropertyValueSpecification\",\"valueRequired\":true,\"valueName\":\"search_term_string\"}}],\"inLanguage\":\"en-US\"},{\"@type\":\"Organization\",\"@id\":\"https:\\\/\\\/darkamazi.info\\\/#organization\",\"name\":\"Darka Maz\u00ee\",\"url\":\"https:\\\/\\\/darkamazi.info\\\/\",\"logo\":{\"@type\":\"ImageObject\",\"inLanguage\":\"en-US\",\"@id\":\"https:\\\/\\\/darkamazi.info\\\/#\\\/schema\\\/logo\\\/image\\\/\",\"url\":\"https:\\\/\\\/darkamazi.info\\\/darka-content\\\/uploads\\\/2017\\\/12\\\/darka-mazi-logo.png\",\"contentUrl\":\"https:\\\/\\\/darkamazi.info\\\/darka-content\\\/uploads\\\/2017\\\/12\\\/darka-mazi-logo.png\",\"width\":151,\"height\":75,\"caption\":\"Darka Maz\u00ee\"},\"image\":{\"@id\":\"https:\\\/\\\/darkamazi.info\\\/#\\\/schema\\\/logo\\\/image\\\/\"},\"sameAs\":[\"https:\\\/\\\/www.facebook.com\\\/DarMaziKurmanci\",\"https:\\\/\\\/x.com\\\/DarkaMaziLatini\",\"https:\\\/\\\/www.instagram.com\\\/darkamazi.kurmanci\\\/\",\"https:\\\/\\\/www.youtube.com\\\/channel\\\/UCa5HkTdmI8U1qCUFuTw8B2g\"]},{\"@type\":\"Person\",\"@id\":\"https:\\\/\\\/darkamazi.info\\\/#\\\/schema\\\/person\\\/5ad3e24553a0567993fa8ed4bd0a776c\",\"name\":\"darka mazi\",\"sameAs\":[\"https:\\\/\\\/darkamazi.info\\\/\"],\"url\":\"https:\\\/\\\/darkamazi.info\\\/archives\\\/author\\\/kurdi\"}]}<\/script>\n<!-- \/ Yoast SEO plugin. -->","seo_head_json":{"title":"PYD\u00ea \u00fb Rej\u00eema Esed derbar\u00ea \u00e7areniv\u00eesa nav\u00e7ey\u00ean Kurd\u00ee gihe\u015ftin lihevt\u00eagihe\u015ftinek destp\u00eak\u00ee - Darka Maz\u00ee","robots":{"index":"index","follow":"follow","max-snippet":"max-snippet:-1","max-image-preview":"max-image-preview:large","max-video-preview":"max-video-preview:-1"},"canonical":"https:\/\/darkamazi.info\/archives\/1026798","og_locale":"en_US","og_type":"article","og_title":"PYD\u00ea \u00fb Rej\u00eema Esed derbar\u00ea \u00e7areniv\u00eesa nav\u00e7ey\u00ean Kurd\u00ee gihe\u015ftin lihevt\u00eagihe\u015ftinek destp\u00eak\u00ee - Darka Maz\u00ee","og_description":"Pi\u015ft\u00ee gefxwarin\u00ean Tirkiy\u00ea ji encamdana operasiyoneke le\u015fker\u00ee li S\u00fbriy\u00ea, rojane p\u00ea\u015fve\u00e7\u00fbn\u00ean n\u00fb r\u00fb didin, \u00fb daxuyan\u00ee \u00fb helw\u00east\u00ean c\u00fbda c\u00fbda derdikevin hol\u00ea. J\u00eaderek agahdar ragihand ku pi\u015ft\u00ee Dan\u00fbstandin\u00ean berdewam navbera PYD\u00ea \u00fb Rej\u00eema Esed de bi serpiri\u015ftiya R\u00fbsyay\u00ea herdu al\u00ee gihi\u015ftin lihevt\u00eagihe\u015ftineke destp\u00eak\u00ee derbar\u00ea hin dosey\u00ean giring. Heman j\u00eadera n\u00eaz\u00eek ji QSD\u00ea e\u015fkere kir ku [&hellip;]","og_url":"https:\/\/darkamazi.info\/archives\/1026798","og_site_name":"Darka Maz\u00ee","article_publisher":"https:\/\/www.facebook.com\/DarMaziKurmanci","article_published_time":"2021-11-10T11:40:27+00:00","og_image":[{"width":900,"height":497,"url":"https:\/\/darkamazi.info\/file\/2021\/11\/ypg-hsd-suriya.jpg","type":"image\/jpeg"}],"author":"darka mazi","twitter_card":"summary_large_image","twitter_creator":"@DarkaMaziLatini","twitter_site":"@DarkaMaziLatini","twitter_misc":{"Written by":"darka mazi","Est. reading time":"1 minute"},"schema":{"@context":"https:\/\/schema.org","@graph":[{"@type":"Article","@id":"https:\/\/darkamazi.info\/archives\/1026798#article","isPartOf":{"@id":"https:\/\/darkamazi.info\/archives\/1026798"},"author":{"name":"darka mazi","@id":"https:\/\/darkamazi.info\/#\/schema\/person\/5ad3e24553a0567993fa8ed4bd0a776c"},"headline":"PYD\u00ea \u00fb Rej\u00eema Esed derbar\u00ea \u00e7areniv\u00eesa nav\u00e7ey\u00ean Kurd\u00ee gihe\u015ftin lihevt\u00eagihe\u015ftinek destp\u00eak\u00ee","datePublished":"2021-11-10T11:40:27+00:00","mainEntityOfPage":{"@id":"https:\/\/darkamazi.info\/archives\/1026798"},"wordCount":187,"publisher":{"@id":"https:\/\/darkamazi.info\/#organization"},"image":{"@id":"https:\/\/darkamazi.info\/archives\/1026798#primaryimage"},"thumbnailUrl":"https:\/\/darkamazi.info\/file\/2021\/11\/ypg-hsd-suriya.jpg","keywords":["sereke"],"articleSection":["Kurdistan"],"inLanguage":"en-US"},{"@type":"WebPage","@id":"https:\/\/darkamazi.info\/archives\/1026798","url":"https:\/\/darkamazi.info\/archives\/1026798","name":"PYD\u00ea \u00fb Rej\u00eema Esed derbar\u00ea \u00e7areniv\u00eesa nav\u00e7ey\u00ean Kurd\u00ee gihe\u015ftin lihevt\u00eagihe\u015ftinek destp\u00eak\u00ee - Darka Maz\u00ee","isPartOf":{"@id":"https:\/\/darkamazi.info\/#website"},"primaryImageOfPage":{"@id":"https:\/\/darkamazi.info\/archives\/1026798#primaryimage"},"image":{"@id":"https:\/\/darkamazi.info\/archives\/1026798#primaryimage"},"thumbnailUrl":"https:\/\/darkamazi.info\/file\/2021\/11\/ypg-hsd-suriya.jpg","datePublished":"2021-11-10T11:40:27+00:00","breadcrumb":{"@id":"https:\/\/darkamazi.info\/archives\/1026798#breadcrumb"},"inLanguage":"en-US","potentialAction":[{"@type":"ReadAction","target":["https:\/\/darkamazi.info\/archives\/1026798"]}]},{"@type":"ImageObject","inLanguage":"en-US","@id":"https:\/\/darkamazi.info\/archives\/1026798#primaryimage","url":"https:\/\/darkamazi.info\/file\/2021\/11\/ypg-hsd-suriya.jpg","contentUrl":"https:\/\/darkamazi.info\/file\/2021\/11\/ypg-hsd-suriya.jpg","width":900,"height":497,"caption":"PYD\u00ea \u00fb Rej\u00eema Esed derbar\u00ea \u00e7areniv\u00eesa nav\u00e7ey\u00ean Kurd\u00ee gihe\u015ftin lihevt\u00eagihe\u015ftinek destp\u00eak\u00ee"},{"@type":"BreadcrumbList","@id":"https:\/\/darkamazi.info\/archives\/1026798#breadcrumb","itemListElement":[{"@type":"ListItem","position":1,"name":"Home","item":"https:\/\/darkamazi.info\/"},{"@type":"ListItem","position":2,"name":"PYD\u00ea \u00fb Rej\u00eema Esed derbar\u00ea \u00e7areniv\u00eesa nav\u00e7ey\u00ean Kurd\u00ee gihe\u015ftin lihevt\u00eagihe\u015ftinek destp\u00eak\u00ee"}]},{"@type":"WebSite","@id":"https:\/\/darkamazi.info\/#website","url":"https:\/\/darkamazi.info\/","name":"Darka Maz\u00ee","description":"P\u00eageha Zanyariy\u00ean Nebih\u00eest\u00ee","publisher":{"@id":"https:\/\/darkamazi.info\/#organization"},"potentialAction":[{"@type":"SearchAction","target":{"@type":"EntryPoint","urlTemplate":"https:\/\/darkamazi.info\/?s={search_term_string}"},"query-input":{"@type":"PropertyValueSpecification","valueRequired":true,"valueName":"search_term_string"}}],"inLanguage":"en-US"},{"@type":"Organization","@id":"https:\/\/darkamazi.info\/#organization","name":"Darka Maz\u00ee","url":"https:\/\/darkamazi.info\/","logo":{"@type":"ImageObject","inLanguage":"en-US","@id":"https:\/\/darkamazi.info\/#\/schema\/logo\/image\/","url":"https:\/\/darkamazi.info\/file\/2017\/12\/darka-mazi-logo.png","contentUrl":"https:\/\/darkamazi.info\/file\/2017\/12\/darka-mazi-logo.png","width":151,"height":75,"caption":"Darka Maz\u00ee"},"image":{"@id":"https:\/\/darkamazi.info\/#\/schema\/logo\/image\/"},"sameAs":["https:\/\/www.facebook.com\/DarMaziKurmanci","https:\/\/x.com\/DarkaMaziLatini","https:\/\/www.instagram.com\/darkamazi.kurmanci\/","https:\/\/www.youtube.com\/channel\/UCa5HkTdmI8U1qCUFuTw8B2g"]},{"@type":"Person","@id":"https:\/\/darkamazi.info\/#\/schema\/person\/5ad3e24553a0567993fa8ed4bd0a776c","name":"darka mazi","sameAs":["https:\/\/darkamazi.info\/"],"url":"https:\/\/darkamazi.info\/archives\/author\/kurdi"}]}},"_links":{"self":[{"href":"https:\/\/darkamazi.info\/funavuv\/wp\/v2\/posts\/1026798","targetHints":{"allow":["GET"]}}],"collection":[{"href":"https:\/\/darkamazi.info\/funavuv\/wp\/v2\/posts"}],"about":[{"href":"https:\/\/darkamazi.info\/funavuv\/wp\/v2\/types\/post"}],"author":[{"embeddable":true,"href":"https:\/\/darkamazi.info\/funavuv\/wp\/v2\/users\/2"}],"replies":[{"embeddable":true,"href":"https:\/\/darkamazi.info\/funavuv\/wp\/v2\/comments?post=1026798"}],"version-history":[{"count":0,"href":"https:\/\/darkamazi.info\/funavuv\/wp\/v2\/posts\/1026798\/revisions"}],"wp:featuredmedia":[{"embeddable":true,"href":"https:\/\/darkamazi.info\/funavuv\/wp\/v2\/media\/1026799"}],"wp:attachment":[{"href":"https:\/\/darkamazi.info\/funavuv\/wp\/v2\/media?parent=1026798"}],"wp:term":[{"taxonomy":"category","embeddable":true,"href":"https:\/\/darkamazi.info\/funavuv\/wp\/v2\/categories?post=1026798"},{"taxonomy":"post_tag","embeddable":true,"href":"https:\/\/darkamazi.info\/funavuv\/wp\/v2\/tags?post=1026798"}],"curies":[{"name":"wp","href":"https:\/\/api.w.org\/{rel}","templated":true}]}}