{"id":1026950,"date":"2021-11-16T19:43:22","date_gmt":"2021-11-16T16:43:22","guid":{"rendered":"https:\/\/darkamazi.info\/?p=1026950"},"modified":"2021-11-16T19:43:22","modified_gmt":"2021-11-16T16:43:22","slug":"mesrur-barzani-pirsa-kocberan-ji-bo-me-cihe-nigeraniya-kur-e","status":"publish","type":"post","link":"https:\/\/darkamazi.info\/archives\/1026950","title":{"rendered":"Mesr\u00fbr Barzan\u00ee: Pirsa ko\u00e7beran ji bo me cih\u00ea n\u00eegeraniya k\u00fbr e"},"content":{"rendered":"<h3 style=\"text-align: justify\"><span style=\"font-family: 'arial black', sans-serif\">Serokwez\u00eer\u00ea Her\u00eama Kurdistan\u00ea Mesr\u00fbr Barzan\u00ee di \u00e7ar\u00e7oveya panelek\u00ea de li Korbenda A\u015ft\u00ee \u00fb Asayi\u015fa Rojhilata Nav\u00een a li Zan\u00eengeha Amer\u00eek\u00ee \u2013 Kurdistan\u00ea li Duhok\u00ea ragihand: \u201cPirsa ko\u00e7beran ji bo me cih\u00ea n\u00eegeraniya k\u00fbr e, selametiya ko\u00e7ber\u00ean Kurd li s\u00eenor\u00ean Ewropay\u00ea ji bo me gir\u00eeng e.\u201d<\/span><\/h3>\n<h3 style=\"text-align: justify\"><span style=\"font-family: arial, helvetica, sans-serif\">Serokwez\u00eer Mesr\u00fbr Barzan\u00ee diyar kir: \u201cAxaftina li ser mijara ko\u00e7ber\u00ean li Belarus\u00ea ji bo me cih\u00ea n\u00eegeraniya k\u00fbr e, selametiya wan ko\u00e7ber\u00ean li ser s\u00eenor \u00fb li wan daristanan ji bo me xala p\u00ea\u015f\u00eene ye, gelek kes in, ji welat\u00ean cuda cuda hatine, li wir as\u00ea mane, l\u00ea bel\u00ea xelk\u00ea Kurdistan\u00ea j\u00ee t\u00ea de heye.\u201d<\/span><\/h3>\n<h3 style=\"text-align: justify\"><span style=\"font-family: arial, helvetica, sans-serif\">Mesr\u00fbr Barzan\u00ee destn\u00ee\u015fan kir: \u201cMixabin ew kes hatine xapandin ji aliy\u00ea \u00e7end gr\u00fbpan ve, ku bazirganiy\u00ea bi mirovan dikin, hejmarek gr\u00fbp\u00ean taybet in, hinek kes\u00ean din j\u00ee ji derve \u00fb Belarus\u00ea dest\u00ea wan di v\u00ea qeyran\u00ea de heye. Ew kes ji vir ji ber ti zextek ne\u00e7\u00fbne, wan bi awayek\u00ee gelek yasay\u00ee serdana wan deveran kirine, ti h\u00ealeke esman\u00ee ge\u015fta wan qedexe nekiriye, kes r\u00ea li ber wan nagre k\u00ee ge\u015ft dike, bi awayek\u00ee azad ge\u015fta xwe kirine.\u201d<\/span><\/h3>\n<h3 style=\"text-align: justify\"><span style=\"font-family: arial, helvetica, sans-serif\">Herwiha da zan\u00een: \u201cBi mixabin\u00ee ve rew\u015f li wir gelek sar e, me hinek w\u00eane li ser ekranan d\u00eetin, ji bo min cih\u00ea n\u00eegeriyaniy\u00ea ye, bi taybet\u00ee zarok\u00ean li wir, ew zarok b\u00eatawan in, mixabin ew zarok baca milmilaniya siyas\u00ee didin. Me p\u00eawend\u00ee p\u00eak aniye, em bi aliy\u00ean p\u00eawend\u00eedar re ketine t\u00eakiliy\u00ea \u00fb ji Bexday\u00ea heta welat\u00ean din, da ku em r\u00eayek bib\u00eenin, ew\u00ean dixwazin bi selamet\u00ee vegerin, me ji hevkar \u00fb hevbe\u015f\u00ean xwe daxwaz kiriye ku bilez al\u00eekar\u00ee bigih\u00eenin wan kes\u00ean li wir as\u00ea mane. Gelo ew vedigerin an di\u00e7in cihek\u00ee din, pirsa gir\u00eeng ev n\u00eene, em \u00e7aver\u00eaya vegera wan dikin, ti\u015ft\u00ea gir\u00eeng ku ez li vir bib\u00eajim, mixabin hinek zanyariy\u00ean nerast hatine belavkirin, \u00e7ima ew \u00e7\u00fbne \u00fb \u00e7ima li wir in, piraniya wan bi awayek\u00ee azad ge\u015ft kirine, ji Kurdistan\u00ea \u00e7\u00fbn \u00fb ti qedexekirinek li Kurdistan\u00ea tune ye, Kurdistan cihek\u00ee aram e, ji bo jiyan\u00ea asay\u00ee\u015f t\u00ea de ye.\u201d<\/span><\/h3>\n<h3 style=\"text-align: justify\"><span style=\"font-family: arial, helvetica, sans-serif\">Serokwez\u00eer Mesr\u00fbr Barzan\u00ee bal ki\u015fand ser aware \u00fb penaber\u00ean li Her\u00eama Kurdistan\u00ea \u00fb diyar kir: \u201cMe cih dane z\u00eadetir\u00ee milyonek aware, me hemb\u00eaza xwe ji bo wan vekir, ku ji welat\u00ean cuda cuda hatine. Ew ne\u00e7\u00fbn cihek\u00ee din \u00fb hatin Kurdistan\u00ea, \u00e7imk\u00ee aram\u00ee h\u00ees kirin, loma ti wateya w\u00ea tune ku bib\u00eajin ew kes ji ber nearamiy\u00ea Kurdistan bi cih h\u00ee\u015ftin, l\u00ea bel\u00ea ti\u015ft\u00ea t\u00ea gotin &#8216;ew kes li pey derfet\u00ean din digerin&#8217;, hinek kes\u00ean din dib\u00eajin &#8216;asay\u00ee ye ku ew bi\u00e7in, \u00e7imk\u00ee k\u00ea\u015feya daray\u00ee heye&#8217;, dibe ku ev rast be, l\u00ea bel\u00ea qeyrana daray\u00ee xeletiya Hik\u00fbmeta Her\u00eama Kurdistan\u00ea n\u00eene, weke h\u00fbn j\u00ee dizanin k\u00ea\u015feya me ligel Bexday\u00ea heb\u00fb, ku bi salan e, ji sala 2020 \u00fb 2021\u00ea z\u00eadetir, di 12 meh\u00ean wan her du salan de budceya Her\u00eama Kurdistan\u00ea ji Bexday\u00ea nehat, tev\u00ee w\u00ea qeyrana Koronay\u00ea j\u00ee li aboriya me da, aboriya Kab\u00eeneya Nehem a Hik\u00fbmeta Her\u00eama Kurdistan\u00ea t\u00fb\u015f\u00ee qeyran\u00ea b\u00fb, derfet\u00ean kar k\u00eam b\u00fbne, Bexday\u00ea j\u00ee pere nedi\u015fand, gefeke mezin li ser me b\u00fb, l\u00ea bel\u00ea me kar\u00ee xebat\u00ean xwe bidom\u00eenin \u00fb dest bi \u00e7aksaziy\u00ea bikin, bel\u00ea me nekar\u00ee m\u00fb\u00e7ey\u00ean hem\u00fbyan weke p\u00eaw\u00eest bidin, l\u00ea bel\u00ea me li gor perey\u00ean li ber dest\u00ea me b\u00fb me m\u00fb\u00e7e dan, her meh me kar\u00ee pere bidin.\u201d<\/span><\/h3>\n<h3 style=\"text-align: justify\"><span style=\"font-family: 'arial black', sans-serif;font-size: 18pt;color: #8c0303\">Derfet\u00ean kar di serdema Kab\u00eeneya Nehem de<\/span><\/h3>\n<h3 style=\"text-align: justify\"><span style=\"font-family: arial, helvetica, sans-serif\">Li ser pirsa derbar\u00ea xebat\u00ean Kab\u00eeneya Nehem \u00fb p\u00eakan\u00eena derfet\u00ean kar ji bo ciwanan, Mesr\u00fbr Barzan\u00ee diyar kir: \u201cJi w\u00ea dema ku kab\u00eeneya min dest bi kar kiriye, me heta niha z\u00eadetir\u00ee 120 hezar derfet\u00ean kar p\u00eak an\u00eene, di sekrora taybet \u00fb projey\u00ean cuda de, be\u015fek ji wan hik\u00fbmet\u00ea dab\u00een kirine, be\u015feke din j\u00ee sektor\u00ean cuda dab\u00een kirine, ku bi sponsoriya Hik\u00fbmeta Her\u00eama Kurdistan\u00ea b\u00fbye, bi rast\u00ee derfet heye ku xelk\u00ean din j\u00ee kar bikin, eger bala xwe bidin, xelk\u00ea ji Asya, Fil\u00eep\u00een \u00fb \u00e7end der\u00ean din hatine \u00fb li Her\u00eama Kurdistan\u00ea dixebitin, xelk hene ji Lubnan, Efr\u00eeqa, Tirkiye, \u00ceran \u00fb \u00e7end be\u015f\u00ean din \u00ean Iraq\u00ea hatine Her\u00eama Kurdistan\u00ea \u00fb kar bi dest xistine, biray\u00ean me y\u00ean Ereb hatine \u00fb kar ketiye dest\u00ea wan, \u00e7ima xelk\u00ean biyan\u00ee dikarin li Her\u00eama Kurdistan\u00ea kar bi dest bixin, l\u00ea xelk\u00ea me nikare, bi rast\u00ee ev pirs bi kar\u00ea ku xelk dixwazin ve gir\u00eaday\u00ee ye, eger tu dixwaz\u00ee karek\u00ee ba\u015f bikeve dest\u00ea te, div\u00ea li pey derfet\u00ean cuda biger\u00ee, ez xwazyar im ev mijar ji xelk\u00ea re were zelalkirin.\u201d<\/span><\/h3>\n<h3 style=\"text-align: justify\"><span style=\"font-family: 'arial black', sans-serif;color: #8c0303;font-size: 18pt\">&#8220;Kes\u00ean bixwazin vegerin, em \u00ea wan b\u00eenin&#8221;<\/span><\/h3>\n<h3 style=\"text-align: justify\"><span style=\"font-family: arial, helvetica, sans-serif\">Mesr\u00fbr Barzan\u00ee destn\u00ee\u015fan kir: \u201cEz dixwazim zanyar\u00ee bi awayek\u00ee xelet negihe xelk\u00ea, ji bo ku ber \u00e7av\u00ea xelk\u00ea zelal be, sedema v\u00ea ko\u00e7beriy\u00ea \u00e7i ye? Hinek kes di\u00e7in li derfet\u00ean din digerin, nabe h\u00fbn bib\u00eajin reviyaye, eger bi\u00e7in \u00fb her dema bixwazin vegerin, Her\u00eama Kurdistan\u00ea mala wan e. Em di xizmeta wan de, em dikarin bib\u00eajin ku hinek ji wan ko\u00e7beran bi deh hezaran dolar dane kompaniy\u00ean ge\u015ftyariy\u00ea, hinek kes ev rew\u015f ji bo mebesteke diyarkir\u00ee bi kar aniye, wan kesan bi kar t\u00eenin, eger kesek\u00ee ku ew qas dolar\u00ean w\u00ee hebe, dikare derfeteke xebat\u00ea ji bo xwe bib\u00eene, me d\u00eetiye ku xelk li Sil\u00eaman\u00ee, Hewl\u00ear \u00fb Duhok\u00ea p\u00ee\u015fesaziy\u00ean bi\u00e7\u00fbk ava kirine. Niha em ligel hik\u00fbmeta federal dixebitin, me hinek destp\u00ea\u015fxer\u00ee kirine, kes\u00ean bixwazin vegerin, em \u00ea wan b\u00eenin.\u201d<\/span><\/h3>\n<h3 style=\"text-align: justify\"><span style=\"font-family: 'arial black', sans-serif;color: #8c0303;font-size: 18pt\">&#8220;Bar\u00ea milyonek aware li ser mil\u00ea Kab\u00eeneya Nehem e&#8221;<\/span><\/h3>\n<h3 style=\"text-align: justify\"><span style=\"font-family: arial, helvetica, sans-serif\">Li ser aboriya heb\u00fbna awareyan li Her\u00eama Kurdistan\u00ea, Mesr\u00fbr Barzan\u00ee destn\u00ee\u015fan kir: \u201cEm jib\u00eer nekin ku milyonek aware li Her\u00eama Kurdistan\u00ea hene, bar\u00ea wan li ser mil\u00ea me ye, hik\u00fbmeta federal ev yek nekir, her \u00e7iqas hik\u00fbmeta federal pere ji bo kampan xerc kiribe j\u00ee, ev gelek gelek k\u00eam e, loma ji bil\u00ee hinek r\u00eaxistin\u00ean mirov\u00ee \u00fb navdewlet\u00ee ku kar kirine, bar\u00ea giran \u00fb xwed\u00eekirina awareyan li ser mil\u00ea Hik\u00fbmeta Her\u00eama Kurdistan\u00ea ye.\u201d<\/span><\/h3>\n<h3 style=\"text-align: justify\"><span style=\"font-family: 'arial black', sans-serif;color: #8c0303;font-size: 18pt\">&#8220;Bexday\u00ea ti car %17\u00ea budcey\u00ea ji Her\u00eama Kurdistan\u00ea re ne\u015fandiye&#8221;<\/span><\/h3>\n<h3 style=\"text-align: justify\"><span style=\"font-family: arial, helvetica, sans-serif\">Serokwez\u00eer\u00ea Her\u00eama Kurdistan\u00ea Mesr\u00fbr Barzan\u00ee derbar\u00ea budcey\u00ea de diyar kir: \u201cBeriya niha em \u00e7end\u00een car li ser v\u00ea yek\u00ea axiv\u00eene, Her\u00eama Kurdistan\u00ea ti car %17\u00ea budcey\u00ea wernegirtiye, heta dema rew\u015fa aboriy\u00ea gelek ba\u015f b\u00fb j\u00ee, t\u00ea gotin Hik\u00fbmeta Her\u00eam\u00ea ji sed\u00ee 17\u00ea budcey\u00ea wergirtiye, Hik\u00fbmeta Her\u00eama Kurdistan\u00ea ti car bi v\u00ea r\u00eajey\u00ea budce wernegirtiye.\u201d<\/span><\/h3>\n<h3 style=\"text-align: justify\"><span style=\"font-family: 'arial black', sans-serif;color: #8c0303;font-size: 18pt\">&#8220;Desthilata niha ya Rojavay\u00ea Kurdistan\u00ea berdewama PKK\u00ea ye&#8221;<\/span><\/h3>\n<h3 style=\"text-align: justify\"><span style=\"font-family: arial, helvetica, sans-serif\">Li ser pirsa man \u00fb vegera Kurd\u00ean Rojavay\u00ea Kurdistan\u00ea ku pi\u015ft\u00ee \u00ear\u00ee\u015fa Tirkiy\u00ea di sala 2019an de bi ser Rojava de kir \u00fb gelek kesan xwe spartin Her\u00eama Kurdistan\u00ea, Serokwez\u00eer Mesr\u00fbr Barzan\u00ee diyar kir: \u201cEw venegeriyane, ten\u00ea k\u00eam kes vegeriyan, piraniya wan man, sedem j\u00ee ew e ku ew ji ber \u015fer\u00ea DAI\u015e\u00ea reviyan, l\u00ea bel\u00ea mana wan ji ber \u015fer\u00ea DAI\u015e\u00ea n\u00eene, ew wisa difikirin ku s\u00eestema niha ya li Rojavay\u00ea Kurdistan\u00ea hevbe\u015f \u00fb berdewama PKK\u00ea ye \u00fb ew aramiy\u00ea h\u00ees nakin, loma venegeriyane.\u201d<\/span><\/h3>\n","protected":false},"excerpt":{"rendered":"<p>Serokwez\u00eer\u00ea Her\u00eama Kurdistan\u00ea Mesr\u00fbr Barzan\u00ee di \u00e7ar\u00e7oveya panelek\u00ea de li Korbenda A\u015ft\u00ee \u00fb Asayi\u015fa Rojhilata Nav\u00een a li Zan\u00eengeha Amer\u00eek\u00ee \u2013 Kurdistan\u00ea li Duhok\u00ea ragihand: \u201cPirsa ko\u00e7beran ji bo me cih\u00ea n\u00eegeraniya k\u00fbr e, selametiya ko\u00e7ber\u00ean Kurd li s\u00eenor\u00ean Ewropay\u00ea ji bo me gir\u00eeng e.\u201d Serokwez\u00eer Mesr\u00fbr Barzan\u00ee diyar kir: \u201cAxaftina li ser mijara ko\u00e7ber\u00ean [&hellip;]<\/p>\n","protected":false},"author":2,"featured_media":1026952,"comment_status":"closed","ping_status":"closed","sticky":false,"template":"","format":"standard","meta":{"footnotes":""},"categories":[29],"tags":[37],"class_list":["post-1026950","post","type-post","status-publish","format-standard","has-post-thumbnail","hentry","category-kurdistan","tag-sereke"],"blocksy_meta":[],"seo_head":"<!-- This site is optimized with the Yoast SEO plugin v27.5 - https:\/\/yoast.com\/product\/yoast-seo-wordpress\/ -->\n<title>Mesr\u00fbr Barzan\u00ee: Pirsa ko\u00e7beran ji bo me cih\u00ea n\u00eegeraniya k\u00fbr e - Darka Maz\u00ee<\/title>\n<meta name=\"robots\" content=\"index, follow, max-snippet:-1, max-image-preview:large, max-video-preview:-1\" \/>\n<link rel=\"canonical\" href=\"https:\/\/darkamazi.info\/archives\/1026950\" \/>\n<meta property=\"og:locale\" content=\"en_US\" \/>\n<meta property=\"og:type\" content=\"article\" \/>\n<meta property=\"og:title\" content=\"Mesr\u00fbr Barzan\u00ee: Pirsa ko\u00e7beran ji bo me cih\u00ea n\u00eegeraniya k\u00fbr e - Darka Maz\u00ee\" \/>\n<meta property=\"og:description\" content=\"Serokwez\u00eer\u00ea Her\u00eama Kurdistan\u00ea Mesr\u00fbr Barzan\u00ee di \u00e7ar\u00e7oveya panelek\u00ea de li Korbenda A\u015ft\u00ee \u00fb Asayi\u015fa Rojhilata Nav\u00een a li Zan\u00eengeha Amer\u00eek\u00ee \u2013 Kurdistan\u00ea li Duhok\u00ea ragihand: \u201cPirsa ko\u00e7beran ji bo me cih\u00ea n\u00eegeraniya k\u00fbr e, selametiya ko\u00e7ber\u00ean Kurd li s\u00eenor\u00ean Ewropay\u00ea ji bo me gir\u00eeng e.\u201d Serokwez\u00eer Mesr\u00fbr Barzan\u00ee diyar kir: \u201cAxaftina li ser mijara ko\u00e7ber\u00ean [&hellip;]\" \/>\n<meta property=\"og:url\" content=\"https:\/\/darkamazi.info\/archives\/1026950\" \/>\n<meta property=\"og:site_name\" content=\"Darka Maz\u00ee\" \/>\n<meta property=\"article:publisher\" content=\"https:\/\/www.facebook.com\/DarMaziKurmanci\" \/>\n<meta property=\"article:published_time\" content=\"2021-11-16T16:43:22+00:00\" \/>\n<meta property=\"og:image\" content=\"https:\/\/darkamazi.info\/file\/2021\/11\/\u0645\u0647\u200c\u0633\u0631\u0648\u0648\u0631-\u0628\u0627\u0631\u0632\u0627\u0646\u06cc-masrour-barzani-2.jpg\" \/>\n\t<meta property=\"og:image:width\" content=\"900\" \/>\n\t<meta property=\"og:image:height\" content=\"497\" \/>\n\t<meta property=\"og:image:type\" content=\"image\/jpeg\" \/>\n<meta name=\"author\" content=\"darka mazi\" \/>\n<meta name=\"twitter:card\" content=\"summary_large_image\" \/>\n<meta name=\"twitter:creator\" content=\"@DarkaMaziLatini\" \/>\n<meta name=\"twitter:site\" content=\"@DarkaMaziLatini\" \/>\n<meta name=\"twitter:label1\" content=\"Written by\" \/>\n\t<meta name=\"twitter:data1\" content=\"darka mazi\" \/>\n\t<meta name=\"twitter:label2\" content=\"Est. reading time\" \/>\n\t<meta name=\"twitter:data2\" content=\"6 minutes\" \/>\n<script type=\"application\/ld+json\" class=\"seo-schema-graph\">{\"@context\":\"https:\\\/\\\/schema.org\",\"@graph\":[{\"@type\":\"Article\",\"@id\":\"https:\\\/\\\/darkamazi.info\\\/archives\\\/1026950#article\",\"isPartOf\":{\"@id\":\"https:\\\/\\\/darkamazi.info\\\/archives\\\/1026950\"},\"author\":{\"name\":\"darka mazi\",\"@id\":\"https:\\\/\\\/darkamazi.info\\\/#\\\/schema\\\/person\\\/5ad3e24553a0567993fa8ed4bd0a776c\"},\"headline\":\"Mesr\u00fbr Barzan\u00ee: Pirsa ko\u00e7beran ji bo me cih\u00ea n\u00eegeraniya k\u00fbr e\",\"datePublished\":\"2021-11-16T16:43:22+00:00\",\"mainEntityOfPage\":{\"@id\":\"https:\\\/\\\/darkamazi.info\\\/archives\\\/1026950\"},\"wordCount\":1284,\"publisher\":{\"@id\":\"https:\\\/\\\/darkamazi.info\\\/#organization\"},\"image\":{\"@id\":\"https:\\\/\\\/darkamazi.info\\\/archives\\\/1026950#primaryimage\"},\"thumbnailUrl\":\"https:\\\/\\\/darkamazi.info\\\/darka-content\\\/uploads\\\/2021\\\/11\\\/\u0645\u0647\u200c\u0633\u0631\u0648\u0648\u0631-\u0628\u0627\u0631\u0632\u0627\u0646\u06cc-masrour-barzani-2.jpg\",\"keywords\":[\"sereke\"],\"articleSection\":[\"Kurdistan\"],\"inLanguage\":\"en-US\"},{\"@type\":\"WebPage\",\"@id\":\"https:\\\/\\\/darkamazi.info\\\/archives\\\/1026950\",\"url\":\"https:\\\/\\\/darkamazi.info\\\/archives\\\/1026950\",\"name\":\"Mesr\u00fbr Barzan\u00ee: Pirsa ko\u00e7beran ji bo me cih\u00ea n\u00eegeraniya k\u00fbr e - Darka Maz\u00ee\",\"isPartOf\":{\"@id\":\"https:\\\/\\\/darkamazi.info\\\/#website\"},\"primaryImageOfPage\":{\"@id\":\"https:\\\/\\\/darkamazi.info\\\/archives\\\/1026950#primaryimage\"},\"image\":{\"@id\":\"https:\\\/\\\/darkamazi.info\\\/archives\\\/1026950#primaryimage\"},\"thumbnailUrl\":\"https:\\\/\\\/darkamazi.info\\\/darka-content\\\/uploads\\\/2021\\\/11\\\/\u0645\u0647\u200c\u0633\u0631\u0648\u0648\u0631-\u0628\u0627\u0631\u0632\u0627\u0646\u06cc-masrour-barzani-2.jpg\",\"datePublished\":\"2021-11-16T16:43:22+00:00\",\"breadcrumb\":{\"@id\":\"https:\\\/\\\/darkamazi.info\\\/archives\\\/1026950#breadcrumb\"},\"inLanguage\":\"en-US\",\"potentialAction\":[{\"@type\":\"ReadAction\",\"target\":[\"https:\\\/\\\/darkamazi.info\\\/archives\\\/1026950\"]}]},{\"@type\":\"ImageObject\",\"inLanguage\":\"en-US\",\"@id\":\"https:\\\/\\\/darkamazi.info\\\/archives\\\/1026950#primaryimage\",\"url\":\"https:\\\/\\\/darkamazi.info\\\/darka-content\\\/uploads\\\/2021\\\/11\\\/\u0645\u0647\u200c\u0633\u0631\u0648\u0648\u0631-\u0628\u0627\u0631\u0632\u0627\u0646\u06cc-masrour-barzani-2.jpg\",\"contentUrl\":\"https:\\\/\\\/darkamazi.info\\\/darka-content\\\/uploads\\\/2021\\\/11\\\/\u0645\u0647\u200c\u0633\u0631\u0648\u0648\u0631-\u0628\u0627\u0631\u0632\u0627\u0646\u06cc-masrour-barzani-2.jpg\",\"width\":900,\"height\":497},{\"@type\":\"BreadcrumbList\",\"@id\":\"https:\\\/\\\/darkamazi.info\\\/archives\\\/1026950#breadcrumb\",\"itemListElement\":[{\"@type\":\"ListItem\",\"position\":1,\"name\":\"Home\",\"item\":\"https:\\\/\\\/darkamazi.info\\\/\"},{\"@type\":\"ListItem\",\"position\":2,\"name\":\"Mesr\u00fbr Barzan\u00ee: Pirsa ko\u00e7beran ji bo me cih\u00ea n\u00eegeraniya k\u00fbr e\"}]},{\"@type\":\"WebSite\",\"@id\":\"https:\\\/\\\/darkamazi.info\\\/#website\",\"url\":\"https:\\\/\\\/darkamazi.info\\\/\",\"name\":\"Darka Maz\u00ee\",\"description\":\"P\u00eageha Zanyariy\u00ean Nebih\u00eest\u00ee\",\"publisher\":{\"@id\":\"https:\\\/\\\/darkamazi.info\\\/#organization\"},\"potentialAction\":[{\"@type\":\"SearchAction\",\"target\":{\"@type\":\"EntryPoint\",\"urlTemplate\":\"https:\\\/\\\/darkamazi.info\\\/?s={search_term_string}\"},\"query-input\":{\"@type\":\"PropertyValueSpecification\",\"valueRequired\":true,\"valueName\":\"search_term_string\"}}],\"inLanguage\":\"en-US\"},{\"@type\":\"Organization\",\"@id\":\"https:\\\/\\\/darkamazi.info\\\/#organization\",\"name\":\"Darka Maz\u00ee\",\"url\":\"https:\\\/\\\/darkamazi.info\\\/\",\"logo\":{\"@type\":\"ImageObject\",\"inLanguage\":\"en-US\",\"@id\":\"https:\\\/\\\/darkamazi.info\\\/#\\\/schema\\\/logo\\\/image\\\/\",\"url\":\"https:\\\/\\\/darkamazi.info\\\/darka-content\\\/uploads\\\/2017\\\/12\\\/darka-mazi-logo.png\",\"contentUrl\":\"https:\\\/\\\/darkamazi.info\\\/darka-content\\\/uploads\\\/2017\\\/12\\\/darka-mazi-logo.png\",\"width\":151,\"height\":75,\"caption\":\"Darka Maz\u00ee\"},\"image\":{\"@id\":\"https:\\\/\\\/darkamazi.info\\\/#\\\/schema\\\/logo\\\/image\\\/\"},\"sameAs\":[\"https:\\\/\\\/www.facebook.com\\\/DarMaziKurmanci\",\"https:\\\/\\\/x.com\\\/DarkaMaziLatini\",\"https:\\\/\\\/www.instagram.com\\\/darkamazi.kurmanci\\\/\",\"https:\\\/\\\/www.youtube.com\\\/channel\\\/UCa5HkTdmI8U1qCUFuTw8B2g\"]},{\"@type\":\"Person\",\"@id\":\"https:\\\/\\\/darkamazi.info\\\/#\\\/schema\\\/person\\\/5ad3e24553a0567993fa8ed4bd0a776c\",\"name\":\"darka mazi\",\"sameAs\":[\"https:\\\/\\\/darkamazi.info\\\/\"],\"url\":\"https:\\\/\\\/darkamazi.info\\\/archives\\\/author\\\/kurdi\"}]}<\/script>\n<!-- \/ Yoast SEO plugin. -->","seo_head_json":{"title":"Mesr\u00fbr Barzan\u00ee: Pirsa ko\u00e7beran ji bo me cih\u00ea n\u00eegeraniya k\u00fbr e - Darka Maz\u00ee","robots":{"index":"index","follow":"follow","max-snippet":"max-snippet:-1","max-image-preview":"max-image-preview:large","max-video-preview":"max-video-preview:-1"},"canonical":"https:\/\/darkamazi.info\/archives\/1026950","og_locale":"en_US","og_type":"article","og_title":"Mesr\u00fbr Barzan\u00ee: Pirsa ko\u00e7beran ji bo me cih\u00ea n\u00eegeraniya k\u00fbr e - Darka Maz\u00ee","og_description":"Serokwez\u00eer\u00ea Her\u00eama Kurdistan\u00ea Mesr\u00fbr Barzan\u00ee di \u00e7ar\u00e7oveya panelek\u00ea de li Korbenda A\u015ft\u00ee \u00fb Asayi\u015fa Rojhilata Nav\u00een a li Zan\u00eengeha Amer\u00eek\u00ee \u2013 Kurdistan\u00ea li Duhok\u00ea ragihand: \u201cPirsa ko\u00e7beran ji bo me cih\u00ea n\u00eegeraniya k\u00fbr e, selametiya ko\u00e7ber\u00ean Kurd li s\u00eenor\u00ean Ewropay\u00ea ji bo me gir\u00eeng e.\u201d Serokwez\u00eer Mesr\u00fbr Barzan\u00ee diyar kir: \u201cAxaftina li ser mijara ko\u00e7ber\u00ean [&hellip;]","og_url":"https:\/\/darkamazi.info\/archives\/1026950","og_site_name":"Darka Maz\u00ee","article_publisher":"https:\/\/www.facebook.com\/DarMaziKurmanci","article_published_time":"2021-11-16T16:43:22+00:00","og_image":[{"width":900,"height":497,"url":"https:\/\/darkamazi.info\/file\/2021\/11\/\u0645\u0647\u200c\u0633\u0631\u0648\u0648\u0631-\u0628\u0627\u0631\u0632\u0627\u0646\u06cc-masrour-barzani-2.jpg","type":"image\/jpeg"}],"author":"darka mazi","twitter_card":"summary_large_image","twitter_creator":"@DarkaMaziLatini","twitter_site":"@DarkaMaziLatini","twitter_misc":{"Written by":"darka mazi","Est. reading time":"6 minutes"},"schema":{"@context":"https:\/\/schema.org","@graph":[{"@type":"Article","@id":"https:\/\/darkamazi.info\/archives\/1026950#article","isPartOf":{"@id":"https:\/\/darkamazi.info\/archives\/1026950"},"author":{"name":"darka mazi","@id":"https:\/\/darkamazi.info\/#\/schema\/person\/5ad3e24553a0567993fa8ed4bd0a776c"},"headline":"Mesr\u00fbr Barzan\u00ee: Pirsa ko\u00e7beran ji bo me cih\u00ea n\u00eegeraniya k\u00fbr e","datePublished":"2021-11-16T16:43:22+00:00","mainEntityOfPage":{"@id":"https:\/\/darkamazi.info\/archives\/1026950"},"wordCount":1284,"publisher":{"@id":"https:\/\/darkamazi.info\/#organization"},"image":{"@id":"https:\/\/darkamazi.info\/archives\/1026950#primaryimage"},"thumbnailUrl":"https:\/\/darkamazi.info\/file\/2021\/11\/\u0645\u0647\u200c\u0633\u0631\u0648\u0648\u0631-\u0628\u0627\u0631\u0632\u0627\u0646\u06cc-masrour-barzani-2.jpg","keywords":["sereke"],"articleSection":["Kurdistan"],"inLanguage":"en-US"},{"@type":"WebPage","@id":"https:\/\/darkamazi.info\/archives\/1026950","url":"https:\/\/darkamazi.info\/archives\/1026950","name":"Mesr\u00fbr Barzan\u00ee: Pirsa ko\u00e7beran ji bo me cih\u00ea n\u00eegeraniya k\u00fbr e - Darka Maz\u00ee","isPartOf":{"@id":"https:\/\/darkamazi.info\/#website"},"primaryImageOfPage":{"@id":"https:\/\/darkamazi.info\/archives\/1026950#primaryimage"},"image":{"@id":"https:\/\/darkamazi.info\/archives\/1026950#primaryimage"},"thumbnailUrl":"https:\/\/darkamazi.info\/file\/2021\/11\/\u0645\u0647\u200c\u0633\u0631\u0648\u0648\u0631-\u0628\u0627\u0631\u0632\u0627\u0646\u06cc-masrour-barzani-2.jpg","datePublished":"2021-11-16T16:43:22+00:00","breadcrumb":{"@id":"https:\/\/darkamazi.info\/archives\/1026950#breadcrumb"},"inLanguage":"en-US","potentialAction":[{"@type":"ReadAction","target":["https:\/\/darkamazi.info\/archives\/1026950"]}]},{"@type":"ImageObject","inLanguage":"en-US","@id":"https:\/\/darkamazi.info\/archives\/1026950#primaryimage","url":"https:\/\/darkamazi.info\/file\/2021\/11\/\u0645\u0647\u200c\u0633\u0631\u0648\u0648\u0631-\u0628\u0627\u0631\u0632\u0627\u0646\u06cc-masrour-barzani-2.jpg","contentUrl":"https:\/\/darkamazi.info\/file\/2021\/11\/\u0645\u0647\u200c\u0633\u0631\u0648\u0648\u0631-\u0628\u0627\u0631\u0632\u0627\u0646\u06cc-masrour-barzani-2.jpg","width":900,"height":497},{"@type":"BreadcrumbList","@id":"https:\/\/darkamazi.info\/archives\/1026950#breadcrumb","itemListElement":[{"@type":"ListItem","position":1,"name":"Home","item":"https:\/\/darkamazi.info\/"},{"@type":"ListItem","position":2,"name":"Mesr\u00fbr Barzan\u00ee: Pirsa ko\u00e7beran ji bo me cih\u00ea n\u00eegeraniya k\u00fbr e"}]},{"@type":"WebSite","@id":"https:\/\/darkamazi.info\/#website","url":"https:\/\/darkamazi.info\/","name":"Darka Maz\u00ee","description":"P\u00eageha Zanyariy\u00ean Nebih\u00eest\u00ee","publisher":{"@id":"https:\/\/darkamazi.info\/#organization"},"potentialAction":[{"@type":"SearchAction","target":{"@type":"EntryPoint","urlTemplate":"https:\/\/darkamazi.info\/?s={search_term_string}"},"query-input":{"@type":"PropertyValueSpecification","valueRequired":true,"valueName":"search_term_string"}}],"inLanguage":"en-US"},{"@type":"Organization","@id":"https:\/\/darkamazi.info\/#organization","name":"Darka Maz\u00ee","url":"https:\/\/darkamazi.info\/","logo":{"@type":"ImageObject","inLanguage":"en-US","@id":"https:\/\/darkamazi.info\/#\/schema\/logo\/image\/","url":"https:\/\/darkamazi.info\/file\/2017\/12\/darka-mazi-logo.png","contentUrl":"https:\/\/darkamazi.info\/file\/2017\/12\/darka-mazi-logo.png","width":151,"height":75,"caption":"Darka Maz\u00ee"},"image":{"@id":"https:\/\/darkamazi.info\/#\/schema\/logo\/image\/"},"sameAs":["https:\/\/www.facebook.com\/DarMaziKurmanci","https:\/\/x.com\/DarkaMaziLatini","https:\/\/www.instagram.com\/darkamazi.kurmanci\/","https:\/\/www.youtube.com\/channel\/UCa5HkTdmI8U1qCUFuTw8B2g"]},{"@type":"Person","@id":"https:\/\/darkamazi.info\/#\/schema\/person\/5ad3e24553a0567993fa8ed4bd0a776c","name":"darka mazi","sameAs":["https:\/\/darkamazi.info\/"],"url":"https:\/\/darkamazi.info\/archives\/author\/kurdi"}]}},"_links":{"self":[{"href":"https:\/\/darkamazi.info\/funavuv\/wp\/v2\/posts\/1026950","targetHints":{"allow":["GET"]}}],"collection":[{"href":"https:\/\/darkamazi.info\/funavuv\/wp\/v2\/posts"}],"about":[{"href":"https:\/\/darkamazi.info\/funavuv\/wp\/v2\/types\/post"}],"author":[{"embeddable":true,"href":"https:\/\/darkamazi.info\/funavuv\/wp\/v2\/users\/2"}],"replies":[{"embeddable":true,"href":"https:\/\/darkamazi.info\/funavuv\/wp\/v2\/comments?post=1026950"}],"version-history":[{"count":0,"href":"https:\/\/darkamazi.info\/funavuv\/wp\/v2\/posts\/1026950\/revisions"}],"wp:featuredmedia":[{"embeddable":true,"href":"https:\/\/darkamazi.info\/funavuv\/wp\/v2\/media\/1026952"}],"wp:attachment":[{"href":"https:\/\/darkamazi.info\/funavuv\/wp\/v2\/media?parent=1026950"}],"wp:term":[{"taxonomy":"category","embeddable":true,"href":"https:\/\/darkamazi.info\/funavuv\/wp\/v2\/categories?post=1026950"},{"taxonomy":"post_tag","embeddable":true,"href":"https:\/\/darkamazi.info\/funavuv\/wp\/v2\/tags?post=1026950"}],"curies":[{"name":"wp","href":"https:\/\/api.w.org\/{rel}","templated":true}]}}