{"id":1027072,"date":"2021-11-22T15:50:30","date_gmt":"2021-11-22T12:50:30","guid":{"rendered":"https:\/\/darkamazi.info\/?p=1027072"},"modified":"2021-11-22T15:50:30","modified_gmt":"2021-11-22T12:50:30","slug":"dalkurd-pir-neziki-derbasbuna-liga-yekem-a-swede-buye","status":"publish","type":"post","link":"https:\/\/darkamazi.info\/archives\/1027072","title":{"rendered":"Dalkurd pir n\u00eaz\u00eek\u00ee derbasb\u00fbna L\u00eega Yekem a Sw\u00ead\u00ea b\u00fbye"},"content":{"rendered":"<h3 style=\"text-align: justify\"><span style=\"font-family: 'arial black', sans-serif\">T\u00eema futbol\u00ea Dallkurd ku li Sw\u00ead\u00ea ye, di werza 2021-2022 ya xula her\u00eam\u00ee ya Norra ya Sw\u00ead\u00ea de, her \u00e7ar yariy\u00ean daw\u00ee bi serkeftin\u00ea temam kir \u00fb ket r\u00eaza diduyan.<\/span><\/h3>\n<h3 style=\"text-align: justify\">T\u00eema Dalkurd\u00ea di p\u00ea\u015fbirka daw\u00ee ya ligel t\u00eema Haning\u00ea de p\u00fbanek wergirt \u00fb niha ten\u00ea du p\u00ea\u015fbirkan ji l\u00eega yekem a Sw\u00ead\u00ea d\u00fbr e.\u00a0 Di \u00e7ar\u00e7ova rikeberiy\u00ean gera 30 a v\u00ea xul\u00ea de (Division 1 Norra), t\u00eema Dalkurd b\u00fb m\u00eavana t\u00eema Haning\u00ea \u00fb p\u00ea\u015fbirk bi yeksan\u00ee temam b\u00fb.<\/h3>\n<h3 style=\"text-align: justify\">Rickson Mansiamina xuleka 38 t\u00eema xwediya mal\u00ea p\u00ea\u015f xist \u00fb di xuleka 44 de j\u00ee Fabio De Sousa Silva li ser nav\u00ea Dalkurd\u00ea bersiva v\u00ea gol\u00ea da \u00fb be\u015fa yekem a p\u00ea\u015fbirk\u00ea bi encama 1-1 temam b\u00fb.<\/h3>\n<h3 style=\"text-align: justify\">Di be\u015fa duyem de Dalkurd\u00ea zexta li ser xwediya mal\u00ea z\u00eade kir \u00fb di xuleka 65an de Bakhtiar Rahmani Dalkurd 2-1 bi p\u00ea\u015f xist. L\u00ea Mattias Mitku di xuleka daw\u00ee ya p\u00ea\u015fbirk\u00ea de, di xuleka 88an de golek ji bo Haning\u00ea tomar kir \u00fb p\u00ea\u015fbirk bi yeksaniya 2-2 temam b\u00fb.<\/h3>\n<h3 style=\"text-align: justify\">Dalkurd ku di her \u00e7ar p\u00ea\u015fbirk\u00ean xwe y\u00ean daw\u00ee de hevr\u00eek\u00ean xwe t\u00eak birin \u00fb werza yekem a l\u00eeg\u00ea bi 62 xalan di r\u00eaza duyem de temam kir.<\/h3>\n<h3 style=\"text-align: justify\">Dalkurd\u00ea bi gi\u015ft\u00ee di v\u00ea l\u00eeg\u00ea de performanseke ba\u015f n\u00ee\u015fan daye \u00fb ten\u00ea di 4 di p\u00ea\u015fbirkan de li hember\u00ee rikeber\u00ean xwe bi bin ketiye .<\/h3>\n<h3 style=\"text-align: justify\">Dalkurd roj\u00ean 1 \u00fb 4\u00ea y\u00ean meha b\u00ea di \u00e7ar\u00e7ova Play Off\u00ea de d\u00ea b\u00ea hember\u00ee t\u00eema GAIS \u00fb serkeftiya p\u00ea\u015fbirk\u00ea d\u00ea bigih\u00eeje l\u00eega yekem a Sw\u00ead\u00ea ku wek `Superettan` t\u00ea zan\u00een.<\/h3>\n","protected":false},"excerpt":{"rendered":"<p>T\u00eema futbol\u00ea Dallkurd ku li Sw\u00ead\u00ea ye, di werza 2021-2022 ya xula her\u00eam\u00ee ya Norra ya Sw\u00ead\u00ea de, her \u00e7ar yariy\u00ean daw\u00ee bi serkeftin\u00ea temam kir \u00fb ket r\u00eaza diduyan. T\u00eema Dalkurd\u00ea di p\u00ea\u015fbirka daw\u00ee ya ligel t\u00eema Haning\u00ea de p\u00fbanek wergirt \u00fb niha ten\u00ea du p\u00ea\u015fbirkan ji l\u00eega yekem a Sw\u00ead\u00ea d\u00fbr e.\u00a0 Di [&hellip;]<\/p>\n","protected":false},"author":2,"featured_media":1027073,"comment_status":"closed","ping_status":"closed","sticky":false,"template":"","format":"standard","meta":{"footnotes":""},"categories":[4],"tags":[37],"class_list":["post-1027072","post","type-post","status-publish","format-standard","has-post-thumbnail","hentry","category-hemereng","tag-sereke"],"blocksy_meta":[],"seo_head":"<!-- This site is optimized with the Yoast SEO plugin v27.5 - https:\/\/yoast.com\/product\/yoast-seo-wordpress\/ -->\n<title>Dalkurd pir n\u00eaz\u00eek\u00ee derbasb\u00fbna L\u00eega Yekem a Sw\u00ead\u00ea b\u00fbye - Darka Maz\u00ee<\/title>\n<meta name=\"robots\" content=\"index, follow, max-snippet:-1, max-image-preview:large, max-video-preview:-1\" \/>\n<link rel=\"canonical\" href=\"https:\/\/darkamazi.info\/archives\/1027072\" \/>\n<meta property=\"og:locale\" content=\"en_US\" \/>\n<meta property=\"og:type\" content=\"article\" \/>\n<meta property=\"og:title\" content=\"Dalkurd pir n\u00eaz\u00eek\u00ee derbasb\u00fbna L\u00eega Yekem a Sw\u00ead\u00ea b\u00fbye - Darka Maz\u00ee\" \/>\n<meta property=\"og:description\" content=\"T\u00eema futbol\u00ea Dallkurd ku li Sw\u00ead\u00ea ye, di werza 2021-2022 ya xula her\u00eam\u00ee ya Norra ya Sw\u00ead\u00ea de, her \u00e7ar yariy\u00ean daw\u00ee bi serkeftin\u00ea temam kir \u00fb ket r\u00eaza diduyan. T\u00eema Dalkurd\u00ea di p\u00ea\u015fbirka daw\u00ee ya ligel t\u00eema Haning\u00ea de p\u00fbanek wergirt \u00fb niha ten\u00ea du p\u00ea\u015fbirkan ji l\u00eega yekem a Sw\u00ead\u00ea d\u00fbr e.\u00a0 Di [&hellip;]\" \/>\n<meta property=\"og:url\" content=\"https:\/\/darkamazi.info\/archives\/1027072\" \/>\n<meta property=\"og:site_name\" content=\"Darka Maz\u00ee\" \/>\n<meta property=\"article:publisher\" content=\"https:\/\/www.facebook.com\/DarMaziKurmanci\" \/>\n<meta property=\"article:published_time\" content=\"2021-11-22T12:50:30+00:00\" \/>\n<meta property=\"og:image\" content=\"https:\/\/darkamazi.info\/file\/2021\/11\/dalkurd-1.jpg\" \/>\n\t<meta property=\"og:image:width\" content=\"900\" \/>\n\t<meta property=\"og:image:height\" content=\"497\" \/>\n\t<meta property=\"og:image:type\" content=\"image\/jpeg\" \/>\n<meta name=\"author\" content=\"darka mazi\" \/>\n<meta name=\"twitter:card\" content=\"summary_large_image\" \/>\n<meta name=\"twitter:creator\" content=\"@DarkaMaziLatini\" \/>\n<meta name=\"twitter:site\" content=\"@DarkaMaziLatini\" \/>\n<meta name=\"twitter:label1\" content=\"Written by\" \/>\n\t<meta name=\"twitter:data1\" content=\"darka mazi\" \/>\n\t<meta name=\"twitter:label2\" content=\"Est. reading time\" \/>\n\t<meta name=\"twitter:data2\" content=\"1 minute\" \/>\n<script type=\"application\/ld+json\" class=\"seo-schema-graph\">{\"@context\":\"https:\\\/\\\/schema.org\",\"@graph\":[{\"@type\":\"Article\",\"@id\":\"https:\\\/\\\/darkamazi.info\\\/archives\\\/1027072#article\",\"isPartOf\":{\"@id\":\"https:\\\/\\\/darkamazi.info\\\/archives\\\/1027072\"},\"author\":{\"name\":\"darka mazi\",\"@id\":\"https:\\\/\\\/darkamazi.info\\\/#\\\/schema\\\/person\\\/5ad3e24553a0567993fa8ed4bd0a776c\"},\"headline\":\"Dalkurd pir n\u00eaz\u00eek\u00ee derbasb\u00fbna L\u00eega Yekem a Sw\u00ead\u00ea b\u00fbye\",\"datePublished\":\"2021-11-22T12:50:30+00:00\",\"mainEntityOfPage\":{\"@id\":\"https:\\\/\\\/darkamazi.info\\\/archives\\\/1027072\"},\"wordCount\":295,\"publisher\":{\"@id\":\"https:\\\/\\\/darkamazi.info\\\/#organization\"},\"image\":{\"@id\":\"https:\\\/\\\/darkamazi.info\\\/archives\\\/1027072#primaryimage\"},\"thumbnailUrl\":\"https:\\\/\\\/darkamazi.info\\\/darka-content\\\/uploads\\\/2021\\\/11\\\/dalkurd-1.jpg\",\"keywords\":[\"sereke\"],\"articleSection\":[\"Hemereng\"],\"inLanguage\":\"en-US\"},{\"@type\":\"WebPage\",\"@id\":\"https:\\\/\\\/darkamazi.info\\\/archives\\\/1027072\",\"url\":\"https:\\\/\\\/darkamazi.info\\\/archives\\\/1027072\",\"name\":\"Dalkurd pir n\u00eaz\u00eek\u00ee derbasb\u00fbna L\u00eega Yekem a Sw\u00ead\u00ea b\u00fbye - Darka Maz\u00ee\",\"isPartOf\":{\"@id\":\"https:\\\/\\\/darkamazi.info\\\/#website\"},\"primaryImageOfPage\":{\"@id\":\"https:\\\/\\\/darkamazi.info\\\/archives\\\/1027072#primaryimage\"},\"image\":{\"@id\":\"https:\\\/\\\/darkamazi.info\\\/archives\\\/1027072#primaryimage\"},\"thumbnailUrl\":\"https:\\\/\\\/darkamazi.info\\\/darka-content\\\/uploads\\\/2021\\\/11\\\/dalkurd-1.jpg\",\"datePublished\":\"2021-11-22T12:50:30+00:00\",\"breadcrumb\":{\"@id\":\"https:\\\/\\\/darkamazi.info\\\/archives\\\/1027072#breadcrumb\"},\"inLanguage\":\"en-US\",\"potentialAction\":[{\"@type\":\"ReadAction\",\"target\":[\"https:\\\/\\\/darkamazi.info\\\/archives\\\/1027072\"]}]},{\"@type\":\"ImageObject\",\"inLanguage\":\"en-US\",\"@id\":\"https:\\\/\\\/darkamazi.info\\\/archives\\\/1027072#primaryimage\",\"url\":\"https:\\\/\\\/darkamazi.info\\\/darka-content\\\/uploads\\\/2021\\\/11\\\/dalkurd-1.jpg\",\"contentUrl\":\"https:\\\/\\\/darkamazi.info\\\/darka-content\\\/uploads\\\/2021\\\/11\\\/dalkurd-1.jpg\",\"width\":900,\"height\":497,\"caption\":\"Dalkurd pir n\u00eaz\u00eek\u00ee derbasb\u00fbna L\u00eega Yekem a Sw\u00ead\u00ea b\u00fbye\"},{\"@type\":\"BreadcrumbList\",\"@id\":\"https:\\\/\\\/darkamazi.info\\\/archives\\\/1027072#breadcrumb\",\"itemListElement\":[{\"@type\":\"ListItem\",\"position\":1,\"name\":\"Home\",\"item\":\"https:\\\/\\\/darkamazi.info\\\/\"},{\"@type\":\"ListItem\",\"position\":2,\"name\":\"Dalkurd pir n\u00eaz\u00eek\u00ee derbasb\u00fbna L\u00eega Yekem a Sw\u00ead\u00ea b\u00fbye\"}]},{\"@type\":\"WebSite\",\"@id\":\"https:\\\/\\\/darkamazi.info\\\/#website\",\"url\":\"https:\\\/\\\/darkamazi.info\\\/\",\"name\":\"Darka Maz\u00ee\",\"description\":\"P\u00eageha Zanyariy\u00ean Nebih\u00eest\u00ee\",\"publisher\":{\"@id\":\"https:\\\/\\\/darkamazi.info\\\/#organization\"},\"potentialAction\":[{\"@type\":\"SearchAction\",\"target\":{\"@type\":\"EntryPoint\",\"urlTemplate\":\"https:\\\/\\\/darkamazi.info\\\/?s={search_term_string}\"},\"query-input\":{\"@type\":\"PropertyValueSpecification\",\"valueRequired\":true,\"valueName\":\"search_term_string\"}}],\"inLanguage\":\"en-US\"},{\"@type\":\"Organization\",\"@id\":\"https:\\\/\\\/darkamazi.info\\\/#organization\",\"name\":\"Darka Maz\u00ee\",\"url\":\"https:\\\/\\\/darkamazi.info\\\/\",\"logo\":{\"@type\":\"ImageObject\",\"inLanguage\":\"en-US\",\"@id\":\"https:\\\/\\\/darkamazi.info\\\/#\\\/schema\\\/logo\\\/image\\\/\",\"url\":\"https:\\\/\\\/darkamazi.info\\\/darka-content\\\/uploads\\\/2017\\\/12\\\/darka-mazi-logo.png\",\"contentUrl\":\"https:\\\/\\\/darkamazi.info\\\/darka-content\\\/uploads\\\/2017\\\/12\\\/darka-mazi-logo.png\",\"width\":151,\"height\":75,\"caption\":\"Darka Maz\u00ee\"},\"image\":{\"@id\":\"https:\\\/\\\/darkamazi.info\\\/#\\\/schema\\\/logo\\\/image\\\/\"},\"sameAs\":[\"https:\\\/\\\/www.facebook.com\\\/DarMaziKurmanci\",\"https:\\\/\\\/x.com\\\/DarkaMaziLatini\",\"https:\\\/\\\/www.instagram.com\\\/darkamazi.kurmanci\\\/\",\"https:\\\/\\\/www.youtube.com\\\/channel\\\/UCa5HkTdmI8U1qCUFuTw8B2g\"]},{\"@type\":\"Person\",\"@id\":\"https:\\\/\\\/darkamazi.info\\\/#\\\/schema\\\/person\\\/5ad3e24553a0567993fa8ed4bd0a776c\",\"name\":\"darka mazi\",\"sameAs\":[\"https:\\\/\\\/darkamazi.info\\\/\"],\"url\":\"https:\\\/\\\/darkamazi.info\\\/archives\\\/author\\\/kurdi\"}]}<\/script>\n<!-- \/ Yoast SEO plugin. -->","seo_head_json":{"title":"Dalkurd pir n\u00eaz\u00eek\u00ee derbasb\u00fbna L\u00eega Yekem a Sw\u00ead\u00ea b\u00fbye - Darka Maz\u00ee","robots":{"index":"index","follow":"follow","max-snippet":"max-snippet:-1","max-image-preview":"max-image-preview:large","max-video-preview":"max-video-preview:-1"},"canonical":"https:\/\/darkamazi.info\/archives\/1027072","og_locale":"en_US","og_type":"article","og_title":"Dalkurd pir n\u00eaz\u00eek\u00ee derbasb\u00fbna L\u00eega Yekem a Sw\u00ead\u00ea b\u00fbye - Darka Maz\u00ee","og_description":"T\u00eema futbol\u00ea Dallkurd ku li Sw\u00ead\u00ea ye, di werza 2021-2022 ya xula her\u00eam\u00ee ya Norra ya Sw\u00ead\u00ea de, her \u00e7ar yariy\u00ean daw\u00ee bi serkeftin\u00ea temam kir \u00fb ket r\u00eaza diduyan. T\u00eema Dalkurd\u00ea di p\u00ea\u015fbirka daw\u00ee ya ligel t\u00eema Haning\u00ea de p\u00fbanek wergirt \u00fb niha ten\u00ea du p\u00ea\u015fbirkan ji l\u00eega yekem a Sw\u00ead\u00ea d\u00fbr e.\u00a0 Di [&hellip;]","og_url":"https:\/\/darkamazi.info\/archives\/1027072","og_site_name":"Darka Maz\u00ee","article_publisher":"https:\/\/www.facebook.com\/DarMaziKurmanci","article_published_time":"2021-11-22T12:50:30+00:00","og_image":[{"width":900,"height":497,"url":"https:\/\/darkamazi.info\/file\/2021\/11\/dalkurd-1.jpg","type":"image\/jpeg"}],"author":"darka mazi","twitter_card":"summary_large_image","twitter_creator":"@DarkaMaziLatini","twitter_site":"@DarkaMaziLatini","twitter_misc":{"Written by":"darka mazi","Est. reading time":"1 minute"},"schema":{"@context":"https:\/\/schema.org","@graph":[{"@type":"Article","@id":"https:\/\/darkamazi.info\/archives\/1027072#article","isPartOf":{"@id":"https:\/\/darkamazi.info\/archives\/1027072"},"author":{"name":"darka mazi","@id":"https:\/\/darkamazi.info\/#\/schema\/person\/5ad3e24553a0567993fa8ed4bd0a776c"},"headline":"Dalkurd pir n\u00eaz\u00eek\u00ee derbasb\u00fbna L\u00eega Yekem a Sw\u00ead\u00ea b\u00fbye","datePublished":"2021-11-22T12:50:30+00:00","mainEntityOfPage":{"@id":"https:\/\/darkamazi.info\/archives\/1027072"},"wordCount":295,"publisher":{"@id":"https:\/\/darkamazi.info\/#organization"},"image":{"@id":"https:\/\/darkamazi.info\/archives\/1027072#primaryimage"},"thumbnailUrl":"https:\/\/darkamazi.info\/file\/2021\/11\/dalkurd-1.jpg","keywords":["sereke"],"articleSection":["Hemereng"],"inLanguage":"en-US"},{"@type":"WebPage","@id":"https:\/\/darkamazi.info\/archives\/1027072","url":"https:\/\/darkamazi.info\/archives\/1027072","name":"Dalkurd pir n\u00eaz\u00eek\u00ee derbasb\u00fbna L\u00eega Yekem a Sw\u00ead\u00ea b\u00fbye - Darka Maz\u00ee","isPartOf":{"@id":"https:\/\/darkamazi.info\/#website"},"primaryImageOfPage":{"@id":"https:\/\/darkamazi.info\/archives\/1027072#primaryimage"},"image":{"@id":"https:\/\/darkamazi.info\/archives\/1027072#primaryimage"},"thumbnailUrl":"https:\/\/darkamazi.info\/file\/2021\/11\/dalkurd-1.jpg","datePublished":"2021-11-22T12:50:30+00:00","breadcrumb":{"@id":"https:\/\/darkamazi.info\/archives\/1027072#breadcrumb"},"inLanguage":"en-US","potentialAction":[{"@type":"ReadAction","target":["https:\/\/darkamazi.info\/archives\/1027072"]}]},{"@type":"ImageObject","inLanguage":"en-US","@id":"https:\/\/darkamazi.info\/archives\/1027072#primaryimage","url":"https:\/\/darkamazi.info\/file\/2021\/11\/dalkurd-1.jpg","contentUrl":"https:\/\/darkamazi.info\/file\/2021\/11\/dalkurd-1.jpg","width":900,"height":497,"caption":"Dalkurd pir n\u00eaz\u00eek\u00ee derbasb\u00fbna L\u00eega Yekem a Sw\u00ead\u00ea b\u00fbye"},{"@type":"BreadcrumbList","@id":"https:\/\/darkamazi.info\/archives\/1027072#breadcrumb","itemListElement":[{"@type":"ListItem","position":1,"name":"Home","item":"https:\/\/darkamazi.info\/"},{"@type":"ListItem","position":2,"name":"Dalkurd pir n\u00eaz\u00eek\u00ee derbasb\u00fbna L\u00eega Yekem a Sw\u00ead\u00ea b\u00fbye"}]},{"@type":"WebSite","@id":"https:\/\/darkamazi.info\/#website","url":"https:\/\/darkamazi.info\/","name":"Darka Maz\u00ee","description":"P\u00eageha Zanyariy\u00ean Nebih\u00eest\u00ee","publisher":{"@id":"https:\/\/darkamazi.info\/#organization"},"potentialAction":[{"@type":"SearchAction","target":{"@type":"EntryPoint","urlTemplate":"https:\/\/darkamazi.info\/?s={search_term_string}"},"query-input":{"@type":"PropertyValueSpecification","valueRequired":true,"valueName":"search_term_string"}}],"inLanguage":"en-US"},{"@type":"Organization","@id":"https:\/\/darkamazi.info\/#organization","name":"Darka Maz\u00ee","url":"https:\/\/darkamazi.info\/","logo":{"@type":"ImageObject","inLanguage":"en-US","@id":"https:\/\/darkamazi.info\/#\/schema\/logo\/image\/","url":"https:\/\/darkamazi.info\/file\/2017\/12\/darka-mazi-logo.png","contentUrl":"https:\/\/darkamazi.info\/file\/2017\/12\/darka-mazi-logo.png","width":151,"height":75,"caption":"Darka Maz\u00ee"},"image":{"@id":"https:\/\/darkamazi.info\/#\/schema\/logo\/image\/"},"sameAs":["https:\/\/www.facebook.com\/DarMaziKurmanci","https:\/\/x.com\/DarkaMaziLatini","https:\/\/www.instagram.com\/darkamazi.kurmanci\/","https:\/\/www.youtube.com\/channel\/UCa5HkTdmI8U1qCUFuTw8B2g"]},{"@type":"Person","@id":"https:\/\/darkamazi.info\/#\/schema\/person\/5ad3e24553a0567993fa8ed4bd0a776c","name":"darka mazi","sameAs":["https:\/\/darkamazi.info\/"],"url":"https:\/\/darkamazi.info\/archives\/author\/kurdi"}]}},"_links":{"self":[{"href":"https:\/\/darkamazi.info\/funavuv\/wp\/v2\/posts\/1027072","targetHints":{"allow":["GET"]}}],"collection":[{"href":"https:\/\/darkamazi.info\/funavuv\/wp\/v2\/posts"}],"about":[{"href":"https:\/\/darkamazi.info\/funavuv\/wp\/v2\/types\/post"}],"author":[{"embeddable":true,"href":"https:\/\/darkamazi.info\/funavuv\/wp\/v2\/users\/2"}],"replies":[{"embeddable":true,"href":"https:\/\/darkamazi.info\/funavuv\/wp\/v2\/comments?post=1027072"}],"version-history":[{"count":0,"href":"https:\/\/darkamazi.info\/funavuv\/wp\/v2\/posts\/1027072\/revisions"}],"wp:featuredmedia":[{"embeddable":true,"href":"https:\/\/darkamazi.info\/funavuv\/wp\/v2\/media\/1027073"}],"wp:attachment":[{"href":"https:\/\/darkamazi.info\/funavuv\/wp\/v2\/media?parent=1027072"}],"wp:term":[{"taxonomy":"category","embeddable":true,"href":"https:\/\/darkamazi.info\/funavuv\/wp\/v2\/categories?post=1027072"},{"taxonomy":"post_tag","embeddable":true,"href":"https:\/\/darkamazi.info\/funavuv\/wp\/v2\/tags?post=1027072"}],"curies":[{"name":"wp","href":"https:\/\/api.w.org\/{rel}","templated":true}]}}