{"id":1027298,"date":"2021-12-02T13:38:32","date_gmt":"2021-12-02T10:38:32","guid":{"rendered":"https:\/\/darkamazi.info\/?p=1027298"},"modified":"2021-12-02T13:38:32","modified_gmt":"2021-12-02T10:38:32","slug":"berfe-bakure-kurdistane-xemiland","status":"publish","type":"post","link":"https:\/\/darkamazi.info\/archives\/1027298","title":{"rendered":"Berf\u00ea Bakur\u00ea Kurdistan\u00ea xemiland"},"content":{"rendered":"<h3 style=\"text-align: justify\"><span style=\"font-family: 'arial black', sans-serif\">Pi\u015ft\u00ee daketina piley\u00ean germ\u00ea \u00fb hatina demsala zivistan\u00ea, li be\u015feke z\u00eade ya par\u00eazgeh\u00ean Bakur\u00ea Kurdistan\u00ea \u00fb nav\u00e7ey\u00ean w\u00ea berf dibare.<\/span><\/h3>\n<h3 style=\"text-align: justify\"><span style=\"font-family: arial, helvetica, sans-serif\">Li nav\u00e7eya Pilem\u00fbr\u00eey\u00ea ser bi par\u00eazgeha D\u00earsim\u00ea pi\u015ft\u00ee bar\u00eena berfeke z\u00eade, xweza bi reng\u00ea sp\u00ee xemil\u00ee. Li nav\u00e7ey\u00ea derdora 15 sant\u00eemetre berf bariya ye. Berf\u00ea \u00fb mij\u00ea bandor li \u00e7\u00fbn\u00fbhatin\u00ea kir. T\u00eem\u00ean ser bi R\u00eaveberiya\u00a0 R\u00eay\u00ean Bejay\u00ee di paqijkirina r\u00ea de r\u00fbbr\u00fby\u00ea zehmetiyan b\u00fbn.<\/span><\/h3>\n<h3 style=\"text-align: justify\"><span style=\"font-family: arial, helvetica, sans-serif\">Li par\u00eazgeha Agir\u00ee j\u00ee bi heman away\u00ee berf\u00ea bandor li \u00e7\u00fbn\u00fbhatin\u00ea kiriye. Di demjim\u00ear\u00ean \u015fev\u00ea de berfeke z\u00eade bariya \u00fb be\u015feke barhilgir \u00fb otomob\u00eel\u00ean welatiyan di r\u00ea de man. Welatiy\u00ean ku b\u00ea tedb\u00eer ji mal\u00ean xwe derketib\u00fbn dema vegeriyan di r\u00ea de man.<\/span><\/h3>\n","protected":false},"excerpt":{"rendered":"<p>Pi\u015ft\u00ee daketina piley\u00ean germ\u00ea \u00fb hatina demsala zivistan\u00ea, li be\u015feke z\u00eade ya par\u00eazgeh\u00ean Bakur\u00ea Kurdistan\u00ea \u00fb nav\u00e7ey\u00ean w\u00ea berf dibare. Li nav\u00e7eya Pilem\u00fbr\u00eey\u00ea ser bi par\u00eazgeha D\u00earsim\u00ea pi\u015ft\u00ee bar\u00eena berfeke z\u00eade, xweza bi reng\u00ea sp\u00ee xemil\u00ee. Li nav\u00e7ey\u00ea derdora 15 sant\u00eemetre berf bariya ye. Berf\u00ea \u00fb mij\u00ea bandor li \u00e7\u00fbn\u00fbhatin\u00ea kir. T\u00eem\u00ean ser bi R\u00eaveberiya\u00a0 [&hellip;]<\/p>\n","protected":false},"author":2,"featured_media":1027299,"comment_status":"closed","ping_status":"closed","sticky":false,"template":"","format":"standard","meta":{"footnotes":""},"categories":[29],"tags":[37],"class_list":["post-1027298","post","type-post","status-publish","format-standard","has-post-thumbnail","hentry","category-kurdistan","tag-sereke"],"blocksy_meta":[],"seo_head":"<!-- This site is optimized with the Yoast SEO plugin v27.5 - https:\/\/yoast.com\/product\/yoast-seo-wordpress\/ -->\n<title>Berf\u00ea Bakur\u00ea Kurdistan\u00ea xemiland - Darka Maz\u00ee<\/title>\n<meta name=\"robots\" content=\"index, follow, max-snippet:-1, max-image-preview:large, max-video-preview:-1\" \/>\n<link rel=\"canonical\" href=\"https:\/\/darkamazi.info\/archives\/1027298\" \/>\n<meta property=\"og:locale\" content=\"en_US\" \/>\n<meta property=\"og:type\" content=\"article\" \/>\n<meta property=\"og:title\" content=\"Berf\u00ea Bakur\u00ea Kurdistan\u00ea xemiland - Darka Maz\u00ee\" \/>\n<meta property=\"og:description\" content=\"Pi\u015ft\u00ee daketina piley\u00ean germ\u00ea \u00fb hatina demsala zivistan\u00ea, li be\u015feke z\u00eade ya par\u00eazgeh\u00ean Bakur\u00ea Kurdistan\u00ea \u00fb nav\u00e7ey\u00ean w\u00ea berf dibare. Li nav\u00e7eya Pilem\u00fbr\u00eey\u00ea ser bi par\u00eazgeha D\u00earsim\u00ea pi\u015ft\u00ee bar\u00eena berfeke z\u00eade, xweza bi reng\u00ea sp\u00ee xemil\u00ee. Li nav\u00e7ey\u00ea derdora 15 sant\u00eemetre berf bariya ye. Berf\u00ea \u00fb mij\u00ea bandor li \u00e7\u00fbn\u00fbhatin\u00ea kir. T\u00eem\u00ean ser bi R\u00eaveberiya\u00a0 [&hellip;]\" \/>\n<meta property=\"og:url\" content=\"https:\/\/darkamazi.info\/archives\/1027298\" \/>\n<meta property=\"og:site_name\" content=\"Darka Maz\u00ee\" \/>\n<meta property=\"article:publisher\" content=\"https:\/\/www.facebook.com\/DarMaziKurmanci\" \/>\n<meta property=\"article:published_time\" content=\"2021-12-02T10:38:32+00:00\" \/>\n<meta property=\"og:image\" content=\"https:\/\/darkamazi.info\/file\/2021\/12\/berf-befir-kurdistan.jpg\" \/>\n\t<meta property=\"og:image:width\" content=\"900\" \/>\n\t<meta property=\"og:image:height\" content=\"497\" \/>\n\t<meta property=\"og:image:type\" content=\"image\/jpeg\" \/>\n<meta name=\"author\" content=\"darka mazi\" \/>\n<meta name=\"twitter:card\" content=\"summary_large_image\" \/>\n<meta name=\"twitter:creator\" content=\"@DarkaMaziLatini\" \/>\n<meta name=\"twitter:site\" content=\"@DarkaMaziLatini\" \/>\n<meta name=\"twitter:label1\" content=\"Written by\" \/>\n\t<meta name=\"twitter:data1\" content=\"darka mazi\" \/>\n\t<meta name=\"twitter:label2\" content=\"Est. reading time\" \/>\n\t<meta name=\"twitter:data2\" content=\"1 minute\" \/>\n<script type=\"application\/ld+json\" class=\"seo-schema-graph\">{\"@context\":\"https:\\\/\\\/schema.org\",\"@graph\":[{\"@type\":\"Article\",\"@id\":\"https:\\\/\\\/darkamazi.info\\\/archives\\\/1027298#article\",\"isPartOf\":{\"@id\":\"https:\\\/\\\/darkamazi.info\\\/archives\\\/1027298\"},\"author\":{\"name\":\"darka mazi\",\"@id\":\"https:\\\/\\\/darkamazi.info\\\/#\\\/schema\\\/person\\\/5ad3e24553a0567993fa8ed4bd0a776c\"},\"headline\":\"Berf\u00ea Bakur\u00ea Kurdistan\u00ea xemiland\",\"datePublished\":\"2021-12-02T10:38:32+00:00\",\"mainEntityOfPage\":{\"@id\":\"https:\\\/\\\/darkamazi.info\\\/archives\\\/1027298\"},\"wordCount\":144,\"publisher\":{\"@id\":\"https:\\\/\\\/darkamazi.info\\\/#organization\"},\"image\":{\"@id\":\"https:\\\/\\\/darkamazi.info\\\/archives\\\/1027298#primaryimage\"},\"thumbnailUrl\":\"https:\\\/\\\/darkamazi.info\\\/darka-content\\\/uploads\\\/2021\\\/12\\\/berf-befir-kurdistan.jpg\",\"keywords\":[\"sereke\"],\"articleSection\":[\"Kurdistan\"],\"inLanguage\":\"en-US\"},{\"@type\":\"WebPage\",\"@id\":\"https:\\\/\\\/darkamazi.info\\\/archives\\\/1027298\",\"url\":\"https:\\\/\\\/darkamazi.info\\\/archives\\\/1027298\",\"name\":\"Berf\u00ea Bakur\u00ea Kurdistan\u00ea xemiland - Darka Maz\u00ee\",\"isPartOf\":{\"@id\":\"https:\\\/\\\/darkamazi.info\\\/#website\"},\"primaryImageOfPage\":{\"@id\":\"https:\\\/\\\/darkamazi.info\\\/archives\\\/1027298#primaryimage\"},\"image\":{\"@id\":\"https:\\\/\\\/darkamazi.info\\\/archives\\\/1027298#primaryimage\"},\"thumbnailUrl\":\"https:\\\/\\\/darkamazi.info\\\/darka-content\\\/uploads\\\/2021\\\/12\\\/berf-befir-kurdistan.jpg\",\"datePublished\":\"2021-12-02T10:38:32+00:00\",\"breadcrumb\":{\"@id\":\"https:\\\/\\\/darkamazi.info\\\/archives\\\/1027298#breadcrumb\"},\"inLanguage\":\"en-US\",\"potentialAction\":[{\"@type\":\"ReadAction\",\"target\":[\"https:\\\/\\\/darkamazi.info\\\/archives\\\/1027298\"]}]},{\"@type\":\"ImageObject\",\"inLanguage\":\"en-US\",\"@id\":\"https:\\\/\\\/darkamazi.info\\\/archives\\\/1027298#primaryimage\",\"url\":\"https:\\\/\\\/darkamazi.info\\\/darka-content\\\/uploads\\\/2021\\\/12\\\/berf-befir-kurdistan.jpg\",\"contentUrl\":\"https:\\\/\\\/darkamazi.info\\\/darka-content\\\/uploads\\\/2021\\\/12\\\/berf-befir-kurdistan.jpg\",\"width\":900,\"height\":497,\"caption\":\"berf-befir-kurdistan\"},{\"@type\":\"BreadcrumbList\",\"@id\":\"https:\\\/\\\/darkamazi.info\\\/archives\\\/1027298#breadcrumb\",\"itemListElement\":[{\"@type\":\"ListItem\",\"position\":1,\"name\":\"Home\",\"item\":\"https:\\\/\\\/darkamazi.info\\\/\"},{\"@type\":\"ListItem\",\"position\":2,\"name\":\"Berf\u00ea Bakur\u00ea Kurdistan\u00ea xemiland\"}]},{\"@type\":\"WebSite\",\"@id\":\"https:\\\/\\\/darkamazi.info\\\/#website\",\"url\":\"https:\\\/\\\/darkamazi.info\\\/\",\"name\":\"Darka Maz\u00ee\",\"description\":\"P\u00eageha Zanyariy\u00ean Nebih\u00eest\u00ee\",\"publisher\":{\"@id\":\"https:\\\/\\\/darkamazi.info\\\/#organization\"},\"potentialAction\":[{\"@type\":\"SearchAction\",\"target\":{\"@type\":\"EntryPoint\",\"urlTemplate\":\"https:\\\/\\\/darkamazi.info\\\/?s={search_term_string}\"},\"query-input\":{\"@type\":\"PropertyValueSpecification\",\"valueRequired\":true,\"valueName\":\"search_term_string\"}}],\"inLanguage\":\"en-US\"},{\"@type\":\"Organization\",\"@id\":\"https:\\\/\\\/darkamazi.info\\\/#organization\",\"name\":\"Darka Maz\u00ee\",\"url\":\"https:\\\/\\\/darkamazi.info\\\/\",\"logo\":{\"@type\":\"ImageObject\",\"inLanguage\":\"en-US\",\"@id\":\"https:\\\/\\\/darkamazi.info\\\/#\\\/schema\\\/logo\\\/image\\\/\",\"url\":\"https:\\\/\\\/darkamazi.info\\\/darka-content\\\/uploads\\\/2017\\\/12\\\/darka-mazi-logo.png\",\"contentUrl\":\"https:\\\/\\\/darkamazi.info\\\/darka-content\\\/uploads\\\/2017\\\/12\\\/darka-mazi-logo.png\",\"width\":151,\"height\":75,\"caption\":\"Darka Maz\u00ee\"},\"image\":{\"@id\":\"https:\\\/\\\/darkamazi.info\\\/#\\\/schema\\\/logo\\\/image\\\/\"},\"sameAs\":[\"https:\\\/\\\/www.facebook.com\\\/DarMaziKurmanci\",\"https:\\\/\\\/x.com\\\/DarkaMaziLatini\",\"https:\\\/\\\/www.instagram.com\\\/darkamazi.kurmanci\\\/\",\"https:\\\/\\\/www.youtube.com\\\/channel\\\/UCa5HkTdmI8U1qCUFuTw8B2g\"]},{\"@type\":\"Person\",\"@id\":\"https:\\\/\\\/darkamazi.info\\\/#\\\/schema\\\/person\\\/5ad3e24553a0567993fa8ed4bd0a776c\",\"name\":\"darka mazi\",\"sameAs\":[\"https:\\\/\\\/darkamazi.info\\\/\"],\"url\":\"https:\\\/\\\/darkamazi.info\\\/archives\\\/author\\\/kurdi\"}]}<\/script>\n<!-- \/ Yoast SEO plugin. -->","seo_head_json":{"title":"Berf\u00ea Bakur\u00ea Kurdistan\u00ea xemiland - Darka Maz\u00ee","robots":{"index":"index","follow":"follow","max-snippet":"max-snippet:-1","max-image-preview":"max-image-preview:large","max-video-preview":"max-video-preview:-1"},"canonical":"https:\/\/darkamazi.info\/archives\/1027298","og_locale":"en_US","og_type":"article","og_title":"Berf\u00ea Bakur\u00ea Kurdistan\u00ea xemiland - Darka Maz\u00ee","og_description":"Pi\u015ft\u00ee daketina piley\u00ean germ\u00ea \u00fb hatina demsala zivistan\u00ea, li be\u015feke z\u00eade ya par\u00eazgeh\u00ean Bakur\u00ea Kurdistan\u00ea \u00fb nav\u00e7ey\u00ean w\u00ea berf dibare. Li nav\u00e7eya Pilem\u00fbr\u00eey\u00ea ser bi par\u00eazgeha D\u00earsim\u00ea pi\u015ft\u00ee bar\u00eena berfeke z\u00eade, xweza bi reng\u00ea sp\u00ee xemil\u00ee. Li nav\u00e7ey\u00ea derdora 15 sant\u00eemetre berf bariya ye. Berf\u00ea \u00fb mij\u00ea bandor li \u00e7\u00fbn\u00fbhatin\u00ea kir. T\u00eem\u00ean ser bi R\u00eaveberiya\u00a0 [&hellip;]","og_url":"https:\/\/darkamazi.info\/archives\/1027298","og_site_name":"Darka Maz\u00ee","article_publisher":"https:\/\/www.facebook.com\/DarMaziKurmanci","article_published_time":"2021-12-02T10:38:32+00:00","og_image":[{"width":900,"height":497,"url":"https:\/\/darkamazi.info\/file\/2021\/12\/berf-befir-kurdistan.jpg","type":"image\/jpeg"}],"author":"darka mazi","twitter_card":"summary_large_image","twitter_creator":"@DarkaMaziLatini","twitter_site":"@DarkaMaziLatini","twitter_misc":{"Written by":"darka mazi","Est. reading time":"1 minute"},"schema":{"@context":"https:\/\/schema.org","@graph":[{"@type":"Article","@id":"https:\/\/darkamazi.info\/archives\/1027298#article","isPartOf":{"@id":"https:\/\/darkamazi.info\/archives\/1027298"},"author":{"name":"darka mazi","@id":"https:\/\/darkamazi.info\/#\/schema\/person\/5ad3e24553a0567993fa8ed4bd0a776c"},"headline":"Berf\u00ea Bakur\u00ea Kurdistan\u00ea xemiland","datePublished":"2021-12-02T10:38:32+00:00","mainEntityOfPage":{"@id":"https:\/\/darkamazi.info\/archives\/1027298"},"wordCount":144,"publisher":{"@id":"https:\/\/darkamazi.info\/#organization"},"image":{"@id":"https:\/\/darkamazi.info\/archives\/1027298#primaryimage"},"thumbnailUrl":"https:\/\/darkamazi.info\/file\/2021\/12\/berf-befir-kurdistan.jpg","keywords":["sereke"],"articleSection":["Kurdistan"],"inLanguage":"en-US"},{"@type":"WebPage","@id":"https:\/\/darkamazi.info\/archives\/1027298","url":"https:\/\/darkamazi.info\/archives\/1027298","name":"Berf\u00ea Bakur\u00ea Kurdistan\u00ea xemiland - Darka Maz\u00ee","isPartOf":{"@id":"https:\/\/darkamazi.info\/#website"},"primaryImageOfPage":{"@id":"https:\/\/darkamazi.info\/archives\/1027298#primaryimage"},"image":{"@id":"https:\/\/darkamazi.info\/archives\/1027298#primaryimage"},"thumbnailUrl":"https:\/\/darkamazi.info\/file\/2021\/12\/berf-befir-kurdistan.jpg","datePublished":"2021-12-02T10:38:32+00:00","breadcrumb":{"@id":"https:\/\/darkamazi.info\/archives\/1027298#breadcrumb"},"inLanguage":"en-US","potentialAction":[{"@type":"ReadAction","target":["https:\/\/darkamazi.info\/archives\/1027298"]}]},{"@type":"ImageObject","inLanguage":"en-US","@id":"https:\/\/darkamazi.info\/archives\/1027298#primaryimage","url":"https:\/\/darkamazi.info\/file\/2021\/12\/berf-befir-kurdistan.jpg","contentUrl":"https:\/\/darkamazi.info\/file\/2021\/12\/berf-befir-kurdistan.jpg","width":900,"height":497,"caption":"berf-befir-kurdistan"},{"@type":"BreadcrumbList","@id":"https:\/\/darkamazi.info\/archives\/1027298#breadcrumb","itemListElement":[{"@type":"ListItem","position":1,"name":"Home","item":"https:\/\/darkamazi.info\/"},{"@type":"ListItem","position":2,"name":"Berf\u00ea Bakur\u00ea Kurdistan\u00ea xemiland"}]},{"@type":"WebSite","@id":"https:\/\/darkamazi.info\/#website","url":"https:\/\/darkamazi.info\/","name":"Darka Maz\u00ee","description":"P\u00eageha Zanyariy\u00ean Nebih\u00eest\u00ee","publisher":{"@id":"https:\/\/darkamazi.info\/#organization"},"potentialAction":[{"@type":"SearchAction","target":{"@type":"EntryPoint","urlTemplate":"https:\/\/darkamazi.info\/?s={search_term_string}"},"query-input":{"@type":"PropertyValueSpecification","valueRequired":true,"valueName":"search_term_string"}}],"inLanguage":"en-US"},{"@type":"Organization","@id":"https:\/\/darkamazi.info\/#organization","name":"Darka Maz\u00ee","url":"https:\/\/darkamazi.info\/","logo":{"@type":"ImageObject","inLanguage":"en-US","@id":"https:\/\/darkamazi.info\/#\/schema\/logo\/image\/","url":"https:\/\/darkamazi.info\/file\/2017\/12\/darka-mazi-logo.png","contentUrl":"https:\/\/darkamazi.info\/file\/2017\/12\/darka-mazi-logo.png","width":151,"height":75,"caption":"Darka Maz\u00ee"},"image":{"@id":"https:\/\/darkamazi.info\/#\/schema\/logo\/image\/"},"sameAs":["https:\/\/www.facebook.com\/DarMaziKurmanci","https:\/\/x.com\/DarkaMaziLatini","https:\/\/www.instagram.com\/darkamazi.kurmanci\/","https:\/\/www.youtube.com\/channel\/UCa5HkTdmI8U1qCUFuTw8B2g"]},{"@type":"Person","@id":"https:\/\/darkamazi.info\/#\/schema\/person\/5ad3e24553a0567993fa8ed4bd0a776c","name":"darka mazi","sameAs":["https:\/\/darkamazi.info\/"],"url":"https:\/\/darkamazi.info\/archives\/author\/kurdi"}]}},"_links":{"self":[{"href":"https:\/\/darkamazi.info\/funavuv\/wp\/v2\/posts\/1027298","targetHints":{"allow":["GET"]}}],"collection":[{"href":"https:\/\/darkamazi.info\/funavuv\/wp\/v2\/posts"}],"about":[{"href":"https:\/\/darkamazi.info\/funavuv\/wp\/v2\/types\/post"}],"author":[{"embeddable":true,"href":"https:\/\/darkamazi.info\/funavuv\/wp\/v2\/users\/2"}],"replies":[{"embeddable":true,"href":"https:\/\/darkamazi.info\/funavuv\/wp\/v2\/comments?post=1027298"}],"version-history":[{"count":0,"href":"https:\/\/darkamazi.info\/funavuv\/wp\/v2\/posts\/1027298\/revisions"}],"wp:featuredmedia":[{"embeddable":true,"href":"https:\/\/darkamazi.info\/funavuv\/wp\/v2\/media\/1027299"}],"wp:attachment":[{"href":"https:\/\/darkamazi.info\/funavuv\/wp\/v2\/media?parent=1027298"}],"wp:term":[{"taxonomy":"category","embeddable":true,"href":"https:\/\/darkamazi.info\/funavuv\/wp\/v2\/categories?post=1027298"},{"taxonomy":"post_tag","embeddable":true,"href":"https:\/\/darkamazi.info\/funavuv\/wp\/v2\/tags?post=1027298"}],"curies":[{"name":"wp","href":"https:\/\/api.w.org\/{rel}","templated":true}]}}