{"id":1027353,"date":"2021-12-05T17:14:15","date_gmt":"2021-12-05T14:14:15","guid":{"rendered":"https:\/\/darkamazi.info\/?p=1027353"},"modified":"2021-12-05T18:13:44","modified_gmt":"2021-12-05T15:13:44","slug":"ziman-xwese-le-zik-rese","status":"publish","type":"post","link":"https:\/\/darkamazi.info\/archives\/1027353","title":{"rendered":"Ziman xwe\u015fe, l\u00ea zik re\u015fe!!"},"content":{"rendered":"<div class=\"wpb-content-wrapper\"><p>[darkamazi_row][darkamazi_column][darkamazi_column_text]<\/p>\n<h3 style=\"text-align: justify;\"><span style=\"font-family: 'arial black', sans-serif; color: #0000ff;\">Simko Ebdulez\u00eez<\/span><\/h3>\n<h3 style=\"text-align: justify;\"><span style=\"font-family: 'arial black', sans-serif;\">\u00cero min p\u00eageha Roj News a r\u00eaxistina PKK\u00ea di \u015fopand, man\u015fetek an\u00eeb\u00fb p\u00ea\u015f \u00fb t\u00eade niv\u00eesandib\u00fb: li \u015eengal\u00ea jin f\u00ear\u00ee ziman\u00ea dayik\u00ea dibin!!<\/span><\/h3>\n<h3 style=\"text-align: justify;\">V\u00ee man\u015fet\u00ee bala min ki\u015fand \u00fb fikar\u00ean min k\u00fbr birin, Min ji xwe pirs\u00ee, qey jin\u00ean \u015eengal\u00ea ziman\u00ea xwe y\u00ea resen wenda kirine \u00fb r\u00eaxistina PKK\u00ea dewreyeke perwerd\u00ea ji wan re \u00e7\u00eakir\u00eeye ku wan cardin f\u00ear\u00ee ziman\u00ea dayik\u00ea dikin? Ya rast matmay\u00ee mam.<\/h3>\n<h3 style=\"text-align: justify;\">Ti\u015fta ku em dizanin \u00fb me jiyan kir\u00ee, ev n\u00eaz\u00ee 40 salane li \u015eengal\u00ea me, gel\u00ea \u015eengal\u00ea bi teybet jin ten\u00ea ziman\u00ea day\u00eek\u00ea dizanin, ew ji \u00e7i ziman\u00ean din f\u00eam nakin, \u015eengala ku bi wateya nasnameya kurdayet\u00ee \u00fb resenat\u00eeya ziman, \u00e7and \u00fb hunera kurd\u00ee t\u00ea, \u00e7ima \u00eero PKKe l\u00ea xwed\u00ee derket\u00eeye \u00fb jin\u00ean \u015eengal\u00ea f\u00ear\u00ee ziman\u00ea day\u00eek\u00ea dike?! Qey ma dibe ku li van sal\u00ean li j\u00ear desthilata PKK\u00ea jin\u00ean \u015eengal\u00ea ziman\u00ea xwe wenda kiribe?<\/h3>\n<h3 style=\"text-align: center;\"><span style=\"font-family: 'arial black', sans-serif; color: #8c0b0b;\">Li vir du rast\u00ee hene \u00fb her kes dizane:<\/span><\/h3>\n<h3 style=\"text-align: justify;\">Y\u00eak: xweyaye r\u00eaxistina PKK\u00ea ten\u00ea ziman\u00ea Tirk\u00ee dizane \u00fb e\u015fkere ye ku ziman\u00ea ferm\u00ee y\u00ea Qend\u00eel\u00ea Tirk\u00ee ye.<\/h3>\n<h3 style=\"text-align: justify;\">Du: di 100 sal\u00ean rab\u00fbr\u00ee de, hik\u00fbmet\u00ean y\u00eak li pey y\u00eak y\u00ean \u00ceraq\u00ea hewl dane ku \u015eengal\u00ea ter\u00eeb bikin \u00fb ziman\u00ea resen ji b\u00eera gel\u00ea w\u00ea bibin \u00fb wan di nava ereban de asm\u00eele bikin, l\u00ea bel\u00ea ev hewl\u00ean wan hem\u00fb rast\u00ee \u015fikestin\u00ea hatine, ji ber ku tev\u00ee van hem\u00fb hewl\u00ean dag\u00eerkeran, gel\u00ea \u015eengal\u00ea ziman \u00fb \u00e7anda xwe parast \u00fb neh\u015fit hinek\u00ee j\u00ee lawaz bibe, belku gel\u00ea \u015eingal\u00ea mukir hat \u00fb \u015eengal kire kan\u00eeya resenat\u00eeya ziman, sitran \u00fb d\u00eelan\u00ean kurdewariy\u00ea.<\/h3>\n<h3 style=\"text-align: center;\"><span style=\"color: #8c0b0b; font-family: 'arial black', sans-serif;\">\u00c7ima em ji PKK\u00ea re dib\u00eajin dest\u00ean we xwe\u015f<\/span><\/h3>\n<h3 style=\"text-align: justify;\">Li vir \u00fb pa\u015f xwendina w\u00ea n\u00fb\u00e7eya ku Roj News \u00ea parvekir\u00ee, em bi xwere ketim n\u00eeqa\u015f\u00ea \u00fb gehi\u015ftim w\u00ea bawer\u00ea ku div\u00ea mirov ji PKK\u00ea re bib\u00eaje dest xwe\u015f bin, ji ber ku ti\u015fta ew dikin dar\u00ea sihr\u00ee ji boy lazime, ango ti\u015fta ku dag\u00eerkeran nikar\u00ee bi 100 salan encam bidin, wan bi 3 heya 4 salan encam da.<\/h3>\n<h3 style=\"text-align: justify;\">L\u00ea bel\u00ea pa\u015f ku min car din teq\u00eeba w\u00ea n\u00fb\u00e7ey\u00ea kir\u00ee \u00fb d\u00eemen\u00ean v\u00eedyo y\u00ean ku p\u00eare hatine parvekirin m\u00eaze kir\u00ee, ti\u015fteka din xweya b\u00fb, kom\u00eedyayek re\u015f xweyab\u00fb!!<\/h3>\n<h3 style=\"text-align: justify;\">E\u015fkere b\u00fb ku ev dewra perwerdehiy\u00ea ne ji boy f\u00earb\u00fbna ziman\u00ea day\u00eek\u00ea ye, l\u00ea bel\u00ea ev dewre ji boy f\u00earkirina r\u00eaniv\u00eesa bi p\u00eet\u00ean Kurmanc\u00ee ye, gel\u00ea \u015eengal\u00ea bi elf \u00fb b\u00eaya aram\u00ee dinv\u00ees\u00eenin, l\u00ea bel\u00ea r\u00eaxistina PKK\u00ea hat\u00eeye \u00fb dewreya f\u00earb\u00fbna Kurmanciy\u00ea bi elf \u00fb b\u00eaya lat\u00een\u00ee ji boy wan \u00e7\u00eakir\u00eeye.<\/h3>\n<h3 style=\"text-align: justify;\">Armanc ji v\u00ea dewreya f\u00earb\u00fbn\u00ea eve ji bo ku gel\u00ea \u015eengal\u00ea bikarin edebiyat\u00ean r\u00eaxistina PKK\u00ea bixw\u00eenin \u00fb PKKe bikare bi h\u00easan\u00ee li ser mej\u00eek\u00ea wan bi\u015fuxle.<\/h3>\n<h3 style=\"text-align: center;\"><span style=\"color: #8c0b0b; font-family: 'arial black', sans-serif;\">\u00c7ima ev mijar hat niv\u00eesandin?<\/span><\/h3>\n<h3 style=\"text-align: justify;\">Kurd dib\u00eajin: di kevin de dema ku mirov nexwe\u015f dib\u00fb, ew dibirin ser mezar\u00ea Umer Merdan, l\u00ea kesek\u00ee go pa heger Umer Merdan nexwe\u015f b\u00fb w\u00ea w\u00ee bibin kuder\u00ea?<\/h3>\n<h3 style=\"text-align: justify;\">Gotineke din ya p\u00ea\u015f\u00eeyan heye dib\u00eaje: ziman xwe\u015fe, l\u00ea zik re\u015fe, medya PKK\u00ea j\u00ee ji bo ku li ser xapandina gel\u00ea \u015eengal bidome, ji bo ku aydoloj\u00eeya r\u00eaxistin\u00ea bi guh\u00ea \u015f\u00eaniy\u00ean \u015eengal\u00ea de dewam bib\u00eaje \u00fb bi wan bide xwendin, dewrey\u00ean wusa \u00e7\u00eadike, hewl dide edebiyat\u00ean xwe y\u00ean qir\u00eaj bi zimanek\u00ea xwe\u015f ciwan bikin, l\u00ea bel\u00ea ti\u015fta ec\u00eab j\u00ee eve ku medya PKK\u00ea niv\u00eesand\u00eeye dewreya ziman\u00ea day\u00eek\u00ea, l\u00ea bel\u00ea di rast\u00ee de dewreya f\u00earb\u00fbna r\u00eaniv\u00ees\u00ea ye, wate medya PKK\u00ea ji ber koka ziman\u00ea wan Tirkiye, ew h\u00eajan cudatiy\u00ea li n\u00eavbera ziman\u00ee \u00fb r\u00eanv\u00ees\u00ea de nakin.<\/h3>\n<p>[\/darkamazi_column_text][darkamazi_video link=&#8221;https:\/\/www.youtube.com\/watch?v=Gb2rydsnbqI&#8221; align=&#8221;center&#8221;][\/darkamazi_column][\/darkamazi_row]<\/p>\n<\/div>","protected":false},"excerpt":{"rendered":"<p>[darkamazi_row][darkamazi_column][darkamazi_column_text] Simko Ebdulez\u00eez \u00cero min p\u00eageha Roj News a r\u00eaxistina PKK\u00ea di \u015fopand, man\u015fetek an\u00eeb\u00fb p\u00ea\u015f \u00fb t\u00eade niv\u00eesandib\u00fb: li \u015eengal\u00ea jin f\u00ear\u00ee ziman\u00ea dayik\u00ea dibin!! V\u00ee man\u015fet\u00ee bala min ki\u015fand \u00fb fikar\u00ean min k\u00fbr birin, Min ji xwe pirs\u00ee, qey jin\u00ean \u015eengal\u00ea ziman\u00ea xwe y\u00ea resen wenda kirine \u00fb r\u00eaxistina PKK\u00ea dewreyeke perwerd\u00ea ji [&hellip;]<\/p>\n","protected":false},"author":2,"featured_media":1027354,"comment_status":"closed","ping_status":"closed","sticky":false,"template":"","format":"standard","meta":{"footnotes":""},"categories":[28],"tags":[37],"class_list":["post-1027353","post","type-post","status-publish","format-standard","has-post-thumbnail","hentry","category-nerin","tag-sereke"],"blocksy_meta":[],"seo_head":"<!-- This site is optimized with the Yoast SEO plugin v27.5 - https:\/\/yoast.com\/product\/yoast-seo-wordpress\/ -->\n<title>Ziman xwe\u015fe, l\u00ea zik re\u015fe!! - Darka Maz\u00ee<\/title>\n<meta name=\"robots\" content=\"index, follow, max-snippet:-1, max-image-preview:large, max-video-preview:-1\" \/>\n<link rel=\"canonical\" href=\"https:\/\/darkamazi.info\/archives\/1027353\" \/>\n<meta property=\"og:locale\" content=\"en_US\" \/>\n<meta property=\"og:type\" content=\"article\" \/>\n<meta property=\"og:title\" content=\"Ziman xwe\u015fe, l\u00ea zik re\u015fe!! - Darka Maz\u00ee\" \/>\n<meta property=\"og:description\" content=\"[darkamazi_row][darkamazi_column][darkamazi_column_text] Simko Ebdulez\u00eez \u00cero min p\u00eageha Roj News a r\u00eaxistina PKK\u00ea di \u015fopand, man\u015fetek an\u00eeb\u00fb p\u00ea\u015f \u00fb t\u00eade niv\u00eesandib\u00fb: li \u015eengal\u00ea jin f\u00ear\u00ee ziman\u00ea dayik\u00ea dibin!! V\u00ee man\u015fet\u00ee bala min ki\u015fand \u00fb fikar\u00ean min k\u00fbr birin, Min ji xwe pirs\u00ee, qey jin\u00ean \u015eengal\u00ea ziman\u00ea xwe y\u00ea resen wenda kirine \u00fb r\u00eaxistina PKK\u00ea dewreyeke perwerd\u00ea ji [&hellip;]\" \/>\n<meta property=\"og:url\" content=\"https:\/\/darkamazi.info\/archives\/1027353\" \/>\n<meta property=\"og:site_name\" content=\"Darka Maz\u00ee\" \/>\n<meta property=\"article:publisher\" content=\"https:\/\/www.facebook.com\/DarMaziKurmanci\" \/>\n<meta property=\"article:published_time\" content=\"2021-12-05T14:14:15+00:00\" \/>\n<meta property=\"article:modified_time\" content=\"2021-12-05T15:13:44+00:00\" \/>\n<meta property=\"og:image\" content=\"https:\/\/darkamazi.info\/file\/2021\/12\/LOGO-1.jpg\" \/>\n\t<meta property=\"og:image:width\" content=\"900\" \/>\n\t<meta property=\"og:image:height\" content=\"497\" \/>\n\t<meta property=\"og:image:type\" content=\"image\/jpeg\" \/>\n<meta name=\"author\" content=\"darka mazi\" \/>\n<meta name=\"twitter:card\" content=\"summary_large_image\" \/>\n<meta name=\"twitter:creator\" content=\"@DarkaMaziLatini\" \/>\n<meta name=\"twitter:site\" content=\"@DarkaMaziLatini\" \/>\n<meta name=\"twitter:label1\" content=\"Written by\" \/>\n\t<meta name=\"twitter:data1\" content=\"darka mazi\" \/>\n\t<meta name=\"twitter:label2\" content=\"Est. reading time\" \/>\n\t<meta name=\"twitter:data2\" content=\"3 minutes\" \/>\n<script type=\"application\/ld+json\" class=\"seo-schema-graph\">{\"@context\":\"https:\\\/\\\/schema.org\",\"@graph\":[{\"@type\":\"Article\",\"@id\":\"https:\\\/\\\/darkamazi.info\\\/archives\\\/1027353#article\",\"isPartOf\":{\"@id\":\"https:\\\/\\\/darkamazi.info\\\/archives\\\/1027353\"},\"author\":{\"name\":\"darka mazi\",\"@id\":\"https:\\\/\\\/darkamazi.info\\\/#\\\/schema\\\/person\\\/5ad3e24553a0567993fa8ed4bd0a776c\"},\"headline\":\"Ziman xwe\u015fe, l\u00ea zik re\u015fe!!\",\"datePublished\":\"2021-12-05T14:14:15+00:00\",\"dateModified\":\"2021-12-05T15:13:44+00:00\",\"mainEntityOfPage\":{\"@id\":\"https:\\\/\\\/darkamazi.info\\\/archives\\\/1027353\"},\"wordCount\":681,\"publisher\":{\"@id\":\"https:\\\/\\\/darkamazi.info\\\/#organization\"},\"image\":{\"@id\":\"https:\\\/\\\/darkamazi.info\\\/archives\\\/1027353#primaryimage\"},\"thumbnailUrl\":\"https:\\\/\\\/darkamazi.info\\\/darka-content\\\/uploads\\\/2021\\\/12\\\/LOGO-1.jpg\",\"keywords\":[\"sereke\"],\"articleSection\":[\"Ner\u00een\"],\"inLanguage\":\"en-US\"},{\"@type\":\"WebPage\",\"@id\":\"https:\\\/\\\/darkamazi.info\\\/archives\\\/1027353\",\"url\":\"https:\\\/\\\/darkamazi.info\\\/archives\\\/1027353\",\"name\":\"Ziman xwe\u015fe, l\u00ea zik re\u015fe!! - Darka Maz\u00ee\",\"isPartOf\":{\"@id\":\"https:\\\/\\\/darkamazi.info\\\/#website\"},\"primaryImageOfPage\":{\"@id\":\"https:\\\/\\\/darkamazi.info\\\/archives\\\/1027353#primaryimage\"},\"image\":{\"@id\":\"https:\\\/\\\/darkamazi.info\\\/archives\\\/1027353#primaryimage\"},\"thumbnailUrl\":\"https:\\\/\\\/darkamazi.info\\\/darka-content\\\/uploads\\\/2021\\\/12\\\/LOGO-1.jpg\",\"datePublished\":\"2021-12-05T14:14:15+00:00\",\"dateModified\":\"2021-12-05T15:13:44+00:00\",\"breadcrumb\":{\"@id\":\"https:\\\/\\\/darkamazi.info\\\/archives\\\/1027353#breadcrumb\"},\"inLanguage\":\"en-US\",\"potentialAction\":[{\"@type\":\"ReadAction\",\"target\":[\"https:\\\/\\\/darkamazi.info\\\/archives\\\/1027353\"]}]},{\"@type\":\"ImageObject\",\"inLanguage\":\"en-US\",\"@id\":\"https:\\\/\\\/darkamazi.info\\\/archives\\\/1027353#primaryimage\",\"url\":\"https:\\\/\\\/darkamazi.info\\\/darka-content\\\/uploads\\\/2021\\\/12\\\/LOGO-1.jpg\",\"contentUrl\":\"https:\\\/\\\/darkamazi.info\\\/darka-content\\\/uploads\\\/2021\\\/12\\\/LOGO-1.jpg\",\"width\":900,\"height\":497,\"caption\":\"Ziman xwe\u015fe, l\u00ea zik re\u015fe!!\"},{\"@type\":\"BreadcrumbList\",\"@id\":\"https:\\\/\\\/darkamazi.info\\\/archives\\\/1027353#breadcrumb\",\"itemListElement\":[{\"@type\":\"ListItem\",\"position\":1,\"name\":\"Home\",\"item\":\"https:\\\/\\\/darkamazi.info\\\/\"},{\"@type\":\"ListItem\",\"position\":2,\"name\":\"Ziman xwe\u015fe, l\u00ea zik re\u015fe!!\"}]},{\"@type\":\"WebSite\",\"@id\":\"https:\\\/\\\/darkamazi.info\\\/#website\",\"url\":\"https:\\\/\\\/darkamazi.info\\\/\",\"name\":\"Darka Maz\u00ee\",\"description\":\"P\u00eageha Zanyariy\u00ean Nebih\u00eest\u00ee\",\"publisher\":{\"@id\":\"https:\\\/\\\/darkamazi.info\\\/#organization\"},\"potentialAction\":[{\"@type\":\"SearchAction\",\"target\":{\"@type\":\"EntryPoint\",\"urlTemplate\":\"https:\\\/\\\/darkamazi.info\\\/?s={search_term_string}\"},\"query-input\":{\"@type\":\"PropertyValueSpecification\",\"valueRequired\":true,\"valueName\":\"search_term_string\"}}],\"inLanguage\":\"en-US\"},{\"@type\":\"Organization\",\"@id\":\"https:\\\/\\\/darkamazi.info\\\/#organization\",\"name\":\"Darka Maz\u00ee\",\"url\":\"https:\\\/\\\/darkamazi.info\\\/\",\"logo\":{\"@type\":\"ImageObject\",\"inLanguage\":\"en-US\",\"@id\":\"https:\\\/\\\/darkamazi.info\\\/#\\\/schema\\\/logo\\\/image\\\/\",\"url\":\"https:\\\/\\\/darkamazi.info\\\/darka-content\\\/uploads\\\/2017\\\/12\\\/darka-mazi-logo.png\",\"contentUrl\":\"https:\\\/\\\/darkamazi.info\\\/darka-content\\\/uploads\\\/2017\\\/12\\\/darka-mazi-logo.png\",\"width\":151,\"height\":75,\"caption\":\"Darka Maz\u00ee\"},\"image\":{\"@id\":\"https:\\\/\\\/darkamazi.info\\\/#\\\/schema\\\/logo\\\/image\\\/\"},\"sameAs\":[\"https:\\\/\\\/www.facebook.com\\\/DarMaziKurmanci\",\"https:\\\/\\\/x.com\\\/DarkaMaziLatini\",\"https:\\\/\\\/www.instagram.com\\\/darkamazi.kurmanci\\\/\",\"https:\\\/\\\/www.youtube.com\\\/channel\\\/UCa5HkTdmI8U1qCUFuTw8B2g\"]},{\"@type\":\"Person\",\"@id\":\"https:\\\/\\\/darkamazi.info\\\/#\\\/schema\\\/person\\\/5ad3e24553a0567993fa8ed4bd0a776c\",\"name\":\"darka mazi\",\"sameAs\":[\"https:\\\/\\\/darkamazi.info\\\/\"],\"url\":\"https:\\\/\\\/darkamazi.info\\\/archives\\\/author\\\/kurdi\"}]}<\/script>\n<!-- \/ Yoast SEO plugin. -->","seo_head_json":{"title":"Ziman xwe\u015fe, l\u00ea zik re\u015fe!! - Darka Maz\u00ee","robots":{"index":"index","follow":"follow","max-snippet":"max-snippet:-1","max-image-preview":"max-image-preview:large","max-video-preview":"max-video-preview:-1"},"canonical":"https:\/\/darkamazi.info\/archives\/1027353","og_locale":"en_US","og_type":"article","og_title":"Ziman xwe\u015fe, l\u00ea zik re\u015fe!! - Darka Maz\u00ee","og_description":"[darkamazi_row][darkamazi_column][darkamazi_column_text] Simko Ebdulez\u00eez \u00cero min p\u00eageha Roj News a r\u00eaxistina PKK\u00ea di \u015fopand, man\u015fetek an\u00eeb\u00fb p\u00ea\u015f \u00fb t\u00eade niv\u00eesandib\u00fb: li \u015eengal\u00ea jin f\u00ear\u00ee ziman\u00ea dayik\u00ea dibin!! V\u00ee man\u015fet\u00ee bala min ki\u015fand \u00fb fikar\u00ean min k\u00fbr birin, Min ji xwe pirs\u00ee, qey jin\u00ean \u015eengal\u00ea ziman\u00ea xwe y\u00ea resen wenda kirine \u00fb r\u00eaxistina PKK\u00ea dewreyeke perwerd\u00ea ji [&hellip;]","og_url":"https:\/\/darkamazi.info\/archives\/1027353","og_site_name":"Darka Maz\u00ee","article_publisher":"https:\/\/www.facebook.com\/DarMaziKurmanci","article_published_time":"2021-12-05T14:14:15+00:00","article_modified_time":"2021-12-05T15:13:44+00:00","og_image":[{"width":900,"height":497,"url":"https:\/\/darkamazi.info\/file\/2021\/12\/LOGO-1.jpg","type":"image\/jpeg"}],"author":"darka mazi","twitter_card":"summary_large_image","twitter_creator":"@DarkaMaziLatini","twitter_site":"@DarkaMaziLatini","twitter_misc":{"Written by":"darka mazi","Est. reading time":"3 minutes"},"schema":{"@context":"https:\/\/schema.org","@graph":[{"@type":"Article","@id":"https:\/\/darkamazi.info\/archives\/1027353#article","isPartOf":{"@id":"https:\/\/darkamazi.info\/archives\/1027353"},"author":{"name":"darka mazi","@id":"https:\/\/darkamazi.info\/#\/schema\/person\/5ad3e24553a0567993fa8ed4bd0a776c"},"headline":"Ziman xwe\u015fe, l\u00ea zik re\u015fe!!","datePublished":"2021-12-05T14:14:15+00:00","dateModified":"2021-12-05T15:13:44+00:00","mainEntityOfPage":{"@id":"https:\/\/darkamazi.info\/archives\/1027353"},"wordCount":681,"publisher":{"@id":"https:\/\/darkamazi.info\/#organization"},"image":{"@id":"https:\/\/darkamazi.info\/archives\/1027353#primaryimage"},"thumbnailUrl":"https:\/\/darkamazi.info\/file\/2021\/12\/LOGO-1.jpg","keywords":["sereke"],"articleSection":["Ner\u00een"],"inLanguage":"en-US"},{"@type":"WebPage","@id":"https:\/\/darkamazi.info\/archives\/1027353","url":"https:\/\/darkamazi.info\/archives\/1027353","name":"Ziman xwe\u015fe, l\u00ea zik re\u015fe!! - Darka Maz\u00ee","isPartOf":{"@id":"https:\/\/darkamazi.info\/#website"},"primaryImageOfPage":{"@id":"https:\/\/darkamazi.info\/archives\/1027353#primaryimage"},"image":{"@id":"https:\/\/darkamazi.info\/archives\/1027353#primaryimage"},"thumbnailUrl":"https:\/\/darkamazi.info\/file\/2021\/12\/LOGO-1.jpg","datePublished":"2021-12-05T14:14:15+00:00","dateModified":"2021-12-05T15:13:44+00:00","breadcrumb":{"@id":"https:\/\/darkamazi.info\/archives\/1027353#breadcrumb"},"inLanguage":"en-US","potentialAction":[{"@type":"ReadAction","target":["https:\/\/darkamazi.info\/archives\/1027353"]}]},{"@type":"ImageObject","inLanguage":"en-US","@id":"https:\/\/darkamazi.info\/archives\/1027353#primaryimage","url":"https:\/\/darkamazi.info\/file\/2021\/12\/LOGO-1.jpg","contentUrl":"https:\/\/darkamazi.info\/file\/2021\/12\/LOGO-1.jpg","width":900,"height":497,"caption":"Ziman xwe\u015fe, l\u00ea zik re\u015fe!!"},{"@type":"BreadcrumbList","@id":"https:\/\/darkamazi.info\/archives\/1027353#breadcrumb","itemListElement":[{"@type":"ListItem","position":1,"name":"Home","item":"https:\/\/darkamazi.info\/"},{"@type":"ListItem","position":2,"name":"Ziman xwe\u015fe, l\u00ea zik re\u015fe!!"}]},{"@type":"WebSite","@id":"https:\/\/darkamazi.info\/#website","url":"https:\/\/darkamazi.info\/","name":"Darka Maz\u00ee","description":"P\u00eageha Zanyariy\u00ean Nebih\u00eest\u00ee","publisher":{"@id":"https:\/\/darkamazi.info\/#organization"},"potentialAction":[{"@type":"SearchAction","target":{"@type":"EntryPoint","urlTemplate":"https:\/\/darkamazi.info\/?s={search_term_string}"},"query-input":{"@type":"PropertyValueSpecification","valueRequired":true,"valueName":"search_term_string"}}],"inLanguage":"en-US"},{"@type":"Organization","@id":"https:\/\/darkamazi.info\/#organization","name":"Darka Maz\u00ee","url":"https:\/\/darkamazi.info\/","logo":{"@type":"ImageObject","inLanguage":"en-US","@id":"https:\/\/darkamazi.info\/#\/schema\/logo\/image\/","url":"https:\/\/darkamazi.info\/file\/2017\/12\/darka-mazi-logo.png","contentUrl":"https:\/\/darkamazi.info\/file\/2017\/12\/darka-mazi-logo.png","width":151,"height":75,"caption":"Darka Maz\u00ee"},"image":{"@id":"https:\/\/darkamazi.info\/#\/schema\/logo\/image\/"},"sameAs":["https:\/\/www.facebook.com\/DarMaziKurmanci","https:\/\/x.com\/DarkaMaziLatini","https:\/\/www.instagram.com\/darkamazi.kurmanci\/","https:\/\/www.youtube.com\/channel\/UCa5HkTdmI8U1qCUFuTw8B2g"]},{"@type":"Person","@id":"https:\/\/darkamazi.info\/#\/schema\/person\/5ad3e24553a0567993fa8ed4bd0a776c","name":"darka mazi","sameAs":["https:\/\/darkamazi.info\/"],"url":"https:\/\/darkamazi.info\/archives\/author\/kurdi"}]}},"_links":{"self":[{"href":"https:\/\/darkamazi.info\/funavuv\/wp\/v2\/posts\/1027353","targetHints":{"allow":["GET"]}}],"collection":[{"href":"https:\/\/darkamazi.info\/funavuv\/wp\/v2\/posts"}],"about":[{"href":"https:\/\/darkamazi.info\/funavuv\/wp\/v2\/types\/post"}],"author":[{"embeddable":true,"href":"https:\/\/darkamazi.info\/funavuv\/wp\/v2\/users\/2"}],"replies":[{"embeddable":true,"href":"https:\/\/darkamazi.info\/funavuv\/wp\/v2\/comments?post=1027353"}],"version-history":[{"count":0,"href":"https:\/\/darkamazi.info\/funavuv\/wp\/v2\/posts\/1027353\/revisions"}],"wp:featuredmedia":[{"embeddable":true,"href":"https:\/\/darkamazi.info\/funavuv\/wp\/v2\/media\/1027354"}],"wp:attachment":[{"href":"https:\/\/darkamazi.info\/funavuv\/wp\/v2\/media?parent=1027353"}],"wp:term":[{"taxonomy":"category","embeddable":true,"href":"https:\/\/darkamazi.info\/funavuv\/wp\/v2\/categories?post=1027353"},{"taxonomy":"post_tag","embeddable":true,"href":"https:\/\/darkamazi.info\/funavuv\/wp\/v2\/tags?post=1027353"}],"curies":[{"name":"wp","href":"https:\/\/api.w.org\/{rel}","templated":true}]}}