{"id":1027722,"date":"2021-12-20T17:26:50","date_gmt":"2021-12-20T14:26:50","guid":{"rendered":"https:\/\/darkamazi.info\/?p=1027722"},"modified":"2021-12-20T17:26:50","modified_gmt":"2021-12-20T14:26:50","slug":"mazlum-abdi-samimi-ye-yan-ji-tene-rola-polise-bas-dilize","status":"publish","type":"post","link":"https:\/\/darkamazi.info\/archives\/1027722","title":{"rendered":"Mazl\u00fbm Abd\u00ee sam\u00eem\u00ee ye, yan j\u00ee ten\u00ea rola pol\u00ees\u00ea ba\u015f dil\u00eeze?"},"content":{"rendered":"<h3 style=\"text-align: justify\"><span style=\"font-family: 'arial black', sans-serif\">Al\u00eegir\u00ean part\u00eey\u00ean di bin seywana ENKS\u00ea ve, y\u00ean ku dixwestin Roja Ala Kurdistan\u00ea p\u00eeroz bikin, rast\u00ee \u00ear\u00ee\u015fa R\u00eaxistina \u00abCiwan\u00ea \u015eore\u015fger\u00bb a ser bi PKK\u00ea ve hatin, Bi dar, kevir \u00fb molotofan \u00ear\u00ee\u015f kirin \u00fb of\u00eesa ENKS\u00ea ya li Dirbesiy\u00ea j\u00ee \u015fewitandin.<\/span><\/h3>\n<h3 style=\"text-align: justify\"><span style=\"font-family: arial, helvetica, sans-serif\">Ji saet\u00ean ewil, ev b\u00fbyera qir\u00eaj ji aliy\u00ea gel ve rast\u00ee bertek\u00ean cidd\u00ee hat, dihat h\u00eav\u00eekirin ku bertek a gel j\u00ee z\u00eade bibe, l\u00ea Mazl\u00fbm Abd\u00ee bi daxuyaniyek\u00ea li ser hesab\u00ea xwe y\u00ea medyaya civak\u00ee belavkir \u00fb b\u00fbyer \u015fermezar kir.<\/span><\/h3>\n<h3 style=\"text-align: justify\"><span style=\"font-family: arial, helvetica, sans-serif\">Di daxuyaniy\u00ea de hat gotin,&#8221;Ber\u00ee her ti\u015ft\u00ee em we difikir\u00een \u00ear\u00ee\u015fa ku li gor\u00ee me R\u00eaveberiya Xweser \u00fb kontirola h\u00eaz\u00ean ewlekar\u00ee ya her\u00eam\u00ea hedef girt, \u015fermezar dikin&#8221;. R\u00fbdaw TV ya ku li Hewl\u00ear\u00ea we\u015fana xwe dike, her ser\u00ea saetek\u00ea daxuyaniya Mazl\u00fbm Ebd\u00ee diwe\u015fand \u00fb wek p\u00ea\u015fketinek mezin \u00fb er\u00ean\u00ee n\u00ee\u015fan dida.<\/span><\/h3>\n<h3 style=\"text-align: justify\"><span style=\"font-family: 'arial black', sans-serif;color: #808080;font-size: 18pt\">Rexm\u00ea van hewldan\u00ean R\u00fbdaw\u00ea j\u00ee, ev pirs di mejiy\u00ea Kurdan de bi daw\u00ee neb\u00fb: gelo Mazl\u00fbm Ebd\u00ee di \u015fermezarkirina v\u00ea b\u00fbyer\u00ea de jidile yan j\u00ee ji ber hin sedeman ne\u00e7ar ma ku v\u00ea yek\u00ea bib\u00eaje? Dema ku h\u00fbn b\u00fbyer\u00ea li ber\u00e7av bigirin, d\u00ea f\u00eamkirina rastiy\u00ea j\u00ee ne zehmet be.<\/span><\/h3>\n<h3 style=\"text-align: justify\"><span style=\"font-family: 'arial black', sans-serif;font-size: 18pt;color: #8a0606\">Ma Ciwan\u00ean \u015eore\u015fger dikare serbixwe tevbige?<\/span><\/h3>\n<h3 style=\"text-align: justify\"><span style=\"font-family: arial, helvetica, sans-serif\">Ciwan\u00ean \u015eore\u015fger, ne r\u00eaxistineke serbixwe ye, di nava s\u00eestema PKK\u00ea de c\u00ee digire, ji ber ku ew karek\u00ee gir\u00eeng dime\u015f\u00eenin, wek girtina \u015fervana \u00fb komkirina \u00eestixbaret\u00ea, loma j\u00ee kar\u00ea v\u00ea r\u00eaxistin\u00ea ne karek\u00ee normale, ji bo PKK\u00ea xebatek pir gir\u00eenge \u00fb di v\u00ea xebat\u00ea de tu valah\u00eeyan nah\u00eale, ber\u00ea ji aliy\u00ea Mirad Qarayilan ve hatiye \u00eeaderkirin, l\u00ea niha j\u00ee ji aliy\u00ea Cem\u00eel Bayik ve t\u00ea bir\u00eavebirin, her wiha ev r\u00eaxistin rasterast di nava koord\u00eenasyona PKK\u00ea ya li Rojava de cih digire \u00fb di heman dem\u00ea de, di nava Koord\u00eenasyona Qada Siyas\u00ee ya Rojava de xwed\u00ee c\u00eehek gir\u00eenge.<\/span><\/h3>\n<h3 style=\"text-align: justify\"><span style=\"font-family: arial, helvetica, sans-serif\">Bi kurtas\u00ee R\u00eaxistina Ciwan\u00ean \u015eore\u015fger, bi tena ser\u00ea xwe nikare gavan bav\u00eaje, ya rast\u00ee di nava PKK\u00ea de tu kes bi ser\u00ea xwe nikare van kiryaran bike, m\u00eenak TAK, dema ku PKKe naxwaze berpirsiyariya hin b\u00fbyeran bigire ser xwe, w\u00ea bikar t\u00eene, Ciwan\u00ean \u015eore\u015fger, YPS, Zarok\u00ean Agir\u00ee \u00fb hwd, Di bin van navan de r\u00eaxistin\u00ean paravan hene.<\/span><\/h3>\n<h3 style=\"text-align: justify\"><span style=\"font-family: 'arial black', sans-serif;font-size: 18pt;color: #808080\">\u015eewitandina of\u00eesa Dirb\u00easiy\u00ea, \u00ear\u00ee\u015fa li ser kes\u00ean p\u00eerozbah\u00eeya Ala Kurdistan\u00ea dikirin \u00fb \u00ear\u00ee\u015fa Der\u00eey\u00ea S\u00eamalka, biryara Kom\u00eeteya PKK\u00ea a Rojava ye.<\/span><\/h3>\n<h3 style=\"text-align: justify\"><span style=\"font-family: arial, helvetica, sans-serif\">\u015eermezarkirina Mazlum Abd\u00ee, ya \u015fewitandina of\u00eesa ENKS\u00ea r\u00eabazeke kevin a PKK\u00ea ye, R\u00eaveberiya Ciwan\u00ean \u015eore\u015fger di nava kom\u00eeteya PKK\u00ea ya Rojava de ya ku Mazl\u00fbm Abd\u00ee j\u00ee di nav de ye, c\u00eeh digire.<\/span><\/h3>\n<h3 style=\"text-align: justify\"><span style=\"font-family: 'arial black', sans-serif;font-size: 18pt;color: #8a0606\">Mazl\u00fbm Abd\u00ee her hefte bi r\u00eaveberiya Ciwan\u00ean \u015eore\u015fger re civ\u00eena li dar dixe.<\/span><\/h3>\n<h3 style=\"text-align: justify\"><span style=\"font-family: arial, helvetica, sans-serif\">\u00car\u00ee\u015fa Ciwan\u00ean \u015eore\u015fger, a li ser Der\u00eey\u00ea S\u00eamalka, \u00ear\u00ee\u015fa li dij\u00ee p\u00eerozbah\u00eey\u00ean roja Ala Kurdistan\u00ea \u00fb \u015fewitandina of\u00eesa ENKS\u00ea, ev \u00e7alak\u00ee hem\u00fb ji aliy\u00ea Koord\u00eenasyona PKK\u00ea ya li Rojava ve hatiye biryardan, ji ber v\u00ea yek\u00ea hewldan\u00ean Mazl\u00fbm Abd\u00ee, y\u00ean weke ku haya w\u00ee ji b\u00fbyer\u00ea tune, ten\u00ea dur\u00fbt\u00ee ye.<\/span><\/h3>\n<h3 style=\"text-align: justify\"><span style=\"font-family: 'arial black', sans-serif;color: #808080\"><strong><span style=\"font-size: 18pt\">Ev \u00ear\u00ee\u015f bi biryara Mazl\u00fbm Abd\u00ee hatine kirin, hewldan\u00ean ragihandina R\u00fbdaw\u00ea y\u00ean ku Mazl\u00fbm Ebd\u00ee b\u00eaguneh derbixe t\u00ear\u00ee guhertina v\u00ea rast\u00eey\u00ea nake.<\/span><\/strong><\/span><\/h3>\n<h3 style=\"text-align: justify\"><span style=\"font-family: arial, helvetica, sans-serif\">Ev b\u00fbyer Helwesta PKK\u00ea ye, PKKe \u00fb kadiroy\u00ean w\u00ea y\u00ean li Rojava, ji bo b\u00fbyereke ku ti eleqeya xwe bi Hik\u00fbmeta Her\u00eama Kurdistan\u00ea re n\u00eene, va 70 rojin jin \u00fb Ereb li ber der\u00eey\u00ea s\u00eenor\u00ea\u00a0 P\u00ea\u015fab\u00fbr &#8211; S\u00eamalka civandine \u00fb her roj zimandir\u00eaj\u00ee li ser PDK\u00ea \u00fb malbata Barzan\u00ee dikin, pi\u015ftre r\u00eaxistina ceh\u015f ya bi nav\u00ea Ciwan\u00ean \u015eore\u015fger, du rojan dime\u015fe \u00fb \u00ear\u00ee\u015f\u00ee Der\u00eey\u00ea S\u00eamalka ya Her\u00eama Kurdistan\u00ea dike.<\/span><\/h3>\n<h3 style=\"text-align: justify\"><span style=\"font-family: 'arial black', sans-serif;font-size: 18pt;color: #8a0606\">Her endam\u00eak\u00ee r\u00eaveberiy\u00ea xwed\u00ee rolek c\u00fbda ye<\/span><\/h3>\n<h3 style=\"text-align: justify\"><span style=\"font-family: arial, helvetica, sans-serif\">Mazl\u00fbm Abd\u00ee \u015fewitandina of\u00eesa ENKS\u00ea \u015fermezar dike, l\u00ea \u00ear\u00ee\u015fa li ser Ala Kurdistan\u00ea nab\u00eene, di rastiy\u00ea de ti\u015fta ku hatiba \u015fermezarkirin ne ten\u00ea \u015fewitandina of\u00eesa ENKS\u00ea b\u00fb, p\u00eaw\u00eest b\u00fb b\u00ear\u00eaz\u00eeya li Ala Kurdistan\u00ea hat\u00ee kirin bihata \u015fermezarkirin ya ku biryara \u00ear\u00ee\u015f\u00ea ji aliy\u00ea Mazl\u00fbm Ebd\u00ee ve hatiye day\u00een.<\/span><\/h3>\n<h3 style=\"text-align: justify\"><span style=\"font-family: arial, helvetica, sans-serif\">Roja ku Ciwan\u00ean \u015eore\u015fger, \u00ear\u00ee\u015f\u00ee deriy\u00ea s\u00eenor\u00ee y\u00ea Her\u00eama Kurdistan\u00ea kir\u00ee \u00fb dixwest provokasyon\u00ea bike, her w\u00ea roj\u00ea de \u00celham Ehmed bi N\u00fbner\u00ea Her\u00eama Kurdistan\u00ea y\u00ea Sw\u00ead\u00ea \u015eore\u015f Kadir re bi girnij\u00een\u00ee di nava hevd\u00eetin\u00ea de b\u00fb.<\/span><\/h3>\n<h3 style=\"text-align: justify\"><span style=\"font-family: arial, helvetica, sans-serif\">Di heman dem\u00ea de endam\u00ea Kongireya A\u015ftiya Demokrat\u00eek ku ji aliy\u00ea PKK\u00ea ve li Rojava hatiye avakirin, Abdulker\u00eem Sar\u00fbxan, derdikeve ser ekran\u00ean R\u00fbdaw\u00ea \u00fb hewl dide \u00e7alakiya Ciwan\u00ean \u015eore\u015fger, rewa n\u00ee\u015fan bide.<\/span><\/h3>\n<h3 style=\"text-align: justify\"><span style=\"font-family: 'arial black', sans-serif;font-size: 18pt;color: #808080\">Ji s\u00ea r\u00eaveber\u00ean PKK\u00ea y\u00ean li Rojava yek b\u00fbyer\u00ea \u015fermezar dike, yek b\u00fbyer\u00ea wek\u00ee ku ti\u015ftek neb\u00fbye tevdigere, y\u00ea din j\u00ee v\u00ea b\u00fbyer\u00ea dipar\u00eaze, Ango Mazl\u00fbm Abd\u00ee di v\u00ea b\u00fbyer\u00ea de ten\u00ea rola pol\u00ees\u00ea ba\u015f l\u00eestiye.<\/span><\/h3>\n<h3 style=\"text-align: justify\"><span style=\"font-family: 'arial black', sans-serif;font-size: 18pt;color: #8a0606\">R\u00eabaza PKK\u00ea: Tehr\u00eek bike \u00fb taw\u00eezan wergire<\/span><\/h3>\n<h3 style=\"text-align: justify\"><span style=\"font-family: arial, helvetica, sans-serif\">Y\u00ean ku nikaribin van \u015f\u00eawaz\u00ean PKK\u00ea fehim bikin, nikarin bi h\u00eeley\u00ean PKK\u00ea re serder bibin, P\u00eaw\u00eeste ku ev h\u00eel\u00ean PKK\u00ea, y\u00ean ku dib\u00eajin Ciwan guh nadin me, xeber\u00ea me ji b\u00fbyer\u00ea n\u00eene \u00fb hwd, her wiha hewildan\u00ean kamufle kirina van b\u00fbyer\u00ean qir\u00eaj neh\u00ean qeb\u00fblkirin, ev tekt\u00eekek kilasik a PKK\u00ea ye, ew ne r\u00eabazek ne lokale, r\u00eabazek\u00ee tercih kir\u00eeye, Nav\u00ea v\u00ea r\u00eabaz\u00ea \u00abTehr\u00eek bike \u00fb taw\u00eezan wergire\u00bb ye.<\/span><\/h3>\n<h3 style=\"text-align: justify\"><span style=\"font-family: arial, helvetica, sans-serif\">PKK\u00ea komeke xw\u00ear\u00eeyan, fel\u00eeteyan organ\u00eeze dike ku dikarin ji bo her kes\u00ee f\u00ee\u015fek biteq\u00eenin, tanz\u00eem dike \u00fb wan berdide kolanan, ev koma lump\u00ean tirs\u00ea li ser cemawer\u00ee belav dike, rojeva gel d\u00eeyar dike \u00fb bi r\u00eaveberiy\u00ean jor\u00een re j\u00ee dan\u00fbstandin\u00ean d\u00eeplomat\u00eek dike \u00fb taw\u00eezan dixwaze, dem dema te\u015f\u00eerkirina r\u00eabaza PKK\u00ea ya 40 sala ku li ser esas\u00ea \u00a0tirsandin, \u015fantaj \u00fb provokasyon\u00ea hat\u00ee avakirine.<\/span><\/h3>\n<h3 style=\"text-align: justify\"><span style=\"font-family: arial, helvetica, sans-serif\">Heya ku mirov div\u00ea \u00e7ercov\u00ea de li gotara \u015fermezarkirina b\u00fbyer\u00ea a Mazl\u00fbm Abd\u00ee nen\u00eare hem\u00fb gotin b\u00eawate ne, hewldan\u00ean \u00a0medyay\u00ee y\u00ean weke R\u00fbdaw\u00ea y\u00ean h\u00eav\u00ee \u00e7\u00eakirin\u00ea j\u00ee di war\u00ea s\u00eeyas\u00ee de b\u00eawate ne, ten\u00ea y\u00ean ku PKK\u00ea nas nakin, dikevin nava v\u00ea l\u00eestik\u00ea de, Kes\u00ea ku \u00ear\u00ee\u015fa Dirb\u00easiy\u00ea p\u00eak an\u00ee Mazlum Abd\u00ee bi xwe ye.<\/span><\/h3>\n<h3 style=\"text-align: justify\"><span style=\"font-family: 'arial black', sans-serif;color: #8a0606;font-size: 18pt\">\u00c7ima Mazl\u00fbm Abd\u00ee\u00a0 mecb\u00fbr ma v\u00ea daxuyaniy\u00ea bide?<\/span><\/h3>\n<h3 style=\"text-align: justify\"><span style=\"font-family: arial, helvetica, sans-serif\">Sedema ku Mazl\u00fbm Ebd\u00ee ew daxuyan\u00ee bide, z\u00eeyareta McGurk bo Her\u00eama Kurdistan\u00ea \u00fb ji n\u00fbve destp\u00eakirina dan\u00fbstandin\u00ean Kurd\u00ee \u00fb Kurd\u00ee li Rojava ji aliy\u00ea Amer\u00eeka ve ye, Abd\u00ee ji bo ku di van hevd\u00eetinan de xwe weke mirov\u00ea maq\u00fbl \u00fb b\u00eaal\u00ee n\u00ee\u015fan bide, ev daxuyan\u00ee da.<\/span><\/h3>\n<h3 style=\"text-align: justify\"><span style=\"font-family: 'arial black', sans-serif;font-size: 18pt;color: #808080\">Div\u00ea ENKS v\u00ea rastiy\u00ea bibine \u00fb wel\u00ea tevbigere, bangawaz\u00eeya ENKS\u00ea ji bo HSD\u00ea \u00fb Emer\u00eeka y\u00ea kir\u00ee ku \u00ear\u00ee\u015f were \u015fermizarkirin helwestek\u00ee b\u00eawateye \u00fb ji aliy\u00ea siyas\u00ee ve ti\u015ftek bi dest naxe.<\/span><\/h3>\n<h3 style=\"text-align: justify\"><span style=\"font-family: arial, helvetica, sans-serif\">Div\u00ea \u00ead\u00ee ENKSe \u00fb partiy\u00ean di nava w\u00ea de helwesta xwe ya pas\u00eef derbas bikin, b\u00eatirs gavan bav\u00eajin \u00fb v\u00ea helwesta dur\u00fb ya HSD\u00ea \u00fb Mazl\u00fbm Ebd\u00ee te\u015f\u00eer bikin, ger hewce bike, div\u00ea dest\u00ea xwe j\u00ee bikarin li mas\u00ea bixin, r\u00eaxistin\u00ean PKK\u00ea y\u00ean Rojava PYDe, Tev-Dem, YPGe \u00fb hwd ne ku ji ber xurtin li Rojava ne, di nava gel de al\u00eegir\u00ean wan pir k\u00eamin, l\u00ea mesele ewe ku muxelefeta ku ew p\u00ea re r\u00fb bi r\u00fb ne, pir tirsoneke \u00fb her dem di nava helwestek\u00ee lihevkirin\u00ea de ne, div\u00ea ENKSe xwe rexne bike \u00fb bib\u00eene ku ev helwest ten\u00ea bi w\u00ea dide winda kirin.<\/span><\/h3>\n<h3 style=\"text-align: justify\"><span style=\"font-family: arial, helvetica, sans-serif\">Ji hevd\u00eenin\u00ean Rojava niha \u00fb p\u00eave pir ti\u015ft b\u00ean h\u00eav\u00eekirin, \u015fa\u015fe. \u015ea\u015fiyek din j\u00ee ewe ku ENKSe hem\u00fb siyaseta xwe bi van hevd\u00eetinan ve gir\u00eadide, div\u00ea ENKSe xwed\u00ee pilan\u00ean A \u00fb B be \u00fb \u00a0xwe di war\u00ea siyas\u00ee de xurt bike.<\/span><\/h3>\n","protected":false},"excerpt":{"rendered":"<p>Al\u00eegir\u00ean part\u00eey\u00ean di bin seywana ENKS\u00ea ve, y\u00ean ku dixwestin Roja Ala Kurdistan\u00ea p\u00eeroz bikin, rast\u00ee \u00ear\u00ee\u015fa R\u00eaxistina \u00abCiwan\u00ea \u015eore\u015fger\u00bb a ser bi PKK\u00ea ve hatin, Bi dar, kevir \u00fb molotofan \u00ear\u00ee\u015f kirin \u00fb of\u00eesa ENKS\u00ea ya li Dirbesiy\u00ea j\u00ee \u015fewitandin. Ji saet\u00ean ewil, ev b\u00fbyera qir\u00eaj ji aliy\u00ea gel ve rast\u00ee bertek\u00ean cidd\u00ee hat, [&hellip;]<\/p>\n","protected":false},"author":2,"featured_media":1027723,"comment_status":"closed","ping_status":"closed","sticky":false,"template":"","format":"standard","meta":{"footnotes":""},"categories":[68],"tags":[54,37],"class_list":["post-1027722","post","type-post","status-publish","format-standard","has-post-thumbnail","hentry","category-analiz","tag-mezlum-dogan","tag-sereke"],"blocksy_meta":[],"seo_head":"<!-- This site is optimized with the Yoast SEO plugin v27.5 - https:\/\/yoast.com\/product\/yoast-seo-wordpress\/ -->\n<title>Mazl\u00fbm Abd\u00ee sam\u00eem\u00ee ye, yan j\u00ee ten\u00ea rola pol\u00ees\u00ea ba\u015f dil\u00eeze? - Darka Maz\u00ee<\/title>\n<meta name=\"robots\" content=\"index, follow, max-snippet:-1, max-image-preview:large, max-video-preview:-1\" \/>\n<link rel=\"canonical\" href=\"https:\/\/darkamazi.info\/archives\/1027722\" \/>\n<meta property=\"og:locale\" content=\"en_US\" \/>\n<meta property=\"og:type\" content=\"article\" \/>\n<meta property=\"og:title\" content=\"Mazl\u00fbm Abd\u00ee sam\u00eem\u00ee ye, yan j\u00ee ten\u00ea rola pol\u00ees\u00ea ba\u015f dil\u00eeze? - Darka Maz\u00ee\" \/>\n<meta property=\"og:description\" content=\"Al\u00eegir\u00ean part\u00eey\u00ean di bin seywana ENKS\u00ea ve, y\u00ean ku dixwestin Roja Ala Kurdistan\u00ea p\u00eeroz bikin, rast\u00ee \u00ear\u00ee\u015fa R\u00eaxistina \u00abCiwan\u00ea \u015eore\u015fger\u00bb a ser bi PKK\u00ea ve hatin, Bi dar, kevir \u00fb molotofan \u00ear\u00ee\u015f kirin \u00fb of\u00eesa ENKS\u00ea ya li Dirbesiy\u00ea j\u00ee \u015fewitandin. Ji saet\u00ean ewil, ev b\u00fbyera qir\u00eaj ji aliy\u00ea gel ve rast\u00ee bertek\u00ean cidd\u00ee hat, [&hellip;]\" \/>\n<meta property=\"og:url\" content=\"https:\/\/darkamazi.info\/archives\/1027722\" \/>\n<meta property=\"og:site_name\" content=\"Darka Maz\u00ee\" \/>\n<meta property=\"article:publisher\" content=\"https:\/\/www.facebook.com\/DarMaziKurmanci\" \/>\n<meta property=\"article:published_time\" content=\"2021-12-20T14:26:50+00:00\" \/>\n<meta property=\"og:image\" content=\"https:\/\/darkamazi.info\/file\/2021\/12\/Mazloum-Abdi-pkk-ypg-hsd-qsd-tak-pyd-semalka-enks.jpg\" \/>\n\t<meta property=\"og:image:width\" content=\"900\" \/>\n\t<meta property=\"og:image:height\" content=\"497\" \/>\n\t<meta property=\"og:image:type\" content=\"image\/jpeg\" \/>\n<meta name=\"author\" content=\"darka mazi\" \/>\n<meta name=\"twitter:card\" content=\"summary_large_image\" \/>\n<meta name=\"twitter:creator\" content=\"@DarkaMaziLatini\" \/>\n<meta name=\"twitter:site\" content=\"@DarkaMaziLatini\" \/>\n<meta name=\"twitter:label1\" content=\"Written by\" \/>\n\t<meta name=\"twitter:data1\" content=\"darka mazi\" \/>\n\t<meta name=\"twitter:label2\" content=\"Est. reading time\" \/>\n\t<meta name=\"twitter:data2\" content=\"7 minutes\" \/>\n<script type=\"application\/ld+json\" class=\"seo-schema-graph\">{\"@context\":\"https:\\\/\\\/schema.org\",\"@graph\":[{\"@type\":\"Article\",\"@id\":\"https:\\\/\\\/darkamazi.info\\\/archives\\\/1027722#article\",\"isPartOf\":{\"@id\":\"https:\\\/\\\/darkamazi.info\\\/archives\\\/1027722\"},\"author\":{\"name\":\"darka mazi\",\"@id\":\"https:\\\/\\\/darkamazi.info\\\/#\\\/schema\\\/person\\\/5ad3e24553a0567993fa8ed4bd0a776c\"},\"headline\":\"Mazl\u00fbm Abd\u00ee sam\u00eem\u00ee ye, yan j\u00ee ten\u00ea rola pol\u00ees\u00ea ba\u015f dil\u00eeze?\",\"datePublished\":\"2021-12-20T14:26:50+00:00\",\"mainEntityOfPage\":{\"@id\":\"https:\\\/\\\/darkamazi.info\\\/archives\\\/1027722\"},\"wordCount\":1402,\"publisher\":{\"@id\":\"https:\\\/\\\/darkamazi.info\\\/#organization\"},\"image\":{\"@id\":\"https:\\\/\\\/darkamazi.info\\\/archives\\\/1027722#primaryimage\"},\"thumbnailUrl\":\"https:\\\/\\\/darkamazi.info\\\/darka-content\\\/uploads\\\/2021\\\/12\\\/Mazloum-Abdi-pkk-ypg-hsd-qsd-tak-pyd-semalka-enks.jpg\",\"keywords\":[\"Mezl\u00fbm Dogan\",\"sereke\"],\"articleSection\":[\"Anal\u00eez\"],\"inLanguage\":\"en-US\"},{\"@type\":\"WebPage\",\"@id\":\"https:\\\/\\\/darkamazi.info\\\/archives\\\/1027722\",\"url\":\"https:\\\/\\\/darkamazi.info\\\/archives\\\/1027722\",\"name\":\"Mazl\u00fbm Abd\u00ee sam\u00eem\u00ee ye, yan j\u00ee ten\u00ea rola pol\u00ees\u00ea ba\u015f dil\u00eeze? - Darka Maz\u00ee\",\"isPartOf\":{\"@id\":\"https:\\\/\\\/darkamazi.info\\\/#website\"},\"primaryImageOfPage\":{\"@id\":\"https:\\\/\\\/darkamazi.info\\\/archives\\\/1027722#primaryimage\"},\"image\":{\"@id\":\"https:\\\/\\\/darkamazi.info\\\/archives\\\/1027722#primaryimage\"},\"thumbnailUrl\":\"https:\\\/\\\/darkamazi.info\\\/darka-content\\\/uploads\\\/2021\\\/12\\\/Mazloum-Abdi-pkk-ypg-hsd-qsd-tak-pyd-semalka-enks.jpg\",\"datePublished\":\"2021-12-20T14:26:50+00:00\",\"breadcrumb\":{\"@id\":\"https:\\\/\\\/darkamazi.info\\\/archives\\\/1027722#breadcrumb\"},\"inLanguage\":\"en-US\",\"potentialAction\":[{\"@type\":\"ReadAction\",\"target\":[\"https:\\\/\\\/darkamazi.info\\\/archives\\\/1027722\"]}]},{\"@type\":\"ImageObject\",\"inLanguage\":\"en-US\",\"@id\":\"https:\\\/\\\/darkamazi.info\\\/archives\\\/1027722#primaryimage\",\"url\":\"https:\\\/\\\/darkamazi.info\\\/darka-content\\\/uploads\\\/2021\\\/12\\\/Mazloum-Abdi-pkk-ypg-hsd-qsd-tak-pyd-semalka-enks.jpg\",\"contentUrl\":\"https:\\\/\\\/darkamazi.info\\\/darka-content\\\/uploads\\\/2021\\\/12\\\/Mazloum-Abdi-pkk-ypg-hsd-qsd-tak-pyd-semalka-enks.jpg\",\"width\":900,\"height\":497,\"caption\":\"Mazloum Abdi-pkk-ypg-hsd-qsd-tak-pyd-semalka-enks\"},{\"@type\":\"BreadcrumbList\",\"@id\":\"https:\\\/\\\/darkamazi.info\\\/archives\\\/1027722#breadcrumb\",\"itemListElement\":[{\"@type\":\"ListItem\",\"position\":1,\"name\":\"Home\",\"item\":\"https:\\\/\\\/darkamazi.info\\\/\"},{\"@type\":\"ListItem\",\"position\":2,\"name\":\"Mazl\u00fbm Abd\u00ee sam\u00eem\u00ee ye, yan j\u00ee ten\u00ea rola pol\u00ees\u00ea ba\u015f dil\u00eeze?\"}]},{\"@type\":\"WebSite\",\"@id\":\"https:\\\/\\\/darkamazi.info\\\/#website\",\"url\":\"https:\\\/\\\/darkamazi.info\\\/\",\"name\":\"Darka Maz\u00ee\",\"description\":\"P\u00eageha Zanyariy\u00ean Nebih\u00eest\u00ee\",\"publisher\":{\"@id\":\"https:\\\/\\\/darkamazi.info\\\/#organization\"},\"potentialAction\":[{\"@type\":\"SearchAction\",\"target\":{\"@type\":\"EntryPoint\",\"urlTemplate\":\"https:\\\/\\\/darkamazi.info\\\/?s={search_term_string}\"},\"query-input\":{\"@type\":\"PropertyValueSpecification\",\"valueRequired\":true,\"valueName\":\"search_term_string\"}}],\"inLanguage\":\"en-US\"},{\"@type\":\"Organization\",\"@id\":\"https:\\\/\\\/darkamazi.info\\\/#organization\",\"name\":\"Darka Maz\u00ee\",\"url\":\"https:\\\/\\\/darkamazi.info\\\/\",\"logo\":{\"@type\":\"ImageObject\",\"inLanguage\":\"en-US\",\"@id\":\"https:\\\/\\\/darkamazi.info\\\/#\\\/schema\\\/logo\\\/image\\\/\",\"url\":\"https:\\\/\\\/darkamazi.info\\\/darka-content\\\/uploads\\\/2017\\\/12\\\/darka-mazi-logo.png\",\"contentUrl\":\"https:\\\/\\\/darkamazi.info\\\/darka-content\\\/uploads\\\/2017\\\/12\\\/darka-mazi-logo.png\",\"width\":151,\"height\":75,\"caption\":\"Darka Maz\u00ee\"},\"image\":{\"@id\":\"https:\\\/\\\/darkamazi.info\\\/#\\\/schema\\\/logo\\\/image\\\/\"},\"sameAs\":[\"https:\\\/\\\/www.facebook.com\\\/DarMaziKurmanci\",\"https:\\\/\\\/x.com\\\/DarkaMaziLatini\",\"https:\\\/\\\/www.instagram.com\\\/darkamazi.kurmanci\\\/\",\"https:\\\/\\\/www.youtube.com\\\/channel\\\/UCa5HkTdmI8U1qCUFuTw8B2g\"]},{\"@type\":\"Person\",\"@id\":\"https:\\\/\\\/darkamazi.info\\\/#\\\/schema\\\/person\\\/5ad3e24553a0567993fa8ed4bd0a776c\",\"name\":\"darka mazi\",\"sameAs\":[\"https:\\\/\\\/darkamazi.info\\\/\"],\"url\":\"https:\\\/\\\/darkamazi.info\\\/archives\\\/author\\\/kurdi\"}]}<\/script>\n<!-- \/ Yoast SEO plugin. -->","seo_head_json":{"title":"Mazl\u00fbm Abd\u00ee sam\u00eem\u00ee ye, yan j\u00ee ten\u00ea rola pol\u00ees\u00ea ba\u015f dil\u00eeze? - Darka Maz\u00ee","robots":{"index":"index","follow":"follow","max-snippet":"max-snippet:-1","max-image-preview":"max-image-preview:large","max-video-preview":"max-video-preview:-1"},"canonical":"https:\/\/darkamazi.info\/archives\/1027722","og_locale":"en_US","og_type":"article","og_title":"Mazl\u00fbm Abd\u00ee sam\u00eem\u00ee ye, yan j\u00ee ten\u00ea rola pol\u00ees\u00ea ba\u015f dil\u00eeze? - Darka Maz\u00ee","og_description":"Al\u00eegir\u00ean part\u00eey\u00ean di bin seywana ENKS\u00ea ve, y\u00ean ku dixwestin Roja Ala Kurdistan\u00ea p\u00eeroz bikin, rast\u00ee \u00ear\u00ee\u015fa R\u00eaxistina \u00abCiwan\u00ea \u015eore\u015fger\u00bb a ser bi PKK\u00ea ve hatin, Bi dar, kevir \u00fb molotofan \u00ear\u00ee\u015f kirin \u00fb of\u00eesa ENKS\u00ea ya li Dirbesiy\u00ea j\u00ee \u015fewitandin. Ji saet\u00ean ewil, ev b\u00fbyera qir\u00eaj ji aliy\u00ea gel ve rast\u00ee bertek\u00ean cidd\u00ee hat, [&hellip;]","og_url":"https:\/\/darkamazi.info\/archives\/1027722","og_site_name":"Darka Maz\u00ee","article_publisher":"https:\/\/www.facebook.com\/DarMaziKurmanci","article_published_time":"2021-12-20T14:26:50+00:00","og_image":[{"width":900,"height":497,"url":"https:\/\/darkamazi.info\/file\/2021\/12\/Mazloum-Abdi-pkk-ypg-hsd-qsd-tak-pyd-semalka-enks.jpg","type":"image\/jpeg"}],"author":"darka mazi","twitter_card":"summary_large_image","twitter_creator":"@DarkaMaziLatini","twitter_site":"@DarkaMaziLatini","twitter_misc":{"Written by":"darka mazi","Est. reading time":"7 minutes"},"schema":{"@context":"https:\/\/schema.org","@graph":[{"@type":"Article","@id":"https:\/\/darkamazi.info\/archives\/1027722#article","isPartOf":{"@id":"https:\/\/darkamazi.info\/archives\/1027722"},"author":{"name":"darka mazi","@id":"https:\/\/darkamazi.info\/#\/schema\/person\/5ad3e24553a0567993fa8ed4bd0a776c"},"headline":"Mazl\u00fbm Abd\u00ee sam\u00eem\u00ee ye, yan j\u00ee ten\u00ea rola pol\u00ees\u00ea ba\u015f dil\u00eeze?","datePublished":"2021-12-20T14:26:50+00:00","mainEntityOfPage":{"@id":"https:\/\/darkamazi.info\/archives\/1027722"},"wordCount":1402,"publisher":{"@id":"https:\/\/darkamazi.info\/#organization"},"image":{"@id":"https:\/\/darkamazi.info\/archives\/1027722#primaryimage"},"thumbnailUrl":"https:\/\/darkamazi.info\/file\/2021\/12\/Mazloum-Abdi-pkk-ypg-hsd-qsd-tak-pyd-semalka-enks.jpg","keywords":["Mezl\u00fbm Dogan","sereke"],"articleSection":["Anal\u00eez"],"inLanguage":"en-US"},{"@type":"WebPage","@id":"https:\/\/darkamazi.info\/archives\/1027722","url":"https:\/\/darkamazi.info\/archives\/1027722","name":"Mazl\u00fbm Abd\u00ee sam\u00eem\u00ee ye, yan j\u00ee ten\u00ea rola pol\u00ees\u00ea ba\u015f dil\u00eeze? - Darka Maz\u00ee","isPartOf":{"@id":"https:\/\/darkamazi.info\/#website"},"primaryImageOfPage":{"@id":"https:\/\/darkamazi.info\/archives\/1027722#primaryimage"},"image":{"@id":"https:\/\/darkamazi.info\/archives\/1027722#primaryimage"},"thumbnailUrl":"https:\/\/darkamazi.info\/file\/2021\/12\/Mazloum-Abdi-pkk-ypg-hsd-qsd-tak-pyd-semalka-enks.jpg","datePublished":"2021-12-20T14:26:50+00:00","breadcrumb":{"@id":"https:\/\/darkamazi.info\/archives\/1027722#breadcrumb"},"inLanguage":"en-US","potentialAction":[{"@type":"ReadAction","target":["https:\/\/darkamazi.info\/archives\/1027722"]}]},{"@type":"ImageObject","inLanguage":"en-US","@id":"https:\/\/darkamazi.info\/archives\/1027722#primaryimage","url":"https:\/\/darkamazi.info\/file\/2021\/12\/Mazloum-Abdi-pkk-ypg-hsd-qsd-tak-pyd-semalka-enks.jpg","contentUrl":"https:\/\/darkamazi.info\/file\/2021\/12\/Mazloum-Abdi-pkk-ypg-hsd-qsd-tak-pyd-semalka-enks.jpg","width":900,"height":497,"caption":"Mazloum Abdi-pkk-ypg-hsd-qsd-tak-pyd-semalka-enks"},{"@type":"BreadcrumbList","@id":"https:\/\/darkamazi.info\/archives\/1027722#breadcrumb","itemListElement":[{"@type":"ListItem","position":1,"name":"Home","item":"https:\/\/darkamazi.info\/"},{"@type":"ListItem","position":2,"name":"Mazl\u00fbm Abd\u00ee sam\u00eem\u00ee ye, yan j\u00ee ten\u00ea rola pol\u00ees\u00ea ba\u015f dil\u00eeze?"}]},{"@type":"WebSite","@id":"https:\/\/darkamazi.info\/#website","url":"https:\/\/darkamazi.info\/","name":"Darka Maz\u00ee","description":"P\u00eageha Zanyariy\u00ean Nebih\u00eest\u00ee","publisher":{"@id":"https:\/\/darkamazi.info\/#organization"},"potentialAction":[{"@type":"SearchAction","target":{"@type":"EntryPoint","urlTemplate":"https:\/\/darkamazi.info\/?s={search_term_string}"},"query-input":{"@type":"PropertyValueSpecification","valueRequired":true,"valueName":"search_term_string"}}],"inLanguage":"en-US"},{"@type":"Organization","@id":"https:\/\/darkamazi.info\/#organization","name":"Darka Maz\u00ee","url":"https:\/\/darkamazi.info\/","logo":{"@type":"ImageObject","inLanguage":"en-US","@id":"https:\/\/darkamazi.info\/#\/schema\/logo\/image\/","url":"https:\/\/darkamazi.info\/file\/2017\/12\/darka-mazi-logo.png","contentUrl":"https:\/\/darkamazi.info\/file\/2017\/12\/darka-mazi-logo.png","width":151,"height":75,"caption":"Darka Maz\u00ee"},"image":{"@id":"https:\/\/darkamazi.info\/#\/schema\/logo\/image\/"},"sameAs":["https:\/\/www.facebook.com\/DarMaziKurmanci","https:\/\/x.com\/DarkaMaziLatini","https:\/\/www.instagram.com\/darkamazi.kurmanci\/","https:\/\/www.youtube.com\/channel\/UCa5HkTdmI8U1qCUFuTw8B2g"]},{"@type":"Person","@id":"https:\/\/darkamazi.info\/#\/schema\/person\/5ad3e24553a0567993fa8ed4bd0a776c","name":"darka mazi","sameAs":["https:\/\/darkamazi.info\/"],"url":"https:\/\/darkamazi.info\/archives\/author\/kurdi"}]}},"_links":{"self":[{"href":"https:\/\/darkamazi.info\/funavuv\/wp\/v2\/posts\/1027722","targetHints":{"allow":["GET"]}}],"collection":[{"href":"https:\/\/darkamazi.info\/funavuv\/wp\/v2\/posts"}],"about":[{"href":"https:\/\/darkamazi.info\/funavuv\/wp\/v2\/types\/post"}],"author":[{"embeddable":true,"href":"https:\/\/darkamazi.info\/funavuv\/wp\/v2\/users\/2"}],"replies":[{"embeddable":true,"href":"https:\/\/darkamazi.info\/funavuv\/wp\/v2\/comments?post=1027722"}],"version-history":[{"count":0,"href":"https:\/\/darkamazi.info\/funavuv\/wp\/v2\/posts\/1027722\/revisions"}],"wp:featuredmedia":[{"embeddable":true,"href":"https:\/\/darkamazi.info\/funavuv\/wp\/v2\/media\/1027723"}],"wp:attachment":[{"href":"https:\/\/darkamazi.info\/funavuv\/wp\/v2\/media?parent=1027722"}],"wp:term":[{"taxonomy":"category","embeddable":true,"href":"https:\/\/darkamazi.info\/funavuv\/wp\/v2\/categories?post=1027722"},{"taxonomy":"post_tag","embeddable":true,"href":"https:\/\/darkamazi.info\/funavuv\/wp\/v2\/tags?post=1027722"}],"curies":[{"name":"wp","href":"https:\/\/api.w.org\/{rel}","templated":true}]}}