{"id":1030711,"date":"2022-06-15T13:03:14","date_gmt":"2022-06-15T10:03:14","guid":{"rendered":"https:\/\/darkamazi.info\/?p=1030711"},"modified":"2022-06-15T13:03:14","modified_gmt":"2022-06-15T10:03:14","slug":"tirkiye-baregeheke-pkke-li-sinune-bombebaran-kir","status":"publish","type":"post","link":"https:\/\/darkamazi.info\/archives\/1030711","title":{"rendered":"Tirkiy\u00ea baregehek\u00ea PKK\u00ea li Sin\u00fbn\u00ea bombebaran kir"},"content":{"rendered":"<h3 style=\"text-align: justify\"><span style=\"font-family: 'arial black', sans-serif\">Balafir\u00ean b\u00ea mirov y\u00ean art\u00ea\u015fa Tirkiy\u00ea, \u00eero baregehek\u00ea Yek\u00eeney\u00ean Berxwedana \u015eengal\u00ea YB\u015e\u00ea ya gr\u00eaday\u00ee r\u00eaxistina PKK\u00ea, li Sin\u00fbn\u00ea ya nav\u00e7eya \u015eengal\u00ea bombebaran kir.<\/span><\/h3>\n<h3 style=\"text-align: justify\"><span style=\"font-family: arial, helvetica, sans-serif\">Li gor\u00ee agahiy\u00ean ku p\u00eageha Dije Teror\u00ea ya Her\u00eama Kurdistan\u00ea parvekirine, \u00eero roja \u00e7ar\u015fem\u00ea15\\6\\2022 balafir\u00ean b\u00ea mirov y\u00ean dewleta Tirkiy\u00ea baregehek\u00ea YB\u015e\u00ea li nav\u00e7eya Sin\u00fbn\u00ea bombebaran kirine, zirar\u00ean giyan\u00ee j\u00ee \u00e7\u00eab\u00fbne.<\/span><\/h3>\n<h3 style=\"text-align: justify\"><span style=\"font-family: arial, helvetica, sans-serif\">Hat h\u00een b\u00fbn ku di encama \u00ear\u00ee\u015f\u00ea de, 6 kes hatine ku\u015ftin, l\u00ea bel\u00ea nasnameya wan nehat\u00eeye e\u015fkere kirin.<\/span><\/h3>\n<h3 style=\"text-align: justify\"><span style=\"font-family: arial, helvetica, sans-serif\">Yek\u00eeney\u00ean Berxwedana \u015eingal\u00ea (YB\u015e) ser bi PKK\u00ea ve \u00fb baregeh\u00ean w\u00ea li \u00e7end nav\u00e7ey\u00ean \u015eingal\u00ea hene \u00fb di dema bor\u00ee de aloz\u00ee di navbera w\u00ea \u00fb art\u00ea\u015fa Iraq\u00ea de derketib\u00fb \u00fb b\u00fb sedema ko\u00e7berb\u00fbna hejmareke mezin ya xelk\u00ea ber bi Duhok\u00ea ve.<\/span><\/h3>\n","protected":false},"excerpt":{"rendered":"<p>Balafir\u00ean b\u00ea mirov y\u00ean art\u00ea\u015fa Tirkiy\u00ea, \u00eero baregehek\u00ea Yek\u00eeney\u00ean Berxwedana \u015eengal\u00ea YB\u015e\u00ea ya gr\u00eaday\u00ee r\u00eaxistina PKK\u00ea, li Sin\u00fbn\u00ea ya nav\u00e7eya \u015eengal\u00ea bombebaran kir. Li gor\u00ee agahiy\u00ean ku p\u00eageha Dije Teror\u00ea ya Her\u00eama Kurdistan\u00ea parvekirine, \u00eero roja \u00e7ar\u015fem\u00ea15\\6\\2022 balafir\u00ean b\u00ea mirov y\u00ean dewleta Tirkiy\u00ea baregehek\u00ea YB\u015e\u00ea li nav\u00e7eya Sin\u00fbn\u00ea bombebaran kirine, zirar\u00ean giyan\u00ee j\u00ee \u00e7\u00eab\u00fbne. Hat [&hellip;]<\/p>\n","protected":false},"author":2,"featured_media":1030712,"comment_status":"closed","ping_status":"closed","sticky":false,"template":"","format":"standard","meta":{"footnotes":""},"categories":[29],"tags":[54,37],"class_list":["post-1030711","post","type-post","status-publish","format-standard","has-post-thumbnail","hentry","category-kurdistan","tag-mezlum-dogan","tag-sereke"],"blocksy_meta":[],"seo_head":"<!-- This site is optimized with the Yoast SEO plugin v27.5 - https:\/\/yoast.com\/product\/yoast-seo-wordpress\/ -->\n<title>Tirkiy\u00ea baregehek\u00ea PKK\u00ea li Sin\u00fbn\u00ea bombebaran kir - Darka Maz\u00ee<\/title>\n<meta name=\"robots\" content=\"index, follow, max-snippet:-1, max-image-preview:large, max-video-preview:-1\" \/>\n<link rel=\"canonical\" href=\"https:\/\/darkamazi.info\/archives\/1030711\" \/>\n<meta property=\"og:locale\" content=\"en_US\" \/>\n<meta property=\"og:type\" content=\"article\" \/>\n<meta property=\"og:title\" content=\"Tirkiy\u00ea baregehek\u00ea PKK\u00ea li Sin\u00fbn\u00ea bombebaran kir - Darka Maz\u00ee\" \/>\n<meta property=\"og:description\" content=\"Balafir\u00ean b\u00ea mirov y\u00ean art\u00ea\u015fa Tirkiy\u00ea, \u00eero baregehek\u00ea Yek\u00eeney\u00ean Berxwedana \u015eengal\u00ea YB\u015e\u00ea ya gr\u00eaday\u00ee r\u00eaxistina PKK\u00ea, li Sin\u00fbn\u00ea ya nav\u00e7eya \u015eengal\u00ea bombebaran kir. Li gor\u00ee agahiy\u00ean ku p\u00eageha Dije Teror\u00ea ya Her\u00eama Kurdistan\u00ea parvekirine, \u00eero roja \u00e7ar\u015fem\u00ea1562022 balafir\u00ean b\u00ea mirov y\u00ean dewleta Tirkiy\u00ea baregehek\u00ea YB\u015e\u00ea li nav\u00e7eya Sin\u00fbn\u00ea bombebaran kirine, zirar\u00ean giyan\u00ee j\u00ee \u00e7\u00eab\u00fbne. Hat [&hellip;]\" \/>\n<meta property=\"og:url\" content=\"https:\/\/darkamazi.info\/archives\/1030711\" \/>\n<meta property=\"og:site_name\" content=\"Darka Maz\u00ee\" \/>\n<meta property=\"article:publisher\" content=\"https:\/\/www.facebook.com\/DarMaziKurmanci\" \/>\n<meta property=\"article:published_time\" content=\"2022-06-15T10:03:14+00:00\" \/>\n<meta property=\"og:image\" content=\"https:\/\/darkamazi.info\/file\/2022\/06\/sinun-pkk-sinjar.jpg\" \/>\n\t<meta property=\"og:image:width\" content=\"900\" \/>\n\t<meta property=\"og:image:height\" content=\"497\" \/>\n\t<meta property=\"og:image:type\" content=\"image\/jpeg\" \/>\n<meta name=\"author\" content=\"darka mazi\" \/>\n<meta name=\"twitter:card\" content=\"summary_large_image\" \/>\n<meta name=\"twitter:creator\" content=\"@DarkaMaziLatini\" \/>\n<meta name=\"twitter:site\" content=\"@DarkaMaziLatini\" \/>\n<meta name=\"twitter:label1\" content=\"Written by\" \/>\n\t<meta name=\"twitter:data1\" content=\"darka mazi\" \/>\n\t<meta name=\"twitter:label2\" content=\"Est. reading time\" \/>\n\t<meta name=\"twitter:data2\" content=\"1 minute\" \/>\n<script type=\"application\/ld+json\" class=\"seo-schema-graph\">{\"@context\":\"https:\\\/\\\/schema.org\",\"@graph\":[{\"@type\":\"Article\",\"@id\":\"https:\\\/\\\/darkamazi.info\\\/archives\\\/1030711#article\",\"isPartOf\":{\"@id\":\"https:\\\/\\\/darkamazi.info\\\/archives\\\/1030711\"},\"author\":{\"name\":\"darka mazi\",\"@id\":\"https:\\\/\\\/darkamazi.info\\\/#\\\/schema\\\/person\\\/5ad3e24553a0567993fa8ed4bd0a776c\"},\"headline\":\"Tirkiy\u00ea baregehek\u00ea PKK\u00ea li Sin\u00fbn\u00ea bombebaran kir\",\"datePublished\":\"2022-06-15T10:03:14+00:00\",\"mainEntityOfPage\":{\"@id\":\"https:\\\/\\\/darkamazi.info\\\/archives\\\/1030711\"},\"wordCount\":150,\"publisher\":{\"@id\":\"https:\\\/\\\/darkamazi.info\\\/#organization\"},\"image\":{\"@id\":\"https:\\\/\\\/darkamazi.info\\\/archives\\\/1030711#primaryimage\"},\"thumbnailUrl\":\"https:\\\/\\\/darkamazi.info\\\/darka-content\\\/uploads\\\/2022\\\/06\\\/sinun-pkk-sinjar.jpg\",\"keywords\":[\"Mezl\u00fbm Dogan\",\"sereke\"],\"articleSection\":[\"Kurdistan\"],\"inLanguage\":\"en-US\"},{\"@type\":\"WebPage\",\"@id\":\"https:\\\/\\\/darkamazi.info\\\/archives\\\/1030711\",\"url\":\"https:\\\/\\\/darkamazi.info\\\/archives\\\/1030711\",\"name\":\"Tirkiy\u00ea baregehek\u00ea PKK\u00ea li Sin\u00fbn\u00ea bombebaran kir - Darka Maz\u00ee\",\"isPartOf\":{\"@id\":\"https:\\\/\\\/darkamazi.info\\\/#website\"},\"primaryImageOfPage\":{\"@id\":\"https:\\\/\\\/darkamazi.info\\\/archives\\\/1030711#primaryimage\"},\"image\":{\"@id\":\"https:\\\/\\\/darkamazi.info\\\/archives\\\/1030711#primaryimage\"},\"thumbnailUrl\":\"https:\\\/\\\/darkamazi.info\\\/darka-content\\\/uploads\\\/2022\\\/06\\\/sinun-pkk-sinjar.jpg\",\"datePublished\":\"2022-06-15T10:03:14+00:00\",\"breadcrumb\":{\"@id\":\"https:\\\/\\\/darkamazi.info\\\/archives\\\/1030711#breadcrumb\"},\"inLanguage\":\"en-US\",\"potentialAction\":[{\"@type\":\"ReadAction\",\"target\":[\"https:\\\/\\\/darkamazi.info\\\/archives\\\/1030711\"]}]},{\"@type\":\"ImageObject\",\"inLanguage\":\"en-US\",\"@id\":\"https:\\\/\\\/darkamazi.info\\\/archives\\\/1030711#primaryimage\",\"url\":\"https:\\\/\\\/darkamazi.info\\\/darka-content\\\/uploads\\\/2022\\\/06\\\/sinun-pkk-sinjar.jpg\",\"contentUrl\":\"https:\\\/\\\/darkamazi.info\\\/darka-content\\\/uploads\\\/2022\\\/06\\\/sinun-pkk-sinjar.jpg\",\"width\":900,\"height\":497,\"caption\":\"sinun-pkk-sinjar\"},{\"@type\":\"BreadcrumbList\",\"@id\":\"https:\\\/\\\/darkamazi.info\\\/archives\\\/1030711#breadcrumb\",\"itemListElement\":[{\"@type\":\"ListItem\",\"position\":1,\"name\":\"Home\",\"item\":\"https:\\\/\\\/darkamazi.info\\\/\"},{\"@type\":\"ListItem\",\"position\":2,\"name\":\"Tirkiy\u00ea baregehek\u00ea PKK\u00ea li Sin\u00fbn\u00ea bombebaran kir\"}]},{\"@type\":\"WebSite\",\"@id\":\"https:\\\/\\\/darkamazi.info\\\/#website\",\"url\":\"https:\\\/\\\/darkamazi.info\\\/\",\"name\":\"Darka Maz\u00ee\",\"description\":\"P\u00eageha Zanyariy\u00ean Nebih\u00eest\u00ee\",\"publisher\":{\"@id\":\"https:\\\/\\\/darkamazi.info\\\/#organization\"},\"potentialAction\":[{\"@type\":\"SearchAction\",\"target\":{\"@type\":\"EntryPoint\",\"urlTemplate\":\"https:\\\/\\\/darkamazi.info\\\/?s={search_term_string}\"},\"query-input\":{\"@type\":\"PropertyValueSpecification\",\"valueRequired\":true,\"valueName\":\"search_term_string\"}}],\"inLanguage\":\"en-US\"},{\"@type\":\"Organization\",\"@id\":\"https:\\\/\\\/darkamazi.info\\\/#organization\",\"name\":\"Darka Maz\u00ee\",\"url\":\"https:\\\/\\\/darkamazi.info\\\/\",\"logo\":{\"@type\":\"ImageObject\",\"inLanguage\":\"en-US\",\"@id\":\"https:\\\/\\\/darkamazi.info\\\/#\\\/schema\\\/logo\\\/image\\\/\",\"url\":\"https:\\\/\\\/darkamazi.info\\\/darka-content\\\/uploads\\\/2017\\\/12\\\/darka-mazi-logo.png\",\"contentUrl\":\"https:\\\/\\\/darkamazi.info\\\/darka-content\\\/uploads\\\/2017\\\/12\\\/darka-mazi-logo.png\",\"width\":151,\"height\":75,\"caption\":\"Darka Maz\u00ee\"},\"image\":{\"@id\":\"https:\\\/\\\/darkamazi.info\\\/#\\\/schema\\\/logo\\\/image\\\/\"},\"sameAs\":[\"https:\\\/\\\/www.facebook.com\\\/DarMaziKurmanci\",\"https:\\\/\\\/x.com\\\/DarkaMaziLatini\",\"https:\\\/\\\/www.instagram.com\\\/darkamazi.kurmanci\\\/\",\"https:\\\/\\\/www.youtube.com\\\/channel\\\/UCa5HkTdmI8U1qCUFuTw8B2g\"]},{\"@type\":\"Person\",\"@id\":\"https:\\\/\\\/darkamazi.info\\\/#\\\/schema\\\/person\\\/5ad3e24553a0567993fa8ed4bd0a776c\",\"name\":\"darka mazi\",\"sameAs\":[\"https:\\\/\\\/darkamazi.info\\\/\"],\"url\":\"https:\\\/\\\/darkamazi.info\\\/archives\\\/author\\\/kurdi\"}]}<\/script>\n<!-- \/ Yoast SEO plugin. -->","seo_head_json":{"title":"Tirkiy\u00ea baregehek\u00ea PKK\u00ea li Sin\u00fbn\u00ea bombebaran kir - Darka Maz\u00ee","robots":{"index":"index","follow":"follow","max-snippet":"max-snippet:-1","max-image-preview":"max-image-preview:large","max-video-preview":"max-video-preview:-1"},"canonical":"https:\/\/darkamazi.info\/archives\/1030711","og_locale":"en_US","og_type":"article","og_title":"Tirkiy\u00ea baregehek\u00ea PKK\u00ea li Sin\u00fbn\u00ea bombebaran kir - Darka Maz\u00ee","og_description":"Balafir\u00ean b\u00ea mirov y\u00ean art\u00ea\u015fa Tirkiy\u00ea, \u00eero baregehek\u00ea Yek\u00eeney\u00ean Berxwedana \u015eengal\u00ea YB\u015e\u00ea ya gr\u00eaday\u00ee r\u00eaxistina PKK\u00ea, li Sin\u00fbn\u00ea ya nav\u00e7eya \u015eengal\u00ea bombebaran kir. Li gor\u00ee agahiy\u00ean ku p\u00eageha Dije Teror\u00ea ya Her\u00eama Kurdistan\u00ea parvekirine, \u00eero roja \u00e7ar\u015fem\u00ea1562022 balafir\u00ean b\u00ea mirov y\u00ean dewleta Tirkiy\u00ea baregehek\u00ea YB\u015e\u00ea li nav\u00e7eya Sin\u00fbn\u00ea bombebaran kirine, zirar\u00ean giyan\u00ee j\u00ee \u00e7\u00eab\u00fbne. Hat [&hellip;]","og_url":"https:\/\/darkamazi.info\/archives\/1030711","og_site_name":"Darka Maz\u00ee","article_publisher":"https:\/\/www.facebook.com\/DarMaziKurmanci","article_published_time":"2022-06-15T10:03:14+00:00","og_image":[{"width":900,"height":497,"url":"https:\/\/darkamazi.info\/file\/2022\/06\/sinun-pkk-sinjar.jpg","type":"image\/jpeg"}],"author":"darka mazi","twitter_card":"summary_large_image","twitter_creator":"@DarkaMaziLatini","twitter_site":"@DarkaMaziLatini","twitter_misc":{"Written by":"darka mazi","Est. reading time":"1 minute"},"schema":{"@context":"https:\/\/schema.org","@graph":[{"@type":"Article","@id":"https:\/\/darkamazi.info\/archives\/1030711#article","isPartOf":{"@id":"https:\/\/darkamazi.info\/archives\/1030711"},"author":{"name":"darka mazi","@id":"https:\/\/darkamazi.info\/#\/schema\/person\/5ad3e24553a0567993fa8ed4bd0a776c"},"headline":"Tirkiy\u00ea baregehek\u00ea PKK\u00ea li Sin\u00fbn\u00ea bombebaran kir","datePublished":"2022-06-15T10:03:14+00:00","mainEntityOfPage":{"@id":"https:\/\/darkamazi.info\/archives\/1030711"},"wordCount":150,"publisher":{"@id":"https:\/\/darkamazi.info\/#organization"},"image":{"@id":"https:\/\/darkamazi.info\/archives\/1030711#primaryimage"},"thumbnailUrl":"https:\/\/darkamazi.info\/file\/2022\/06\/sinun-pkk-sinjar.jpg","keywords":["Mezl\u00fbm Dogan","sereke"],"articleSection":["Kurdistan"],"inLanguage":"en-US"},{"@type":"WebPage","@id":"https:\/\/darkamazi.info\/archives\/1030711","url":"https:\/\/darkamazi.info\/archives\/1030711","name":"Tirkiy\u00ea baregehek\u00ea PKK\u00ea li Sin\u00fbn\u00ea bombebaran kir - Darka Maz\u00ee","isPartOf":{"@id":"https:\/\/darkamazi.info\/#website"},"primaryImageOfPage":{"@id":"https:\/\/darkamazi.info\/archives\/1030711#primaryimage"},"image":{"@id":"https:\/\/darkamazi.info\/archives\/1030711#primaryimage"},"thumbnailUrl":"https:\/\/darkamazi.info\/file\/2022\/06\/sinun-pkk-sinjar.jpg","datePublished":"2022-06-15T10:03:14+00:00","breadcrumb":{"@id":"https:\/\/darkamazi.info\/archives\/1030711#breadcrumb"},"inLanguage":"en-US","potentialAction":[{"@type":"ReadAction","target":["https:\/\/darkamazi.info\/archives\/1030711"]}]},{"@type":"ImageObject","inLanguage":"en-US","@id":"https:\/\/darkamazi.info\/archives\/1030711#primaryimage","url":"https:\/\/darkamazi.info\/file\/2022\/06\/sinun-pkk-sinjar.jpg","contentUrl":"https:\/\/darkamazi.info\/file\/2022\/06\/sinun-pkk-sinjar.jpg","width":900,"height":497,"caption":"sinun-pkk-sinjar"},{"@type":"BreadcrumbList","@id":"https:\/\/darkamazi.info\/archives\/1030711#breadcrumb","itemListElement":[{"@type":"ListItem","position":1,"name":"Home","item":"https:\/\/darkamazi.info\/"},{"@type":"ListItem","position":2,"name":"Tirkiy\u00ea baregehek\u00ea PKK\u00ea li Sin\u00fbn\u00ea bombebaran kir"}]},{"@type":"WebSite","@id":"https:\/\/darkamazi.info\/#website","url":"https:\/\/darkamazi.info\/","name":"Darka Maz\u00ee","description":"P\u00eageha Zanyariy\u00ean Nebih\u00eest\u00ee","publisher":{"@id":"https:\/\/darkamazi.info\/#organization"},"potentialAction":[{"@type":"SearchAction","target":{"@type":"EntryPoint","urlTemplate":"https:\/\/darkamazi.info\/?s={search_term_string}"},"query-input":{"@type":"PropertyValueSpecification","valueRequired":true,"valueName":"search_term_string"}}],"inLanguage":"en-US"},{"@type":"Organization","@id":"https:\/\/darkamazi.info\/#organization","name":"Darka Maz\u00ee","url":"https:\/\/darkamazi.info\/","logo":{"@type":"ImageObject","inLanguage":"en-US","@id":"https:\/\/darkamazi.info\/#\/schema\/logo\/image\/","url":"https:\/\/darkamazi.info\/file\/2017\/12\/darka-mazi-logo.png","contentUrl":"https:\/\/darkamazi.info\/file\/2017\/12\/darka-mazi-logo.png","width":151,"height":75,"caption":"Darka Maz\u00ee"},"image":{"@id":"https:\/\/darkamazi.info\/#\/schema\/logo\/image\/"},"sameAs":["https:\/\/www.facebook.com\/DarMaziKurmanci","https:\/\/x.com\/DarkaMaziLatini","https:\/\/www.instagram.com\/darkamazi.kurmanci\/","https:\/\/www.youtube.com\/channel\/UCa5HkTdmI8U1qCUFuTw8B2g"]},{"@type":"Person","@id":"https:\/\/darkamazi.info\/#\/schema\/person\/5ad3e24553a0567993fa8ed4bd0a776c","name":"darka mazi","sameAs":["https:\/\/darkamazi.info\/"],"url":"https:\/\/darkamazi.info\/archives\/author\/kurdi"}]}},"_links":{"self":[{"href":"https:\/\/darkamazi.info\/funavuv\/wp\/v2\/posts\/1030711","targetHints":{"allow":["GET"]}}],"collection":[{"href":"https:\/\/darkamazi.info\/funavuv\/wp\/v2\/posts"}],"about":[{"href":"https:\/\/darkamazi.info\/funavuv\/wp\/v2\/types\/post"}],"author":[{"embeddable":true,"href":"https:\/\/darkamazi.info\/funavuv\/wp\/v2\/users\/2"}],"replies":[{"embeddable":true,"href":"https:\/\/darkamazi.info\/funavuv\/wp\/v2\/comments?post=1030711"}],"version-history":[{"count":0,"href":"https:\/\/darkamazi.info\/funavuv\/wp\/v2\/posts\/1030711\/revisions"}],"wp:featuredmedia":[{"embeddable":true,"href":"https:\/\/darkamazi.info\/funavuv\/wp\/v2\/media\/1030712"}],"wp:attachment":[{"href":"https:\/\/darkamazi.info\/funavuv\/wp\/v2\/media?parent=1030711"}],"wp:term":[{"taxonomy":"category","embeddable":true,"href":"https:\/\/darkamazi.info\/funavuv\/wp\/v2\/categories?post=1030711"},{"taxonomy":"post_tag","embeddable":true,"href":"https:\/\/darkamazi.info\/funavuv\/wp\/v2\/tags?post=1030711"}],"curies":[{"name":"wp","href":"https:\/\/api.w.org\/{rel}","templated":true}]}}