{"id":1030901,"date":"2022-06-26T10:42:37","date_gmt":"2022-06-26T07:42:37","guid":{"rendered":"https:\/\/darkamazi.info\/?p=1030901"},"modified":"2022-06-26T10:42:37","modified_gmt":"2022-06-26T07:42:37","slug":"dirok-cand-u-folklora-geleri-ya-colemerge-te-tomarkirin","status":"publish","type":"post","link":"https:\/\/darkamazi.info\/archives\/1030901","title":{"rendered":"D\u00eerok, \u00e7and \u00fb folklora geler\u00ee ya Colem\u00earg\u00ea t\u00ea tomarkirin"},"content":{"rendered":"<h3 style=\"text-align: justify\"><span style=\"font-family: 'arial black', sans-serif\">Colem\u00earga Bakur\u00ea Kurdistan\u00ea, ji aliy\u00ea \u00e7and, d\u00eerok \u00fb folklora geler\u00ee ya Kurdi ve gelek\u00ee dewlemend e. Bi taybet\u00ee dengb\u00eaj\u00ee ku d\u00eerokeke Kurdan a zind\u00ee ye \u00fb \u00e7\u00eakirina mehf\u00fbr\u00ean Kurd\u00ee ku kevne\u015fopiyeke hezar salan e \u00fb \u00e7\u00eakirina xwarin\u00ean her\u00eam\u00ee t\u00ean tomarkirin \u00fb ar\u015f\u00eevkirin.<\/span><\/h3>\n<h3 style=\"text-align: justify\">R\u00eaveber\u00ea Saziya \u00c7and \u00fb Ge\u015ftyariya Colem\u00earg\u00ea \u0130dris Agacanoglu got \u201cColem\u00earg bi pircur\u00ee \u00fb dewlemendiya \u00e7and\u00ee ve bajarek\u00ee diyar e. Mijareke gelek\u00ee gir\u00eeng heye, ku \u00e7anda Colem\u00earg\u00ea wek ber\u00ee hezar sal\u00ee di nav gel\u00ea me de dij\u00ee \u00fb h\u00ea j\u00ee berdewam e.\u201d<\/h3>\n","protected":false},"excerpt":{"rendered":"<p>Colem\u00earga Bakur\u00ea Kurdistan\u00ea, ji aliy\u00ea \u00e7and, d\u00eerok \u00fb folklora geler\u00ee ya Kurdi ve gelek\u00ee dewlemend e. Bi taybet\u00ee dengb\u00eaj\u00ee ku d\u00eerokeke Kurdan a zind\u00ee ye \u00fb \u00e7\u00eakirina mehf\u00fbr\u00ean Kurd\u00ee ku kevne\u015fopiyeke hezar salan e \u00fb \u00e7\u00eakirina xwarin\u00ean her\u00eam\u00ee t\u00ean tomarkirin \u00fb ar\u015f\u00eevkirin. R\u00eaveber\u00ea Saziya \u00c7and \u00fb Ge\u015ftyariya Colem\u00earg\u00ea \u0130dris Agacanoglu got \u201cColem\u00earg bi pircur\u00ee \u00fb [&hellip;]<\/p>\n","protected":false},"author":2,"featured_media":1030903,"comment_status":"closed","ping_status":"closed","sticky":false,"template":"","format":"standard","meta":{"footnotes":""},"categories":[34,4],"tags":[37],"class_list":["post-1030901","post","type-post","status-publish","format-standard","has-post-thumbnail","hentry","category-cand-u-huner","category-hemereng","tag-sereke"],"blocksy_meta":[],"seo_head":"<!-- This site is optimized with the Yoast SEO plugin v27.5 - https:\/\/yoast.com\/product\/yoast-seo-wordpress\/ -->\n<title>D\u00eerok, \u00e7and \u00fb folklora geler\u00ee ya Colem\u00earg\u00ea t\u00ea tomarkirin - Darka Maz\u00ee<\/title>\n<meta name=\"robots\" content=\"index, follow, max-snippet:-1, max-image-preview:large, max-video-preview:-1\" \/>\n<link rel=\"canonical\" href=\"https:\/\/darkamazi.info\/archives\/1030901\" \/>\n<meta property=\"og:locale\" content=\"en_US\" \/>\n<meta property=\"og:type\" content=\"article\" \/>\n<meta property=\"og:title\" content=\"D\u00eerok, \u00e7and \u00fb folklora geler\u00ee ya Colem\u00earg\u00ea t\u00ea tomarkirin - Darka Maz\u00ee\" \/>\n<meta property=\"og:description\" content=\"Colem\u00earga Bakur\u00ea Kurdistan\u00ea, ji aliy\u00ea \u00e7and, d\u00eerok \u00fb folklora geler\u00ee ya Kurdi ve gelek\u00ee dewlemend e. Bi taybet\u00ee dengb\u00eaj\u00ee ku d\u00eerokeke Kurdan a zind\u00ee ye \u00fb \u00e7\u00eakirina mehf\u00fbr\u00ean Kurd\u00ee ku kevne\u015fopiyeke hezar salan e \u00fb \u00e7\u00eakirina xwarin\u00ean her\u00eam\u00ee t\u00ean tomarkirin \u00fb ar\u015f\u00eevkirin. R\u00eaveber\u00ea Saziya \u00c7and \u00fb Ge\u015ftyariya Colem\u00earg\u00ea \u0130dris Agacanoglu got \u201cColem\u00earg bi pircur\u00ee \u00fb [&hellip;]\" \/>\n<meta property=\"og:url\" content=\"https:\/\/darkamazi.info\/archives\/1030901\" \/>\n<meta property=\"og:site_name\" content=\"Darka Maz\u00ee\" \/>\n<meta property=\"article:publisher\" content=\"https:\/\/www.facebook.com\/DarMaziKurmanci\" \/>\n<meta property=\"article:published_time\" content=\"2022-06-26T07:42:37+00:00\" \/>\n<meta property=\"og:image\" content=\"https:\/\/darkamazi.info\/file\/2022\/06\/colemerg-bakur-kurdistan.jpg\" \/>\n\t<meta property=\"og:image:width\" content=\"900\" \/>\n\t<meta property=\"og:image:height\" content=\"497\" \/>\n\t<meta property=\"og:image:type\" content=\"image\/jpeg\" \/>\n<meta name=\"author\" content=\"darka mazi\" \/>\n<meta name=\"twitter:card\" content=\"summary_large_image\" \/>\n<meta name=\"twitter:creator\" content=\"@DarkaMaziLatini\" \/>\n<meta name=\"twitter:site\" content=\"@DarkaMaziLatini\" \/>\n<meta name=\"twitter:label1\" content=\"Written by\" \/>\n\t<meta name=\"twitter:data1\" content=\"darka mazi\" \/>\n\t<meta name=\"twitter:label2\" content=\"Est. reading time\" \/>\n\t<meta name=\"twitter:data2\" content=\"1 minute\" \/>\n<script type=\"application\/ld+json\" class=\"seo-schema-graph\">{\"@context\":\"https:\\\/\\\/schema.org\",\"@graph\":[{\"@type\":\"Article\",\"@id\":\"https:\\\/\\\/darkamazi.info\\\/archives\\\/1030901#article\",\"isPartOf\":{\"@id\":\"https:\\\/\\\/darkamazi.info\\\/archives\\\/1030901\"},\"author\":{\"name\":\"darka mazi\",\"@id\":\"https:\\\/\\\/darkamazi.info\\\/#\\\/schema\\\/person\\\/5ad3e24553a0567993fa8ed4bd0a776c\"},\"headline\":\"D\u00eerok, \u00e7and \u00fb folklora geler\u00ee ya Colem\u00earg\u00ea t\u00ea tomarkirin\",\"datePublished\":\"2022-06-26T07:42:37+00:00\",\"mainEntityOfPage\":{\"@id\":\"https:\\\/\\\/darkamazi.info\\\/archives\\\/1030901\"},\"wordCount\":103,\"publisher\":{\"@id\":\"https:\\\/\\\/darkamazi.info\\\/#organization\"},\"image\":{\"@id\":\"https:\\\/\\\/darkamazi.info\\\/archives\\\/1030901#primaryimage\"},\"thumbnailUrl\":\"https:\\\/\\\/darkamazi.info\\\/darka-content\\\/uploads\\\/2022\\\/06\\\/colemerg-bakur-kurdistan.jpg\",\"keywords\":[\"sereke\"],\"articleSection\":[\"\u00c7and \u00db Huner\",\"Hemereng\"],\"inLanguage\":\"en-US\"},{\"@type\":\"WebPage\",\"@id\":\"https:\\\/\\\/darkamazi.info\\\/archives\\\/1030901\",\"url\":\"https:\\\/\\\/darkamazi.info\\\/archives\\\/1030901\",\"name\":\"D\u00eerok, \u00e7and \u00fb folklora geler\u00ee ya Colem\u00earg\u00ea t\u00ea tomarkirin - Darka Maz\u00ee\",\"isPartOf\":{\"@id\":\"https:\\\/\\\/darkamazi.info\\\/#website\"},\"primaryImageOfPage\":{\"@id\":\"https:\\\/\\\/darkamazi.info\\\/archives\\\/1030901#primaryimage\"},\"image\":{\"@id\":\"https:\\\/\\\/darkamazi.info\\\/archives\\\/1030901#primaryimage\"},\"thumbnailUrl\":\"https:\\\/\\\/darkamazi.info\\\/darka-content\\\/uploads\\\/2022\\\/06\\\/colemerg-bakur-kurdistan.jpg\",\"datePublished\":\"2022-06-26T07:42:37+00:00\",\"breadcrumb\":{\"@id\":\"https:\\\/\\\/darkamazi.info\\\/archives\\\/1030901#breadcrumb\"},\"inLanguage\":\"en-US\",\"potentialAction\":[{\"@type\":\"ReadAction\",\"target\":[\"https:\\\/\\\/darkamazi.info\\\/archives\\\/1030901\"]}]},{\"@type\":\"ImageObject\",\"inLanguage\":\"en-US\",\"@id\":\"https:\\\/\\\/darkamazi.info\\\/archives\\\/1030901#primaryimage\",\"url\":\"https:\\\/\\\/darkamazi.info\\\/darka-content\\\/uploads\\\/2022\\\/06\\\/colemerg-bakur-kurdistan.jpg\",\"contentUrl\":\"https:\\\/\\\/darkamazi.info\\\/darka-content\\\/uploads\\\/2022\\\/06\\\/colemerg-bakur-kurdistan.jpg\",\"width\":900,\"height\":497,\"caption\":\"D\u00eerok, \u00e7and \u00fb folklora geler\u00ee ya Colem\u00earg\u00ea t\u00ea tomarkirin\"},{\"@type\":\"BreadcrumbList\",\"@id\":\"https:\\\/\\\/darkamazi.info\\\/archives\\\/1030901#breadcrumb\",\"itemListElement\":[{\"@type\":\"ListItem\",\"position\":1,\"name\":\"Home\",\"item\":\"https:\\\/\\\/darkamazi.info\\\/\"},{\"@type\":\"ListItem\",\"position\":2,\"name\":\"D\u00eerok, \u00e7and \u00fb folklora geler\u00ee ya Colem\u00earg\u00ea t\u00ea tomarkirin\"}]},{\"@type\":\"WebSite\",\"@id\":\"https:\\\/\\\/darkamazi.info\\\/#website\",\"url\":\"https:\\\/\\\/darkamazi.info\\\/\",\"name\":\"Darka Maz\u00ee\",\"description\":\"P\u00eageha Zanyariy\u00ean Nebih\u00eest\u00ee\",\"publisher\":{\"@id\":\"https:\\\/\\\/darkamazi.info\\\/#organization\"},\"potentialAction\":[{\"@type\":\"SearchAction\",\"target\":{\"@type\":\"EntryPoint\",\"urlTemplate\":\"https:\\\/\\\/darkamazi.info\\\/?s={search_term_string}\"},\"query-input\":{\"@type\":\"PropertyValueSpecification\",\"valueRequired\":true,\"valueName\":\"search_term_string\"}}],\"inLanguage\":\"en-US\"},{\"@type\":\"Organization\",\"@id\":\"https:\\\/\\\/darkamazi.info\\\/#organization\",\"name\":\"Darka Maz\u00ee\",\"url\":\"https:\\\/\\\/darkamazi.info\\\/\",\"logo\":{\"@type\":\"ImageObject\",\"inLanguage\":\"en-US\",\"@id\":\"https:\\\/\\\/darkamazi.info\\\/#\\\/schema\\\/logo\\\/image\\\/\",\"url\":\"https:\\\/\\\/darkamazi.info\\\/darka-content\\\/uploads\\\/2017\\\/12\\\/darka-mazi-logo.png\",\"contentUrl\":\"https:\\\/\\\/darkamazi.info\\\/darka-content\\\/uploads\\\/2017\\\/12\\\/darka-mazi-logo.png\",\"width\":151,\"height\":75,\"caption\":\"Darka Maz\u00ee\"},\"image\":{\"@id\":\"https:\\\/\\\/darkamazi.info\\\/#\\\/schema\\\/logo\\\/image\\\/\"},\"sameAs\":[\"https:\\\/\\\/www.facebook.com\\\/DarMaziKurmanci\",\"https:\\\/\\\/x.com\\\/DarkaMaziLatini\",\"https:\\\/\\\/www.instagram.com\\\/darkamazi.kurmanci\\\/\",\"https:\\\/\\\/www.youtube.com\\\/channel\\\/UCa5HkTdmI8U1qCUFuTw8B2g\"]},{\"@type\":\"Person\",\"@id\":\"https:\\\/\\\/darkamazi.info\\\/#\\\/schema\\\/person\\\/5ad3e24553a0567993fa8ed4bd0a776c\",\"name\":\"darka mazi\",\"sameAs\":[\"https:\\\/\\\/darkamazi.info\\\/\"],\"url\":\"https:\\\/\\\/darkamazi.info\\\/archives\\\/author\\\/kurdi\"}]}<\/script>\n<!-- \/ Yoast SEO plugin. -->","seo_head_json":{"title":"D\u00eerok, \u00e7and \u00fb folklora geler\u00ee ya Colem\u00earg\u00ea t\u00ea tomarkirin - Darka Maz\u00ee","robots":{"index":"index","follow":"follow","max-snippet":"max-snippet:-1","max-image-preview":"max-image-preview:large","max-video-preview":"max-video-preview:-1"},"canonical":"https:\/\/darkamazi.info\/archives\/1030901","og_locale":"en_US","og_type":"article","og_title":"D\u00eerok, \u00e7and \u00fb folklora geler\u00ee ya Colem\u00earg\u00ea t\u00ea tomarkirin - Darka Maz\u00ee","og_description":"Colem\u00earga Bakur\u00ea Kurdistan\u00ea, ji aliy\u00ea \u00e7and, d\u00eerok \u00fb folklora geler\u00ee ya Kurdi ve gelek\u00ee dewlemend e. Bi taybet\u00ee dengb\u00eaj\u00ee ku d\u00eerokeke Kurdan a zind\u00ee ye \u00fb \u00e7\u00eakirina mehf\u00fbr\u00ean Kurd\u00ee ku kevne\u015fopiyeke hezar salan e \u00fb \u00e7\u00eakirina xwarin\u00ean her\u00eam\u00ee t\u00ean tomarkirin \u00fb ar\u015f\u00eevkirin. R\u00eaveber\u00ea Saziya \u00c7and \u00fb Ge\u015ftyariya Colem\u00earg\u00ea \u0130dris Agacanoglu got \u201cColem\u00earg bi pircur\u00ee \u00fb [&hellip;]","og_url":"https:\/\/darkamazi.info\/archives\/1030901","og_site_name":"Darka Maz\u00ee","article_publisher":"https:\/\/www.facebook.com\/DarMaziKurmanci","article_published_time":"2022-06-26T07:42:37+00:00","og_image":[{"width":900,"height":497,"url":"https:\/\/darkamazi.info\/file\/2022\/06\/colemerg-bakur-kurdistan.jpg","type":"image\/jpeg"}],"author":"darka mazi","twitter_card":"summary_large_image","twitter_creator":"@DarkaMaziLatini","twitter_site":"@DarkaMaziLatini","twitter_misc":{"Written by":"darka mazi","Est. reading time":"1 minute"},"schema":{"@context":"https:\/\/schema.org","@graph":[{"@type":"Article","@id":"https:\/\/darkamazi.info\/archives\/1030901#article","isPartOf":{"@id":"https:\/\/darkamazi.info\/archives\/1030901"},"author":{"name":"darka mazi","@id":"https:\/\/darkamazi.info\/#\/schema\/person\/5ad3e24553a0567993fa8ed4bd0a776c"},"headline":"D\u00eerok, \u00e7and \u00fb folklora geler\u00ee ya Colem\u00earg\u00ea t\u00ea tomarkirin","datePublished":"2022-06-26T07:42:37+00:00","mainEntityOfPage":{"@id":"https:\/\/darkamazi.info\/archives\/1030901"},"wordCount":103,"publisher":{"@id":"https:\/\/darkamazi.info\/#organization"},"image":{"@id":"https:\/\/darkamazi.info\/archives\/1030901#primaryimage"},"thumbnailUrl":"https:\/\/darkamazi.info\/file\/2022\/06\/colemerg-bakur-kurdistan.jpg","keywords":["sereke"],"articleSection":["\u00c7and \u00db Huner","Hemereng"],"inLanguage":"en-US"},{"@type":"WebPage","@id":"https:\/\/darkamazi.info\/archives\/1030901","url":"https:\/\/darkamazi.info\/archives\/1030901","name":"D\u00eerok, \u00e7and \u00fb folklora geler\u00ee ya Colem\u00earg\u00ea t\u00ea tomarkirin - Darka Maz\u00ee","isPartOf":{"@id":"https:\/\/darkamazi.info\/#website"},"primaryImageOfPage":{"@id":"https:\/\/darkamazi.info\/archives\/1030901#primaryimage"},"image":{"@id":"https:\/\/darkamazi.info\/archives\/1030901#primaryimage"},"thumbnailUrl":"https:\/\/darkamazi.info\/file\/2022\/06\/colemerg-bakur-kurdistan.jpg","datePublished":"2022-06-26T07:42:37+00:00","breadcrumb":{"@id":"https:\/\/darkamazi.info\/archives\/1030901#breadcrumb"},"inLanguage":"en-US","potentialAction":[{"@type":"ReadAction","target":["https:\/\/darkamazi.info\/archives\/1030901"]}]},{"@type":"ImageObject","inLanguage":"en-US","@id":"https:\/\/darkamazi.info\/archives\/1030901#primaryimage","url":"https:\/\/darkamazi.info\/file\/2022\/06\/colemerg-bakur-kurdistan.jpg","contentUrl":"https:\/\/darkamazi.info\/file\/2022\/06\/colemerg-bakur-kurdistan.jpg","width":900,"height":497,"caption":"D\u00eerok, \u00e7and \u00fb folklora geler\u00ee ya Colem\u00earg\u00ea t\u00ea tomarkirin"},{"@type":"BreadcrumbList","@id":"https:\/\/darkamazi.info\/archives\/1030901#breadcrumb","itemListElement":[{"@type":"ListItem","position":1,"name":"Home","item":"https:\/\/darkamazi.info\/"},{"@type":"ListItem","position":2,"name":"D\u00eerok, \u00e7and \u00fb folklora geler\u00ee ya Colem\u00earg\u00ea t\u00ea tomarkirin"}]},{"@type":"WebSite","@id":"https:\/\/darkamazi.info\/#website","url":"https:\/\/darkamazi.info\/","name":"Darka Maz\u00ee","description":"P\u00eageha Zanyariy\u00ean Nebih\u00eest\u00ee","publisher":{"@id":"https:\/\/darkamazi.info\/#organization"},"potentialAction":[{"@type":"SearchAction","target":{"@type":"EntryPoint","urlTemplate":"https:\/\/darkamazi.info\/?s={search_term_string}"},"query-input":{"@type":"PropertyValueSpecification","valueRequired":true,"valueName":"search_term_string"}}],"inLanguage":"en-US"},{"@type":"Organization","@id":"https:\/\/darkamazi.info\/#organization","name":"Darka Maz\u00ee","url":"https:\/\/darkamazi.info\/","logo":{"@type":"ImageObject","inLanguage":"en-US","@id":"https:\/\/darkamazi.info\/#\/schema\/logo\/image\/","url":"https:\/\/darkamazi.info\/file\/2017\/12\/darka-mazi-logo.png","contentUrl":"https:\/\/darkamazi.info\/file\/2017\/12\/darka-mazi-logo.png","width":151,"height":75,"caption":"Darka Maz\u00ee"},"image":{"@id":"https:\/\/darkamazi.info\/#\/schema\/logo\/image\/"},"sameAs":["https:\/\/www.facebook.com\/DarMaziKurmanci","https:\/\/x.com\/DarkaMaziLatini","https:\/\/www.instagram.com\/darkamazi.kurmanci\/","https:\/\/www.youtube.com\/channel\/UCa5HkTdmI8U1qCUFuTw8B2g"]},{"@type":"Person","@id":"https:\/\/darkamazi.info\/#\/schema\/person\/5ad3e24553a0567993fa8ed4bd0a776c","name":"darka mazi","sameAs":["https:\/\/darkamazi.info\/"],"url":"https:\/\/darkamazi.info\/archives\/author\/kurdi"}]}},"_links":{"self":[{"href":"https:\/\/darkamazi.info\/funavuv\/wp\/v2\/posts\/1030901","targetHints":{"allow":["GET"]}}],"collection":[{"href":"https:\/\/darkamazi.info\/funavuv\/wp\/v2\/posts"}],"about":[{"href":"https:\/\/darkamazi.info\/funavuv\/wp\/v2\/types\/post"}],"author":[{"embeddable":true,"href":"https:\/\/darkamazi.info\/funavuv\/wp\/v2\/users\/2"}],"replies":[{"embeddable":true,"href":"https:\/\/darkamazi.info\/funavuv\/wp\/v2\/comments?post=1030901"}],"version-history":[{"count":0,"href":"https:\/\/darkamazi.info\/funavuv\/wp\/v2\/posts\/1030901\/revisions"}],"wp:featuredmedia":[{"embeddable":true,"href":"https:\/\/darkamazi.info\/funavuv\/wp\/v2\/media\/1030903"}],"wp:attachment":[{"href":"https:\/\/darkamazi.info\/funavuv\/wp\/v2\/media?parent=1030901"}],"wp:term":[{"taxonomy":"category","embeddable":true,"href":"https:\/\/darkamazi.info\/funavuv\/wp\/v2\/categories?post=1030901"},{"taxonomy":"post_tag","embeddable":true,"href":"https:\/\/darkamazi.info\/funavuv\/wp\/v2\/tags?post=1030901"}],"curies":[{"name":"wp","href":"https:\/\/api.w.org\/{rel}","templated":true}]}}