{"id":1031037,"date":"2022-07-03T14:15:52","date_gmt":"2022-07-03T11:15:52","guid":{"rendered":"https:\/\/darkamazi.info\/?p=1031037"},"modified":"2022-07-03T14:15:52","modified_gmt":"2022-07-03T11:15:52","slug":"deriye-semalka-di-cejna-qurbane-de-de-were-girtin","status":"publish","type":"post","link":"https:\/\/darkamazi.info\/archives\/1031037","title":{"rendered":"Deriy\u00ea S\u00eamalka di Cejna Qurban\u00ea de d\u00ea were girtin"},"content":{"rendered":"<h3 style=\"text-align: justify\"><span style=\"font-family: 'arial black', sans-serif\">Deriy\u00ea S\u00eamalka ya di navbera Rojavay\u00ea Kurdistan\u00ea \u00fb Ba\u015f\u00fbr\u00ea Kurdistan\u00ea de di roj\u00ean Cejna Qurban\u00ea de bi biryara r\u00eaveberiy\u00ea d\u00ea ji \u00e7\u00fbn \u00fb hatin\u00ea re b\u00ea girtin.<\/span><\/h3>\n<h3 style=\"text-align: justify\"><span style=\"font-family: arial, helvetica, sans-serif\">R\u00eaveberiya Deriy\u00ea S\u00eamalka ragihand ku, ji ber hatina Cejna Qurban\u00ea, Deriy\u00ea S\u00eenor\u00ee y\u00ea S\u00eamalkay\u00ea, ji roja P\u00eanc\u015fem\u00ea 7\u00ea T\u00eermeha 2022an heta roja 13\u00ea T\u00eermeha 2022an d\u00ea ji bo kar\u00ean bazirgan\u00ee, ge\u015ftyaran \u00fb r\u00eaxistin\u00ean mirov\u00ee b\u00ea girtin.<\/span><\/h3>\n<h3 style=\"text-align: justify\"><span style=\"font-family: arial, helvetica, sans-serif\">Deriy\u00ea S\u00eamalka di navbera Ba\u015f\u00fbr \u00fb Rojavay\u00ea Kurdistan\u00ea de, di sala 2013an de hatiye vekirin \u00fb r\u00eayeke sereke \u00fb gir\u00eeng e ji bo bazirgan\u00ee, abor\u00ee, \u00e7\u00fbn\u00fbhatina xelk\u00ea \u00fb r\u00eaxistin\u00ean mirov\u00ee y\u00ean ser bi Netewey\u00ean Yekb\u00fby\u00ee ve.<\/span><\/h3>\n<h3 style=\"text-align: justify\"><span style=\"font-family: arial, helvetica, sans-serif\">Bi r\u00eaya Deriy\u00ea S\u00eamalka k\u00eal\u00fbpel\u00ean xwarin\u00ea y\u00ean sereke wek \u015fekir, birinc, ard \u00fb hwd. madey\u00ean avakirin\u00ea \u00e7\u00eemento \u00fb hesin derbas\u00ee Rojavay\u00ea Kurdistan\u00ea dibin, ji aliy\u00ea Rojava ve j\u00ee kes\u00ean ku bi nexwe\u015fiy\u00ean giran ketine derbas\u00ee Ba\u015f\u00fbr\u00ea Kurdistan\u00ea dibin.<\/span><\/h3>\n","protected":false},"excerpt":{"rendered":"<p>Deriy\u00ea S\u00eamalka ya di navbera Rojavay\u00ea Kurdistan\u00ea \u00fb Ba\u015f\u00fbr\u00ea Kurdistan\u00ea de di roj\u00ean Cejna Qurban\u00ea de bi biryara r\u00eaveberiy\u00ea d\u00ea ji \u00e7\u00fbn \u00fb hatin\u00ea re b\u00ea girtin. R\u00eaveberiya Deriy\u00ea S\u00eamalka ragihand ku, ji ber hatina Cejna Qurban\u00ea, Deriy\u00ea S\u00eenor\u00ee y\u00ea S\u00eamalkay\u00ea, ji roja P\u00eanc\u015fem\u00ea 7\u00ea T\u00eermeha 2022an heta roja 13\u00ea T\u00eermeha 2022an d\u00ea ji bo [&hellip;]<\/p>\n","protected":false},"author":2,"featured_media":1031038,"comment_status":"closed","ping_status":"closed","sticky":false,"template":"","format":"standard","meta":{"footnotes":""},"categories":[29],"tags":[37],"class_list":["post-1031037","post","type-post","status-publish","format-standard","has-post-thumbnail","hentry","category-kurdistan","tag-sereke"],"blocksy_meta":[],"seo_head":"<!-- This site is optimized with the Yoast SEO plugin v27.5 - https:\/\/yoast.com\/product\/yoast-seo-wordpress\/ -->\n<title>Deriy\u00ea S\u00eamalka di Cejna Qurban\u00ea de d\u00ea were girtin - Darka Maz\u00ee<\/title>\n<meta name=\"robots\" content=\"index, follow, max-snippet:-1, max-image-preview:large, max-video-preview:-1\" \/>\n<link rel=\"canonical\" href=\"https:\/\/darkamazi.info\/archives\/1031037\" \/>\n<meta property=\"og:locale\" content=\"en_US\" \/>\n<meta property=\"og:type\" content=\"article\" \/>\n<meta property=\"og:title\" content=\"Deriy\u00ea S\u00eamalka di Cejna Qurban\u00ea de d\u00ea were girtin - Darka Maz\u00ee\" \/>\n<meta property=\"og:description\" content=\"Deriy\u00ea S\u00eamalka ya di navbera Rojavay\u00ea Kurdistan\u00ea \u00fb Ba\u015f\u00fbr\u00ea Kurdistan\u00ea de di roj\u00ean Cejna Qurban\u00ea de bi biryara r\u00eaveberiy\u00ea d\u00ea ji \u00e7\u00fbn \u00fb hatin\u00ea re b\u00ea girtin. R\u00eaveberiya Deriy\u00ea S\u00eamalka ragihand ku, ji ber hatina Cejna Qurban\u00ea, Deriy\u00ea S\u00eenor\u00ee y\u00ea S\u00eamalkay\u00ea, ji roja P\u00eanc\u015fem\u00ea 7\u00ea T\u00eermeha 2022an heta roja 13\u00ea T\u00eermeha 2022an d\u00ea ji bo [&hellip;]\" \/>\n<meta property=\"og:url\" content=\"https:\/\/darkamazi.info\/archives\/1031037\" \/>\n<meta property=\"og:site_name\" content=\"Darka Maz\u00ee\" \/>\n<meta property=\"article:publisher\" content=\"https:\/\/www.facebook.com\/DarMaziKurmanci\" \/>\n<meta property=\"article:published_time\" content=\"2022-07-03T11:15:52+00:00\" \/>\n<meta property=\"og:image\" content=\"https:\/\/darkamazi.info\/file\/2022\/07\/Deriye-Semalka-Cejna-girtin.jpg\" \/>\n\t<meta property=\"og:image:width\" content=\"900\" \/>\n\t<meta property=\"og:image:height\" content=\"497\" \/>\n\t<meta property=\"og:image:type\" content=\"image\/jpeg\" \/>\n<meta name=\"author\" content=\"darka mazi\" \/>\n<meta name=\"twitter:card\" content=\"summary_large_image\" \/>\n<meta name=\"twitter:creator\" content=\"@DarkaMaziLatini\" \/>\n<meta name=\"twitter:site\" content=\"@DarkaMaziLatini\" \/>\n<meta name=\"twitter:label1\" content=\"Written by\" \/>\n\t<meta name=\"twitter:data1\" content=\"darka mazi\" \/>\n\t<meta name=\"twitter:label2\" content=\"Est. reading time\" \/>\n\t<meta name=\"twitter:data2\" content=\"1 minute\" \/>\n<script type=\"application\/ld+json\" class=\"seo-schema-graph\">{\"@context\":\"https:\\\/\\\/schema.org\",\"@graph\":[{\"@type\":\"Article\",\"@id\":\"https:\\\/\\\/darkamazi.info\\\/archives\\\/1031037#article\",\"isPartOf\":{\"@id\":\"https:\\\/\\\/darkamazi.info\\\/archives\\\/1031037\"},\"author\":{\"name\":\"darka mazi\",\"@id\":\"https:\\\/\\\/darkamazi.info\\\/#\\\/schema\\\/person\\\/5ad3e24553a0567993fa8ed4bd0a776c\"},\"headline\":\"Deriy\u00ea S\u00eamalka di Cejna Qurban\u00ea de d\u00ea were girtin\",\"datePublished\":\"2022-07-03T11:15:52+00:00\",\"mainEntityOfPage\":{\"@id\":\"https:\\\/\\\/darkamazi.info\\\/archives\\\/1031037\"},\"wordCount\":173,\"publisher\":{\"@id\":\"https:\\\/\\\/darkamazi.info\\\/#organization\"},\"image\":{\"@id\":\"https:\\\/\\\/darkamazi.info\\\/archives\\\/1031037#primaryimage\"},\"thumbnailUrl\":\"https:\\\/\\\/darkamazi.info\\\/darka-content\\\/uploads\\\/2022\\\/07\\\/Deriye-Semalka-Cejna-girtin.jpg\",\"keywords\":[\"sereke\"],\"articleSection\":[\"Kurdistan\"],\"inLanguage\":\"en-US\"},{\"@type\":\"WebPage\",\"@id\":\"https:\\\/\\\/darkamazi.info\\\/archives\\\/1031037\",\"url\":\"https:\\\/\\\/darkamazi.info\\\/archives\\\/1031037\",\"name\":\"Deriy\u00ea S\u00eamalka di Cejna Qurban\u00ea de d\u00ea were girtin - Darka Maz\u00ee\",\"isPartOf\":{\"@id\":\"https:\\\/\\\/darkamazi.info\\\/#website\"},\"primaryImageOfPage\":{\"@id\":\"https:\\\/\\\/darkamazi.info\\\/archives\\\/1031037#primaryimage\"},\"image\":{\"@id\":\"https:\\\/\\\/darkamazi.info\\\/archives\\\/1031037#primaryimage\"},\"thumbnailUrl\":\"https:\\\/\\\/darkamazi.info\\\/darka-content\\\/uploads\\\/2022\\\/07\\\/Deriye-Semalka-Cejna-girtin.jpg\",\"datePublished\":\"2022-07-03T11:15:52+00:00\",\"breadcrumb\":{\"@id\":\"https:\\\/\\\/darkamazi.info\\\/archives\\\/1031037#breadcrumb\"},\"inLanguage\":\"en-US\",\"potentialAction\":[{\"@type\":\"ReadAction\",\"target\":[\"https:\\\/\\\/darkamazi.info\\\/archives\\\/1031037\"]}]},{\"@type\":\"ImageObject\",\"inLanguage\":\"en-US\",\"@id\":\"https:\\\/\\\/darkamazi.info\\\/archives\\\/1031037#primaryimage\",\"url\":\"https:\\\/\\\/darkamazi.info\\\/darka-content\\\/uploads\\\/2022\\\/07\\\/Deriye-Semalka-Cejna-girtin.jpg\",\"contentUrl\":\"https:\\\/\\\/darkamazi.info\\\/darka-content\\\/uploads\\\/2022\\\/07\\\/Deriye-Semalka-Cejna-girtin.jpg\",\"width\":900,\"height\":497,\"caption\":\"Deriy\u00ea S\u00eamalka di Cejna Qurban\u00ea de d\u00ea were girtin Deriy\u00ea S\u00eamalka ya di navbera Rojavay\u00ea Kurdistan\u00ea \u00fb Ba\u015f\u00fbr\u00ea Kurdistan\u00ea de di roj\u00ean Cejna Qurban\u00ea de bi biryara r\u00eaveberiy\u00ea d\u00ea ji \u00e7\u00fbn \u00fb hatin\u00ea re b\u00ea girtin. R\u00eaveberiya Deriy\u00ea S\u00eamalka ragihand ku, ji ber hatina Cejna Qurban\u00ea, Deriy\u00ea S\u00eenor\u00ee y\u00ea S\u00eamalkay\u00ea, ji roja P\u00eanc\u015fem\u00ea 7\u00ea T\u00eermeha 2022an heta roja 13\u00ea T\u00eermeha 2022an d\u00ea ji bo kar\u00ean bazirgan\u00ee, ge\u015ftyaran \u00fb r\u00eaxistin\u00ean mirov\u00ee b\u00ea girtin. Deriy\u00ea S\u00eamalka di navbera Ba\u015f\u00fbr \u00fb Rojavay\u00ea Kurdistan\u00ea de, di sala 2013an de hatiye vekirin \u00fb r\u00eayeke sereke \u00fb gir\u00eeng e ji bo bazirgan\u00ee, abor\u00ee, \u00e7\u00fbn\u00fbhatina xelk\u00ea \u00fb r\u00eaxistin\u00ean mirov\u00ee y\u00ean ser bi Netewey\u00ean Yekb\u00fby\u00ee ve. Bi r\u00eaya Deriy\u00ea S\u00eamalka k\u00eal\u00fbpel\u00ean xwarin\u00ea y\u00ean sereke wek \u015fekir, birinc, ard \u00fb hwd. madey\u00ean avakirin\u00ea \u00e7\u00eemento \u00fb hesin derbas\u00ee Rojavay\u00ea Kurdistan\u00ea dibin, ji aliy\u00ea Rojava ve j\u00ee kes\u00ean ku bi nexwe\u015fiy\u00ean giran ketine derbas\u00ee Ba\u015f\u00fbr\u00ea Kurdistan\u00ea dibin.\"},{\"@type\":\"BreadcrumbList\",\"@id\":\"https:\\\/\\\/darkamazi.info\\\/archives\\\/1031037#breadcrumb\",\"itemListElement\":[{\"@type\":\"ListItem\",\"position\":1,\"name\":\"Home\",\"item\":\"https:\\\/\\\/darkamazi.info\\\/\"},{\"@type\":\"ListItem\",\"position\":2,\"name\":\"Deriy\u00ea S\u00eamalka di Cejna Qurban\u00ea de d\u00ea were girtin\"}]},{\"@type\":\"WebSite\",\"@id\":\"https:\\\/\\\/darkamazi.info\\\/#website\",\"url\":\"https:\\\/\\\/darkamazi.info\\\/\",\"name\":\"Darka Maz\u00ee\",\"description\":\"P\u00eageha Zanyariy\u00ean Nebih\u00eest\u00ee\",\"publisher\":{\"@id\":\"https:\\\/\\\/darkamazi.info\\\/#organization\"},\"potentialAction\":[{\"@type\":\"SearchAction\",\"target\":{\"@type\":\"EntryPoint\",\"urlTemplate\":\"https:\\\/\\\/darkamazi.info\\\/?s={search_term_string}\"},\"query-input\":{\"@type\":\"PropertyValueSpecification\",\"valueRequired\":true,\"valueName\":\"search_term_string\"}}],\"inLanguage\":\"en-US\"},{\"@type\":\"Organization\",\"@id\":\"https:\\\/\\\/darkamazi.info\\\/#organization\",\"name\":\"Darka Maz\u00ee\",\"url\":\"https:\\\/\\\/darkamazi.info\\\/\",\"logo\":{\"@type\":\"ImageObject\",\"inLanguage\":\"en-US\",\"@id\":\"https:\\\/\\\/darkamazi.info\\\/#\\\/schema\\\/logo\\\/image\\\/\",\"url\":\"https:\\\/\\\/darkamazi.info\\\/darka-content\\\/uploads\\\/2017\\\/12\\\/darka-mazi-logo.png\",\"contentUrl\":\"https:\\\/\\\/darkamazi.info\\\/darka-content\\\/uploads\\\/2017\\\/12\\\/darka-mazi-logo.png\",\"width\":151,\"height\":75,\"caption\":\"Darka Maz\u00ee\"},\"image\":{\"@id\":\"https:\\\/\\\/darkamazi.info\\\/#\\\/schema\\\/logo\\\/image\\\/\"},\"sameAs\":[\"https:\\\/\\\/www.facebook.com\\\/DarMaziKurmanci\",\"https:\\\/\\\/x.com\\\/DarkaMaziLatini\",\"https:\\\/\\\/www.instagram.com\\\/darkamazi.kurmanci\\\/\",\"https:\\\/\\\/www.youtube.com\\\/channel\\\/UCa5HkTdmI8U1qCUFuTw8B2g\"]},{\"@type\":\"Person\",\"@id\":\"https:\\\/\\\/darkamazi.info\\\/#\\\/schema\\\/person\\\/5ad3e24553a0567993fa8ed4bd0a776c\",\"name\":\"darka mazi\",\"sameAs\":[\"https:\\\/\\\/darkamazi.info\\\/\"],\"url\":\"https:\\\/\\\/darkamazi.info\\\/archives\\\/author\\\/kurdi\"}]}<\/script>\n<!-- \/ Yoast SEO plugin. -->","seo_head_json":{"title":"Deriy\u00ea S\u00eamalka di Cejna Qurban\u00ea de d\u00ea were girtin - Darka Maz\u00ee","robots":{"index":"index","follow":"follow","max-snippet":"max-snippet:-1","max-image-preview":"max-image-preview:large","max-video-preview":"max-video-preview:-1"},"canonical":"https:\/\/darkamazi.info\/archives\/1031037","og_locale":"en_US","og_type":"article","og_title":"Deriy\u00ea S\u00eamalka di Cejna Qurban\u00ea de d\u00ea were girtin - Darka Maz\u00ee","og_description":"Deriy\u00ea S\u00eamalka ya di navbera Rojavay\u00ea Kurdistan\u00ea \u00fb Ba\u015f\u00fbr\u00ea Kurdistan\u00ea de di roj\u00ean Cejna Qurban\u00ea de bi biryara r\u00eaveberiy\u00ea d\u00ea ji \u00e7\u00fbn \u00fb hatin\u00ea re b\u00ea girtin. R\u00eaveberiya Deriy\u00ea S\u00eamalka ragihand ku, ji ber hatina Cejna Qurban\u00ea, Deriy\u00ea S\u00eenor\u00ee y\u00ea S\u00eamalkay\u00ea, ji roja P\u00eanc\u015fem\u00ea 7\u00ea T\u00eermeha 2022an heta roja 13\u00ea T\u00eermeha 2022an d\u00ea ji bo [&hellip;]","og_url":"https:\/\/darkamazi.info\/archives\/1031037","og_site_name":"Darka Maz\u00ee","article_publisher":"https:\/\/www.facebook.com\/DarMaziKurmanci","article_published_time":"2022-07-03T11:15:52+00:00","og_image":[{"width":900,"height":497,"url":"https:\/\/darkamazi.info\/file\/2022\/07\/Deriye-Semalka-Cejna-girtin.jpg","type":"image\/jpeg"}],"author":"darka mazi","twitter_card":"summary_large_image","twitter_creator":"@DarkaMaziLatini","twitter_site":"@DarkaMaziLatini","twitter_misc":{"Written by":"darka mazi","Est. reading time":"1 minute"},"schema":{"@context":"https:\/\/schema.org","@graph":[{"@type":"Article","@id":"https:\/\/darkamazi.info\/archives\/1031037#article","isPartOf":{"@id":"https:\/\/darkamazi.info\/archives\/1031037"},"author":{"name":"darka mazi","@id":"https:\/\/darkamazi.info\/#\/schema\/person\/5ad3e24553a0567993fa8ed4bd0a776c"},"headline":"Deriy\u00ea S\u00eamalka di Cejna Qurban\u00ea de d\u00ea were girtin","datePublished":"2022-07-03T11:15:52+00:00","mainEntityOfPage":{"@id":"https:\/\/darkamazi.info\/archives\/1031037"},"wordCount":173,"publisher":{"@id":"https:\/\/darkamazi.info\/#organization"},"image":{"@id":"https:\/\/darkamazi.info\/archives\/1031037#primaryimage"},"thumbnailUrl":"https:\/\/darkamazi.info\/file\/2022\/07\/Deriye-Semalka-Cejna-girtin.jpg","keywords":["sereke"],"articleSection":["Kurdistan"],"inLanguage":"en-US"},{"@type":"WebPage","@id":"https:\/\/darkamazi.info\/archives\/1031037","url":"https:\/\/darkamazi.info\/archives\/1031037","name":"Deriy\u00ea S\u00eamalka di Cejna Qurban\u00ea de d\u00ea were girtin - Darka Maz\u00ee","isPartOf":{"@id":"https:\/\/darkamazi.info\/#website"},"primaryImageOfPage":{"@id":"https:\/\/darkamazi.info\/archives\/1031037#primaryimage"},"image":{"@id":"https:\/\/darkamazi.info\/archives\/1031037#primaryimage"},"thumbnailUrl":"https:\/\/darkamazi.info\/file\/2022\/07\/Deriye-Semalka-Cejna-girtin.jpg","datePublished":"2022-07-03T11:15:52+00:00","breadcrumb":{"@id":"https:\/\/darkamazi.info\/archives\/1031037#breadcrumb"},"inLanguage":"en-US","potentialAction":[{"@type":"ReadAction","target":["https:\/\/darkamazi.info\/archives\/1031037"]}]},{"@type":"ImageObject","inLanguage":"en-US","@id":"https:\/\/darkamazi.info\/archives\/1031037#primaryimage","url":"https:\/\/darkamazi.info\/file\/2022\/07\/Deriye-Semalka-Cejna-girtin.jpg","contentUrl":"https:\/\/darkamazi.info\/file\/2022\/07\/Deriye-Semalka-Cejna-girtin.jpg","width":900,"height":497,"caption":"Deriy\u00ea S\u00eamalka di Cejna Qurban\u00ea de d\u00ea were girtin Deriy\u00ea S\u00eamalka ya di navbera Rojavay\u00ea Kurdistan\u00ea \u00fb Ba\u015f\u00fbr\u00ea Kurdistan\u00ea de di roj\u00ean Cejna Qurban\u00ea de bi biryara r\u00eaveberiy\u00ea d\u00ea ji \u00e7\u00fbn \u00fb hatin\u00ea re b\u00ea girtin. R\u00eaveberiya Deriy\u00ea S\u00eamalka ragihand ku, ji ber hatina Cejna Qurban\u00ea, Deriy\u00ea S\u00eenor\u00ee y\u00ea S\u00eamalkay\u00ea, ji roja P\u00eanc\u015fem\u00ea 7\u00ea T\u00eermeha 2022an heta roja 13\u00ea T\u00eermeha 2022an d\u00ea ji bo kar\u00ean bazirgan\u00ee, ge\u015ftyaran \u00fb r\u00eaxistin\u00ean mirov\u00ee b\u00ea girtin. Deriy\u00ea S\u00eamalka di navbera Ba\u015f\u00fbr \u00fb Rojavay\u00ea Kurdistan\u00ea de, di sala 2013an de hatiye vekirin \u00fb r\u00eayeke sereke \u00fb gir\u00eeng e ji bo bazirgan\u00ee, abor\u00ee, \u00e7\u00fbn\u00fbhatina xelk\u00ea \u00fb r\u00eaxistin\u00ean mirov\u00ee y\u00ean ser bi Netewey\u00ean Yekb\u00fby\u00ee ve. Bi r\u00eaya Deriy\u00ea S\u00eamalka k\u00eal\u00fbpel\u00ean xwarin\u00ea y\u00ean sereke wek \u015fekir, birinc, ard \u00fb hwd. madey\u00ean avakirin\u00ea \u00e7\u00eemento \u00fb hesin derbas\u00ee Rojavay\u00ea Kurdistan\u00ea dibin, ji aliy\u00ea Rojava ve j\u00ee kes\u00ean ku bi nexwe\u015fiy\u00ean giran ketine derbas\u00ee Ba\u015f\u00fbr\u00ea Kurdistan\u00ea dibin."},{"@type":"BreadcrumbList","@id":"https:\/\/darkamazi.info\/archives\/1031037#breadcrumb","itemListElement":[{"@type":"ListItem","position":1,"name":"Home","item":"https:\/\/darkamazi.info\/"},{"@type":"ListItem","position":2,"name":"Deriy\u00ea S\u00eamalka di Cejna Qurban\u00ea de d\u00ea were girtin"}]},{"@type":"WebSite","@id":"https:\/\/darkamazi.info\/#website","url":"https:\/\/darkamazi.info\/","name":"Darka Maz\u00ee","description":"P\u00eageha Zanyariy\u00ean Nebih\u00eest\u00ee","publisher":{"@id":"https:\/\/darkamazi.info\/#organization"},"potentialAction":[{"@type":"SearchAction","target":{"@type":"EntryPoint","urlTemplate":"https:\/\/darkamazi.info\/?s={search_term_string}"},"query-input":{"@type":"PropertyValueSpecification","valueRequired":true,"valueName":"search_term_string"}}],"inLanguage":"en-US"},{"@type":"Organization","@id":"https:\/\/darkamazi.info\/#organization","name":"Darka Maz\u00ee","url":"https:\/\/darkamazi.info\/","logo":{"@type":"ImageObject","inLanguage":"en-US","@id":"https:\/\/darkamazi.info\/#\/schema\/logo\/image\/","url":"https:\/\/darkamazi.info\/file\/2017\/12\/darka-mazi-logo.png","contentUrl":"https:\/\/darkamazi.info\/file\/2017\/12\/darka-mazi-logo.png","width":151,"height":75,"caption":"Darka Maz\u00ee"},"image":{"@id":"https:\/\/darkamazi.info\/#\/schema\/logo\/image\/"},"sameAs":["https:\/\/www.facebook.com\/DarMaziKurmanci","https:\/\/x.com\/DarkaMaziLatini","https:\/\/www.instagram.com\/darkamazi.kurmanci\/","https:\/\/www.youtube.com\/channel\/UCa5HkTdmI8U1qCUFuTw8B2g"]},{"@type":"Person","@id":"https:\/\/darkamazi.info\/#\/schema\/person\/5ad3e24553a0567993fa8ed4bd0a776c","name":"darka mazi","sameAs":["https:\/\/darkamazi.info\/"],"url":"https:\/\/darkamazi.info\/archives\/author\/kurdi"}]}},"_links":{"self":[{"href":"https:\/\/darkamazi.info\/funavuv\/wp\/v2\/posts\/1031037","targetHints":{"allow":["GET"]}}],"collection":[{"href":"https:\/\/darkamazi.info\/funavuv\/wp\/v2\/posts"}],"about":[{"href":"https:\/\/darkamazi.info\/funavuv\/wp\/v2\/types\/post"}],"author":[{"embeddable":true,"href":"https:\/\/darkamazi.info\/funavuv\/wp\/v2\/users\/2"}],"replies":[{"embeddable":true,"href":"https:\/\/darkamazi.info\/funavuv\/wp\/v2\/comments?post=1031037"}],"version-history":[{"count":0,"href":"https:\/\/darkamazi.info\/funavuv\/wp\/v2\/posts\/1031037\/revisions"}],"wp:featuredmedia":[{"embeddable":true,"href":"https:\/\/darkamazi.info\/funavuv\/wp\/v2\/media\/1031038"}],"wp:attachment":[{"href":"https:\/\/darkamazi.info\/funavuv\/wp\/v2\/media?parent=1031037"}],"wp:term":[{"taxonomy":"category","embeddable":true,"href":"https:\/\/darkamazi.info\/funavuv\/wp\/v2\/categories?post=1031037"},{"taxonomy":"post_tag","embeddable":true,"href":"https:\/\/darkamazi.info\/funavuv\/wp\/v2\/tags?post=1031037"}],"curies":[{"name":"wp","href":"https:\/\/api.w.org\/{rel}","templated":true}]}}