{"id":1031043,"date":"2022-07-03T19:48:01","date_gmt":"2022-07-03T16:48:01","guid":{"rendered":"https:\/\/darkamazi.info\/?p=1031043"},"modified":"2022-07-03T19:48:01","modified_gmt":"2022-07-03T16:48:01","slug":"babacan-nabe-hdp-li-derve-were-histin","status":"publish","type":"post","link":"https:\/\/darkamazi.info\/archives\/1031043","title":{"rendered":"Babacan: Nabe HDP li derve were h\u00ee\u015ftin"},"content":{"rendered":"<h3 style=\"text-align: justify\"><span style=\"font-family: 'arial black', sans-serif\">Serok\u00ea Gi\u015ft\u00ee y\u00ea Partiya DEVA dib\u00eaje, p\u00eaw\u00eest e namzed\u00ea aliy\u00ea dijber\u00ea kesek be, di gera yekem de were hilbijartin \u00fb nabe HDP li derve were h\u00ee\u015ftin.<\/span><\/h3>\n<h3 style=\"text-align: justify\">Serok\u00ea Gi\u015ft\u00ee y\u00ea Partiya Deva El\u00ee Babacan da xuyakirin, armanca wan ew e ku namzedek\u00ee diyar bikin ku di gera yekem ya hilbijartin\u00ea de were hilbijartin, eger na, her part\u00ee dikare namzed\u00ea xwe destn\u00ee\u015fan bike.<\/h3>\n<h3 style=\"text-align: justify\">Babacan got, pi\u015ft\u00ee guhertina desthilat\u00ea, bi away\u00ea yasay\u00ee nebe j\u00ee, bi kirdar\u00ee div\u00ea s\u00eestema parlamenter\u00ee were dan\u00een.<\/h3>\n<h3 style=\"text-align: justify\">Babacan bal ki\u015fand li ser gir\u00eengiya HDP\u00ea \u00fb got, heta niha bi HDP\u00ea re p\u00eawendiya wan ya rasterast n\u00eene, l\u00ea bel\u00ea nabe HDP li derve were h\u00ee\u015ftin.<\/h3>\n<h3 style=\"text-align: justify\">Ev yek di demek\u00ea de ye, serok\u00ean \u015fe\u015f partiy\u00ean dijbere \u00eero careke din dicivin. Di civ\u00eena p\u00eancem\u00een ya wan aliyan de, naye \u00e7aver\u00eakirin namzed\u00ea hevbe\u015f bo Serokomariy\u00ea were destn\u00ee\u015fankirin.<\/h3>\n<h3 style=\"text-align: justify\">Serok\u00ean Gi\u015ft\u00ee y\u00ean Partiy\u00ean dijbere Kemal Kilicdaroglu, Meral Ak\u015fener, El\u00ee Babacan, Ehmed Davutoglulu, Temel Karamollaoglu \u00fb Gultek\u00een Uysal bo cara p\u00eancan \u00eero dicivin. Serokan nav\u00ea civ\u00een\u00ea kirine, L\u00fbtkeya S\u00eayem ya Mustafa Kemal.<\/h3>\n<h3 style=\"text-align: justify\">Li gor agahiyan, naye \u00e7aver\u00eakirin namzet\u00ea Serokomariy\u00ea were diyarkirin, ligor agahiyan, namzed meha Tebax\u00ea d\u00ea were diyarkirin.<\/h3>\n<h3 style=\"text-align: justify\">Ji aliy\u00ea xwe ve j\u00ee, HDP rexney\u00ean tund li partiy\u00ean dijbere digre ku helwesta wan derbar\u00ee \u00e7areseriya pirsa Kurd de diyar nakin. Eger partiy\u00ean dijbere helwesta xwe neguher\u00eenin, div\u00ea daxwaza pi\u015ftevaniy\u00ea ji wan nekin.<\/h3>\n","protected":false},"excerpt":{"rendered":"<p>Serok\u00ea Gi\u015ft\u00ee y\u00ea Partiya DEVA dib\u00eaje, p\u00eaw\u00eest e namzed\u00ea aliy\u00ea dijber\u00ea kesek be, di gera yekem de were hilbijartin \u00fb nabe HDP li derve were h\u00ee\u015ftin. Serok\u00ea Gi\u015ft\u00ee y\u00ea Partiya Deva El\u00ee Babacan da xuyakirin, armanca wan ew e ku namzedek\u00ee diyar bikin ku di gera yekem ya hilbijartin\u00ea de were hilbijartin, eger na, her [&hellip;]<\/p>\n","protected":false},"author":2,"featured_media":1031044,"comment_status":"closed","ping_status":"closed","sticky":false,"template":"","format":"standard","meta":{"footnotes":""},"categories":[31],"tags":[37],"class_list":["post-1031043","post","type-post","status-publish","format-standard","has-post-thumbnail","hentry","category-rojhelata-navin","tag-sereke"],"blocksy_meta":[],"seo_head":"<!-- This site is optimized with the Yoast SEO plugin v27.5 - https:\/\/yoast.com\/product\/yoast-seo-wordpress\/ -->\n<title>Babacan: Nabe HDP li derve were h\u00ee\u015ftin - Darka Maz\u00ee<\/title>\n<meta name=\"robots\" content=\"index, follow, max-snippet:-1, max-image-preview:large, max-video-preview:-1\" \/>\n<link rel=\"canonical\" href=\"https:\/\/darkamazi.info\/archives\/1031043\" \/>\n<meta property=\"og:locale\" content=\"en_US\" \/>\n<meta property=\"og:type\" content=\"article\" \/>\n<meta property=\"og:title\" content=\"Babacan: Nabe HDP li derve were h\u00ee\u015ftin - Darka Maz\u00ee\" \/>\n<meta property=\"og:description\" content=\"Serok\u00ea Gi\u015ft\u00ee y\u00ea Partiya DEVA dib\u00eaje, p\u00eaw\u00eest e namzed\u00ea aliy\u00ea dijber\u00ea kesek be, di gera yekem de were hilbijartin \u00fb nabe HDP li derve were h\u00ee\u015ftin. Serok\u00ea Gi\u015ft\u00ee y\u00ea Partiya Deva El\u00ee Babacan da xuyakirin, armanca wan ew e ku namzedek\u00ee diyar bikin ku di gera yekem ya hilbijartin\u00ea de were hilbijartin, eger na, her [&hellip;]\" \/>\n<meta property=\"og:url\" content=\"https:\/\/darkamazi.info\/archives\/1031043\" \/>\n<meta property=\"og:site_name\" content=\"Darka Maz\u00ee\" \/>\n<meta property=\"article:publisher\" content=\"https:\/\/www.facebook.com\/DarMaziKurmanci\" \/>\n<meta property=\"article:published_time\" content=\"2022-07-03T16:48:01+00:00\" \/>\n<meta property=\"og:image\" content=\"https:\/\/darkamazi.info\/file\/2022\/07\/ali-babacan.jpg\" \/>\n\t<meta property=\"og:image:width\" content=\"900\" \/>\n\t<meta property=\"og:image:height\" content=\"497\" \/>\n\t<meta property=\"og:image:type\" content=\"image\/jpeg\" \/>\n<meta name=\"author\" content=\"darka mazi\" \/>\n<meta name=\"twitter:card\" content=\"summary_large_image\" \/>\n<meta name=\"twitter:creator\" content=\"@DarkaMaziLatini\" \/>\n<meta name=\"twitter:site\" content=\"@DarkaMaziLatini\" \/>\n<meta name=\"twitter:label1\" content=\"Written by\" \/>\n\t<meta name=\"twitter:data1\" content=\"darka mazi\" \/>\n\t<meta name=\"twitter:label2\" content=\"Est. reading time\" \/>\n\t<meta name=\"twitter:data2\" content=\"1 minute\" \/>\n<script type=\"application\/ld+json\" class=\"seo-schema-graph\">{\"@context\":\"https:\\\/\\\/schema.org\",\"@graph\":[{\"@type\":\"Article\",\"@id\":\"https:\\\/\\\/darkamazi.info\\\/archives\\\/1031043#article\",\"isPartOf\":{\"@id\":\"https:\\\/\\\/darkamazi.info\\\/archives\\\/1031043\"},\"author\":{\"name\":\"darka mazi\",\"@id\":\"https:\\\/\\\/darkamazi.info\\\/#\\\/schema\\\/person\\\/5ad3e24553a0567993fa8ed4bd0a776c\"},\"headline\":\"Babacan: Nabe HDP li derve were h\u00ee\u015ftin\",\"datePublished\":\"2022-07-03T16:48:01+00:00\",\"mainEntityOfPage\":{\"@id\":\"https:\\\/\\\/darkamazi.info\\\/archives\\\/1031043\"},\"wordCount\":260,\"publisher\":{\"@id\":\"https:\\\/\\\/darkamazi.info\\\/#organization\"},\"image\":{\"@id\":\"https:\\\/\\\/darkamazi.info\\\/archives\\\/1031043#primaryimage\"},\"thumbnailUrl\":\"https:\\\/\\\/darkamazi.info\\\/darka-content\\\/uploads\\\/2022\\\/07\\\/ali-babacan.jpg\",\"keywords\":[\"sereke\"],\"articleSection\":[\"Rojhelata nav\u00een\"],\"inLanguage\":\"en-US\"},{\"@type\":\"WebPage\",\"@id\":\"https:\\\/\\\/darkamazi.info\\\/archives\\\/1031043\",\"url\":\"https:\\\/\\\/darkamazi.info\\\/archives\\\/1031043\",\"name\":\"Babacan: Nabe HDP li derve were h\u00ee\u015ftin - Darka Maz\u00ee\",\"isPartOf\":{\"@id\":\"https:\\\/\\\/darkamazi.info\\\/#website\"},\"primaryImageOfPage\":{\"@id\":\"https:\\\/\\\/darkamazi.info\\\/archives\\\/1031043#primaryimage\"},\"image\":{\"@id\":\"https:\\\/\\\/darkamazi.info\\\/archives\\\/1031043#primaryimage\"},\"thumbnailUrl\":\"https:\\\/\\\/darkamazi.info\\\/darka-content\\\/uploads\\\/2022\\\/07\\\/ali-babacan.jpg\",\"datePublished\":\"2022-07-03T16:48:01+00:00\",\"breadcrumb\":{\"@id\":\"https:\\\/\\\/darkamazi.info\\\/archives\\\/1031043#breadcrumb\"},\"inLanguage\":\"en-US\",\"potentialAction\":[{\"@type\":\"ReadAction\",\"target\":[\"https:\\\/\\\/darkamazi.info\\\/archives\\\/1031043\"]}]},{\"@type\":\"ImageObject\",\"inLanguage\":\"en-US\",\"@id\":\"https:\\\/\\\/darkamazi.info\\\/archives\\\/1031043#primaryimage\",\"url\":\"https:\\\/\\\/darkamazi.info\\\/darka-content\\\/uploads\\\/2022\\\/07\\\/ali-babacan.jpg\",\"contentUrl\":\"https:\\\/\\\/darkamazi.info\\\/darka-content\\\/uploads\\\/2022\\\/07\\\/ali-babacan.jpg\",\"width\":900,\"height\":497,\"caption\":\"Babacan: Nabe HDP li derve were h\u00ee\u015ftin\"},{\"@type\":\"BreadcrumbList\",\"@id\":\"https:\\\/\\\/darkamazi.info\\\/archives\\\/1031043#breadcrumb\",\"itemListElement\":[{\"@type\":\"ListItem\",\"position\":1,\"name\":\"Home\",\"item\":\"https:\\\/\\\/darkamazi.info\\\/\"},{\"@type\":\"ListItem\",\"position\":2,\"name\":\"Babacan: Nabe HDP li derve were h\u00ee\u015ftin\"}]},{\"@type\":\"WebSite\",\"@id\":\"https:\\\/\\\/darkamazi.info\\\/#website\",\"url\":\"https:\\\/\\\/darkamazi.info\\\/\",\"name\":\"Darka Maz\u00ee\",\"description\":\"P\u00eageha Zanyariy\u00ean Nebih\u00eest\u00ee\",\"publisher\":{\"@id\":\"https:\\\/\\\/darkamazi.info\\\/#organization\"},\"potentialAction\":[{\"@type\":\"SearchAction\",\"target\":{\"@type\":\"EntryPoint\",\"urlTemplate\":\"https:\\\/\\\/darkamazi.info\\\/?s={search_term_string}\"},\"query-input\":{\"@type\":\"PropertyValueSpecification\",\"valueRequired\":true,\"valueName\":\"search_term_string\"}}],\"inLanguage\":\"en-US\"},{\"@type\":\"Organization\",\"@id\":\"https:\\\/\\\/darkamazi.info\\\/#organization\",\"name\":\"Darka Maz\u00ee\",\"url\":\"https:\\\/\\\/darkamazi.info\\\/\",\"logo\":{\"@type\":\"ImageObject\",\"inLanguage\":\"en-US\",\"@id\":\"https:\\\/\\\/darkamazi.info\\\/#\\\/schema\\\/logo\\\/image\\\/\",\"url\":\"https:\\\/\\\/darkamazi.info\\\/darka-content\\\/uploads\\\/2017\\\/12\\\/darka-mazi-logo.png\",\"contentUrl\":\"https:\\\/\\\/darkamazi.info\\\/darka-content\\\/uploads\\\/2017\\\/12\\\/darka-mazi-logo.png\",\"width\":151,\"height\":75,\"caption\":\"Darka Maz\u00ee\"},\"image\":{\"@id\":\"https:\\\/\\\/darkamazi.info\\\/#\\\/schema\\\/logo\\\/image\\\/\"},\"sameAs\":[\"https:\\\/\\\/www.facebook.com\\\/DarMaziKurmanci\",\"https:\\\/\\\/x.com\\\/DarkaMaziLatini\",\"https:\\\/\\\/www.instagram.com\\\/darkamazi.kurmanci\\\/\",\"https:\\\/\\\/www.youtube.com\\\/channel\\\/UCa5HkTdmI8U1qCUFuTw8B2g\"]},{\"@type\":\"Person\",\"@id\":\"https:\\\/\\\/darkamazi.info\\\/#\\\/schema\\\/person\\\/5ad3e24553a0567993fa8ed4bd0a776c\",\"name\":\"darka mazi\",\"sameAs\":[\"https:\\\/\\\/darkamazi.info\\\/\"],\"url\":\"https:\\\/\\\/darkamazi.info\\\/archives\\\/author\\\/kurdi\"}]}<\/script>\n<!-- \/ Yoast SEO plugin. -->","seo_head_json":{"title":"Babacan: Nabe HDP li derve were h\u00ee\u015ftin - Darka Maz\u00ee","robots":{"index":"index","follow":"follow","max-snippet":"max-snippet:-1","max-image-preview":"max-image-preview:large","max-video-preview":"max-video-preview:-1"},"canonical":"https:\/\/darkamazi.info\/archives\/1031043","og_locale":"en_US","og_type":"article","og_title":"Babacan: Nabe HDP li derve were h\u00ee\u015ftin - Darka Maz\u00ee","og_description":"Serok\u00ea Gi\u015ft\u00ee y\u00ea Partiya DEVA dib\u00eaje, p\u00eaw\u00eest e namzed\u00ea aliy\u00ea dijber\u00ea kesek be, di gera yekem de were hilbijartin \u00fb nabe HDP li derve were h\u00ee\u015ftin. Serok\u00ea Gi\u015ft\u00ee y\u00ea Partiya Deva El\u00ee Babacan da xuyakirin, armanca wan ew e ku namzedek\u00ee diyar bikin ku di gera yekem ya hilbijartin\u00ea de were hilbijartin, eger na, her [&hellip;]","og_url":"https:\/\/darkamazi.info\/archives\/1031043","og_site_name":"Darka Maz\u00ee","article_publisher":"https:\/\/www.facebook.com\/DarMaziKurmanci","article_published_time":"2022-07-03T16:48:01+00:00","og_image":[{"width":900,"height":497,"url":"https:\/\/darkamazi.info\/file\/2022\/07\/ali-babacan.jpg","type":"image\/jpeg"}],"author":"darka mazi","twitter_card":"summary_large_image","twitter_creator":"@DarkaMaziLatini","twitter_site":"@DarkaMaziLatini","twitter_misc":{"Written by":"darka mazi","Est. reading time":"1 minute"},"schema":{"@context":"https:\/\/schema.org","@graph":[{"@type":"Article","@id":"https:\/\/darkamazi.info\/archives\/1031043#article","isPartOf":{"@id":"https:\/\/darkamazi.info\/archives\/1031043"},"author":{"name":"darka mazi","@id":"https:\/\/darkamazi.info\/#\/schema\/person\/5ad3e24553a0567993fa8ed4bd0a776c"},"headline":"Babacan: Nabe HDP li derve were h\u00ee\u015ftin","datePublished":"2022-07-03T16:48:01+00:00","mainEntityOfPage":{"@id":"https:\/\/darkamazi.info\/archives\/1031043"},"wordCount":260,"publisher":{"@id":"https:\/\/darkamazi.info\/#organization"},"image":{"@id":"https:\/\/darkamazi.info\/archives\/1031043#primaryimage"},"thumbnailUrl":"https:\/\/darkamazi.info\/file\/2022\/07\/ali-babacan.jpg","keywords":["sereke"],"articleSection":["Rojhelata nav\u00een"],"inLanguage":"en-US"},{"@type":"WebPage","@id":"https:\/\/darkamazi.info\/archives\/1031043","url":"https:\/\/darkamazi.info\/archives\/1031043","name":"Babacan: Nabe HDP li derve were h\u00ee\u015ftin - Darka Maz\u00ee","isPartOf":{"@id":"https:\/\/darkamazi.info\/#website"},"primaryImageOfPage":{"@id":"https:\/\/darkamazi.info\/archives\/1031043#primaryimage"},"image":{"@id":"https:\/\/darkamazi.info\/archives\/1031043#primaryimage"},"thumbnailUrl":"https:\/\/darkamazi.info\/file\/2022\/07\/ali-babacan.jpg","datePublished":"2022-07-03T16:48:01+00:00","breadcrumb":{"@id":"https:\/\/darkamazi.info\/archives\/1031043#breadcrumb"},"inLanguage":"en-US","potentialAction":[{"@type":"ReadAction","target":["https:\/\/darkamazi.info\/archives\/1031043"]}]},{"@type":"ImageObject","inLanguage":"en-US","@id":"https:\/\/darkamazi.info\/archives\/1031043#primaryimage","url":"https:\/\/darkamazi.info\/file\/2022\/07\/ali-babacan.jpg","contentUrl":"https:\/\/darkamazi.info\/file\/2022\/07\/ali-babacan.jpg","width":900,"height":497,"caption":"Babacan: Nabe HDP li derve were h\u00ee\u015ftin"},{"@type":"BreadcrumbList","@id":"https:\/\/darkamazi.info\/archives\/1031043#breadcrumb","itemListElement":[{"@type":"ListItem","position":1,"name":"Home","item":"https:\/\/darkamazi.info\/"},{"@type":"ListItem","position":2,"name":"Babacan: Nabe HDP li derve were h\u00ee\u015ftin"}]},{"@type":"WebSite","@id":"https:\/\/darkamazi.info\/#website","url":"https:\/\/darkamazi.info\/","name":"Darka Maz\u00ee","description":"P\u00eageha Zanyariy\u00ean Nebih\u00eest\u00ee","publisher":{"@id":"https:\/\/darkamazi.info\/#organization"},"potentialAction":[{"@type":"SearchAction","target":{"@type":"EntryPoint","urlTemplate":"https:\/\/darkamazi.info\/?s={search_term_string}"},"query-input":{"@type":"PropertyValueSpecification","valueRequired":true,"valueName":"search_term_string"}}],"inLanguage":"en-US"},{"@type":"Organization","@id":"https:\/\/darkamazi.info\/#organization","name":"Darka Maz\u00ee","url":"https:\/\/darkamazi.info\/","logo":{"@type":"ImageObject","inLanguage":"en-US","@id":"https:\/\/darkamazi.info\/#\/schema\/logo\/image\/","url":"https:\/\/darkamazi.info\/file\/2017\/12\/darka-mazi-logo.png","contentUrl":"https:\/\/darkamazi.info\/file\/2017\/12\/darka-mazi-logo.png","width":151,"height":75,"caption":"Darka Maz\u00ee"},"image":{"@id":"https:\/\/darkamazi.info\/#\/schema\/logo\/image\/"},"sameAs":["https:\/\/www.facebook.com\/DarMaziKurmanci","https:\/\/x.com\/DarkaMaziLatini","https:\/\/www.instagram.com\/darkamazi.kurmanci\/","https:\/\/www.youtube.com\/channel\/UCa5HkTdmI8U1qCUFuTw8B2g"]},{"@type":"Person","@id":"https:\/\/darkamazi.info\/#\/schema\/person\/5ad3e24553a0567993fa8ed4bd0a776c","name":"darka mazi","sameAs":["https:\/\/darkamazi.info\/"],"url":"https:\/\/darkamazi.info\/archives\/author\/kurdi"}]}},"_links":{"self":[{"href":"https:\/\/darkamazi.info\/funavuv\/wp\/v2\/posts\/1031043","targetHints":{"allow":["GET"]}}],"collection":[{"href":"https:\/\/darkamazi.info\/funavuv\/wp\/v2\/posts"}],"about":[{"href":"https:\/\/darkamazi.info\/funavuv\/wp\/v2\/types\/post"}],"author":[{"embeddable":true,"href":"https:\/\/darkamazi.info\/funavuv\/wp\/v2\/users\/2"}],"replies":[{"embeddable":true,"href":"https:\/\/darkamazi.info\/funavuv\/wp\/v2\/comments?post=1031043"}],"version-history":[{"count":0,"href":"https:\/\/darkamazi.info\/funavuv\/wp\/v2\/posts\/1031043\/revisions"}],"wp:featuredmedia":[{"embeddable":true,"href":"https:\/\/darkamazi.info\/funavuv\/wp\/v2\/media\/1031044"}],"wp:attachment":[{"href":"https:\/\/darkamazi.info\/funavuv\/wp\/v2\/media?parent=1031043"}],"wp:term":[{"taxonomy":"category","embeddable":true,"href":"https:\/\/darkamazi.info\/funavuv\/wp\/v2\/categories?post=1031043"},{"taxonomy":"post_tag","embeddable":true,"href":"https:\/\/darkamazi.info\/funavuv\/wp\/v2\/tags?post=1031043"}],"curies":[{"name":"wp","href":"https:\/\/api.w.org\/{rel}","templated":true}]}}