{"id":1031078,"date":"2022-07-05T11:40:50","date_gmt":"2022-07-05T08:40:50","guid":{"rendered":"https:\/\/darkamazi.info\/?p=1031078"},"modified":"2022-07-05T16:33:39","modified_gmt":"2022-07-05T13:33:39","slug":"56-sal-li-ser-sehidkirina-seroke-pdkt-faik-bucak-de-derbas-dibin","status":"publish","type":"post","link":"https:\/\/darkamazi.info\/archives\/1031078","title":{"rendered":"56 sal li ser \u015feh\u00eedkirina Serok\u00ea PDKT Faik Bucak de derbas dibin"},"content":{"rendered":"<h3 style=\"text-align: justify\"><span style=\"font-family: 'arial black', sans-serif\">Serok\u00ea PDKT welatperwer \u00fb r\u00eaberek dilsoz \u00ea tevgera azadixwaza Kurdistan\u00ea Faik Bucak di roja 5.7.1966\u00ea encama \u00ear\u00ee\u015fek \u00e7ekdar ji aliy\u00ea h\u00eaz\u00ean tar\u00ee ve hate \u015fehidkirin.<\/span><\/h3>\n<h3 style=\"text-align: justify\">Bucak ji ber\u00ee niha 56 sala hate \u015feh\u00eedkirin, l\u00ea b\u00eer \u00fb baweriya w\u00ee \u00fb teko\u015f\u00eena ku kir\u00ee h\u00eaja di nava tevgera azadixwaza Kurdistan\u00ea de dij\u00ee, doza w\u00ee destp\u00eakir\u00ee berdewam e.<\/h3>\n<h3 style=\"text-align: justify\">Faik Bucak kesayetek zane,ni\u015ftimanperwer \u00fb r\u00eaberek dilsoz\u00ea doza milet\u00ea xwe b\u00fb. Bucak demek\u00ee de ku piraniya Kurda di nava ref\u00ean partiy\u00ean \u00e7ep\u00ean Tirk wek TIP\u00ea de b\u00fbn, ew\u00ee terciha xwe li ser xeta netew\u00ee kir \u00fb di nava ref\u00ean PDKT de cih girt \u00fb b\u00fb serok\u00ea PDKT\u00ea.<\/h3>\n<h3 style=\"text-align: justify\">Bucak ji ail\u00ee aliy\u00ea xwe y\u00ea siyas\u00ee helbestvanek ba\u015f b\u00fb j\u00ee.<\/h3>\n<h3 style=\"text-align: justify\">Kesayet \u00fb siyasetmedar\u00ean wek Faik Bucak nay\u00ean ji b\u00eerkirin ew her tim di xebata li ser xeta netew\u00ee de dij\u00een \u00fb wek nirxek h\u00eaja y\u00ea milet\u00ea xwe t\u00eane bi b\u00eeran\u00een.<\/h3>\n","protected":false},"excerpt":{"rendered":"<p>Serok\u00ea PDKT welatperwer \u00fb r\u00eaberek dilsoz \u00ea tevgera azadixwaza Kurdistan\u00ea Faik Bucak di roja 5.7.1966\u00ea encama \u00ear\u00ee\u015fek \u00e7ekdar ji aliy\u00ea h\u00eaz\u00ean tar\u00ee ve hate \u015fehidkirin. Bucak ji ber\u00ee niha 56 sala hate \u015feh\u00eedkirin, l\u00ea b\u00eer \u00fb baweriya w\u00ee \u00fb teko\u015f\u00eena ku kir\u00ee h\u00eaja di nava tevgera azadixwaza Kurdistan\u00ea de dij\u00ee, doza w\u00ee destp\u00eakir\u00ee berdewam e. [&hellip;]<\/p>\n","protected":false},"author":2,"featured_media":1031103,"comment_status":"closed","ping_status":"closed","sticky":false,"template":"","format":"standard","meta":{"footnotes":""},"categories":[29],"tags":[37],"class_list":["post-1031078","post","type-post","status-publish","format-standard","has-post-thumbnail","hentry","category-kurdistan","tag-sereke"],"blocksy_meta":[],"seo_head":"<!-- This site is optimized with the Yoast SEO plugin v27.5 - https:\/\/yoast.com\/product\/yoast-seo-wordpress\/ -->\n<title>56 sal li ser \u015feh\u00eedkirina Serok\u00ea PDKT Faik Bucak de derbas dibin - Darka Maz\u00ee<\/title>\n<meta name=\"robots\" content=\"index, follow, max-snippet:-1, max-image-preview:large, max-video-preview:-1\" \/>\n<link rel=\"canonical\" href=\"https:\/\/darkamazi.info\/archives\/1031078\" \/>\n<meta property=\"og:locale\" content=\"en_US\" \/>\n<meta property=\"og:type\" content=\"article\" \/>\n<meta property=\"og:title\" content=\"56 sal li ser \u015feh\u00eedkirina Serok\u00ea PDKT Faik Bucak de derbas dibin - Darka Maz\u00ee\" \/>\n<meta property=\"og:description\" content=\"Serok\u00ea PDKT welatperwer \u00fb r\u00eaberek dilsoz \u00ea tevgera azadixwaza Kurdistan\u00ea Faik Bucak di roja 5.7.1966\u00ea encama \u00ear\u00ee\u015fek \u00e7ekdar ji aliy\u00ea h\u00eaz\u00ean tar\u00ee ve hate \u015fehidkirin. Bucak ji ber\u00ee niha 56 sala hate \u015feh\u00eedkirin, l\u00ea b\u00eer \u00fb baweriya w\u00ee \u00fb teko\u015f\u00eena ku kir\u00ee h\u00eaja di nava tevgera azadixwaza Kurdistan\u00ea de dij\u00ee, doza w\u00ee destp\u00eakir\u00ee berdewam e. [&hellip;]\" \/>\n<meta property=\"og:url\" content=\"https:\/\/darkamazi.info\/archives\/1031078\" \/>\n<meta property=\"og:site_name\" content=\"Darka Maz\u00ee\" \/>\n<meta property=\"article:publisher\" content=\"https:\/\/www.facebook.com\/DarMaziKurmanci\" \/>\n<meta property=\"article:published_time\" content=\"2022-07-05T08:40:50+00:00\" \/>\n<meta property=\"article:modified_time\" content=\"2022-07-05T13:33:39+00:00\" \/>\n<meta property=\"og:image\" content=\"https:\/\/darkamazi.info\/file\/2022\/07\/Faik-Bucak-1.jpg\" \/>\n\t<meta property=\"og:image:width\" content=\"900\" \/>\n\t<meta property=\"og:image:height\" content=\"497\" \/>\n\t<meta property=\"og:image:type\" content=\"image\/jpeg\" \/>\n<meta name=\"author\" content=\"darka mazi\" \/>\n<meta name=\"twitter:card\" content=\"summary_large_image\" \/>\n<meta name=\"twitter:creator\" content=\"@DarkaMaziLatini\" \/>\n<meta name=\"twitter:site\" content=\"@DarkaMaziLatini\" \/>\n<meta name=\"twitter:label1\" content=\"Written by\" \/>\n\t<meta name=\"twitter:data1\" content=\"darka mazi\" \/>\n\t<meta name=\"twitter:label2\" content=\"Est. reading time\" \/>\n\t<meta name=\"twitter:data2\" content=\"1 minute\" \/>\n<script type=\"application\/ld+json\" class=\"seo-schema-graph\">{\"@context\":\"https:\\\/\\\/schema.org\",\"@graph\":[{\"@type\":\"Article\",\"@id\":\"https:\\\/\\\/darkamazi.info\\\/archives\\\/1031078#article\",\"isPartOf\":{\"@id\":\"https:\\\/\\\/darkamazi.info\\\/archives\\\/1031078\"},\"author\":{\"name\":\"darka mazi\",\"@id\":\"https:\\\/\\\/darkamazi.info\\\/#\\\/schema\\\/person\\\/5ad3e24553a0567993fa8ed4bd0a776c\"},\"headline\":\"56 sal li ser \u015feh\u00eedkirina Serok\u00ea PDKT Faik Bucak de derbas dibin\",\"datePublished\":\"2022-07-05T08:40:50+00:00\",\"dateModified\":\"2022-07-05T13:33:39+00:00\",\"mainEntityOfPage\":{\"@id\":\"https:\\\/\\\/darkamazi.info\\\/archives\\\/1031078\"},\"wordCount\":169,\"publisher\":{\"@id\":\"https:\\\/\\\/darkamazi.info\\\/#organization\"},\"image\":{\"@id\":\"https:\\\/\\\/darkamazi.info\\\/archives\\\/1031078#primaryimage\"},\"thumbnailUrl\":\"https:\\\/\\\/darkamazi.info\\\/darka-content\\\/uploads\\\/2022\\\/07\\\/Faik-Bucak-1.jpg\",\"keywords\":[\"sereke\"],\"articleSection\":[\"Kurdistan\"],\"inLanguage\":\"en-US\"},{\"@type\":\"WebPage\",\"@id\":\"https:\\\/\\\/darkamazi.info\\\/archives\\\/1031078\",\"url\":\"https:\\\/\\\/darkamazi.info\\\/archives\\\/1031078\",\"name\":\"56 sal li ser \u015feh\u00eedkirina Serok\u00ea PDKT Faik Bucak de derbas dibin - Darka Maz\u00ee\",\"isPartOf\":{\"@id\":\"https:\\\/\\\/darkamazi.info\\\/#website\"},\"primaryImageOfPage\":{\"@id\":\"https:\\\/\\\/darkamazi.info\\\/archives\\\/1031078#primaryimage\"},\"image\":{\"@id\":\"https:\\\/\\\/darkamazi.info\\\/archives\\\/1031078#primaryimage\"},\"thumbnailUrl\":\"https:\\\/\\\/darkamazi.info\\\/darka-content\\\/uploads\\\/2022\\\/07\\\/Faik-Bucak-1.jpg\",\"datePublished\":\"2022-07-05T08:40:50+00:00\",\"dateModified\":\"2022-07-05T13:33:39+00:00\",\"breadcrumb\":{\"@id\":\"https:\\\/\\\/darkamazi.info\\\/archives\\\/1031078#breadcrumb\"},\"inLanguage\":\"en-US\",\"potentialAction\":[{\"@type\":\"ReadAction\",\"target\":[\"https:\\\/\\\/darkamazi.info\\\/archives\\\/1031078\"]}]},{\"@type\":\"ImageObject\",\"inLanguage\":\"en-US\",\"@id\":\"https:\\\/\\\/darkamazi.info\\\/archives\\\/1031078#primaryimage\",\"url\":\"https:\\\/\\\/darkamazi.info\\\/darka-content\\\/uploads\\\/2022\\\/07\\\/Faik-Bucak-1.jpg\",\"contentUrl\":\"https:\\\/\\\/darkamazi.info\\\/darka-content\\\/uploads\\\/2022\\\/07\\\/Faik-Bucak-1.jpg\",\"width\":900,\"height\":497,\"caption\":\"Fa\u00eek-B\u00fbcak\"},{\"@type\":\"BreadcrumbList\",\"@id\":\"https:\\\/\\\/darkamazi.info\\\/archives\\\/1031078#breadcrumb\",\"itemListElement\":[{\"@type\":\"ListItem\",\"position\":1,\"name\":\"Home\",\"item\":\"https:\\\/\\\/darkamazi.info\\\/\"},{\"@type\":\"ListItem\",\"position\":2,\"name\":\"56 sal li ser \u015feh\u00eedkirina Serok\u00ea PDKT Faik Bucak de derbas dibin\"}]},{\"@type\":\"WebSite\",\"@id\":\"https:\\\/\\\/darkamazi.info\\\/#website\",\"url\":\"https:\\\/\\\/darkamazi.info\\\/\",\"name\":\"Darka Maz\u00ee\",\"description\":\"P\u00eageha Zanyariy\u00ean Nebih\u00eest\u00ee\",\"publisher\":{\"@id\":\"https:\\\/\\\/darkamazi.info\\\/#organization\"},\"potentialAction\":[{\"@type\":\"SearchAction\",\"target\":{\"@type\":\"EntryPoint\",\"urlTemplate\":\"https:\\\/\\\/darkamazi.info\\\/?s={search_term_string}\"},\"query-input\":{\"@type\":\"PropertyValueSpecification\",\"valueRequired\":true,\"valueName\":\"search_term_string\"}}],\"inLanguage\":\"en-US\"},{\"@type\":\"Organization\",\"@id\":\"https:\\\/\\\/darkamazi.info\\\/#organization\",\"name\":\"Darka Maz\u00ee\",\"url\":\"https:\\\/\\\/darkamazi.info\\\/\",\"logo\":{\"@type\":\"ImageObject\",\"inLanguage\":\"en-US\",\"@id\":\"https:\\\/\\\/darkamazi.info\\\/#\\\/schema\\\/logo\\\/image\\\/\",\"url\":\"https:\\\/\\\/darkamazi.info\\\/darka-content\\\/uploads\\\/2017\\\/12\\\/darka-mazi-logo.png\",\"contentUrl\":\"https:\\\/\\\/darkamazi.info\\\/darka-content\\\/uploads\\\/2017\\\/12\\\/darka-mazi-logo.png\",\"width\":151,\"height\":75,\"caption\":\"Darka Maz\u00ee\"},\"image\":{\"@id\":\"https:\\\/\\\/darkamazi.info\\\/#\\\/schema\\\/logo\\\/image\\\/\"},\"sameAs\":[\"https:\\\/\\\/www.facebook.com\\\/DarMaziKurmanci\",\"https:\\\/\\\/x.com\\\/DarkaMaziLatini\",\"https:\\\/\\\/www.instagram.com\\\/darkamazi.kurmanci\\\/\",\"https:\\\/\\\/www.youtube.com\\\/channel\\\/UCa5HkTdmI8U1qCUFuTw8B2g\"]},{\"@type\":\"Person\",\"@id\":\"https:\\\/\\\/darkamazi.info\\\/#\\\/schema\\\/person\\\/5ad3e24553a0567993fa8ed4bd0a776c\",\"name\":\"darka mazi\",\"sameAs\":[\"https:\\\/\\\/darkamazi.info\\\/\"],\"url\":\"https:\\\/\\\/darkamazi.info\\\/archives\\\/author\\\/kurdi\"}]}<\/script>\n<!-- \/ Yoast SEO plugin. -->","seo_head_json":{"title":"56 sal li ser \u015feh\u00eedkirina Serok\u00ea PDKT Faik Bucak de derbas dibin - Darka Maz\u00ee","robots":{"index":"index","follow":"follow","max-snippet":"max-snippet:-1","max-image-preview":"max-image-preview:large","max-video-preview":"max-video-preview:-1"},"canonical":"https:\/\/darkamazi.info\/archives\/1031078","og_locale":"en_US","og_type":"article","og_title":"56 sal li ser \u015feh\u00eedkirina Serok\u00ea PDKT Faik Bucak de derbas dibin - Darka Maz\u00ee","og_description":"Serok\u00ea PDKT welatperwer \u00fb r\u00eaberek dilsoz \u00ea tevgera azadixwaza Kurdistan\u00ea Faik Bucak di roja 5.7.1966\u00ea encama \u00ear\u00ee\u015fek \u00e7ekdar ji aliy\u00ea h\u00eaz\u00ean tar\u00ee ve hate \u015fehidkirin. Bucak ji ber\u00ee niha 56 sala hate \u015feh\u00eedkirin, l\u00ea b\u00eer \u00fb baweriya w\u00ee \u00fb teko\u015f\u00eena ku kir\u00ee h\u00eaja di nava tevgera azadixwaza Kurdistan\u00ea de dij\u00ee, doza w\u00ee destp\u00eakir\u00ee berdewam e. [&hellip;]","og_url":"https:\/\/darkamazi.info\/archives\/1031078","og_site_name":"Darka Maz\u00ee","article_publisher":"https:\/\/www.facebook.com\/DarMaziKurmanci","article_published_time":"2022-07-05T08:40:50+00:00","article_modified_time":"2022-07-05T13:33:39+00:00","og_image":[{"width":900,"height":497,"url":"https:\/\/darkamazi.info\/file\/2022\/07\/Faik-Bucak-1.jpg","type":"image\/jpeg"}],"author":"darka mazi","twitter_card":"summary_large_image","twitter_creator":"@DarkaMaziLatini","twitter_site":"@DarkaMaziLatini","twitter_misc":{"Written by":"darka mazi","Est. reading time":"1 minute"},"schema":{"@context":"https:\/\/schema.org","@graph":[{"@type":"Article","@id":"https:\/\/darkamazi.info\/archives\/1031078#article","isPartOf":{"@id":"https:\/\/darkamazi.info\/archives\/1031078"},"author":{"name":"darka mazi","@id":"https:\/\/darkamazi.info\/#\/schema\/person\/5ad3e24553a0567993fa8ed4bd0a776c"},"headline":"56 sal li ser \u015feh\u00eedkirina Serok\u00ea PDKT Faik Bucak de derbas dibin","datePublished":"2022-07-05T08:40:50+00:00","dateModified":"2022-07-05T13:33:39+00:00","mainEntityOfPage":{"@id":"https:\/\/darkamazi.info\/archives\/1031078"},"wordCount":169,"publisher":{"@id":"https:\/\/darkamazi.info\/#organization"},"image":{"@id":"https:\/\/darkamazi.info\/archives\/1031078#primaryimage"},"thumbnailUrl":"https:\/\/darkamazi.info\/file\/2022\/07\/Faik-Bucak-1.jpg","keywords":["sereke"],"articleSection":["Kurdistan"],"inLanguage":"en-US"},{"@type":"WebPage","@id":"https:\/\/darkamazi.info\/archives\/1031078","url":"https:\/\/darkamazi.info\/archives\/1031078","name":"56 sal li ser \u015feh\u00eedkirina Serok\u00ea PDKT Faik Bucak de derbas dibin - Darka Maz\u00ee","isPartOf":{"@id":"https:\/\/darkamazi.info\/#website"},"primaryImageOfPage":{"@id":"https:\/\/darkamazi.info\/archives\/1031078#primaryimage"},"image":{"@id":"https:\/\/darkamazi.info\/archives\/1031078#primaryimage"},"thumbnailUrl":"https:\/\/darkamazi.info\/file\/2022\/07\/Faik-Bucak-1.jpg","datePublished":"2022-07-05T08:40:50+00:00","dateModified":"2022-07-05T13:33:39+00:00","breadcrumb":{"@id":"https:\/\/darkamazi.info\/archives\/1031078#breadcrumb"},"inLanguage":"en-US","potentialAction":[{"@type":"ReadAction","target":["https:\/\/darkamazi.info\/archives\/1031078"]}]},{"@type":"ImageObject","inLanguage":"en-US","@id":"https:\/\/darkamazi.info\/archives\/1031078#primaryimage","url":"https:\/\/darkamazi.info\/file\/2022\/07\/Faik-Bucak-1.jpg","contentUrl":"https:\/\/darkamazi.info\/file\/2022\/07\/Faik-Bucak-1.jpg","width":900,"height":497,"caption":"Fa\u00eek-B\u00fbcak"},{"@type":"BreadcrumbList","@id":"https:\/\/darkamazi.info\/archives\/1031078#breadcrumb","itemListElement":[{"@type":"ListItem","position":1,"name":"Home","item":"https:\/\/darkamazi.info\/"},{"@type":"ListItem","position":2,"name":"56 sal li ser \u015feh\u00eedkirina Serok\u00ea PDKT Faik Bucak de derbas dibin"}]},{"@type":"WebSite","@id":"https:\/\/darkamazi.info\/#website","url":"https:\/\/darkamazi.info\/","name":"Darka Maz\u00ee","description":"P\u00eageha Zanyariy\u00ean Nebih\u00eest\u00ee","publisher":{"@id":"https:\/\/darkamazi.info\/#organization"},"potentialAction":[{"@type":"SearchAction","target":{"@type":"EntryPoint","urlTemplate":"https:\/\/darkamazi.info\/?s={search_term_string}"},"query-input":{"@type":"PropertyValueSpecification","valueRequired":true,"valueName":"search_term_string"}}],"inLanguage":"en-US"},{"@type":"Organization","@id":"https:\/\/darkamazi.info\/#organization","name":"Darka Maz\u00ee","url":"https:\/\/darkamazi.info\/","logo":{"@type":"ImageObject","inLanguage":"en-US","@id":"https:\/\/darkamazi.info\/#\/schema\/logo\/image\/","url":"https:\/\/darkamazi.info\/file\/2017\/12\/darka-mazi-logo.png","contentUrl":"https:\/\/darkamazi.info\/file\/2017\/12\/darka-mazi-logo.png","width":151,"height":75,"caption":"Darka Maz\u00ee"},"image":{"@id":"https:\/\/darkamazi.info\/#\/schema\/logo\/image\/"},"sameAs":["https:\/\/www.facebook.com\/DarMaziKurmanci","https:\/\/x.com\/DarkaMaziLatini","https:\/\/www.instagram.com\/darkamazi.kurmanci\/","https:\/\/www.youtube.com\/channel\/UCa5HkTdmI8U1qCUFuTw8B2g"]},{"@type":"Person","@id":"https:\/\/darkamazi.info\/#\/schema\/person\/5ad3e24553a0567993fa8ed4bd0a776c","name":"darka mazi","sameAs":["https:\/\/darkamazi.info\/"],"url":"https:\/\/darkamazi.info\/archives\/author\/kurdi"}]}},"_links":{"self":[{"href":"https:\/\/darkamazi.info\/funavuv\/wp\/v2\/posts\/1031078","targetHints":{"allow":["GET"]}}],"collection":[{"href":"https:\/\/darkamazi.info\/funavuv\/wp\/v2\/posts"}],"about":[{"href":"https:\/\/darkamazi.info\/funavuv\/wp\/v2\/types\/post"}],"author":[{"embeddable":true,"href":"https:\/\/darkamazi.info\/funavuv\/wp\/v2\/users\/2"}],"replies":[{"embeddable":true,"href":"https:\/\/darkamazi.info\/funavuv\/wp\/v2\/comments?post=1031078"}],"version-history":[{"count":0,"href":"https:\/\/darkamazi.info\/funavuv\/wp\/v2\/posts\/1031078\/revisions"}],"wp:featuredmedia":[{"embeddable":true,"href":"https:\/\/darkamazi.info\/funavuv\/wp\/v2\/media\/1031103"}],"wp:attachment":[{"href":"https:\/\/darkamazi.info\/funavuv\/wp\/v2\/media?parent=1031078"}],"wp:term":[{"taxonomy":"category","embeddable":true,"href":"https:\/\/darkamazi.info\/funavuv\/wp\/v2\/categories?post=1031078"},{"taxonomy":"post_tag","embeddable":true,"href":"https:\/\/darkamazi.info\/funavuv\/wp\/v2\/tags?post=1031078"}],"curies":[{"name":"wp","href":"https:\/\/api.w.org\/{rel}","templated":true}]}}