{"id":1031086,"date":"2022-07-05T12:06:49","date_gmt":"2022-07-05T09:06:49","guid":{"rendered":"https:\/\/darkamazi.info\/?p=1031086"},"modified":"2022-07-05T12:06:49","modified_gmt":"2022-07-05T09:06:49","slug":"same-esker-ji-bo-rubirubuna-tirkiye-sande-rojava-kurdistane","status":"publish","type":"post","link":"https:\/\/darkamazi.info\/archives\/1031086","title":{"rendered":"\u015eam\u00ea esker Ji bo r\u00fbbir\u00fbb\u00fbna Tirkiy\u00ea \u015fande Rojava Kurdistan\u00ea"},"content":{"rendered":"<h3 style=\"text-align: justify\"><span style=\"font-family: 'arial black', sans-serif\">Ji bo r\u00fbbir\u00fbb\u00fbna her \u00ear\u00ee\u015feke n\u00fb ya art\u00ea\u015fa Tirkiy\u00ea, H\u00eaz\u00ean S\u00fbriyeya Demokrat\u00eek (HSD) \u00fb r\u00eaj\u00eema S\u00fbriy\u00ea gih\u00ee\u015ftin lihevkirinek\u00ea.<\/span><\/h3>\n<h3 style=\"text-align: justify\"><span style=\"font-family: arial, helvetica, sans-serif\">R\u00eaveber\u00ea Navenda Ragihandin\u00ea ya HSD\u00ea Ferhad \u015eam\u00ee di hevpeyv\u00eenek\u00ea bi \u201cAl Arebia. net\u201d re ragihand, di navbera HSD \u00fb art\u00ea\u015fa S\u00fbriy\u00ea de t\u00eagih\u00ee\u015ftineke \u00e7\u00eab\u00fbye ji bo r\u00fbbir\u00fbb\u00fbna her hewleke dag\u00eerkirin\u00ea ya Tirkiy\u00ea.<\/span><\/h3>\n<h3 style=\"text-align: justify\"><span style=\"font-family: arial, helvetica, sans-serif\">\u015eam\u00ee her wiha diyar kir, ti\u015ft\u00ea di navbera HSD\u00ea \u00fb \u015eam\u00ea de \u00e7\u00eab\u00fbye, ne r\u00eakeftineke n\u00fb ye, l\u00ea bel\u00ea t\u00eagih\u00ee\u015ftineke le\u015fker\u00ee ji bo r\u00fbbir\u00fbb\u00fbna her \u00ear\u00ee\u015feke plankir\u00ee ya Tirkiy\u00ea ye.<\/span><\/h3>\n<h3 style=\"text-align: justify\"><span style=\"font-family: arial, helvetica, sans-serif\">Da zan\u00een j\u00ee: \u201cPi\u015ft\u00ee t\u00eagih\u00ee\u015ftina ku \u015feva bor\u00ee p\u00eak hatiye, \u015feva bor\u00ee 550 le\u015fker\u00ean rej\u00eem\u00ea gihi\u015ftin her\u00eam\u00ean HSD\u00ea \u00fb li bajarok\u00ea Eyn \u00cesa, derdoa Bab, Minbic \u00fb Koban\u00ea bi cih b\u00fbn\u201d.<\/span><\/h3>\n<h3 style=\"text-align: justify\"><span style=\"font-family: arial, helvetica, sans-serif\">Bal ki\u015fande ser w\u00ea yek\u00ea ku \u201ceger Tirkiye \u00ear\u00ee\u015fek bike, ev le\u015fker\u00ean r\u00eaj\u00eem\u00ea d\u00ea li k\u00ealeka enc\u00fbmen\u00ean le\u015fker\u00ee y\u00ean gir\u00eaday\u00ee HSD\u00ea \u015fer bikin\u201d.<\/span><\/h3>\n","protected":false},"excerpt":{"rendered":"<p>Ji bo r\u00fbbir\u00fbb\u00fbna her \u00ear\u00ee\u015feke n\u00fb ya art\u00ea\u015fa Tirkiy\u00ea, H\u00eaz\u00ean S\u00fbriyeya Demokrat\u00eek (HSD) \u00fb r\u00eaj\u00eema S\u00fbriy\u00ea gih\u00ee\u015ftin lihevkirinek\u00ea. R\u00eaveber\u00ea Navenda Ragihandin\u00ea ya HSD\u00ea Ferhad \u015eam\u00ee di hevpeyv\u00eenek\u00ea bi \u201cAl Arebia. net\u201d re ragihand, di navbera HSD \u00fb art\u00ea\u015fa S\u00fbriy\u00ea de t\u00eagih\u00ee\u015ftineke \u00e7\u00eab\u00fbye ji bo r\u00fbbir\u00fbb\u00fbna her hewleke dag\u00eerkirin\u00ea ya Tirkiy\u00ea. \u015eam\u00ee her wiha diyar kir, [&hellip;]<\/p>\n","protected":false},"author":2,"featured_media":1031087,"comment_status":"closed","ping_status":"closed","sticky":false,"template":"","format":"standard","meta":{"footnotes":""},"categories":[31],"tags":[37],"class_list":["post-1031086","post","type-post","status-publish","format-standard","has-post-thumbnail","hentry","category-rojhelata-navin","tag-sereke"],"blocksy_meta":[],"seo_head":"<!-- This site is optimized with the Yoast SEO plugin v27.5 - https:\/\/yoast.com\/product\/yoast-seo-wordpress\/ -->\n<title>\u015eam\u00ea esker Ji bo r\u00fbbir\u00fbb\u00fbna Tirkiy\u00ea \u015fande Rojava Kurdistan\u00ea - Darka Maz\u00ee<\/title>\n<meta name=\"robots\" content=\"index, follow, max-snippet:-1, max-image-preview:large, max-video-preview:-1\" \/>\n<link rel=\"canonical\" href=\"https:\/\/darkamazi.info\/archives\/1031086\" \/>\n<meta property=\"og:locale\" content=\"en_US\" \/>\n<meta property=\"og:type\" content=\"article\" \/>\n<meta property=\"og:title\" content=\"\u015eam\u00ea esker Ji bo r\u00fbbir\u00fbb\u00fbna Tirkiy\u00ea \u015fande Rojava Kurdistan\u00ea - Darka Maz\u00ee\" \/>\n<meta property=\"og:description\" content=\"Ji bo r\u00fbbir\u00fbb\u00fbna her \u00ear\u00ee\u015feke n\u00fb ya art\u00ea\u015fa Tirkiy\u00ea, H\u00eaz\u00ean S\u00fbriyeya Demokrat\u00eek (HSD) \u00fb r\u00eaj\u00eema S\u00fbriy\u00ea gih\u00ee\u015ftin lihevkirinek\u00ea. R\u00eaveber\u00ea Navenda Ragihandin\u00ea ya HSD\u00ea Ferhad \u015eam\u00ee di hevpeyv\u00eenek\u00ea bi \u201cAl Arebia. net\u201d re ragihand, di navbera HSD \u00fb art\u00ea\u015fa S\u00fbriy\u00ea de t\u00eagih\u00ee\u015ftineke \u00e7\u00eab\u00fbye ji bo r\u00fbbir\u00fbb\u00fbna her hewleke dag\u00eerkirin\u00ea ya Tirkiy\u00ea. \u015eam\u00ee her wiha diyar kir, [&hellip;]\" \/>\n<meta property=\"og:url\" content=\"https:\/\/darkamazi.info\/archives\/1031086\" \/>\n<meta property=\"og:site_name\" content=\"Darka Maz\u00ee\" \/>\n<meta property=\"article:publisher\" content=\"https:\/\/www.facebook.com\/DarMaziKurmanci\" \/>\n<meta property=\"article:published_time\" content=\"2022-07-05T09:06:49+00:00\" \/>\n<meta property=\"og:image\" content=\"https:\/\/darkamazi.info\/file\/2022\/07\/syria-army-eynisa-koban-hsd-qsd.jpg\" \/>\n\t<meta property=\"og:image:width\" content=\"900\" \/>\n\t<meta property=\"og:image:height\" content=\"497\" \/>\n\t<meta property=\"og:image:type\" content=\"image\/jpeg\" \/>\n<meta name=\"author\" content=\"darka mazi\" \/>\n<meta name=\"twitter:card\" content=\"summary_large_image\" \/>\n<meta name=\"twitter:creator\" content=\"@DarkaMaziLatini\" \/>\n<meta name=\"twitter:site\" content=\"@DarkaMaziLatini\" \/>\n<meta name=\"twitter:label1\" content=\"Written by\" \/>\n\t<meta name=\"twitter:data1\" content=\"darka mazi\" \/>\n\t<meta name=\"twitter:label2\" content=\"Est. reading time\" \/>\n\t<meta name=\"twitter:data2\" content=\"1 minute\" \/>\n<script type=\"application\/ld+json\" class=\"seo-schema-graph\">{\"@context\":\"https:\\\/\\\/schema.org\",\"@graph\":[{\"@type\":\"Article\",\"@id\":\"https:\\\/\\\/darkamazi.info\\\/archives\\\/1031086#article\",\"isPartOf\":{\"@id\":\"https:\\\/\\\/darkamazi.info\\\/archives\\\/1031086\"},\"author\":{\"name\":\"darka mazi\",\"@id\":\"https:\\\/\\\/darkamazi.info\\\/#\\\/schema\\\/person\\\/5ad3e24553a0567993fa8ed4bd0a776c\"},\"headline\":\"\u015eam\u00ea esker Ji bo r\u00fbbir\u00fbb\u00fbna Tirkiy\u00ea \u015fande Rojava Kurdistan\u00ea\",\"datePublished\":\"2022-07-05T09:06:49+00:00\",\"mainEntityOfPage\":{\"@id\":\"https:\\\/\\\/darkamazi.info\\\/archives\\\/1031086\"},\"wordCount\":198,\"publisher\":{\"@id\":\"https:\\\/\\\/darkamazi.info\\\/#organization\"},\"image\":{\"@id\":\"https:\\\/\\\/darkamazi.info\\\/archives\\\/1031086#primaryimage\"},\"thumbnailUrl\":\"https:\\\/\\\/darkamazi.info\\\/darka-content\\\/uploads\\\/2022\\\/07\\\/syria-army-eynisa-koban-hsd-qsd.jpg\",\"keywords\":[\"sereke\"],\"articleSection\":[\"Rojhelata nav\u00een\"],\"inLanguage\":\"en-US\"},{\"@type\":\"WebPage\",\"@id\":\"https:\\\/\\\/darkamazi.info\\\/archives\\\/1031086\",\"url\":\"https:\\\/\\\/darkamazi.info\\\/archives\\\/1031086\",\"name\":\"\u015eam\u00ea esker Ji bo r\u00fbbir\u00fbb\u00fbna Tirkiy\u00ea \u015fande Rojava Kurdistan\u00ea - Darka Maz\u00ee\",\"isPartOf\":{\"@id\":\"https:\\\/\\\/darkamazi.info\\\/#website\"},\"primaryImageOfPage\":{\"@id\":\"https:\\\/\\\/darkamazi.info\\\/archives\\\/1031086#primaryimage\"},\"image\":{\"@id\":\"https:\\\/\\\/darkamazi.info\\\/archives\\\/1031086#primaryimage\"},\"thumbnailUrl\":\"https:\\\/\\\/darkamazi.info\\\/darka-content\\\/uploads\\\/2022\\\/07\\\/syria-army-eynisa-koban-hsd-qsd.jpg\",\"datePublished\":\"2022-07-05T09:06:49+00:00\",\"breadcrumb\":{\"@id\":\"https:\\\/\\\/darkamazi.info\\\/archives\\\/1031086#breadcrumb\"},\"inLanguage\":\"en-US\",\"potentialAction\":[{\"@type\":\"ReadAction\",\"target\":[\"https:\\\/\\\/darkamazi.info\\\/archives\\\/1031086\"]}]},{\"@type\":\"ImageObject\",\"inLanguage\":\"en-US\",\"@id\":\"https:\\\/\\\/darkamazi.info\\\/archives\\\/1031086#primaryimage\",\"url\":\"https:\\\/\\\/darkamazi.info\\\/darka-content\\\/uploads\\\/2022\\\/07\\\/syria-army-eynisa-koban-hsd-qsd.jpg\",\"contentUrl\":\"https:\\\/\\\/darkamazi.info\\\/darka-content\\\/uploads\\\/2022\\\/07\\\/syria-army-eynisa-koban-hsd-qsd.jpg\",\"width\":900,\"height\":497,\"caption\":\"syria-army-eynisa-koban-hsd-qsd\"},{\"@type\":\"BreadcrumbList\",\"@id\":\"https:\\\/\\\/darkamazi.info\\\/archives\\\/1031086#breadcrumb\",\"itemListElement\":[{\"@type\":\"ListItem\",\"position\":1,\"name\":\"Home\",\"item\":\"https:\\\/\\\/darkamazi.info\\\/\"},{\"@type\":\"ListItem\",\"position\":2,\"name\":\"\u015eam\u00ea esker Ji bo r\u00fbbir\u00fbb\u00fbna Tirkiy\u00ea \u015fande Rojava Kurdistan\u00ea\"}]},{\"@type\":\"WebSite\",\"@id\":\"https:\\\/\\\/darkamazi.info\\\/#website\",\"url\":\"https:\\\/\\\/darkamazi.info\\\/\",\"name\":\"Darka Maz\u00ee\",\"description\":\"P\u00eageha Zanyariy\u00ean Nebih\u00eest\u00ee\",\"publisher\":{\"@id\":\"https:\\\/\\\/darkamazi.info\\\/#organization\"},\"potentialAction\":[{\"@type\":\"SearchAction\",\"target\":{\"@type\":\"EntryPoint\",\"urlTemplate\":\"https:\\\/\\\/darkamazi.info\\\/?s={search_term_string}\"},\"query-input\":{\"@type\":\"PropertyValueSpecification\",\"valueRequired\":true,\"valueName\":\"search_term_string\"}}],\"inLanguage\":\"en-US\"},{\"@type\":\"Organization\",\"@id\":\"https:\\\/\\\/darkamazi.info\\\/#organization\",\"name\":\"Darka Maz\u00ee\",\"url\":\"https:\\\/\\\/darkamazi.info\\\/\",\"logo\":{\"@type\":\"ImageObject\",\"inLanguage\":\"en-US\",\"@id\":\"https:\\\/\\\/darkamazi.info\\\/#\\\/schema\\\/logo\\\/image\\\/\",\"url\":\"https:\\\/\\\/darkamazi.info\\\/darka-content\\\/uploads\\\/2017\\\/12\\\/darka-mazi-logo.png\",\"contentUrl\":\"https:\\\/\\\/darkamazi.info\\\/darka-content\\\/uploads\\\/2017\\\/12\\\/darka-mazi-logo.png\",\"width\":151,\"height\":75,\"caption\":\"Darka Maz\u00ee\"},\"image\":{\"@id\":\"https:\\\/\\\/darkamazi.info\\\/#\\\/schema\\\/logo\\\/image\\\/\"},\"sameAs\":[\"https:\\\/\\\/www.facebook.com\\\/DarMaziKurmanci\",\"https:\\\/\\\/x.com\\\/DarkaMaziLatini\",\"https:\\\/\\\/www.instagram.com\\\/darkamazi.kurmanci\\\/\",\"https:\\\/\\\/www.youtube.com\\\/channel\\\/UCa5HkTdmI8U1qCUFuTw8B2g\"]},{\"@type\":\"Person\",\"@id\":\"https:\\\/\\\/darkamazi.info\\\/#\\\/schema\\\/person\\\/5ad3e24553a0567993fa8ed4bd0a776c\",\"name\":\"darka mazi\",\"sameAs\":[\"https:\\\/\\\/darkamazi.info\\\/\"],\"url\":\"https:\\\/\\\/darkamazi.info\\\/archives\\\/author\\\/kurdi\"}]}<\/script>\n<!-- \/ Yoast SEO plugin. -->","seo_head_json":{"title":"\u015eam\u00ea esker Ji bo r\u00fbbir\u00fbb\u00fbna Tirkiy\u00ea \u015fande Rojava Kurdistan\u00ea - Darka Maz\u00ee","robots":{"index":"index","follow":"follow","max-snippet":"max-snippet:-1","max-image-preview":"max-image-preview:large","max-video-preview":"max-video-preview:-1"},"canonical":"https:\/\/darkamazi.info\/archives\/1031086","og_locale":"en_US","og_type":"article","og_title":"\u015eam\u00ea esker Ji bo r\u00fbbir\u00fbb\u00fbna Tirkiy\u00ea \u015fande Rojava Kurdistan\u00ea - Darka Maz\u00ee","og_description":"Ji bo r\u00fbbir\u00fbb\u00fbna her \u00ear\u00ee\u015feke n\u00fb ya art\u00ea\u015fa Tirkiy\u00ea, H\u00eaz\u00ean S\u00fbriyeya Demokrat\u00eek (HSD) \u00fb r\u00eaj\u00eema S\u00fbriy\u00ea gih\u00ee\u015ftin lihevkirinek\u00ea. R\u00eaveber\u00ea Navenda Ragihandin\u00ea ya HSD\u00ea Ferhad \u015eam\u00ee di hevpeyv\u00eenek\u00ea bi \u201cAl Arebia. net\u201d re ragihand, di navbera HSD \u00fb art\u00ea\u015fa S\u00fbriy\u00ea de t\u00eagih\u00ee\u015ftineke \u00e7\u00eab\u00fbye ji bo r\u00fbbir\u00fbb\u00fbna her hewleke dag\u00eerkirin\u00ea ya Tirkiy\u00ea. \u015eam\u00ee her wiha diyar kir, [&hellip;]","og_url":"https:\/\/darkamazi.info\/archives\/1031086","og_site_name":"Darka Maz\u00ee","article_publisher":"https:\/\/www.facebook.com\/DarMaziKurmanci","article_published_time":"2022-07-05T09:06:49+00:00","og_image":[{"width":900,"height":497,"url":"https:\/\/darkamazi.info\/file\/2022\/07\/syria-army-eynisa-koban-hsd-qsd.jpg","type":"image\/jpeg"}],"author":"darka mazi","twitter_card":"summary_large_image","twitter_creator":"@DarkaMaziLatini","twitter_site":"@DarkaMaziLatini","twitter_misc":{"Written by":"darka mazi","Est. reading time":"1 minute"},"schema":{"@context":"https:\/\/schema.org","@graph":[{"@type":"Article","@id":"https:\/\/darkamazi.info\/archives\/1031086#article","isPartOf":{"@id":"https:\/\/darkamazi.info\/archives\/1031086"},"author":{"name":"darka mazi","@id":"https:\/\/darkamazi.info\/#\/schema\/person\/5ad3e24553a0567993fa8ed4bd0a776c"},"headline":"\u015eam\u00ea esker Ji bo r\u00fbbir\u00fbb\u00fbna Tirkiy\u00ea \u015fande Rojava Kurdistan\u00ea","datePublished":"2022-07-05T09:06:49+00:00","mainEntityOfPage":{"@id":"https:\/\/darkamazi.info\/archives\/1031086"},"wordCount":198,"publisher":{"@id":"https:\/\/darkamazi.info\/#organization"},"image":{"@id":"https:\/\/darkamazi.info\/archives\/1031086#primaryimage"},"thumbnailUrl":"https:\/\/darkamazi.info\/file\/2022\/07\/syria-army-eynisa-koban-hsd-qsd.jpg","keywords":["sereke"],"articleSection":["Rojhelata nav\u00een"],"inLanguage":"en-US"},{"@type":"WebPage","@id":"https:\/\/darkamazi.info\/archives\/1031086","url":"https:\/\/darkamazi.info\/archives\/1031086","name":"\u015eam\u00ea esker Ji bo r\u00fbbir\u00fbb\u00fbna Tirkiy\u00ea \u015fande Rojava Kurdistan\u00ea - Darka Maz\u00ee","isPartOf":{"@id":"https:\/\/darkamazi.info\/#website"},"primaryImageOfPage":{"@id":"https:\/\/darkamazi.info\/archives\/1031086#primaryimage"},"image":{"@id":"https:\/\/darkamazi.info\/archives\/1031086#primaryimage"},"thumbnailUrl":"https:\/\/darkamazi.info\/file\/2022\/07\/syria-army-eynisa-koban-hsd-qsd.jpg","datePublished":"2022-07-05T09:06:49+00:00","breadcrumb":{"@id":"https:\/\/darkamazi.info\/archives\/1031086#breadcrumb"},"inLanguage":"en-US","potentialAction":[{"@type":"ReadAction","target":["https:\/\/darkamazi.info\/archives\/1031086"]}]},{"@type":"ImageObject","inLanguage":"en-US","@id":"https:\/\/darkamazi.info\/archives\/1031086#primaryimage","url":"https:\/\/darkamazi.info\/file\/2022\/07\/syria-army-eynisa-koban-hsd-qsd.jpg","contentUrl":"https:\/\/darkamazi.info\/file\/2022\/07\/syria-army-eynisa-koban-hsd-qsd.jpg","width":900,"height":497,"caption":"syria-army-eynisa-koban-hsd-qsd"},{"@type":"BreadcrumbList","@id":"https:\/\/darkamazi.info\/archives\/1031086#breadcrumb","itemListElement":[{"@type":"ListItem","position":1,"name":"Home","item":"https:\/\/darkamazi.info\/"},{"@type":"ListItem","position":2,"name":"\u015eam\u00ea esker Ji bo r\u00fbbir\u00fbb\u00fbna Tirkiy\u00ea \u015fande Rojava Kurdistan\u00ea"}]},{"@type":"WebSite","@id":"https:\/\/darkamazi.info\/#website","url":"https:\/\/darkamazi.info\/","name":"Darka Maz\u00ee","description":"P\u00eageha Zanyariy\u00ean Nebih\u00eest\u00ee","publisher":{"@id":"https:\/\/darkamazi.info\/#organization"},"potentialAction":[{"@type":"SearchAction","target":{"@type":"EntryPoint","urlTemplate":"https:\/\/darkamazi.info\/?s={search_term_string}"},"query-input":{"@type":"PropertyValueSpecification","valueRequired":true,"valueName":"search_term_string"}}],"inLanguage":"en-US"},{"@type":"Organization","@id":"https:\/\/darkamazi.info\/#organization","name":"Darka Maz\u00ee","url":"https:\/\/darkamazi.info\/","logo":{"@type":"ImageObject","inLanguage":"en-US","@id":"https:\/\/darkamazi.info\/#\/schema\/logo\/image\/","url":"https:\/\/darkamazi.info\/file\/2017\/12\/darka-mazi-logo.png","contentUrl":"https:\/\/darkamazi.info\/file\/2017\/12\/darka-mazi-logo.png","width":151,"height":75,"caption":"Darka Maz\u00ee"},"image":{"@id":"https:\/\/darkamazi.info\/#\/schema\/logo\/image\/"},"sameAs":["https:\/\/www.facebook.com\/DarMaziKurmanci","https:\/\/x.com\/DarkaMaziLatini","https:\/\/www.instagram.com\/darkamazi.kurmanci\/","https:\/\/www.youtube.com\/channel\/UCa5HkTdmI8U1qCUFuTw8B2g"]},{"@type":"Person","@id":"https:\/\/darkamazi.info\/#\/schema\/person\/5ad3e24553a0567993fa8ed4bd0a776c","name":"darka mazi","sameAs":["https:\/\/darkamazi.info\/"],"url":"https:\/\/darkamazi.info\/archives\/author\/kurdi"}]}},"_links":{"self":[{"href":"https:\/\/darkamazi.info\/funavuv\/wp\/v2\/posts\/1031086","targetHints":{"allow":["GET"]}}],"collection":[{"href":"https:\/\/darkamazi.info\/funavuv\/wp\/v2\/posts"}],"about":[{"href":"https:\/\/darkamazi.info\/funavuv\/wp\/v2\/types\/post"}],"author":[{"embeddable":true,"href":"https:\/\/darkamazi.info\/funavuv\/wp\/v2\/users\/2"}],"replies":[{"embeddable":true,"href":"https:\/\/darkamazi.info\/funavuv\/wp\/v2\/comments?post=1031086"}],"version-history":[{"count":0,"href":"https:\/\/darkamazi.info\/funavuv\/wp\/v2\/posts\/1031086\/revisions"}],"wp:featuredmedia":[{"embeddable":true,"href":"https:\/\/darkamazi.info\/funavuv\/wp\/v2\/media\/1031087"}],"wp:attachment":[{"href":"https:\/\/darkamazi.info\/funavuv\/wp\/v2\/media?parent=1031086"}],"wp:term":[{"taxonomy":"category","embeddable":true,"href":"https:\/\/darkamazi.info\/funavuv\/wp\/v2\/categories?post=1031086"},{"taxonomy":"post_tag","embeddable":true,"href":"https:\/\/darkamazi.info\/funavuv\/wp\/v2\/tags?post=1031086"}],"curies":[{"name":"wp","href":"https:\/\/api.w.org\/{rel}","templated":true}]}}