{"id":1031098,"date":"2022-07-05T16:08:46","date_gmt":"2022-07-05T13:08:46","guid":{"rendered":"https:\/\/darkamazi.info\/?p=1031098"},"modified":"2022-08-31T16:42:52","modified_gmt":"2022-08-31T13:42:52","slug":"gulan-garzan-ew-jina-bi-nepeniyen-xwe-ve-hate-binaxkirin","status":"publish","type":"post","link":"https:\/\/darkamazi.info\/archives\/1031098","title":{"rendered":"Gulan Garzan Ew jina bi nepen\u00eey\u00ean xwe ve hate binaxkirin"},"content":{"rendered":"<div class=\"wpb-content-wrapper\"><p>[darkamazi_row][darkamazi_column][darkamazi_video link=&#8221;https:\/\/www.youtube.com\/watch?v=zfvE-9KYsJ4&#8243; align=&#8221;center&#8221;][darkamazi_column_text]<\/p>\n<h3 dir=\"ltr\" style=\"text-align: justify;\">Gulan Garzan, nav\u00ea w\u00ee y\u00ea rast\u00een Filiz Yerlikaya ye, di sala 1970an de li Adilcevaz a Bedl\u00ees\u00ea ji dayik b\u00fb, li Enqerey\u00ea mezin b\u00fb \u00fb li wir \u00e7\u00fb zan\u00eengeh\u00ea. Demek di girt\u00eegeh\u00ea de dim\u00eene \u00fb pi\u015ftre di\u00e7e \u015eam\u00ea gel Evdila Ocelan. Ji wir j\u00ee di\u00e7e eyaleta Amed \u00fb Garzan. Dema ku Ocelan t\u00ea girtin, ew xwe p\u00ea\u015fniyar dike ku \u00e7alakiyek feda\u00ee bike. Ew\u00ea di r\u00eaveberiya \u201ctugay\u00ean tolhildan\u00ea\u201d de c\u00eeh digirt. Ew ji bo \u00e7alek\u00eeya \u00centihar\u00ee di\u00e7e Enqere y\u00ea. L\u00ea ji ber ku Ocelan \u00e7alek\u00ee rawastandib\u00fbn ew \u00e7alak\u00ee ya xwe nake. L\u00ea Gulan di navbera PKK \u00fb Dewlet\u00ea de \u015fahida hin t\u00eakiliyan e. Ew m\u00eena navbenkar dixebite \u00fb be\u015fdar\u00ee dan\u00fbstandin\u00ean bi saziy\u00ean dewlet\u00ea re dibe. Ew di zivistana 2001-2002 an de di beje p\u00eawend\u00eey\u00ean ligel dewlet\u00ea ne di xizmeta gele Kurd da ye \u00fb ji derdora xwe re dib\u00eaje, \u201dTi\u015ft\u00ean ku niha min pir aciz dikin hene, heke mecal guncaw be, ez \u00ea her ti\u015ft\u00ee bipeyivim \u00fb e\u015fkere bikim. Ti\u015ft\u00ean ku Gulan dixwest bigota ti\u015ft\u00ean gir\u00eeng b\u00fbn ku d\u00ea t\u00eakiliy\u00ean Evdila Ocelan-gr\u00fbpa Enqerey\u00ea, bi dewlet\u00ea re e\u015fkere bikira. Gulan \u015fahida van t\u00eakil\u00eey\u00ean \u00e7ewt b\u00fb.<\/h3>\n<h3 style=\"text-align: justify;\">Cem\u00eel Bayik \u00fb r\u00eaveberiyek k\u00eam ya PKK \u00ea biryara tasfiyekirina Gulan \u00ea da. L\u00ea ti sedem tuneb\u00fb ku Gulan p\u00ea were girtin. Ew r\u00eavebera h\u00eaz\u00ean teybet ango h\u00eaza Feda\u00ee y\u00ean PKK \u00ea b\u00fb. PKK li \u015f\u00fbna rasterast bigire \u00fb payre bikuje, terc\u00eeh kir ku bi komploy\u00ea were ku\u015ftin.<\/h3>\n<h3 style=\"text-align: justify;\">Di 32 saliya xwe de, Gulan li geliyek Qend\u00eel\u00ea, ku tij\u00ee t\u00eade endam\u00ean PKK b\u00fbn, li geliyek\u00ea ku 300 jin t\u00eade heb\u00fbn hate ku\u015ftin. PKK ragihand ku Gulan bi komployek\u00ea hate ku\u015ftin. Gulan bi rast\u00ee b\u00fb qurbana komployek\u00ea.<\/h3>\n<p>[\/darkamazi_column_text][\/darkamazi_column][\/darkamazi_row]<\/p>\n<\/div>","protected":false},"excerpt":{"rendered":"<p>[darkamazi_row][darkamazi_column][darkamazi_video link=&#8221;https:\/\/www.youtube.com\/watch?v=zfvE-9KYsJ4&#8243; align=&#8221;center&#8221;][darkamazi_column_text] Gulan Garzan, nav\u00ea w\u00ee y\u00ea rast\u00een Filiz Yerlikaya ye, di sala 1970an de li Adilcevaz a Bedl\u00ees\u00ea ji dayik b\u00fb, li Enqerey\u00ea mezin b\u00fb \u00fb li wir \u00e7\u00fb zan\u00eengeh\u00ea. Demek di girt\u00eegeh\u00ea de dim\u00eene \u00fb pi\u015ftre di\u00e7e \u015eam\u00ea gel Evdila Ocelan. Ji wir j\u00ee di\u00e7e eyaleta Amed \u00fb Garzan. Dema ku Ocelan [&hellip;]<\/p>\n","protected":false},"author":2,"featured_media":1031099,"comment_status":"closed","ping_status":"closed","sticky":false,"template":"epic_custom_post_template-1006382","format":"video","meta":{"footnotes":""},"categories":[40,65],"tags":[37],"class_list":["post-1031098","post","type-post","status-publish","format-video","has-post-thumbnail","hentry","category-niheni","category-vidiyo","tag-sereke","post_format-post-format-video"],"blocksy_meta":[],"seo_head":"<!-- This site is optimized with the Yoast SEO plugin v27.5 - https:\/\/yoast.com\/product\/yoast-seo-wordpress\/ -->\n<title>Gulan Garzan Ew jina bi nepen\u00eey\u00ean xwe ve hate binaxkirin - Darka Maz\u00ee<\/title>\n<meta name=\"robots\" content=\"index, follow, max-snippet:-1, max-image-preview:large, max-video-preview:-1\" \/>\n<link rel=\"canonical\" href=\"https:\/\/darkamazi.info\/archives\/1031098\" \/>\n<meta property=\"og:locale\" content=\"en_US\" \/>\n<meta property=\"og:type\" content=\"article\" \/>\n<meta property=\"og:title\" content=\"Gulan Garzan Ew jina bi nepen\u00eey\u00ean xwe ve hate binaxkirin - Darka Maz\u00ee\" \/>\n<meta property=\"og:description\" content=\"[darkamazi_row][darkamazi_column][darkamazi_video link=&#8221;https:\/\/www.youtube.com\/watch?v=zfvE-9KYsJ4&#8243; align=&#8221;center&#8221;][darkamazi_column_text] Gulan Garzan, nav\u00ea w\u00ee y\u00ea rast\u00een Filiz Yerlikaya ye, di sala 1970an de li Adilcevaz a Bedl\u00ees\u00ea ji dayik b\u00fb, li Enqerey\u00ea mezin b\u00fb \u00fb li wir \u00e7\u00fb zan\u00eengeh\u00ea. Demek di girt\u00eegeh\u00ea de dim\u00eene \u00fb pi\u015ftre di\u00e7e \u015eam\u00ea gel Evdila Ocelan. Ji wir j\u00ee di\u00e7e eyaleta Amed \u00fb Garzan. Dema ku Ocelan [&hellip;]\" \/>\n<meta property=\"og:url\" content=\"https:\/\/darkamazi.info\/archives\/1031098\" \/>\n<meta property=\"og:site_name\" content=\"Darka Maz\u00ee\" \/>\n<meta property=\"article:publisher\" content=\"https:\/\/www.facebook.com\/DarMaziKurmanci\" \/>\n<meta property=\"article:published_time\" content=\"2022-07-05T13:08:46+00:00\" \/>\n<meta property=\"article:modified_time\" content=\"2022-08-31T13:42:52+00:00\" \/>\n<meta property=\"og:image\" content=\"https:\/\/darkamazi.info\/file\/2022\/07\/gulan.jpg\" \/>\n\t<meta property=\"og:image:width\" content=\"900\" \/>\n\t<meta property=\"og:image:height\" content=\"500\" \/>\n\t<meta property=\"og:image:type\" content=\"image\/jpeg\" \/>\n<meta name=\"author\" content=\"darka mazi\" \/>\n<meta name=\"twitter:card\" content=\"summary_large_image\" \/>\n<meta name=\"twitter:creator\" content=\"@DarkaMaziLatini\" \/>\n<meta name=\"twitter:site\" content=\"@DarkaMaziLatini\" \/>\n<meta name=\"twitter:label1\" content=\"Written by\" \/>\n\t<meta name=\"twitter:data1\" content=\"darka mazi\" \/>\n\t<meta name=\"twitter:label2\" content=\"Est. reading time\" \/>\n\t<meta name=\"twitter:data2\" content=\"2 minutes\" \/>\n<script type=\"application\/ld+json\" class=\"seo-schema-graph\">{\"@context\":\"https:\\\/\\\/schema.org\",\"@graph\":[{\"@type\":\"Article\",\"@id\":\"https:\\\/\\\/darkamazi.info\\\/archives\\\/1031098#article\",\"isPartOf\":{\"@id\":\"https:\\\/\\\/darkamazi.info\\\/archives\\\/1031098\"},\"author\":{\"name\":\"darka mazi\",\"@id\":\"https:\\\/\\\/darkamazi.info\\\/#\\\/schema\\\/person\\\/5ad3e24553a0567993fa8ed4bd0a776c\"},\"headline\":\"Gulan Garzan Ew jina bi nepen\u00eey\u00ean xwe ve hate binaxkirin\",\"datePublished\":\"2022-07-05T13:08:46+00:00\",\"dateModified\":\"2022-08-31T13:42:52+00:00\",\"mainEntityOfPage\":{\"@id\":\"https:\\\/\\\/darkamazi.info\\\/archives\\\/1031098\"},\"wordCount\":352,\"publisher\":{\"@id\":\"https:\\\/\\\/darkamazi.info\\\/#organization\"},\"image\":{\"@id\":\"https:\\\/\\\/darkamazi.info\\\/archives\\\/1031098#primaryimage\"},\"thumbnailUrl\":\"https:\\\/\\\/darkamazi.info\\\/darka-content\\\/uploads\\\/2022\\\/07\\\/gulan.jpg\",\"keywords\":[\"sereke\"],\"articleSection\":[\"Nih\u00ean\u00ee\",\"V\u00eed\u00eeyo\"],\"inLanguage\":\"en-US\"},{\"@type\":\"WebPage\",\"@id\":\"https:\\\/\\\/darkamazi.info\\\/archives\\\/1031098\",\"url\":\"https:\\\/\\\/darkamazi.info\\\/archives\\\/1031098\",\"name\":\"Gulan Garzan Ew jina bi nepen\u00eey\u00ean xwe ve hate binaxkirin - Darka Maz\u00ee\",\"isPartOf\":{\"@id\":\"https:\\\/\\\/darkamazi.info\\\/#website\"},\"primaryImageOfPage\":{\"@id\":\"https:\\\/\\\/darkamazi.info\\\/archives\\\/1031098#primaryimage\"},\"image\":{\"@id\":\"https:\\\/\\\/darkamazi.info\\\/archives\\\/1031098#primaryimage\"},\"thumbnailUrl\":\"https:\\\/\\\/darkamazi.info\\\/darka-content\\\/uploads\\\/2022\\\/07\\\/gulan.jpg\",\"datePublished\":\"2022-07-05T13:08:46+00:00\",\"dateModified\":\"2022-08-31T13:42:52+00:00\",\"breadcrumb\":{\"@id\":\"https:\\\/\\\/darkamazi.info\\\/archives\\\/1031098#breadcrumb\"},\"inLanguage\":\"en-US\",\"potentialAction\":[{\"@type\":\"ReadAction\",\"target\":[\"https:\\\/\\\/darkamazi.info\\\/archives\\\/1031098\"]}]},{\"@type\":\"ImageObject\",\"inLanguage\":\"en-US\",\"@id\":\"https:\\\/\\\/darkamazi.info\\\/archives\\\/1031098#primaryimage\",\"url\":\"https:\\\/\\\/darkamazi.info\\\/darka-content\\\/uploads\\\/2022\\\/07\\\/gulan.jpg\",\"contentUrl\":\"https:\\\/\\\/darkamazi.info\\\/darka-content\\\/uploads\\\/2022\\\/07\\\/gulan.jpg\",\"width\":900,\"height\":500,\"caption\":\"Gulan Garzan Ew jina bi nepen\u00eey\u00ean xwe ve hate binaxkirin\"},{\"@type\":\"BreadcrumbList\",\"@id\":\"https:\\\/\\\/darkamazi.info\\\/archives\\\/1031098#breadcrumb\",\"itemListElement\":[{\"@type\":\"ListItem\",\"position\":1,\"name\":\"Home\",\"item\":\"https:\\\/\\\/darkamazi.info\\\/\"},{\"@type\":\"ListItem\",\"position\":2,\"name\":\"Gulan Garzan Ew jina bi nepen\u00eey\u00ean xwe ve hate binaxkirin\"}]},{\"@type\":\"WebSite\",\"@id\":\"https:\\\/\\\/darkamazi.info\\\/#website\",\"url\":\"https:\\\/\\\/darkamazi.info\\\/\",\"name\":\"Darka Maz\u00ee\",\"description\":\"P\u00eageha Zanyariy\u00ean Nebih\u00eest\u00ee\",\"publisher\":{\"@id\":\"https:\\\/\\\/darkamazi.info\\\/#organization\"},\"potentialAction\":[{\"@type\":\"SearchAction\",\"target\":{\"@type\":\"EntryPoint\",\"urlTemplate\":\"https:\\\/\\\/darkamazi.info\\\/?s={search_term_string}\"},\"query-input\":{\"@type\":\"PropertyValueSpecification\",\"valueRequired\":true,\"valueName\":\"search_term_string\"}}],\"inLanguage\":\"en-US\"},{\"@type\":\"Organization\",\"@id\":\"https:\\\/\\\/darkamazi.info\\\/#organization\",\"name\":\"Darka Maz\u00ee\",\"url\":\"https:\\\/\\\/darkamazi.info\\\/\",\"logo\":{\"@type\":\"ImageObject\",\"inLanguage\":\"en-US\",\"@id\":\"https:\\\/\\\/darkamazi.info\\\/#\\\/schema\\\/logo\\\/image\\\/\",\"url\":\"https:\\\/\\\/darkamazi.info\\\/darka-content\\\/uploads\\\/2017\\\/12\\\/darka-mazi-logo.png\",\"contentUrl\":\"https:\\\/\\\/darkamazi.info\\\/darka-content\\\/uploads\\\/2017\\\/12\\\/darka-mazi-logo.png\",\"width\":151,\"height\":75,\"caption\":\"Darka Maz\u00ee\"},\"image\":{\"@id\":\"https:\\\/\\\/darkamazi.info\\\/#\\\/schema\\\/logo\\\/image\\\/\"},\"sameAs\":[\"https:\\\/\\\/www.facebook.com\\\/DarMaziKurmanci\",\"https:\\\/\\\/x.com\\\/DarkaMaziLatini\",\"https:\\\/\\\/www.instagram.com\\\/darkamazi.kurmanci\\\/\",\"https:\\\/\\\/www.youtube.com\\\/channel\\\/UCa5HkTdmI8U1qCUFuTw8B2g\"]},{\"@type\":\"Person\",\"@id\":\"https:\\\/\\\/darkamazi.info\\\/#\\\/schema\\\/person\\\/5ad3e24553a0567993fa8ed4bd0a776c\",\"name\":\"darka mazi\",\"sameAs\":[\"https:\\\/\\\/darkamazi.info\\\/\"],\"url\":\"https:\\\/\\\/darkamazi.info\\\/archives\\\/author\\\/kurdi\"}]}<\/script>\n<!-- \/ Yoast SEO plugin. -->","seo_head_json":{"title":"Gulan Garzan Ew jina bi nepen\u00eey\u00ean xwe ve hate binaxkirin - Darka Maz\u00ee","robots":{"index":"index","follow":"follow","max-snippet":"max-snippet:-1","max-image-preview":"max-image-preview:large","max-video-preview":"max-video-preview:-1"},"canonical":"https:\/\/darkamazi.info\/archives\/1031098","og_locale":"en_US","og_type":"article","og_title":"Gulan Garzan Ew jina bi nepen\u00eey\u00ean xwe ve hate binaxkirin - Darka Maz\u00ee","og_description":"[darkamazi_row][darkamazi_column][darkamazi_video link=&#8221;https:\/\/www.youtube.com\/watch?v=zfvE-9KYsJ4&#8243; align=&#8221;center&#8221;][darkamazi_column_text] Gulan Garzan, nav\u00ea w\u00ee y\u00ea rast\u00een Filiz Yerlikaya ye, di sala 1970an de li Adilcevaz a Bedl\u00ees\u00ea ji dayik b\u00fb, li Enqerey\u00ea mezin b\u00fb \u00fb li wir \u00e7\u00fb zan\u00eengeh\u00ea. Demek di girt\u00eegeh\u00ea de dim\u00eene \u00fb pi\u015ftre di\u00e7e \u015eam\u00ea gel Evdila Ocelan. Ji wir j\u00ee di\u00e7e eyaleta Amed \u00fb Garzan. Dema ku Ocelan [&hellip;]","og_url":"https:\/\/darkamazi.info\/archives\/1031098","og_site_name":"Darka Maz\u00ee","article_publisher":"https:\/\/www.facebook.com\/DarMaziKurmanci","article_published_time":"2022-07-05T13:08:46+00:00","article_modified_time":"2022-08-31T13:42:52+00:00","og_image":[{"width":900,"height":500,"url":"https:\/\/darkamazi.info\/file\/2022\/07\/gulan.jpg","type":"image\/jpeg"}],"author":"darka mazi","twitter_card":"summary_large_image","twitter_creator":"@DarkaMaziLatini","twitter_site":"@DarkaMaziLatini","twitter_misc":{"Written by":"darka mazi","Est. reading time":"2 minutes"},"schema":{"@context":"https:\/\/schema.org","@graph":[{"@type":"Article","@id":"https:\/\/darkamazi.info\/archives\/1031098#article","isPartOf":{"@id":"https:\/\/darkamazi.info\/archives\/1031098"},"author":{"name":"darka mazi","@id":"https:\/\/darkamazi.info\/#\/schema\/person\/5ad3e24553a0567993fa8ed4bd0a776c"},"headline":"Gulan Garzan Ew jina bi nepen\u00eey\u00ean xwe ve hate binaxkirin","datePublished":"2022-07-05T13:08:46+00:00","dateModified":"2022-08-31T13:42:52+00:00","mainEntityOfPage":{"@id":"https:\/\/darkamazi.info\/archives\/1031098"},"wordCount":352,"publisher":{"@id":"https:\/\/darkamazi.info\/#organization"},"image":{"@id":"https:\/\/darkamazi.info\/archives\/1031098#primaryimage"},"thumbnailUrl":"https:\/\/darkamazi.info\/file\/2022\/07\/gulan.jpg","keywords":["sereke"],"articleSection":["Nih\u00ean\u00ee","V\u00eed\u00eeyo"],"inLanguage":"en-US"},{"@type":"WebPage","@id":"https:\/\/darkamazi.info\/archives\/1031098","url":"https:\/\/darkamazi.info\/archives\/1031098","name":"Gulan Garzan Ew jina bi nepen\u00eey\u00ean xwe ve hate binaxkirin - Darka Maz\u00ee","isPartOf":{"@id":"https:\/\/darkamazi.info\/#website"},"primaryImageOfPage":{"@id":"https:\/\/darkamazi.info\/archives\/1031098#primaryimage"},"image":{"@id":"https:\/\/darkamazi.info\/archives\/1031098#primaryimage"},"thumbnailUrl":"https:\/\/darkamazi.info\/file\/2022\/07\/gulan.jpg","datePublished":"2022-07-05T13:08:46+00:00","dateModified":"2022-08-31T13:42:52+00:00","breadcrumb":{"@id":"https:\/\/darkamazi.info\/archives\/1031098#breadcrumb"},"inLanguage":"en-US","potentialAction":[{"@type":"ReadAction","target":["https:\/\/darkamazi.info\/archives\/1031098"]}]},{"@type":"ImageObject","inLanguage":"en-US","@id":"https:\/\/darkamazi.info\/archives\/1031098#primaryimage","url":"https:\/\/darkamazi.info\/file\/2022\/07\/gulan.jpg","contentUrl":"https:\/\/darkamazi.info\/file\/2022\/07\/gulan.jpg","width":900,"height":500,"caption":"Gulan Garzan Ew jina bi nepen\u00eey\u00ean xwe ve hate binaxkirin"},{"@type":"BreadcrumbList","@id":"https:\/\/darkamazi.info\/archives\/1031098#breadcrumb","itemListElement":[{"@type":"ListItem","position":1,"name":"Home","item":"https:\/\/darkamazi.info\/"},{"@type":"ListItem","position":2,"name":"Gulan Garzan Ew jina bi nepen\u00eey\u00ean xwe ve hate binaxkirin"}]},{"@type":"WebSite","@id":"https:\/\/darkamazi.info\/#website","url":"https:\/\/darkamazi.info\/","name":"Darka Maz\u00ee","description":"P\u00eageha Zanyariy\u00ean Nebih\u00eest\u00ee","publisher":{"@id":"https:\/\/darkamazi.info\/#organization"},"potentialAction":[{"@type":"SearchAction","target":{"@type":"EntryPoint","urlTemplate":"https:\/\/darkamazi.info\/?s={search_term_string}"},"query-input":{"@type":"PropertyValueSpecification","valueRequired":true,"valueName":"search_term_string"}}],"inLanguage":"en-US"},{"@type":"Organization","@id":"https:\/\/darkamazi.info\/#organization","name":"Darka Maz\u00ee","url":"https:\/\/darkamazi.info\/","logo":{"@type":"ImageObject","inLanguage":"en-US","@id":"https:\/\/darkamazi.info\/#\/schema\/logo\/image\/","url":"https:\/\/darkamazi.info\/file\/2017\/12\/darka-mazi-logo.png","contentUrl":"https:\/\/darkamazi.info\/file\/2017\/12\/darka-mazi-logo.png","width":151,"height":75,"caption":"Darka Maz\u00ee"},"image":{"@id":"https:\/\/darkamazi.info\/#\/schema\/logo\/image\/"},"sameAs":["https:\/\/www.facebook.com\/DarMaziKurmanci","https:\/\/x.com\/DarkaMaziLatini","https:\/\/www.instagram.com\/darkamazi.kurmanci\/","https:\/\/www.youtube.com\/channel\/UCa5HkTdmI8U1qCUFuTw8B2g"]},{"@type":"Person","@id":"https:\/\/darkamazi.info\/#\/schema\/person\/5ad3e24553a0567993fa8ed4bd0a776c","name":"darka mazi","sameAs":["https:\/\/darkamazi.info\/"],"url":"https:\/\/darkamazi.info\/archives\/author\/kurdi"}]}},"_links":{"self":[{"href":"https:\/\/darkamazi.info\/funavuv\/wp\/v2\/posts\/1031098","targetHints":{"allow":["GET"]}}],"collection":[{"href":"https:\/\/darkamazi.info\/funavuv\/wp\/v2\/posts"}],"about":[{"href":"https:\/\/darkamazi.info\/funavuv\/wp\/v2\/types\/post"}],"author":[{"embeddable":true,"href":"https:\/\/darkamazi.info\/funavuv\/wp\/v2\/users\/2"}],"replies":[{"embeddable":true,"href":"https:\/\/darkamazi.info\/funavuv\/wp\/v2\/comments?post=1031098"}],"version-history":[{"count":0,"href":"https:\/\/darkamazi.info\/funavuv\/wp\/v2\/posts\/1031098\/revisions"}],"wp:featuredmedia":[{"embeddable":true,"href":"https:\/\/darkamazi.info\/funavuv\/wp\/v2\/media\/1031099"}],"wp:attachment":[{"href":"https:\/\/darkamazi.info\/funavuv\/wp\/v2\/media?parent=1031098"}],"wp:term":[{"taxonomy":"category","embeddable":true,"href":"https:\/\/darkamazi.info\/funavuv\/wp\/v2\/categories?post=1031098"},{"taxonomy":"post_tag","embeddable":true,"href":"https:\/\/darkamazi.info\/funavuv\/wp\/v2\/tags?post=1031098"}],"curies":[{"name":"wp","href":"https:\/\/api.w.org\/{rel}","templated":true}]}}