{"id":1031110,"date":"2022-07-06T12:50:57","date_gmt":"2022-07-06T09:50:57","guid":{"rendered":"https:\/\/darkamazi.info\/?p=1031110"},"modified":"2022-07-06T12:50:57","modified_gmt":"2022-07-06T09:50:57","slug":"tirkiye-hez-u-ceken-giran-derbasi-rojava-kurdistane-kirin","status":"publish","type":"post","link":"https:\/\/darkamazi.info\/archives\/1031110","title":{"rendered":"Tirkiy\u00ea h\u00eaz \u00fb \u00e7ek\u00ean giran derbas\u00ee Rojava Kurdistan\u00ea kirin"},"content":{"rendered":"<h3 style=\"text-align: justify\"><span style=\"font-family: 'arial black', sans-serif\">Karwana \u00e7arem\u00een a le\u015fker\u00ee ya h\u00eaz\u00ean Tirkiy\u00ea di deriy\u00ea El-Ra\u00ee re derbas\u00ee b\u00fb \u00fb ber bi bajar\u00ea Bab\u00ea ve \u00e7\u00fb. Karwan ji tank, topxane \u00fb \u00e7ek\u00ean din \u00ean giran p\u00eak dihat.<\/span><\/h3>\n<h3 style=\"text-align: justify\"><span style=\"font-family: arial, helvetica, sans-serif\">Rewangeha S\u00fbr\u00ee ya Maf\u00ean Mirovan diyar kir, ev karwana \u00e7arem\u00een a h\u00eaz\u00ean le\u015fker\u00ee y\u00ean h\u00eaz\u00ean Tirkiy\u00ea ye ku di nava du roj\u00ean bor\u00ee de derbas\u00ee her\u00eam\u00ean gundewar\u00ea Heleb\u00ea dibe.<\/span><\/h3>\n<h3 style=\"text-align: justify\"><span style=\"font-family: arial, helvetica, sans-serif\">Karwana yekem ya h\u00eaz\u00ean Tirkiy\u00ea \u015feva Du\u015fem\u00ea\/S\u00ea\u015fem\u00ea di deriy\u00ea s\u00eenor\u00ee Bab El-Selame re derbas\u00ee gundewar\u00ea bakur\u00ea Heleb\u00ea b\u00fb.<\/span><\/h3>\n<h3 style=\"text-align: justify\"><span style=\"font-family: arial, helvetica, sans-serif\">Karwaneke din a le\u015fker\u00ee ya Tirkiy\u00ea di deriy\u00ea le\u015fker\u00ee y\u00ea Eyn Beyda y\u00ea li gundewar\u00ea rojavay\u00ea Idlib\u00ea derbas\u00ee nav axa S\u00fbriy\u00ea b\u00fb \u00fb li xal\u00ean Tirkiy\u00ea y\u00ean ku li gundewar\u00ea rojhilat\u00ea Idlib\u00ea \u00fb rojavay\u00ea Heleb\u00ea bi cih b\u00fb.<\/span><\/h3>\n<h3 style=\"text-align: justify\"><span style=\"font-family: arial, helvetica, sans-serif\">Her wiha duh\u00ee karwaneke le\u015fker\u00ee ya n\u00fb ya Tirkiy\u00ea di deriy\u00ea s\u00eenor\u00ee y\u00ea El-Ra\u00ee derbas\u00ee gundewar\u00ea Heleb\u00ea b\u00fb \u00fb li xal\u00ean Tirkiy\u00ea y\u00ean her\u00eama operasyona \u201cMertala Firat\u00ea\u201d bi cih b\u00fb.<\/span><\/h3>\n<h3 style=\"text-align: justify\"><span style=\"font-family: arial, helvetica, sans-serif\">Duh j\u00ee karwaneke le\u015fker\u00ee ya n\u00fb ya Tirkiy\u00ea bi r\u00eaya deriy\u00ea s\u00eenor\u00ee y\u00ea Hemam\u00ea y\u00ea li nav\u00e7eya Cindir\u00eas\u00ea ya li rojavay\u00ea Efr\u00een\u00ea re derbas\u00ee gundewar\u00ea ba\u015f\u00fbr\u00ea Efr\u00een\u00ea li n\u00eaz\u00ee xet\u00ean p\u00eawendiya y\u00ean bi h\u00eaz\u00ean HSD \u00fb h\u00eaz\u00ean rej\u00eem\u00ea re bi r\u00ea ket.<\/span><\/h3>\n<h3 style=\"text-align: justify\"><span style=\"font-family: arial, helvetica, sans-serif\">Li gor zanyariy\u00ean Rewangeh\u00ea, karwan\u00ean Tirkiy\u00ea y\u00ean derbas\u00ee gundewar\u00ea Heleb \u00fb Efr\u00een\u00ea b\u00fbne, ji gelek tank, otomb\u00eel\u00ean zirx\u00ee, topxane, roketav\u00eaj, tankeran \u00fb wesay\u00eet\u00ean din \u00ean le\u015fker\u00ee \u00eak dihatin.<\/span><\/h3>\n<h3 style=\"text-align: justify\"><span style=\"font-family: arial, helvetica, sans-serif\">Derbasb\u00fbna van h\u00eaz\u00ean Tirkiy\u00ea di demek\u00ea de ye, art\u00ea\u015fa Tirkiy\u00ea gefa destp\u00eakirina operasyoneke le\u015fker\u00ee li Til Rifet (bakur\u00ea Heleb\u00ea) \u00fb Minbic\u00ea (rojhilat\u00ea Heleb\u00ea) dixwe.<\/span><\/h3>\n","protected":false},"excerpt":{"rendered":"<p>Karwana \u00e7arem\u00een a le\u015fker\u00ee ya h\u00eaz\u00ean Tirkiy\u00ea di deriy\u00ea El-Ra\u00ee re derbas\u00ee b\u00fb \u00fb ber bi bajar\u00ea Bab\u00ea ve \u00e7\u00fb. Karwan ji tank, topxane \u00fb \u00e7ek\u00ean din \u00ean giran p\u00eak dihat. Rewangeha S\u00fbr\u00ee ya Maf\u00ean Mirovan diyar kir, ev karwana \u00e7arem\u00een a h\u00eaz\u00ean le\u015fker\u00ee y\u00ean h\u00eaz\u00ean Tirkiy\u00ea ye ku di nava du roj\u00ean bor\u00ee de [&hellip;]<\/p>\n","protected":false},"author":2,"featured_media":1031111,"comment_status":"closed","ping_status":"closed","sticky":false,"template":"","format":"standard","meta":{"footnotes":""},"categories":[29],"tags":[37],"class_list":["post-1031110","post","type-post","status-publish","format-standard","has-post-thumbnail","hentry","category-kurdistan","tag-sereke"],"blocksy_meta":[],"seo_head":"<!-- This site is optimized with the Yoast SEO plugin v27.5 - https:\/\/yoast.com\/product\/yoast-seo-wordpress\/ -->\n<title>Tirkiy\u00ea h\u00eaz \u00fb \u00e7ek\u00ean giran derbas\u00ee Rojava Kurdistan\u00ea kirin - Darka Maz\u00ee<\/title>\n<meta name=\"robots\" content=\"index, follow, max-snippet:-1, max-image-preview:large, max-video-preview:-1\" \/>\n<link rel=\"canonical\" href=\"https:\/\/darkamazi.info\/archives\/1031110\" \/>\n<meta property=\"og:locale\" content=\"en_US\" \/>\n<meta property=\"og:type\" content=\"article\" \/>\n<meta property=\"og:title\" content=\"Tirkiy\u00ea h\u00eaz \u00fb \u00e7ek\u00ean giran derbas\u00ee Rojava Kurdistan\u00ea kirin - Darka Maz\u00ee\" \/>\n<meta property=\"og:description\" content=\"Karwana \u00e7arem\u00een a le\u015fker\u00ee ya h\u00eaz\u00ean Tirkiy\u00ea di deriy\u00ea El-Ra\u00ee re derbas\u00ee b\u00fb \u00fb ber bi bajar\u00ea Bab\u00ea ve \u00e7\u00fb. Karwan ji tank, topxane \u00fb \u00e7ek\u00ean din \u00ean giran p\u00eak dihat. Rewangeha S\u00fbr\u00ee ya Maf\u00ean Mirovan diyar kir, ev karwana \u00e7arem\u00een a h\u00eaz\u00ean le\u015fker\u00ee y\u00ean h\u00eaz\u00ean Tirkiy\u00ea ye ku di nava du roj\u00ean bor\u00ee de [&hellip;]\" \/>\n<meta property=\"og:url\" content=\"https:\/\/darkamazi.info\/archives\/1031110\" \/>\n<meta property=\"og:site_name\" content=\"Darka Maz\u00ee\" \/>\n<meta property=\"article:publisher\" content=\"https:\/\/www.facebook.com\/DarMaziKurmanci\" \/>\n<meta property=\"article:published_time\" content=\"2022-07-06T09:50:57+00:00\" \/>\n<meta property=\"og:image\" content=\"https:\/\/darkamazi.info\/file\/2022\/07\/turkey-syria-rojava-kurdistan.jpg\" \/>\n\t<meta property=\"og:image:width\" content=\"900\" \/>\n\t<meta property=\"og:image:height\" content=\"497\" \/>\n\t<meta property=\"og:image:type\" content=\"image\/jpeg\" \/>\n<meta name=\"author\" content=\"darka mazi\" \/>\n<meta name=\"twitter:card\" content=\"summary_large_image\" \/>\n<meta name=\"twitter:creator\" content=\"@DarkaMaziLatini\" \/>\n<meta name=\"twitter:site\" content=\"@DarkaMaziLatini\" \/>\n<meta name=\"twitter:label1\" content=\"Written by\" \/>\n\t<meta name=\"twitter:data1\" content=\"darka mazi\" \/>\n\t<meta name=\"twitter:label2\" content=\"Est. reading time\" \/>\n\t<meta name=\"twitter:data2\" content=\"1 minute\" \/>\n<script type=\"application\/ld+json\" class=\"seo-schema-graph\">{\"@context\":\"https:\\\/\\\/schema.org\",\"@graph\":[{\"@type\":\"Article\",\"@id\":\"https:\\\/\\\/darkamazi.info\\\/archives\\\/1031110#article\",\"isPartOf\":{\"@id\":\"https:\\\/\\\/darkamazi.info\\\/archives\\\/1031110\"},\"author\":{\"name\":\"darka mazi\",\"@id\":\"https:\\\/\\\/darkamazi.info\\\/#\\\/schema\\\/person\\\/5ad3e24553a0567993fa8ed4bd0a776c\"},\"headline\":\"Tirkiy\u00ea h\u00eaz \u00fb \u00e7ek\u00ean giran derbas\u00ee Rojava Kurdistan\u00ea kirin\",\"datePublished\":\"2022-07-06T09:50:57+00:00\",\"mainEntityOfPage\":{\"@id\":\"https:\\\/\\\/darkamazi.info\\\/archives\\\/1031110\"},\"wordCount\":308,\"publisher\":{\"@id\":\"https:\\\/\\\/darkamazi.info\\\/#organization\"},\"image\":{\"@id\":\"https:\\\/\\\/darkamazi.info\\\/archives\\\/1031110#primaryimage\"},\"thumbnailUrl\":\"https:\\\/\\\/darkamazi.info\\\/darka-content\\\/uploads\\\/2022\\\/07\\\/turkey-syria-rojava-kurdistan.jpg\",\"keywords\":[\"sereke\"],\"articleSection\":[\"Kurdistan\"],\"inLanguage\":\"en-US\"},{\"@type\":\"WebPage\",\"@id\":\"https:\\\/\\\/darkamazi.info\\\/archives\\\/1031110\",\"url\":\"https:\\\/\\\/darkamazi.info\\\/archives\\\/1031110\",\"name\":\"Tirkiy\u00ea h\u00eaz \u00fb \u00e7ek\u00ean giran derbas\u00ee Rojava Kurdistan\u00ea kirin - Darka Maz\u00ee\",\"isPartOf\":{\"@id\":\"https:\\\/\\\/darkamazi.info\\\/#website\"},\"primaryImageOfPage\":{\"@id\":\"https:\\\/\\\/darkamazi.info\\\/archives\\\/1031110#primaryimage\"},\"image\":{\"@id\":\"https:\\\/\\\/darkamazi.info\\\/archives\\\/1031110#primaryimage\"},\"thumbnailUrl\":\"https:\\\/\\\/darkamazi.info\\\/darka-content\\\/uploads\\\/2022\\\/07\\\/turkey-syria-rojava-kurdistan.jpg\",\"datePublished\":\"2022-07-06T09:50:57+00:00\",\"breadcrumb\":{\"@id\":\"https:\\\/\\\/darkamazi.info\\\/archives\\\/1031110#breadcrumb\"},\"inLanguage\":\"en-US\",\"potentialAction\":[{\"@type\":\"ReadAction\",\"target\":[\"https:\\\/\\\/darkamazi.info\\\/archives\\\/1031110\"]}]},{\"@type\":\"ImageObject\",\"inLanguage\":\"en-US\",\"@id\":\"https:\\\/\\\/darkamazi.info\\\/archives\\\/1031110#primaryimage\",\"url\":\"https:\\\/\\\/darkamazi.info\\\/darka-content\\\/uploads\\\/2022\\\/07\\\/turkey-syria-rojava-kurdistan.jpg\",\"contentUrl\":\"https:\\\/\\\/darkamazi.info\\\/darka-content\\\/uploads\\\/2022\\\/07\\\/turkey-syria-rojava-kurdistan.jpg\",\"width\":900,\"height\":497,\"caption\":\"turkey-syria-rojava-kurdistan\"},{\"@type\":\"BreadcrumbList\",\"@id\":\"https:\\\/\\\/darkamazi.info\\\/archives\\\/1031110#breadcrumb\",\"itemListElement\":[{\"@type\":\"ListItem\",\"position\":1,\"name\":\"Home\",\"item\":\"https:\\\/\\\/darkamazi.info\\\/\"},{\"@type\":\"ListItem\",\"position\":2,\"name\":\"Tirkiy\u00ea h\u00eaz \u00fb \u00e7ek\u00ean giran derbas\u00ee Rojava Kurdistan\u00ea kirin\"}]},{\"@type\":\"WebSite\",\"@id\":\"https:\\\/\\\/darkamazi.info\\\/#website\",\"url\":\"https:\\\/\\\/darkamazi.info\\\/\",\"name\":\"Darka Maz\u00ee\",\"description\":\"P\u00eageha Zanyariy\u00ean Nebih\u00eest\u00ee\",\"publisher\":{\"@id\":\"https:\\\/\\\/darkamazi.info\\\/#organization\"},\"potentialAction\":[{\"@type\":\"SearchAction\",\"target\":{\"@type\":\"EntryPoint\",\"urlTemplate\":\"https:\\\/\\\/darkamazi.info\\\/?s={search_term_string}\"},\"query-input\":{\"@type\":\"PropertyValueSpecification\",\"valueRequired\":true,\"valueName\":\"search_term_string\"}}],\"inLanguage\":\"en-US\"},{\"@type\":\"Organization\",\"@id\":\"https:\\\/\\\/darkamazi.info\\\/#organization\",\"name\":\"Darka Maz\u00ee\",\"url\":\"https:\\\/\\\/darkamazi.info\\\/\",\"logo\":{\"@type\":\"ImageObject\",\"inLanguage\":\"en-US\",\"@id\":\"https:\\\/\\\/darkamazi.info\\\/#\\\/schema\\\/logo\\\/image\\\/\",\"url\":\"https:\\\/\\\/darkamazi.info\\\/darka-content\\\/uploads\\\/2017\\\/12\\\/darka-mazi-logo.png\",\"contentUrl\":\"https:\\\/\\\/darkamazi.info\\\/darka-content\\\/uploads\\\/2017\\\/12\\\/darka-mazi-logo.png\",\"width\":151,\"height\":75,\"caption\":\"Darka Maz\u00ee\"},\"image\":{\"@id\":\"https:\\\/\\\/darkamazi.info\\\/#\\\/schema\\\/logo\\\/image\\\/\"},\"sameAs\":[\"https:\\\/\\\/www.facebook.com\\\/DarMaziKurmanci\",\"https:\\\/\\\/x.com\\\/DarkaMaziLatini\",\"https:\\\/\\\/www.instagram.com\\\/darkamazi.kurmanci\\\/\",\"https:\\\/\\\/www.youtube.com\\\/channel\\\/UCa5HkTdmI8U1qCUFuTw8B2g\"]},{\"@type\":\"Person\",\"@id\":\"https:\\\/\\\/darkamazi.info\\\/#\\\/schema\\\/person\\\/5ad3e24553a0567993fa8ed4bd0a776c\",\"name\":\"darka mazi\",\"sameAs\":[\"https:\\\/\\\/darkamazi.info\\\/\"],\"url\":\"https:\\\/\\\/darkamazi.info\\\/archives\\\/author\\\/kurdi\"}]}<\/script>\n<!-- \/ Yoast SEO plugin. -->","seo_head_json":{"title":"Tirkiy\u00ea h\u00eaz \u00fb \u00e7ek\u00ean giran derbas\u00ee Rojava Kurdistan\u00ea kirin - Darka Maz\u00ee","robots":{"index":"index","follow":"follow","max-snippet":"max-snippet:-1","max-image-preview":"max-image-preview:large","max-video-preview":"max-video-preview:-1"},"canonical":"https:\/\/darkamazi.info\/archives\/1031110","og_locale":"en_US","og_type":"article","og_title":"Tirkiy\u00ea h\u00eaz \u00fb \u00e7ek\u00ean giran derbas\u00ee Rojava Kurdistan\u00ea kirin - Darka Maz\u00ee","og_description":"Karwana \u00e7arem\u00een a le\u015fker\u00ee ya h\u00eaz\u00ean Tirkiy\u00ea di deriy\u00ea El-Ra\u00ee re derbas\u00ee b\u00fb \u00fb ber bi bajar\u00ea Bab\u00ea ve \u00e7\u00fb. Karwan ji tank, topxane \u00fb \u00e7ek\u00ean din \u00ean giran p\u00eak dihat. Rewangeha S\u00fbr\u00ee ya Maf\u00ean Mirovan diyar kir, ev karwana \u00e7arem\u00een a h\u00eaz\u00ean le\u015fker\u00ee y\u00ean h\u00eaz\u00ean Tirkiy\u00ea ye ku di nava du roj\u00ean bor\u00ee de [&hellip;]","og_url":"https:\/\/darkamazi.info\/archives\/1031110","og_site_name":"Darka Maz\u00ee","article_publisher":"https:\/\/www.facebook.com\/DarMaziKurmanci","article_published_time":"2022-07-06T09:50:57+00:00","og_image":[{"width":900,"height":497,"url":"https:\/\/darkamazi.info\/file\/2022\/07\/turkey-syria-rojava-kurdistan.jpg","type":"image\/jpeg"}],"author":"darka mazi","twitter_card":"summary_large_image","twitter_creator":"@DarkaMaziLatini","twitter_site":"@DarkaMaziLatini","twitter_misc":{"Written by":"darka mazi","Est. reading time":"1 minute"},"schema":{"@context":"https:\/\/schema.org","@graph":[{"@type":"Article","@id":"https:\/\/darkamazi.info\/archives\/1031110#article","isPartOf":{"@id":"https:\/\/darkamazi.info\/archives\/1031110"},"author":{"name":"darka mazi","@id":"https:\/\/darkamazi.info\/#\/schema\/person\/5ad3e24553a0567993fa8ed4bd0a776c"},"headline":"Tirkiy\u00ea h\u00eaz \u00fb \u00e7ek\u00ean giran derbas\u00ee Rojava Kurdistan\u00ea kirin","datePublished":"2022-07-06T09:50:57+00:00","mainEntityOfPage":{"@id":"https:\/\/darkamazi.info\/archives\/1031110"},"wordCount":308,"publisher":{"@id":"https:\/\/darkamazi.info\/#organization"},"image":{"@id":"https:\/\/darkamazi.info\/archives\/1031110#primaryimage"},"thumbnailUrl":"https:\/\/darkamazi.info\/file\/2022\/07\/turkey-syria-rojava-kurdistan.jpg","keywords":["sereke"],"articleSection":["Kurdistan"],"inLanguage":"en-US"},{"@type":"WebPage","@id":"https:\/\/darkamazi.info\/archives\/1031110","url":"https:\/\/darkamazi.info\/archives\/1031110","name":"Tirkiy\u00ea h\u00eaz \u00fb \u00e7ek\u00ean giran derbas\u00ee Rojava Kurdistan\u00ea kirin - Darka Maz\u00ee","isPartOf":{"@id":"https:\/\/darkamazi.info\/#website"},"primaryImageOfPage":{"@id":"https:\/\/darkamazi.info\/archives\/1031110#primaryimage"},"image":{"@id":"https:\/\/darkamazi.info\/archives\/1031110#primaryimage"},"thumbnailUrl":"https:\/\/darkamazi.info\/file\/2022\/07\/turkey-syria-rojava-kurdistan.jpg","datePublished":"2022-07-06T09:50:57+00:00","breadcrumb":{"@id":"https:\/\/darkamazi.info\/archives\/1031110#breadcrumb"},"inLanguage":"en-US","potentialAction":[{"@type":"ReadAction","target":["https:\/\/darkamazi.info\/archives\/1031110"]}]},{"@type":"ImageObject","inLanguage":"en-US","@id":"https:\/\/darkamazi.info\/archives\/1031110#primaryimage","url":"https:\/\/darkamazi.info\/file\/2022\/07\/turkey-syria-rojava-kurdistan.jpg","contentUrl":"https:\/\/darkamazi.info\/file\/2022\/07\/turkey-syria-rojava-kurdistan.jpg","width":900,"height":497,"caption":"turkey-syria-rojava-kurdistan"},{"@type":"BreadcrumbList","@id":"https:\/\/darkamazi.info\/archives\/1031110#breadcrumb","itemListElement":[{"@type":"ListItem","position":1,"name":"Home","item":"https:\/\/darkamazi.info\/"},{"@type":"ListItem","position":2,"name":"Tirkiy\u00ea h\u00eaz \u00fb \u00e7ek\u00ean giran derbas\u00ee Rojava Kurdistan\u00ea kirin"}]},{"@type":"WebSite","@id":"https:\/\/darkamazi.info\/#website","url":"https:\/\/darkamazi.info\/","name":"Darka Maz\u00ee","description":"P\u00eageha Zanyariy\u00ean Nebih\u00eest\u00ee","publisher":{"@id":"https:\/\/darkamazi.info\/#organization"},"potentialAction":[{"@type":"SearchAction","target":{"@type":"EntryPoint","urlTemplate":"https:\/\/darkamazi.info\/?s={search_term_string}"},"query-input":{"@type":"PropertyValueSpecification","valueRequired":true,"valueName":"search_term_string"}}],"inLanguage":"en-US"},{"@type":"Organization","@id":"https:\/\/darkamazi.info\/#organization","name":"Darka Maz\u00ee","url":"https:\/\/darkamazi.info\/","logo":{"@type":"ImageObject","inLanguage":"en-US","@id":"https:\/\/darkamazi.info\/#\/schema\/logo\/image\/","url":"https:\/\/darkamazi.info\/file\/2017\/12\/darka-mazi-logo.png","contentUrl":"https:\/\/darkamazi.info\/file\/2017\/12\/darka-mazi-logo.png","width":151,"height":75,"caption":"Darka Maz\u00ee"},"image":{"@id":"https:\/\/darkamazi.info\/#\/schema\/logo\/image\/"},"sameAs":["https:\/\/www.facebook.com\/DarMaziKurmanci","https:\/\/x.com\/DarkaMaziLatini","https:\/\/www.instagram.com\/darkamazi.kurmanci\/","https:\/\/www.youtube.com\/channel\/UCa5HkTdmI8U1qCUFuTw8B2g"]},{"@type":"Person","@id":"https:\/\/darkamazi.info\/#\/schema\/person\/5ad3e24553a0567993fa8ed4bd0a776c","name":"darka mazi","sameAs":["https:\/\/darkamazi.info\/"],"url":"https:\/\/darkamazi.info\/archives\/author\/kurdi"}]}},"_links":{"self":[{"href":"https:\/\/darkamazi.info\/funavuv\/wp\/v2\/posts\/1031110","targetHints":{"allow":["GET"]}}],"collection":[{"href":"https:\/\/darkamazi.info\/funavuv\/wp\/v2\/posts"}],"about":[{"href":"https:\/\/darkamazi.info\/funavuv\/wp\/v2\/types\/post"}],"author":[{"embeddable":true,"href":"https:\/\/darkamazi.info\/funavuv\/wp\/v2\/users\/2"}],"replies":[{"embeddable":true,"href":"https:\/\/darkamazi.info\/funavuv\/wp\/v2\/comments?post=1031110"}],"version-history":[{"count":0,"href":"https:\/\/darkamazi.info\/funavuv\/wp\/v2\/posts\/1031110\/revisions"}],"wp:featuredmedia":[{"embeddable":true,"href":"https:\/\/darkamazi.info\/funavuv\/wp\/v2\/media\/1031111"}],"wp:attachment":[{"href":"https:\/\/darkamazi.info\/funavuv\/wp\/v2\/media?parent=1031110"}],"wp:term":[{"taxonomy":"category","embeddable":true,"href":"https:\/\/darkamazi.info\/funavuv\/wp\/v2\/categories?post=1031110"},{"taxonomy":"post_tag","embeddable":true,"href":"https:\/\/darkamazi.info\/funavuv\/wp\/v2\/tags?post=1031110"}],"curies":[{"name":"wp","href":"https:\/\/api.w.org\/{rel}","templated":true}]}}