{"id":1031113,"date":"2022-07-06T14:20:15","date_gmt":"2022-07-06T11:20:15","guid":{"rendered":"https:\/\/darkamazi.info\/?p=1031113"},"modified":"2022-07-06T14:20:15","modified_gmt":"2022-07-06T11:20:15","slug":"li-2020-dane-kustin-u-iro-miri-wan-ragihand","status":"publish","type":"post","link":"https:\/\/darkamazi.info\/archives\/1031113","title":{"rendered":"Li 2020 dane ku\u015ftin \u00fb \u00eero miri wan ragihand"},"content":{"rendered":"<h3 style=\"text-align: justify\"><span style=\"font-family: 'arial black', sans-serif\">R\u00eaxistina PKK\u00ea \u00eero nasnameya 4 ciwan\u00ean Kurd e\u015fkere kir ku du salan ber\u00ea bi dest\u00ea art\u00ea\u015fa dewleta Tirk dane ku\u015ftin \u00fb pa\u015f derbasb\u00fbna du salan ji n\u00fb mirina wan ragihandiye.<\/span><\/h3>\n<h3 style=\"text-align: justify\"><span style=\"font-family: arial, helvetica, sans-serif\">HPG\u00ea bask\u00ea le\u015fker\u00ee y\u00ea PKK\u00ea, \u00eero roja \u00e7ar\u015fem\u00ee 6\\7\\2022\u00ea nasnameya 3 ciwan \u00fb ke\u00e7eka Kurd e\u015fkere kirin ku li \u00eelona sala 2020\u00ea li Botan\u00ea bi dest\u00ea art\u00ea\u015fa dewleta Tirk dane ku\u015ftin \u00fb pa\u015f derbasb\u00fbna du salan ji n\u00fb mirina wan ragihandiye.<\/span><\/h3>\n<h3 style=\"text-align: justify\"><span style=\"font-family: arial, helvetica, sans-serif\">Nav\u00ean van ciwanan wisaye:<\/span><\/h3>\n<h3 style=\"text-align: justify\"><span style=\"font-family: arial, helvetica, sans-serif\">\u201cZozan, Rizgar, Murat \u00fb Ebdulqadir ku ji bajar\u00ean \u00caleh, Colem\u00earg, S\u00eart\u00ea \u00fb Wan\u00ea y\u00ean Bakur\u00ea Kurdistan\u00ea ne\u201d.<\/span><\/h3>\n<h3 style=\"text-align: justify\"><span style=\"font-family: arial, helvetica, sans-serif\">R\u00eaxistina PKK\u00ea her li navbera \u00e7end rojan nav \u00fb w\u00eaney\u00ean kom\u00ean ciwan\u00ean Kurd e\u015fkere dike y\u00ean ku li sal\u00ean ber\u00ea feda kir\u00een \u00fb pa\u015f derbasb\u00fbna \u00e7end salan ji n\u00fb t\u00ea \u00fb dib\u00eaje me heval\u00ean xwe wenda kirin!.<\/span><\/h3>\n","protected":false},"excerpt":{"rendered":"<p>R\u00eaxistina PKK\u00ea \u00eero nasnameya 4 ciwan\u00ean Kurd e\u015fkere kir ku du salan ber\u00ea bi dest\u00ea art\u00ea\u015fa dewleta Tirk dane ku\u015ftin \u00fb pa\u015f derbasb\u00fbna du salan ji n\u00fb mirina wan ragihandiye. HPG\u00ea bask\u00ea le\u015fker\u00ee y\u00ea PKK\u00ea, \u00eero roja \u00e7ar\u015fem\u00ee 6\\7\\2022\u00ea nasnameya 3 ciwan \u00fb ke\u00e7eka Kurd e\u015fkere kirin ku li \u00eelona sala 2020\u00ea li Botan\u00ea bi [&hellip;]<\/p>\n","protected":false},"author":2,"featured_media":1031114,"comment_status":"closed","ping_status":"closed","sticky":false,"template":"","format":"standard","meta":{"footnotes":""},"categories":[29],"tags":[37],"class_list":["post-1031113","post","type-post","status-publish","format-standard","has-post-thumbnail","hentry","category-kurdistan","tag-sereke"],"blocksy_meta":[],"seo_head":"<!-- This site is optimized with the Yoast SEO plugin v27.5 - https:\/\/yoast.com\/product\/yoast-seo-wordpress\/ -->\n<title>Li 2020 dane ku\u015ftin \u00fb \u00eero miri wan ragihand - Darka Maz\u00ee<\/title>\n<meta name=\"robots\" content=\"index, follow, max-snippet:-1, max-image-preview:large, max-video-preview:-1\" \/>\n<link rel=\"canonical\" href=\"https:\/\/darkamazi.info\/archives\/1031113\" \/>\n<meta property=\"og:locale\" content=\"en_US\" \/>\n<meta property=\"og:type\" content=\"article\" \/>\n<meta property=\"og:title\" content=\"Li 2020 dane ku\u015ftin \u00fb \u00eero miri wan ragihand - Darka Maz\u00ee\" \/>\n<meta property=\"og:description\" content=\"R\u00eaxistina PKK\u00ea \u00eero nasnameya 4 ciwan\u00ean Kurd e\u015fkere kir ku du salan ber\u00ea bi dest\u00ea art\u00ea\u015fa dewleta Tirk dane ku\u015ftin \u00fb pa\u015f derbasb\u00fbna du salan ji n\u00fb mirina wan ragihandiye. HPG\u00ea bask\u00ea le\u015fker\u00ee y\u00ea PKK\u00ea, \u00eero roja \u00e7ar\u015fem\u00ee 672022\u00ea nasnameya 3 ciwan \u00fb ke\u00e7eka Kurd e\u015fkere kirin ku li \u00eelona sala 2020\u00ea li Botan\u00ea bi [&hellip;]\" \/>\n<meta property=\"og:url\" content=\"https:\/\/darkamazi.info\/archives\/1031113\" \/>\n<meta property=\"og:site_name\" content=\"Darka Maz\u00ee\" \/>\n<meta property=\"article:publisher\" content=\"https:\/\/www.facebook.com\/DarMaziKurmanci\" \/>\n<meta property=\"article:published_time\" content=\"2022-07-06T11:20:15+00:00\" \/>\n<meta property=\"og:image\" content=\"https:\/\/darkamazi.info\/file\/2022\/07\/pkk-zarok-gerila-kurdistan-turkey.jpg\" \/>\n\t<meta property=\"og:image:width\" content=\"900\" \/>\n\t<meta property=\"og:image:height\" content=\"497\" \/>\n\t<meta property=\"og:image:type\" content=\"image\/jpeg\" \/>\n<meta name=\"author\" content=\"darka mazi\" \/>\n<meta name=\"twitter:card\" content=\"summary_large_image\" \/>\n<meta name=\"twitter:creator\" content=\"@DarkaMaziLatini\" \/>\n<meta name=\"twitter:site\" content=\"@DarkaMaziLatini\" \/>\n<meta name=\"twitter:label1\" content=\"Written by\" \/>\n\t<meta name=\"twitter:data1\" content=\"darka mazi\" \/>\n\t<meta name=\"twitter:label2\" content=\"Est. reading time\" \/>\n\t<meta name=\"twitter:data2\" content=\"1 minute\" \/>\n<script type=\"application\/ld+json\" class=\"seo-schema-graph\">{\"@context\":\"https:\\\/\\\/schema.org\",\"@graph\":[{\"@type\":\"Article\",\"@id\":\"https:\\\/\\\/darkamazi.info\\\/archives\\\/1031113#article\",\"isPartOf\":{\"@id\":\"https:\\\/\\\/darkamazi.info\\\/archives\\\/1031113\"},\"author\":{\"name\":\"darka mazi\",\"@id\":\"https:\\\/\\\/darkamazi.info\\\/#\\\/schema\\\/person\\\/5ad3e24553a0567993fa8ed4bd0a776c\"},\"headline\":\"Li 2020 dane ku\u015ftin \u00fb \u00eero miri wan ragihand\",\"datePublished\":\"2022-07-06T11:20:15+00:00\",\"mainEntityOfPage\":{\"@id\":\"https:\\\/\\\/darkamazi.info\\\/archives\\\/1031113\"},\"wordCount\":155,\"publisher\":{\"@id\":\"https:\\\/\\\/darkamazi.info\\\/#organization\"},\"image\":{\"@id\":\"https:\\\/\\\/darkamazi.info\\\/archives\\\/1031113#primaryimage\"},\"thumbnailUrl\":\"https:\\\/\\\/darkamazi.info\\\/darka-content\\\/uploads\\\/2022\\\/07\\\/pkk-zarok-gerila-kurdistan-turkey.jpg\",\"keywords\":[\"sereke\"],\"articleSection\":[\"Kurdistan\"],\"inLanguage\":\"en-US\"},{\"@type\":\"WebPage\",\"@id\":\"https:\\\/\\\/darkamazi.info\\\/archives\\\/1031113\",\"url\":\"https:\\\/\\\/darkamazi.info\\\/archives\\\/1031113\",\"name\":\"Li 2020 dane ku\u015ftin \u00fb \u00eero miri wan ragihand - Darka Maz\u00ee\",\"isPartOf\":{\"@id\":\"https:\\\/\\\/darkamazi.info\\\/#website\"},\"primaryImageOfPage\":{\"@id\":\"https:\\\/\\\/darkamazi.info\\\/archives\\\/1031113#primaryimage\"},\"image\":{\"@id\":\"https:\\\/\\\/darkamazi.info\\\/archives\\\/1031113#primaryimage\"},\"thumbnailUrl\":\"https:\\\/\\\/darkamazi.info\\\/darka-content\\\/uploads\\\/2022\\\/07\\\/pkk-zarok-gerila-kurdistan-turkey.jpg\",\"datePublished\":\"2022-07-06T11:20:15+00:00\",\"breadcrumb\":{\"@id\":\"https:\\\/\\\/darkamazi.info\\\/archives\\\/1031113#breadcrumb\"},\"inLanguage\":\"en-US\",\"potentialAction\":[{\"@type\":\"ReadAction\",\"target\":[\"https:\\\/\\\/darkamazi.info\\\/archives\\\/1031113\"]}]},{\"@type\":\"ImageObject\",\"inLanguage\":\"en-US\",\"@id\":\"https:\\\/\\\/darkamazi.info\\\/archives\\\/1031113#primaryimage\",\"url\":\"https:\\\/\\\/darkamazi.info\\\/darka-content\\\/uploads\\\/2022\\\/07\\\/pkk-zarok-gerila-kurdistan-turkey.jpg\",\"contentUrl\":\"https:\\\/\\\/darkamazi.info\\\/darka-content\\\/uploads\\\/2022\\\/07\\\/pkk-zarok-gerila-kurdistan-turkey.jpg\",\"width\":900,\"height\":497,\"caption\":\"pkk-zarok-gerila-kurdistan-turkey\"},{\"@type\":\"BreadcrumbList\",\"@id\":\"https:\\\/\\\/darkamazi.info\\\/archives\\\/1031113#breadcrumb\",\"itemListElement\":[{\"@type\":\"ListItem\",\"position\":1,\"name\":\"Home\",\"item\":\"https:\\\/\\\/darkamazi.info\\\/\"},{\"@type\":\"ListItem\",\"position\":2,\"name\":\"Li 2020 dane ku\u015ftin \u00fb \u00eero miri wan ragihand\"}]},{\"@type\":\"WebSite\",\"@id\":\"https:\\\/\\\/darkamazi.info\\\/#website\",\"url\":\"https:\\\/\\\/darkamazi.info\\\/\",\"name\":\"Darka Maz\u00ee\",\"description\":\"P\u00eageha Zanyariy\u00ean Nebih\u00eest\u00ee\",\"publisher\":{\"@id\":\"https:\\\/\\\/darkamazi.info\\\/#organization\"},\"potentialAction\":[{\"@type\":\"SearchAction\",\"target\":{\"@type\":\"EntryPoint\",\"urlTemplate\":\"https:\\\/\\\/darkamazi.info\\\/?s={search_term_string}\"},\"query-input\":{\"@type\":\"PropertyValueSpecification\",\"valueRequired\":true,\"valueName\":\"search_term_string\"}}],\"inLanguage\":\"en-US\"},{\"@type\":\"Organization\",\"@id\":\"https:\\\/\\\/darkamazi.info\\\/#organization\",\"name\":\"Darka Maz\u00ee\",\"url\":\"https:\\\/\\\/darkamazi.info\\\/\",\"logo\":{\"@type\":\"ImageObject\",\"inLanguage\":\"en-US\",\"@id\":\"https:\\\/\\\/darkamazi.info\\\/#\\\/schema\\\/logo\\\/image\\\/\",\"url\":\"https:\\\/\\\/darkamazi.info\\\/darka-content\\\/uploads\\\/2017\\\/12\\\/darka-mazi-logo.png\",\"contentUrl\":\"https:\\\/\\\/darkamazi.info\\\/darka-content\\\/uploads\\\/2017\\\/12\\\/darka-mazi-logo.png\",\"width\":151,\"height\":75,\"caption\":\"Darka Maz\u00ee\"},\"image\":{\"@id\":\"https:\\\/\\\/darkamazi.info\\\/#\\\/schema\\\/logo\\\/image\\\/\"},\"sameAs\":[\"https:\\\/\\\/www.facebook.com\\\/DarMaziKurmanci\",\"https:\\\/\\\/x.com\\\/DarkaMaziLatini\",\"https:\\\/\\\/www.instagram.com\\\/darkamazi.kurmanci\\\/\",\"https:\\\/\\\/www.youtube.com\\\/channel\\\/UCa5HkTdmI8U1qCUFuTw8B2g\"]},{\"@type\":\"Person\",\"@id\":\"https:\\\/\\\/darkamazi.info\\\/#\\\/schema\\\/person\\\/5ad3e24553a0567993fa8ed4bd0a776c\",\"name\":\"darka mazi\",\"sameAs\":[\"https:\\\/\\\/darkamazi.info\\\/\"],\"url\":\"https:\\\/\\\/darkamazi.info\\\/archives\\\/author\\\/kurdi\"}]}<\/script>\n<!-- \/ Yoast SEO plugin. -->","seo_head_json":{"title":"Li 2020 dane ku\u015ftin \u00fb \u00eero miri wan ragihand - Darka Maz\u00ee","robots":{"index":"index","follow":"follow","max-snippet":"max-snippet:-1","max-image-preview":"max-image-preview:large","max-video-preview":"max-video-preview:-1"},"canonical":"https:\/\/darkamazi.info\/archives\/1031113","og_locale":"en_US","og_type":"article","og_title":"Li 2020 dane ku\u015ftin \u00fb \u00eero miri wan ragihand - Darka Maz\u00ee","og_description":"R\u00eaxistina PKK\u00ea \u00eero nasnameya 4 ciwan\u00ean Kurd e\u015fkere kir ku du salan ber\u00ea bi dest\u00ea art\u00ea\u015fa dewleta Tirk dane ku\u015ftin \u00fb pa\u015f derbasb\u00fbna du salan ji n\u00fb mirina wan ragihandiye. HPG\u00ea bask\u00ea le\u015fker\u00ee y\u00ea PKK\u00ea, \u00eero roja \u00e7ar\u015fem\u00ee 672022\u00ea nasnameya 3 ciwan \u00fb ke\u00e7eka Kurd e\u015fkere kirin ku li \u00eelona sala 2020\u00ea li Botan\u00ea bi [&hellip;]","og_url":"https:\/\/darkamazi.info\/archives\/1031113","og_site_name":"Darka Maz\u00ee","article_publisher":"https:\/\/www.facebook.com\/DarMaziKurmanci","article_published_time":"2022-07-06T11:20:15+00:00","og_image":[{"width":900,"height":497,"url":"https:\/\/darkamazi.info\/file\/2022\/07\/pkk-zarok-gerila-kurdistan-turkey.jpg","type":"image\/jpeg"}],"author":"darka mazi","twitter_card":"summary_large_image","twitter_creator":"@DarkaMaziLatini","twitter_site":"@DarkaMaziLatini","twitter_misc":{"Written by":"darka mazi","Est. reading time":"1 minute"},"schema":{"@context":"https:\/\/schema.org","@graph":[{"@type":"Article","@id":"https:\/\/darkamazi.info\/archives\/1031113#article","isPartOf":{"@id":"https:\/\/darkamazi.info\/archives\/1031113"},"author":{"name":"darka mazi","@id":"https:\/\/darkamazi.info\/#\/schema\/person\/5ad3e24553a0567993fa8ed4bd0a776c"},"headline":"Li 2020 dane ku\u015ftin \u00fb \u00eero miri wan ragihand","datePublished":"2022-07-06T11:20:15+00:00","mainEntityOfPage":{"@id":"https:\/\/darkamazi.info\/archives\/1031113"},"wordCount":155,"publisher":{"@id":"https:\/\/darkamazi.info\/#organization"},"image":{"@id":"https:\/\/darkamazi.info\/archives\/1031113#primaryimage"},"thumbnailUrl":"https:\/\/darkamazi.info\/file\/2022\/07\/pkk-zarok-gerila-kurdistan-turkey.jpg","keywords":["sereke"],"articleSection":["Kurdistan"],"inLanguage":"en-US"},{"@type":"WebPage","@id":"https:\/\/darkamazi.info\/archives\/1031113","url":"https:\/\/darkamazi.info\/archives\/1031113","name":"Li 2020 dane ku\u015ftin \u00fb \u00eero miri wan ragihand - Darka Maz\u00ee","isPartOf":{"@id":"https:\/\/darkamazi.info\/#website"},"primaryImageOfPage":{"@id":"https:\/\/darkamazi.info\/archives\/1031113#primaryimage"},"image":{"@id":"https:\/\/darkamazi.info\/archives\/1031113#primaryimage"},"thumbnailUrl":"https:\/\/darkamazi.info\/file\/2022\/07\/pkk-zarok-gerila-kurdistan-turkey.jpg","datePublished":"2022-07-06T11:20:15+00:00","breadcrumb":{"@id":"https:\/\/darkamazi.info\/archives\/1031113#breadcrumb"},"inLanguage":"en-US","potentialAction":[{"@type":"ReadAction","target":["https:\/\/darkamazi.info\/archives\/1031113"]}]},{"@type":"ImageObject","inLanguage":"en-US","@id":"https:\/\/darkamazi.info\/archives\/1031113#primaryimage","url":"https:\/\/darkamazi.info\/file\/2022\/07\/pkk-zarok-gerila-kurdistan-turkey.jpg","contentUrl":"https:\/\/darkamazi.info\/file\/2022\/07\/pkk-zarok-gerila-kurdistan-turkey.jpg","width":900,"height":497,"caption":"pkk-zarok-gerila-kurdistan-turkey"},{"@type":"BreadcrumbList","@id":"https:\/\/darkamazi.info\/archives\/1031113#breadcrumb","itemListElement":[{"@type":"ListItem","position":1,"name":"Home","item":"https:\/\/darkamazi.info\/"},{"@type":"ListItem","position":2,"name":"Li 2020 dane ku\u015ftin \u00fb \u00eero miri wan ragihand"}]},{"@type":"WebSite","@id":"https:\/\/darkamazi.info\/#website","url":"https:\/\/darkamazi.info\/","name":"Darka Maz\u00ee","description":"P\u00eageha Zanyariy\u00ean Nebih\u00eest\u00ee","publisher":{"@id":"https:\/\/darkamazi.info\/#organization"},"potentialAction":[{"@type":"SearchAction","target":{"@type":"EntryPoint","urlTemplate":"https:\/\/darkamazi.info\/?s={search_term_string}"},"query-input":{"@type":"PropertyValueSpecification","valueRequired":true,"valueName":"search_term_string"}}],"inLanguage":"en-US"},{"@type":"Organization","@id":"https:\/\/darkamazi.info\/#organization","name":"Darka Maz\u00ee","url":"https:\/\/darkamazi.info\/","logo":{"@type":"ImageObject","inLanguage":"en-US","@id":"https:\/\/darkamazi.info\/#\/schema\/logo\/image\/","url":"https:\/\/darkamazi.info\/file\/2017\/12\/darka-mazi-logo.png","contentUrl":"https:\/\/darkamazi.info\/file\/2017\/12\/darka-mazi-logo.png","width":151,"height":75,"caption":"Darka Maz\u00ee"},"image":{"@id":"https:\/\/darkamazi.info\/#\/schema\/logo\/image\/"},"sameAs":["https:\/\/www.facebook.com\/DarMaziKurmanci","https:\/\/x.com\/DarkaMaziLatini","https:\/\/www.instagram.com\/darkamazi.kurmanci\/","https:\/\/www.youtube.com\/channel\/UCa5HkTdmI8U1qCUFuTw8B2g"]},{"@type":"Person","@id":"https:\/\/darkamazi.info\/#\/schema\/person\/5ad3e24553a0567993fa8ed4bd0a776c","name":"darka mazi","sameAs":["https:\/\/darkamazi.info\/"],"url":"https:\/\/darkamazi.info\/archives\/author\/kurdi"}]}},"_links":{"self":[{"href":"https:\/\/darkamazi.info\/funavuv\/wp\/v2\/posts\/1031113","targetHints":{"allow":["GET"]}}],"collection":[{"href":"https:\/\/darkamazi.info\/funavuv\/wp\/v2\/posts"}],"about":[{"href":"https:\/\/darkamazi.info\/funavuv\/wp\/v2\/types\/post"}],"author":[{"embeddable":true,"href":"https:\/\/darkamazi.info\/funavuv\/wp\/v2\/users\/2"}],"replies":[{"embeddable":true,"href":"https:\/\/darkamazi.info\/funavuv\/wp\/v2\/comments?post=1031113"}],"version-history":[{"count":0,"href":"https:\/\/darkamazi.info\/funavuv\/wp\/v2\/posts\/1031113\/revisions"}],"wp:featuredmedia":[{"embeddable":true,"href":"https:\/\/darkamazi.info\/funavuv\/wp\/v2\/media\/1031114"}],"wp:attachment":[{"href":"https:\/\/darkamazi.info\/funavuv\/wp\/v2\/media?parent=1031113"}],"wp:term":[{"taxonomy":"category","embeddable":true,"href":"https:\/\/darkamazi.info\/funavuv\/wp\/v2\/categories?post=1031113"},{"taxonomy":"post_tag","embeddable":true,"href":"https:\/\/darkamazi.info\/funavuv\/wp\/v2\/tags?post=1031113"}],"curies":[{"name":"wp","href":"https:\/\/api.w.org\/{rel}","templated":true}]}}