{"id":1031116,"date":"2022-07-06T15:24:28","date_gmt":"2022-07-06T12:24:28","guid":{"rendered":"https:\/\/darkamazi.info\/?p=1031116"},"modified":"2022-07-06T17:51:17","modified_gmt":"2022-07-06T14:51:17","slug":"reveberiya-xweser-rewsa-awarte-radigihine","status":"publish","type":"post","link":"https:\/\/darkamazi.info\/archives\/1031116","title":{"rendered":"R\u00eaveberiya Xweser \u201crew\u015fa awarte\u201d radigih\u00eene"},"content":{"rendered":"<h3 style=\"text-align: justify\"><span style=\"font-family: 'arial black', sans-serif\">R\u00eaveberiya Xweser a li Rojavay\u00ea Kurdistan\u00ea ji ber gef\u00ean berdewam \u00ean Tirkiy\u00ea \u00fb armanckirina siv\u00eelan \u00fb j\u00earxaney\u00ea bi hem\u00fb curey\u00ean \u00e7ekan, rew\u015fa awarte ji bo hem\u00fb hem\u00fb her\u00eam\u00ean R\u00eaveberiya Xweser ragihand.<\/span><\/h3>\n<h3 style=\"text-align: justify\">Hevserokatiya Gi\u015ft\u00ee ya R\u00eaveberiya Xweser \u00eero 6\u00ea Hez\u00eerana 2022an di daxuyaniyek\u00ea de ragihand, ji ber berjewendiya gi\u015ft\u00ee gef\u00ean berdewam \u00ean Tirkiy\u00ea, armanckirina siv\u00eelan \u00fb j\u00earxaney\u00ea bi hem\u00fb curey\u00ean \u00e7ekan \u00fb niyaza w\u00ea ya dag\u00eerkirina xaka S\u00fbriy\u00ea, bi armanca guhartina demografiya her\u00eam\u00ea \u00fb ko\u00e7berkirina siv\u00eelan, civ\u00eeneke awarte hate kirin \u00fb hin biryar hatin day\u00een.<\/h3>\n<h3 style=\"text-align: justify\">&#8211; Ragihandina rew\u015fa awarte li seranser\u00ee Bakur\u00ea Rojhilat\u00ea S\u00fbriy\u00ea.<\/h3>\n<h3 style=\"text-align: justify\">&#8211; Ji hem\u00fb enc\u00fbmen, kom\u00eete \u00fb saziy\u00ean R\u00eaveberiya Xweser t\u00ea xwastin plana awarta ji b\u00fb r\u00fbbir\u00fbb\u00fbna gef \u00fb rikberiyan amade bikin.<\/h3>\n<h3 style=\"text-align: justify\">&#8211; Hem\u00fb kar\u00een bikevin xizmeta gel ji bo r\u00fbbir\u00fbb\u00fbna her \u00ear\u00ee\u015fek\u00ea li ser her\u00eam\u00ean R\u00eaveberiya Xweser \u00fb div\u00ea projey\u00ean p\u00ea\u015f\u00eene y\u00ea enc\u00fbmen\u00ean cibic\u00eekar \u00ean R\u00eaveberiya Xweser, ji bo r\u00fbbir\u00fbb\u00fbna van gefan bin.<\/h3>\n","protected":false},"excerpt":{"rendered":"<p>R\u00eaveberiya Xweser a li Rojavay\u00ea Kurdistan\u00ea ji ber gef\u00ean berdewam \u00ean Tirkiy\u00ea \u00fb armanckirina siv\u00eelan \u00fb j\u00earxaney\u00ea bi hem\u00fb curey\u00ean \u00e7ekan, rew\u015fa awarte ji bo hem\u00fb hem\u00fb her\u00eam\u00ean R\u00eaveberiya Xweser ragihand. Hevserokatiya Gi\u015ft\u00ee ya R\u00eaveberiya Xweser \u00eero 6\u00ea Hez\u00eerana 2022an di daxuyaniyek\u00ea de ragihand, ji ber berjewendiya gi\u015ft\u00ee gef\u00ean berdewam \u00ean Tirkiy\u00ea, armanckirina siv\u00eelan \u00fb [&hellip;]<\/p>\n","protected":false},"author":2,"featured_media":1031120,"comment_status":"closed","ping_status":"closed","sticky":false,"template":"","format":"standard","meta":{"footnotes":""},"categories":[29],"tags":[37],"class_list":["post-1031116","post","type-post","status-publish","format-standard","has-post-thumbnail","hentry","category-kurdistan","tag-sereke"],"blocksy_meta":[],"seo_head":"<!-- This site is optimized with the Yoast SEO plugin v27.5 - https:\/\/yoast.com\/product\/yoast-seo-wordpress\/ -->\n<title>R\u00eaveberiya Xweser \u201crew\u015fa awarte\u201d radigih\u00eene - Darka Maz\u00ee<\/title>\n<meta name=\"robots\" content=\"index, follow, max-snippet:-1, max-image-preview:large, max-video-preview:-1\" \/>\n<link rel=\"canonical\" href=\"https:\/\/darkamazi.info\/archives\/1031116\" \/>\n<meta property=\"og:locale\" content=\"en_US\" \/>\n<meta property=\"og:type\" content=\"article\" \/>\n<meta property=\"og:title\" content=\"R\u00eaveberiya Xweser \u201crew\u015fa awarte\u201d radigih\u00eene - Darka Maz\u00ee\" \/>\n<meta property=\"og:description\" content=\"R\u00eaveberiya Xweser a li Rojavay\u00ea Kurdistan\u00ea ji ber gef\u00ean berdewam \u00ean Tirkiy\u00ea \u00fb armanckirina siv\u00eelan \u00fb j\u00earxaney\u00ea bi hem\u00fb curey\u00ean \u00e7ekan, rew\u015fa awarte ji bo hem\u00fb hem\u00fb her\u00eam\u00ean R\u00eaveberiya Xweser ragihand. Hevserokatiya Gi\u015ft\u00ee ya R\u00eaveberiya Xweser \u00eero 6\u00ea Hez\u00eerana 2022an di daxuyaniyek\u00ea de ragihand, ji ber berjewendiya gi\u015ft\u00ee gef\u00ean berdewam \u00ean Tirkiy\u00ea, armanckirina siv\u00eelan \u00fb [&hellip;]\" \/>\n<meta property=\"og:url\" content=\"https:\/\/darkamazi.info\/archives\/1031116\" \/>\n<meta property=\"og:site_name\" content=\"Darka Maz\u00ee\" \/>\n<meta property=\"article:publisher\" content=\"https:\/\/www.facebook.com\/DarMaziKurmanci\" \/>\n<meta property=\"article:published_time\" content=\"2022-07-06T12:24:28+00:00\" \/>\n<meta property=\"article:modified_time\" content=\"2022-07-06T14:51:17+00:00\" \/>\n<meta property=\"og:image\" content=\"https:\/\/darkamazi.info\/file\/2022\/07\/reveberiya-xweser.jpg\" \/>\n\t<meta property=\"og:image:width\" content=\"900\" \/>\n\t<meta property=\"og:image:height\" content=\"497\" \/>\n\t<meta property=\"og:image:type\" content=\"image\/jpeg\" \/>\n<meta name=\"author\" content=\"darka mazi\" \/>\n<meta name=\"twitter:card\" content=\"summary_large_image\" \/>\n<meta name=\"twitter:creator\" content=\"@DarkaMaziLatini\" \/>\n<meta name=\"twitter:site\" content=\"@DarkaMaziLatini\" \/>\n<meta name=\"twitter:label1\" content=\"Written by\" \/>\n\t<meta name=\"twitter:data1\" content=\"darka mazi\" \/>\n\t<meta name=\"twitter:label2\" content=\"Est. reading time\" \/>\n\t<meta name=\"twitter:data2\" content=\"1 minute\" \/>\n<script type=\"application\/ld+json\" class=\"seo-schema-graph\">{\"@context\":\"https:\\\/\\\/schema.org\",\"@graph\":[{\"@type\":\"Article\",\"@id\":\"https:\\\/\\\/darkamazi.info\\\/archives\\\/1031116#article\",\"isPartOf\":{\"@id\":\"https:\\\/\\\/darkamazi.info\\\/archives\\\/1031116\"},\"author\":{\"name\":\"darka mazi\",\"@id\":\"https:\\\/\\\/darkamazi.info\\\/#\\\/schema\\\/person\\\/5ad3e24553a0567993fa8ed4bd0a776c\"},\"headline\":\"R\u00eaveberiya Xweser \u201crew\u015fa awarte\u201d radigih\u00eene\",\"datePublished\":\"2022-07-06T12:24:28+00:00\",\"dateModified\":\"2022-07-06T14:51:17+00:00\",\"mainEntityOfPage\":{\"@id\":\"https:\\\/\\\/darkamazi.info\\\/archives\\\/1031116\"},\"wordCount\":194,\"publisher\":{\"@id\":\"https:\\\/\\\/darkamazi.info\\\/#organization\"},\"image\":{\"@id\":\"https:\\\/\\\/darkamazi.info\\\/archives\\\/1031116#primaryimage\"},\"thumbnailUrl\":\"https:\\\/\\\/darkamazi.info\\\/darka-content\\\/uploads\\\/2022\\\/07\\\/reveberiya-xweser.jpg\",\"keywords\":[\"sereke\"],\"articleSection\":[\"Kurdistan\"],\"inLanguage\":\"en-US\"},{\"@type\":\"WebPage\",\"@id\":\"https:\\\/\\\/darkamazi.info\\\/archives\\\/1031116\",\"url\":\"https:\\\/\\\/darkamazi.info\\\/archives\\\/1031116\",\"name\":\"R\u00eaveberiya Xweser \u201crew\u015fa awarte\u201d radigih\u00eene - Darka Maz\u00ee\",\"isPartOf\":{\"@id\":\"https:\\\/\\\/darkamazi.info\\\/#website\"},\"primaryImageOfPage\":{\"@id\":\"https:\\\/\\\/darkamazi.info\\\/archives\\\/1031116#primaryimage\"},\"image\":{\"@id\":\"https:\\\/\\\/darkamazi.info\\\/archives\\\/1031116#primaryimage\"},\"thumbnailUrl\":\"https:\\\/\\\/darkamazi.info\\\/darka-content\\\/uploads\\\/2022\\\/07\\\/reveberiya-xweser.jpg\",\"datePublished\":\"2022-07-06T12:24:28+00:00\",\"dateModified\":\"2022-07-06T14:51:17+00:00\",\"breadcrumb\":{\"@id\":\"https:\\\/\\\/darkamazi.info\\\/archives\\\/1031116#breadcrumb\"},\"inLanguage\":\"en-US\",\"potentialAction\":[{\"@type\":\"ReadAction\",\"target\":[\"https:\\\/\\\/darkamazi.info\\\/archives\\\/1031116\"]}]},{\"@type\":\"ImageObject\",\"inLanguage\":\"en-US\",\"@id\":\"https:\\\/\\\/darkamazi.info\\\/archives\\\/1031116#primaryimage\",\"url\":\"https:\\\/\\\/darkamazi.info\\\/darka-content\\\/uploads\\\/2022\\\/07\\\/reveberiya-xweser.jpg\",\"contentUrl\":\"https:\\\/\\\/darkamazi.info\\\/darka-content\\\/uploads\\\/2022\\\/07\\\/reveberiya-xweser.jpg\",\"width\":900,\"height\":497,\"caption\":\"R\u00eaveberiya Xweser \u201crew\u015fa awarte\u201d radigih\u00eene\"},{\"@type\":\"BreadcrumbList\",\"@id\":\"https:\\\/\\\/darkamazi.info\\\/archives\\\/1031116#breadcrumb\",\"itemListElement\":[{\"@type\":\"ListItem\",\"position\":1,\"name\":\"Home\",\"item\":\"https:\\\/\\\/darkamazi.info\\\/\"},{\"@type\":\"ListItem\",\"position\":2,\"name\":\"R\u00eaveberiya Xweser \u201crew\u015fa awarte\u201d radigih\u00eene\"}]},{\"@type\":\"WebSite\",\"@id\":\"https:\\\/\\\/darkamazi.info\\\/#website\",\"url\":\"https:\\\/\\\/darkamazi.info\\\/\",\"name\":\"Darka Maz\u00ee\",\"description\":\"P\u00eageha Zanyariy\u00ean Nebih\u00eest\u00ee\",\"publisher\":{\"@id\":\"https:\\\/\\\/darkamazi.info\\\/#organization\"},\"potentialAction\":[{\"@type\":\"SearchAction\",\"target\":{\"@type\":\"EntryPoint\",\"urlTemplate\":\"https:\\\/\\\/darkamazi.info\\\/?s={search_term_string}\"},\"query-input\":{\"@type\":\"PropertyValueSpecification\",\"valueRequired\":true,\"valueName\":\"search_term_string\"}}],\"inLanguage\":\"en-US\"},{\"@type\":\"Organization\",\"@id\":\"https:\\\/\\\/darkamazi.info\\\/#organization\",\"name\":\"Darka Maz\u00ee\",\"url\":\"https:\\\/\\\/darkamazi.info\\\/\",\"logo\":{\"@type\":\"ImageObject\",\"inLanguage\":\"en-US\",\"@id\":\"https:\\\/\\\/darkamazi.info\\\/#\\\/schema\\\/logo\\\/image\\\/\",\"url\":\"https:\\\/\\\/darkamazi.info\\\/darka-content\\\/uploads\\\/2017\\\/12\\\/darka-mazi-logo.png\",\"contentUrl\":\"https:\\\/\\\/darkamazi.info\\\/darka-content\\\/uploads\\\/2017\\\/12\\\/darka-mazi-logo.png\",\"width\":151,\"height\":75,\"caption\":\"Darka Maz\u00ee\"},\"image\":{\"@id\":\"https:\\\/\\\/darkamazi.info\\\/#\\\/schema\\\/logo\\\/image\\\/\"},\"sameAs\":[\"https:\\\/\\\/www.facebook.com\\\/DarMaziKurmanci\",\"https:\\\/\\\/x.com\\\/DarkaMaziLatini\",\"https:\\\/\\\/www.instagram.com\\\/darkamazi.kurmanci\\\/\",\"https:\\\/\\\/www.youtube.com\\\/channel\\\/UCa5HkTdmI8U1qCUFuTw8B2g\"]},{\"@type\":\"Person\",\"@id\":\"https:\\\/\\\/darkamazi.info\\\/#\\\/schema\\\/person\\\/5ad3e24553a0567993fa8ed4bd0a776c\",\"name\":\"darka mazi\",\"sameAs\":[\"https:\\\/\\\/darkamazi.info\\\/\"],\"url\":\"https:\\\/\\\/darkamazi.info\\\/archives\\\/author\\\/kurdi\"}]}<\/script>\n<!-- \/ Yoast SEO plugin. -->","seo_head_json":{"title":"R\u00eaveberiya Xweser \u201crew\u015fa awarte\u201d radigih\u00eene - Darka Maz\u00ee","robots":{"index":"index","follow":"follow","max-snippet":"max-snippet:-1","max-image-preview":"max-image-preview:large","max-video-preview":"max-video-preview:-1"},"canonical":"https:\/\/darkamazi.info\/archives\/1031116","og_locale":"en_US","og_type":"article","og_title":"R\u00eaveberiya Xweser \u201crew\u015fa awarte\u201d radigih\u00eene - Darka Maz\u00ee","og_description":"R\u00eaveberiya Xweser a li Rojavay\u00ea Kurdistan\u00ea ji ber gef\u00ean berdewam \u00ean Tirkiy\u00ea \u00fb armanckirina siv\u00eelan \u00fb j\u00earxaney\u00ea bi hem\u00fb curey\u00ean \u00e7ekan, rew\u015fa awarte ji bo hem\u00fb hem\u00fb her\u00eam\u00ean R\u00eaveberiya Xweser ragihand. Hevserokatiya Gi\u015ft\u00ee ya R\u00eaveberiya Xweser \u00eero 6\u00ea Hez\u00eerana 2022an di daxuyaniyek\u00ea de ragihand, ji ber berjewendiya gi\u015ft\u00ee gef\u00ean berdewam \u00ean Tirkiy\u00ea, armanckirina siv\u00eelan \u00fb [&hellip;]","og_url":"https:\/\/darkamazi.info\/archives\/1031116","og_site_name":"Darka Maz\u00ee","article_publisher":"https:\/\/www.facebook.com\/DarMaziKurmanci","article_published_time":"2022-07-06T12:24:28+00:00","article_modified_time":"2022-07-06T14:51:17+00:00","og_image":[{"width":900,"height":497,"url":"https:\/\/darkamazi.info\/file\/2022\/07\/reveberiya-xweser.jpg","type":"image\/jpeg"}],"author":"darka mazi","twitter_card":"summary_large_image","twitter_creator":"@DarkaMaziLatini","twitter_site":"@DarkaMaziLatini","twitter_misc":{"Written by":"darka mazi","Est. reading time":"1 minute"},"schema":{"@context":"https:\/\/schema.org","@graph":[{"@type":"Article","@id":"https:\/\/darkamazi.info\/archives\/1031116#article","isPartOf":{"@id":"https:\/\/darkamazi.info\/archives\/1031116"},"author":{"name":"darka mazi","@id":"https:\/\/darkamazi.info\/#\/schema\/person\/5ad3e24553a0567993fa8ed4bd0a776c"},"headline":"R\u00eaveberiya Xweser \u201crew\u015fa awarte\u201d radigih\u00eene","datePublished":"2022-07-06T12:24:28+00:00","dateModified":"2022-07-06T14:51:17+00:00","mainEntityOfPage":{"@id":"https:\/\/darkamazi.info\/archives\/1031116"},"wordCount":194,"publisher":{"@id":"https:\/\/darkamazi.info\/#organization"},"image":{"@id":"https:\/\/darkamazi.info\/archives\/1031116#primaryimage"},"thumbnailUrl":"https:\/\/darkamazi.info\/file\/2022\/07\/reveberiya-xweser.jpg","keywords":["sereke"],"articleSection":["Kurdistan"],"inLanguage":"en-US"},{"@type":"WebPage","@id":"https:\/\/darkamazi.info\/archives\/1031116","url":"https:\/\/darkamazi.info\/archives\/1031116","name":"R\u00eaveberiya Xweser \u201crew\u015fa awarte\u201d radigih\u00eene - Darka Maz\u00ee","isPartOf":{"@id":"https:\/\/darkamazi.info\/#website"},"primaryImageOfPage":{"@id":"https:\/\/darkamazi.info\/archives\/1031116#primaryimage"},"image":{"@id":"https:\/\/darkamazi.info\/archives\/1031116#primaryimage"},"thumbnailUrl":"https:\/\/darkamazi.info\/file\/2022\/07\/reveberiya-xweser.jpg","datePublished":"2022-07-06T12:24:28+00:00","dateModified":"2022-07-06T14:51:17+00:00","breadcrumb":{"@id":"https:\/\/darkamazi.info\/archives\/1031116#breadcrumb"},"inLanguage":"en-US","potentialAction":[{"@type":"ReadAction","target":["https:\/\/darkamazi.info\/archives\/1031116"]}]},{"@type":"ImageObject","inLanguage":"en-US","@id":"https:\/\/darkamazi.info\/archives\/1031116#primaryimage","url":"https:\/\/darkamazi.info\/file\/2022\/07\/reveberiya-xweser.jpg","contentUrl":"https:\/\/darkamazi.info\/file\/2022\/07\/reveberiya-xweser.jpg","width":900,"height":497,"caption":"R\u00eaveberiya Xweser \u201crew\u015fa awarte\u201d radigih\u00eene"},{"@type":"BreadcrumbList","@id":"https:\/\/darkamazi.info\/archives\/1031116#breadcrumb","itemListElement":[{"@type":"ListItem","position":1,"name":"Home","item":"https:\/\/darkamazi.info\/"},{"@type":"ListItem","position":2,"name":"R\u00eaveberiya Xweser \u201crew\u015fa awarte\u201d radigih\u00eene"}]},{"@type":"WebSite","@id":"https:\/\/darkamazi.info\/#website","url":"https:\/\/darkamazi.info\/","name":"Darka Maz\u00ee","description":"P\u00eageha Zanyariy\u00ean Nebih\u00eest\u00ee","publisher":{"@id":"https:\/\/darkamazi.info\/#organization"},"potentialAction":[{"@type":"SearchAction","target":{"@type":"EntryPoint","urlTemplate":"https:\/\/darkamazi.info\/?s={search_term_string}"},"query-input":{"@type":"PropertyValueSpecification","valueRequired":true,"valueName":"search_term_string"}}],"inLanguage":"en-US"},{"@type":"Organization","@id":"https:\/\/darkamazi.info\/#organization","name":"Darka Maz\u00ee","url":"https:\/\/darkamazi.info\/","logo":{"@type":"ImageObject","inLanguage":"en-US","@id":"https:\/\/darkamazi.info\/#\/schema\/logo\/image\/","url":"https:\/\/darkamazi.info\/file\/2017\/12\/darka-mazi-logo.png","contentUrl":"https:\/\/darkamazi.info\/file\/2017\/12\/darka-mazi-logo.png","width":151,"height":75,"caption":"Darka Maz\u00ee"},"image":{"@id":"https:\/\/darkamazi.info\/#\/schema\/logo\/image\/"},"sameAs":["https:\/\/www.facebook.com\/DarMaziKurmanci","https:\/\/x.com\/DarkaMaziLatini","https:\/\/www.instagram.com\/darkamazi.kurmanci\/","https:\/\/www.youtube.com\/channel\/UCa5HkTdmI8U1qCUFuTw8B2g"]},{"@type":"Person","@id":"https:\/\/darkamazi.info\/#\/schema\/person\/5ad3e24553a0567993fa8ed4bd0a776c","name":"darka mazi","sameAs":["https:\/\/darkamazi.info\/"],"url":"https:\/\/darkamazi.info\/archives\/author\/kurdi"}]}},"_links":{"self":[{"href":"https:\/\/darkamazi.info\/funavuv\/wp\/v2\/posts\/1031116","targetHints":{"allow":["GET"]}}],"collection":[{"href":"https:\/\/darkamazi.info\/funavuv\/wp\/v2\/posts"}],"about":[{"href":"https:\/\/darkamazi.info\/funavuv\/wp\/v2\/types\/post"}],"author":[{"embeddable":true,"href":"https:\/\/darkamazi.info\/funavuv\/wp\/v2\/users\/2"}],"replies":[{"embeddable":true,"href":"https:\/\/darkamazi.info\/funavuv\/wp\/v2\/comments?post=1031116"}],"version-history":[{"count":0,"href":"https:\/\/darkamazi.info\/funavuv\/wp\/v2\/posts\/1031116\/revisions"}],"wp:featuredmedia":[{"embeddable":true,"href":"https:\/\/darkamazi.info\/funavuv\/wp\/v2\/media\/1031120"}],"wp:attachment":[{"href":"https:\/\/darkamazi.info\/funavuv\/wp\/v2\/media?parent=1031116"}],"wp:term":[{"taxonomy":"category","embeddable":true,"href":"https:\/\/darkamazi.info\/funavuv\/wp\/v2\/categories?post=1031116"},{"taxonomy":"post_tag","embeddable":true,"href":"https:\/\/darkamazi.info\/funavuv\/wp\/v2\/tags?post=1031116"}],"curies":[{"name":"wp","href":"https:\/\/api.w.org\/{rel}","templated":true}]}}