{"id":1031141,"date":"2022-07-07T20:53:42","date_gmt":"2022-07-07T17:53:42","guid":{"rendered":"https:\/\/darkamazi.info\/?p=1031141"},"modified":"2022-07-07T20:53:42","modified_gmt":"2022-07-07T17:53:42","slug":"hdpa-pkk-a-ocalan-wek-ku-disa-dest-bi-kurdayetiye-kiriye","status":"publish","type":"post","link":"https:\/\/darkamazi.info\/archives\/1031141","title":{"rendered":"HDPA PKK a Ocalan wek ku d\u00eesa dest bi Kurdayetiy\u00ea kiriye!"},"content":{"rendered":"<h3 style=\"text-align: justify\"><span style=\"font-family: 'arial black', sans-serif\">Apoyino \u00fb al\u00eegir\u00ean apoyiyan, ji kerema xwe re v\u00ea niv\u00ees\u00ea ba\u015f ba\u015f bixw\u00eenin. Bahwer bikin, a min bi we re ne pev\u00e7\u00fbne, ez dixwazim h\u00fbn h\u00een bibin, ez ji mecb\u00fbr\u00ee al\u00ee we dikim. Niha ku we xwe bi xwe hevdu bikujta xem nedikir, l\u00ea h\u00fbn bi xwe re me hemiyan j\u00ee dikujin!<\/span><\/h3>\n<h3 style=\"text-align: justify\">Di van \u00e7end meh\u00ean dawiy\u00ea de em li parlementoya tirk\u00ean zalim \u00fb vir \u00fb wir dib\u00eenin ku parlamenter\u00ean HDP\u00ea bi \u015f\u00eawir, dest bi xeberdana kurd\u00ee kirine. Ev d\u00eesa \u00e7i mesele ye gelo?<\/h3>\n<h3 style=\"text-align: justify\"><span style=\"font-family: 'arial black', sans-serif\">Apoyino ka binerin b\u00ea ez \u00ea \u00e7i bib\u00eajim:<\/span><\/h3>\n<h3 style=\"text-align: justify\">Li her der\u00ea dinyay\u00ea \u015fert \u00fb merc\u00ean \u015fer \u00fb pev\u00e7\u00fbn \u00fb liberxwedana netew\u00ee siyas\u00ee, d\u00eeplomas\u00ee, esker\u00ee, abor\u00ee \u00fb kultur\u00ee ye.<\/h3>\n<h3 style=\"text-align: justify\">Di hin h\u00eaman\u00ean netew\u00ee de hin daxwaz karin ji hev guhert\u00eebin, l\u00ea prens\u00eep her wek xwe ne, bi ten\u00ea cih t\u00ean guhertin. \u00cecar ji v\u00ea sirt\u00ea gava me li sersed\u00ea ner\u00ee, bi h\u00easan\u00ee em \u00ea bib\u00eenin ku dibe kurd\u00ean bakur\u00ea wel\u00eat yekser nikaribin serxweb\u00fbn\u00ea, l\u00ea karibin otonomiy\u00ea bi dest bixin. Di v\u00ea derbar\u00ea de ji bo ku PKK \u00fb HDP otonomiyeke \u00eedar\u00ee-kultur\u00ee daxwaz kirine ronakb\u00eer \u00fb kurdperweran \u00ear\u00ee\u015f\u00ee ser wan ne kirine; \u00ear\u00ee\u015f hem\u00fb li ser ku PKK \u00fb HDPa w\u00ea b\u00ea prens\u00eep bi kar \u00fb bar\u00ea netewey\u00ee rab\u00fbne \u00fb her ti\u015ft ser \u00fb bin\u00ee hev kirine. Ev yek.<\/h3>\n<h3 style=\"text-align: justify\">Dudu: Siyaset li ser bingeh\u00ea prens\u00eepan dime\u015fe. \u00db her \u00e7i prens\u00eepin j\u00ee ji bo ku her kes karibe bixw\u00eene bi gotin\u00ean her\u00ee mezin t\u00ean niv\u00eesandin. Wek nim\u00fbne:<\/h3>\n<h3 style=\"text-align: justify\">\u201dEz dewleteke kurd\u00ee dixwazim. Ez otonomiya kurdan dixwazim. Ez demokrat\u00eek Cumh\u00fbriyeta tirkan dixwazim\u2026\u201d \u00fb hwd.<\/h3>\n<h3 style=\"text-align: justify\">Di hers\u00ea prens\u00eepan de mirov wek kurd div\u00ea yek\u00ea sereke bib\u00eene \u00fb ji xwe re hilbij\u00eare, da reng \u00fb deng\u00ea liberxwedan \u00fb pev\u00e7\u00fbna xwe j\u00ee li w\u00ea gor\u00ea bifesil\u00eene \u00fb bime\u015f\u00eene.<\/h3>\n<h3 style=\"text-align: justify\"><span style=\"font-family: 'arial black', sans-serif\">HDP tu \u00e7i dixwaz\u00ee?<\/span><\/h3>\n<h3 style=\"text-align: justify\">Heger tu ji kurdan re otonomiyeke kultur\u00ee dixwaz\u00ee, ser \u00e7avan ez j\u00ee bi te re. L\u00ea di v\u00ea derbar\u00ea de div\u00ea tu xwed\u00ee prens\u00eep b\u00ee. Ne ku \u00e7end rojek\u00ee bi kurd\u00ee bipeyive, kurdan li dor xwe biciv\u00eene \u00fb d\u00eesa bi tirk\u00ee dolaba xwe biger\u00eene.<\/h3>\n<h3 style=\"text-align: justify\">Tu div\u00ea hema niha v\u00ea bik\u00ee: Bi sed hezaran kurdan li bajar\u00ean germyan \u00fb zozan\u00ean Kurdistan\u00ea bi kurd\u00ee derx\u00eene kolanan \u00fb bib\u00eaje,<\/h3>\n<h3 style=\"text-align: justify\">\u201dYan ziman \u00fb yan neman, bij\u00ee bij\u00ee Kurdistan!\u201d \u00db bidom\u00eene. Bi telaq temam\u00ea milet\u00ea kurd, \u00fb ji bil\u00ee misilmanan, w\u00ea dinya hem\u00fb bibe heval\u00ea we, h\u00fbn \u00ea ji girt\u00eegeh \u00fb zindanan b\u00ean berdan \u00fb ziman\u00ea kurd\u00ee j\u00ee w\u00ea bibe ziman\u00ea ferm\u00ee y\u00ea dewleta tirkan, \u00fb tu sax!<\/h3>\n<h3 style=\"text-align: justify\">De bikin! De gid\u00ee! De ha! \u00db ez \u00ea j\u00ee bibim xulam\u00ea we! \u00db heta bibim \u00e7enteciy\u00ea seroka we Perw\u00een xanim j\u00ee! L\u00ea h\u00fbn \u00ea nekin, nekin dib\u00eajim ji ber ku h\u00fbn p\u00eeber \u00fb berdo\u015fek\u00ean zalim\u00ean tirkan e, h\u00fbn ji bo ku kurdan bixap\u00eenin, doza kurd vemir\u00eenin \u00fb her kes\u00ee bikin tirk hene, ewqas.<\/h3>\n<h3 style=\"text-align: justify\"><span style=\"font-family: 'arial black', sans-serif;color: #0000ff\">Lales Qaso<\/span><\/h3>\n","protected":false},"excerpt":{"rendered":"<p>Apoyino \u00fb al\u00eegir\u00ean apoyiyan, ji kerema xwe re v\u00ea niv\u00ees\u00ea ba\u015f ba\u015f bixw\u00eenin. Bahwer bikin, a min bi we re ne pev\u00e7\u00fbne, ez dixwazim h\u00fbn h\u00een bibin, ez ji mecb\u00fbr\u00ee al\u00ee we dikim. Niha ku we xwe bi xwe hevdu bikujta xem nedikir, l\u00ea h\u00fbn bi xwe re me hemiyan j\u00ee dikujin! Di van \u00e7end [&hellip;]<\/p>\n","protected":false},"author":2,"featured_media":1031142,"comment_status":"closed","ping_status":"closed","sticky":false,"template":"","format":"standard","meta":{"footnotes":""},"categories":[28],"tags":[37],"class_list":["post-1031141","post","type-post","status-publish","format-standard","has-post-thumbnail","hentry","category-nerin","tag-sereke"],"blocksy_meta":[],"seo_head":"<!-- This site is optimized with the Yoast SEO plugin v27.5 - https:\/\/yoast.com\/product\/yoast-seo-wordpress\/ -->\n<title>HDPA PKK a Ocalan wek ku d\u00eesa dest bi Kurdayetiy\u00ea kiriye! - Darka Maz\u00ee<\/title>\n<meta name=\"robots\" content=\"index, follow, max-snippet:-1, max-image-preview:large, max-video-preview:-1\" \/>\n<link rel=\"canonical\" href=\"https:\/\/darkamazi.info\/archives\/1031141\" \/>\n<meta property=\"og:locale\" content=\"en_US\" \/>\n<meta property=\"og:type\" content=\"article\" \/>\n<meta property=\"og:title\" content=\"HDPA PKK a Ocalan wek ku d\u00eesa dest bi Kurdayetiy\u00ea kiriye! - Darka Maz\u00ee\" \/>\n<meta property=\"og:description\" content=\"Apoyino \u00fb al\u00eegir\u00ean apoyiyan, ji kerema xwe re v\u00ea niv\u00ees\u00ea ba\u015f ba\u015f bixw\u00eenin. Bahwer bikin, a min bi we re ne pev\u00e7\u00fbne, ez dixwazim h\u00fbn h\u00een bibin, ez ji mecb\u00fbr\u00ee al\u00ee we dikim. Niha ku we xwe bi xwe hevdu bikujta xem nedikir, l\u00ea h\u00fbn bi xwe re me hemiyan j\u00ee dikujin! Di van \u00e7end [&hellip;]\" \/>\n<meta property=\"og:url\" content=\"https:\/\/darkamazi.info\/archives\/1031141\" \/>\n<meta property=\"og:site_name\" content=\"Darka Maz\u00ee\" \/>\n<meta property=\"article:publisher\" content=\"https:\/\/www.facebook.com\/DarMaziKurmanci\" \/>\n<meta property=\"article:published_time\" content=\"2022-07-07T17:53:42+00:00\" \/>\n<meta property=\"og:image\" content=\"https:\/\/darkamazi.info\/file\/2022\/07\/hdp-pkk-kurdistan.jpg\" \/>\n\t<meta property=\"og:image:width\" content=\"900\" \/>\n\t<meta property=\"og:image:height\" content=\"497\" \/>\n\t<meta property=\"og:image:type\" content=\"image\/jpeg\" \/>\n<meta name=\"author\" content=\"darka mazi\" \/>\n<meta name=\"twitter:card\" content=\"summary_large_image\" \/>\n<meta name=\"twitter:creator\" content=\"@DarkaMaziLatini\" \/>\n<meta name=\"twitter:site\" content=\"@DarkaMaziLatini\" \/>\n<meta name=\"twitter:label1\" content=\"Written by\" \/>\n\t<meta name=\"twitter:data1\" content=\"darka mazi\" \/>\n\t<meta name=\"twitter:label2\" content=\"Est. reading time\" \/>\n\t<meta name=\"twitter:data2\" content=\"2 minutes\" \/>\n<script type=\"application\/ld+json\" class=\"seo-schema-graph\">{\"@context\":\"https:\\\/\\\/schema.org\",\"@graph\":[{\"@type\":\"Article\",\"@id\":\"https:\\\/\\\/darkamazi.info\\\/archives\\\/1031141#article\",\"isPartOf\":{\"@id\":\"https:\\\/\\\/darkamazi.info\\\/archives\\\/1031141\"},\"author\":{\"name\":\"darka mazi\",\"@id\":\"https:\\\/\\\/darkamazi.info\\\/#\\\/schema\\\/person\\\/5ad3e24553a0567993fa8ed4bd0a776c\"},\"headline\":\"HDPA PKK a Ocalan wek ku d\u00eesa dest bi Kurdayetiy\u00ea kiriye!\",\"datePublished\":\"2022-07-07T17:53:42+00:00\",\"mainEntityOfPage\":{\"@id\":\"https:\\\/\\\/darkamazi.info\\\/archives\\\/1031141\"},\"wordCount\":504,\"publisher\":{\"@id\":\"https:\\\/\\\/darkamazi.info\\\/#organization\"},\"image\":{\"@id\":\"https:\\\/\\\/darkamazi.info\\\/archives\\\/1031141#primaryimage\"},\"thumbnailUrl\":\"https:\\\/\\\/darkamazi.info\\\/darka-content\\\/uploads\\\/2022\\\/07\\\/hdp-pkk-kurdistan.jpg\",\"keywords\":[\"sereke\"],\"articleSection\":[\"Ner\u00een\"],\"inLanguage\":\"en-US\"},{\"@type\":\"WebPage\",\"@id\":\"https:\\\/\\\/darkamazi.info\\\/archives\\\/1031141\",\"url\":\"https:\\\/\\\/darkamazi.info\\\/archives\\\/1031141\",\"name\":\"HDPA PKK a Ocalan wek ku d\u00eesa dest bi Kurdayetiy\u00ea kiriye! - Darka Maz\u00ee\",\"isPartOf\":{\"@id\":\"https:\\\/\\\/darkamazi.info\\\/#website\"},\"primaryImageOfPage\":{\"@id\":\"https:\\\/\\\/darkamazi.info\\\/archives\\\/1031141#primaryimage\"},\"image\":{\"@id\":\"https:\\\/\\\/darkamazi.info\\\/archives\\\/1031141#primaryimage\"},\"thumbnailUrl\":\"https:\\\/\\\/darkamazi.info\\\/darka-content\\\/uploads\\\/2022\\\/07\\\/hdp-pkk-kurdistan.jpg\",\"datePublished\":\"2022-07-07T17:53:42+00:00\",\"breadcrumb\":{\"@id\":\"https:\\\/\\\/darkamazi.info\\\/archives\\\/1031141#breadcrumb\"},\"inLanguage\":\"en-US\",\"potentialAction\":[{\"@type\":\"ReadAction\",\"target\":[\"https:\\\/\\\/darkamazi.info\\\/archives\\\/1031141\"]}]},{\"@type\":\"ImageObject\",\"inLanguage\":\"en-US\",\"@id\":\"https:\\\/\\\/darkamazi.info\\\/archives\\\/1031141#primaryimage\",\"url\":\"https:\\\/\\\/darkamazi.info\\\/darka-content\\\/uploads\\\/2022\\\/07\\\/hdp-pkk-kurdistan.jpg\",\"contentUrl\":\"https:\\\/\\\/darkamazi.info\\\/darka-content\\\/uploads\\\/2022\\\/07\\\/hdp-pkk-kurdistan.jpg\",\"width\":900,\"height\":497,\"caption\":\"HDPA PKK a Ocalan wek ku d\u00eesa dest bi Kurdayetiy\u00ea kiriye!\"},{\"@type\":\"BreadcrumbList\",\"@id\":\"https:\\\/\\\/darkamazi.info\\\/archives\\\/1031141#breadcrumb\",\"itemListElement\":[{\"@type\":\"ListItem\",\"position\":1,\"name\":\"Home\",\"item\":\"https:\\\/\\\/darkamazi.info\\\/\"},{\"@type\":\"ListItem\",\"position\":2,\"name\":\"HDPA PKK a Ocalan wek ku d\u00eesa dest bi Kurdayetiy\u00ea kiriye!\"}]},{\"@type\":\"WebSite\",\"@id\":\"https:\\\/\\\/darkamazi.info\\\/#website\",\"url\":\"https:\\\/\\\/darkamazi.info\\\/\",\"name\":\"Darka Maz\u00ee\",\"description\":\"P\u00eageha Zanyariy\u00ean Nebih\u00eest\u00ee\",\"publisher\":{\"@id\":\"https:\\\/\\\/darkamazi.info\\\/#organization\"},\"potentialAction\":[{\"@type\":\"SearchAction\",\"target\":{\"@type\":\"EntryPoint\",\"urlTemplate\":\"https:\\\/\\\/darkamazi.info\\\/?s={search_term_string}\"},\"query-input\":{\"@type\":\"PropertyValueSpecification\",\"valueRequired\":true,\"valueName\":\"search_term_string\"}}],\"inLanguage\":\"en-US\"},{\"@type\":\"Organization\",\"@id\":\"https:\\\/\\\/darkamazi.info\\\/#organization\",\"name\":\"Darka Maz\u00ee\",\"url\":\"https:\\\/\\\/darkamazi.info\\\/\",\"logo\":{\"@type\":\"ImageObject\",\"inLanguage\":\"en-US\",\"@id\":\"https:\\\/\\\/darkamazi.info\\\/#\\\/schema\\\/logo\\\/image\\\/\",\"url\":\"https:\\\/\\\/darkamazi.info\\\/darka-content\\\/uploads\\\/2017\\\/12\\\/darka-mazi-logo.png\",\"contentUrl\":\"https:\\\/\\\/darkamazi.info\\\/darka-content\\\/uploads\\\/2017\\\/12\\\/darka-mazi-logo.png\",\"width\":151,\"height\":75,\"caption\":\"Darka Maz\u00ee\"},\"image\":{\"@id\":\"https:\\\/\\\/darkamazi.info\\\/#\\\/schema\\\/logo\\\/image\\\/\"},\"sameAs\":[\"https:\\\/\\\/www.facebook.com\\\/DarMaziKurmanci\",\"https:\\\/\\\/x.com\\\/DarkaMaziLatini\",\"https:\\\/\\\/www.instagram.com\\\/darkamazi.kurmanci\\\/\",\"https:\\\/\\\/www.youtube.com\\\/channel\\\/UCa5HkTdmI8U1qCUFuTw8B2g\"]},{\"@type\":\"Person\",\"@id\":\"https:\\\/\\\/darkamazi.info\\\/#\\\/schema\\\/person\\\/5ad3e24553a0567993fa8ed4bd0a776c\",\"name\":\"darka mazi\",\"sameAs\":[\"https:\\\/\\\/darkamazi.info\\\/\"],\"url\":\"https:\\\/\\\/darkamazi.info\\\/archives\\\/author\\\/kurdi\"}]}<\/script>\n<!-- \/ Yoast SEO plugin. -->","seo_head_json":{"title":"HDPA PKK a Ocalan wek ku d\u00eesa dest bi Kurdayetiy\u00ea kiriye! - Darka Maz\u00ee","robots":{"index":"index","follow":"follow","max-snippet":"max-snippet:-1","max-image-preview":"max-image-preview:large","max-video-preview":"max-video-preview:-1"},"canonical":"https:\/\/darkamazi.info\/archives\/1031141","og_locale":"en_US","og_type":"article","og_title":"HDPA PKK a Ocalan wek ku d\u00eesa dest bi Kurdayetiy\u00ea kiriye! - Darka Maz\u00ee","og_description":"Apoyino \u00fb al\u00eegir\u00ean apoyiyan, ji kerema xwe re v\u00ea niv\u00ees\u00ea ba\u015f ba\u015f bixw\u00eenin. Bahwer bikin, a min bi we re ne pev\u00e7\u00fbne, ez dixwazim h\u00fbn h\u00een bibin, ez ji mecb\u00fbr\u00ee al\u00ee we dikim. Niha ku we xwe bi xwe hevdu bikujta xem nedikir, l\u00ea h\u00fbn bi xwe re me hemiyan j\u00ee dikujin! Di van \u00e7end [&hellip;]","og_url":"https:\/\/darkamazi.info\/archives\/1031141","og_site_name":"Darka Maz\u00ee","article_publisher":"https:\/\/www.facebook.com\/DarMaziKurmanci","article_published_time":"2022-07-07T17:53:42+00:00","og_image":[{"width":900,"height":497,"url":"https:\/\/darkamazi.info\/file\/2022\/07\/hdp-pkk-kurdistan.jpg","type":"image\/jpeg"}],"author":"darka mazi","twitter_card":"summary_large_image","twitter_creator":"@DarkaMaziLatini","twitter_site":"@DarkaMaziLatini","twitter_misc":{"Written by":"darka mazi","Est. reading time":"2 minutes"},"schema":{"@context":"https:\/\/schema.org","@graph":[{"@type":"Article","@id":"https:\/\/darkamazi.info\/archives\/1031141#article","isPartOf":{"@id":"https:\/\/darkamazi.info\/archives\/1031141"},"author":{"name":"darka mazi","@id":"https:\/\/darkamazi.info\/#\/schema\/person\/5ad3e24553a0567993fa8ed4bd0a776c"},"headline":"HDPA PKK a Ocalan wek ku d\u00eesa dest bi Kurdayetiy\u00ea kiriye!","datePublished":"2022-07-07T17:53:42+00:00","mainEntityOfPage":{"@id":"https:\/\/darkamazi.info\/archives\/1031141"},"wordCount":504,"publisher":{"@id":"https:\/\/darkamazi.info\/#organization"},"image":{"@id":"https:\/\/darkamazi.info\/archives\/1031141#primaryimage"},"thumbnailUrl":"https:\/\/darkamazi.info\/file\/2022\/07\/hdp-pkk-kurdistan.jpg","keywords":["sereke"],"articleSection":["Ner\u00een"],"inLanguage":"en-US"},{"@type":"WebPage","@id":"https:\/\/darkamazi.info\/archives\/1031141","url":"https:\/\/darkamazi.info\/archives\/1031141","name":"HDPA PKK a Ocalan wek ku d\u00eesa dest bi Kurdayetiy\u00ea kiriye! - Darka Maz\u00ee","isPartOf":{"@id":"https:\/\/darkamazi.info\/#website"},"primaryImageOfPage":{"@id":"https:\/\/darkamazi.info\/archives\/1031141#primaryimage"},"image":{"@id":"https:\/\/darkamazi.info\/archives\/1031141#primaryimage"},"thumbnailUrl":"https:\/\/darkamazi.info\/file\/2022\/07\/hdp-pkk-kurdistan.jpg","datePublished":"2022-07-07T17:53:42+00:00","breadcrumb":{"@id":"https:\/\/darkamazi.info\/archives\/1031141#breadcrumb"},"inLanguage":"en-US","potentialAction":[{"@type":"ReadAction","target":["https:\/\/darkamazi.info\/archives\/1031141"]}]},{"@type":"ImageObject","inLanguage":"en-US","@id":"https:\/\/darkamazi.info\/archives\/1031141#primaryimage","url":"https:\/\/darkamazi.info\/file\/2022\/07\/hdp-pkk-kurdistan.jpg","contentUrl":"https:\/\/darkamazi.info\/file\/2022\/07\/hdp-pkk-kurdistan.jpg","width":900,"height":497,"caption":"HDPA PKK a Ocalan wek ku d\u00eesa dest bi Kurdayetiy\u00ea kiriye!"},{"@type":"BreadcrumbList","@id":"https:\/\/darkamazi.info\/archives\/1031141#breadcrumb","itemListElement":[{"@type":"ListItem","position":1,"name":"Home","item":"https:\/\/darkamazi.info\/"},{"@type":"ListItem","position":2,"name":"HDPA PKK a Ocalan wek ku d\u00eesa dest bi Kurdayetiy\u00ea kiriye!"}]},{"@type":"WebSite","@id":"https:\/\/darkamazi.info\/#website","url":"https:\/\/darkamazi.info\/","name":"Darka Maz\u00ee","description":"P\u00eageha Zanyariy\u00ean Nebih\u00eest\u00ee","publisher":{"@id":"https:\/\/darkamazi.info\/#organization"},"potentialAction":[{"@type":"SearchAction","target":{"@type":"EntryPoint","urlTemplate":"https:\/\/darkamazi.info\/?s={search_term_string}"},"query-input":{"@type":"PropertyValueSpecification","valueRequired":true,"valueName":"search_term_string"}}],"inLanguage":"en-US"},{"@type":"Organization","@id":"https:\/\/darkamazi.info\/#organization","name":"Darka Maz\u00ee","url":"https:\/\/darkamazi.info\/","logo":{"@type":"ImageObject","inLanguage":"en-US","@id":"https:\/\/darkamazi.info\/#\/schema\/logo\/image\/","url":"https:\/\/darkamazi.info\/file\/2017\/12\/darka-mazi-logo.png","contentUrl":"https:\/\/darkamazi.info\/file\/2017\/12\/darka-mazi-logo.png","width":151,"height":75,"caption":"Darka Maz\u00ee"},"image":{"@id":"https:\/\/darkamazi.info\/#\/schema\/logo\/image\/"},"sameAs":["https:\/\/www.facebook.com\/DarMaziKurmanci","https:\/\/x.com\/DarkaMaziLatini","https:\/\/www.instagram.com\/darkamazi.kurmanci\/","https:\/\/www.youtube.com\/channel\/UCa5HkTdmI8U1qCUFuTw8B2g"]},{"@type":"Person","@id":"https:\/\/darkamazi.info\/#\/schema\/person\/5ad3e24553a0567993fa8ed4bd0a776c","name":"darka mazi","sameAs":["https:\/\/darkamazi.info\/"],"url":"https:\/\/darkamazi.info\/archives\/author\/kurdi"}]}},"_links":{"self":[{"href":"https:\/\/darkamazi.info\/funavuv\/wp\/v2\/posts\/1031141","targetHints":{"allow":["GET"]}}],"collection":[{"href":"https:\/\/darkamazi.info\/funavuv\/wp\/v2\/posts"}],"about":[{"href":"https:\/\/darkamazi.info\/funavuv\/wp\/v2\/types\/post"}],"author":[{"embeddable":true,"href":"https:\/\/darkamazi.info\/funavuv\/wp\/v2\/users\/2"}],"replies":[{"embeddable":true,"href":"https:\/\/darkamazi.info\/funavuv\/wp\/v2\/comments?post=1031141"}],"version-history":[{"count":0,"href":"https:\/\/darkamazi.info\/funavuv\/wp\/v2\/posts\/1031141\/revisions"}],"wp:featuredmedia":[{"embeddable":true,"href":"https:\/\/darkamazi.info\/funavuv\/wp\/v2\/media\/1031142"}],"wp:attachment":[{"href":"https:\/\/darkamazi.info\/funavuv\/wp\/v2\/media?parent=1031141"}],"wp:term":[{"taxonomy":"category","embeddable":true,"href":"https:\/\/darkamazi.info\/funavuv\/wp\/v2\/categories?post=1031141"},{"taxonomy":"post_tag","embeddable":true,"href":"https:\/\/darkamazi.info\/funavuv\/wp\/v2\/tags?post=1031141"}],"curies":[{"name":"wp","href":"https:\/\/api.w.org\/{rel}","templated":true}]}}