{"id":1031196,"date":"2022-07-14T19:27:43","date_gmt":"2022-07-14T16:27:43","guid":{"rendered":"https:\/\/darkamazi.info\/?p=1031196"},"modified":"2022-07-14T19:27:43","modified_gmt":"2022-07-14T16:27:43","slug":"enks-bang-li-amerika-u-rusya-dike-re-nedin-tirkiye-eris-bike","status":"publish","type":"post","link":"https:\/\/darkamazi.info\/archives\/1031196","title":{"rendered":"ENKS bang li Amer\u00eeka \u00fb R\u00fbsya dike r\u00ea nedin Tirkiy\u00ea \u00ear\u00ee\u015f bike"},"content":{"rendered":"<h3 style=\"text-align: justify\"><span style=\"font-family: 'arial black', sans-serif\">Sekreteriya Gi\u015ft\u00ee ya ENKS\u00ea \u00eero di daxuyaniyek\u00ea de ragihand, \u201cHevdem ligel gef\u00ean Tirkiy\u00ea y\u00ean ji bo dag\u00eerkirina nav\u00e7ey\u00ean n\u00fb, (PYD) hema hema her roj xwep\u00ea\u015fandanan dike \u00fb w\u00eane \u00fb PKK\u00ea bilind dike \u00fb dir\u00fb\u015fm\u00ean xiyanetiy\u00ea li dij\u00ee part\u00ee \u00fb h\u00eaz\u00ean Kurd\u00ee dav\u00eaje.\u201d<\/span><\/h3>\n<h3 style=\"text-align: justify\">ENKS di daxuyaniya xwe de bang li civaka navdewlet\u00ee, bi taybet\u00ee Amer\u00eeka \u00fb R\u00fbsyay\u00ea kir ku biryar \u00fb r\u00eakeftin\u00ean navdewlet\u00ee y\u00ean derbar\u00ea S\u00fbriy\u00ea de c\u00eebic\u00ee bikin. Daxwaz ji van aliyan kir ku kar ji bo neh\u00ee\u015ftina gef\u00ean Tirkiy\u00ea \u00fb destwerdana w\u00ea ya le\u015fker\u00ee di her\u00eam\u00ea de bikin, ji ber ku d\u00ea aloziy\u00ean z\u00eadetir ji bo kir\u00eeza S\u00fbriy\u00ea \u00e7\u00eabike \u00fb \u00ea\u015f \u00fb azar\u00ean S\u00fbriyan \u00fb bi taybet\u00ee xelk\u00ea v\u00ea her\u00eam\u00ea z\u00eadetir bike.<\/h3>\n<h3 style=\"text-align: justify\">ENKS di be\u015feke din a daxuyaniya xwe de got: \u201cR\u00eaveberiya PYD\u00ea bi kiryar\u00ean xwe y\u00ean tirsnak y\u00ean li dij\u00ee welatiyan berdewam e \u00fb her kes\u00ea ku li dij\u00ee \u00eedyolojiya w\u00ea be, \u00e7i kes \u00fb \u00e7i h\u00eaz\u00ean siyas\u00ee be ku di ser\u00ee de ENKS\u00ea, dike armanc.\u201d<\/h3>\n<h3 style=\"text-align: justify\">ENKS dib\u00eaje: \u201c\u00cad\u00ee ne ve\u015fart\u00ee ye ku desthilatdariya defakto ya PYD\u00ea bi xistina hem\u00fb h\u00eaz \u00fb kar\u00eenan di dest\u00ea xwe de, nekariye \u00e7areseriy\u00ean p\u00eaw\u00eest ji pirsgir\u00eak\u00ean her\u00ee h\u00easan \u00ean jiyan\u00ea re bib\u00eene.\u201d<\/h3>\n<h3 style=\"text-align: justify\">ENKS amaje siyaset, kiryar \u00fb binp\u00eakirin\u00ean R\u00eaveberiya Xweser kir \u00fb diyar kir ku di van \u015fert \u00fb merc\u00ean dijwar \u00ean jiyan\u00ea de, \u00ean wek\u00ee neb\u00fbna av, elektir\u00eek, giranb\u00fbna nirx\u00ea sotemeniy\u00ea, ferzkirina bac li ser welatiyan \u00fb her wiha binp\u00eakirin\u00ean wek revandina zarokan \u00fb le\u015fkerkirina wan di kampan de, bandoreke mezin li ser b\u00eaaramiy\u00ea her\u00eam\u00ea kiriye.<\/h3>\n","protected":false},"excerpt":{"rendered":"<p>Sekreteriya Gi\u015ft\u00ee ya ENKS\u00ea \u00eero di daxuyaniyek\u00ea de ragihand, \u201cHevdem ligel gef\u00ean Tirkiy\u00ea y\u00ean ji bo dag\u00eerkirina nav\u00e7ey\u00ean n\u00fb, (PYD) hema hema her roj xwep\u00ea\u015fandanan dike \u00fb w\u00eane \u00fb PKK\u00ea bilind dike \u00fb dir\u00fb\u015fm\u00ean xiyanetiy\u00ea li dij\u00ee part\u00ee \u00fb h\u00eaz\u00ean Kurd\u00ee dav\u00eaje.\u201d ENKS di daxuyaniya xwe de bang li civaka navdewlet\u00ee, bi taybet\u00ee Amer\u00eeka \u00fb [&hellip;]<\/p>\n","protected":false},"author":2,"featured_media":1031197,"comment_status":"closed","ping_status":"closed","sticky":false,"template":"","format":"standard","meta":{"footnotes":""},"categories":[29],"tags":[37],"class_list":["post-1031196","post","type-post","status-publish","format-standard","has-post-thumbnail","hentry","category-kurdistan","tag-sereke"],"blocksy_meta":[],"seo_head":"<!-- This site is optimized with the Yoast SEO plugin v27.5 - https:\/\/yoast.com\/product\/yoast-seo-wordpress\/ -->\n<title>ENKS bang li Amer\u00eeka \u00fb R\u00fbsya dike r\u00ea nedin Tirkiy\u00ea \u00ear\u00ee\u015f bike - Darka Maz\u00ee<\/title>\n<meta name=\"robots\" content=\"index, follow, max-snippet:-1, max-image-preview:large, max-video-preview:-1\" \/>\n<link rel=\"canonical\" href=\"https:\/\/darkamazi.info\/archives\/1031196\" \/>\n<meta property=\"og:locale\" content=\"en_US\" \/>\n<meta property=\"og:type\" content=\"article\" \/>\n<meta property=\"og:title\" content=\"ENKS bang li Amer\u00eeka \u00fb R\u00fbsya dike r\u00ea nedin Tirkiy\u00ea \u00ear\u00ee\u015f bike - Darka Maz\u00ee\" \/>\n<meta property=\"og:description\" content=\"Sekreteriya Gi\u015ft\u00ee ya ENKS\u00ea \u00eero di daxuyaniyek\u00ea de ragihand, \u201cHevdem ligel gef\u00ean Tirkiy\u00ea y\u00ean ji bo dag\u00eerkirina nav\u00e7ey\u00ean n\u00fb, (PYD) hema hema her roj xwep\u00ea\u015fandanan dike \u00fb w\u00eane \u00fb PKK\u00ea bilind dike \u00fb dir\u00fb\u015fm\u00ean xiyanetiy\u00ea li dij\u00ee part\u00ee \u00fb h\u00eaz\u00ean Kurd\u00ee dav\u00eaje.\u201d ENKS di daxuyaniya xwe de bang li civaka navdewlet\u00ee, bi taybet\u00ee Amer\u00eeka \u00fb [&hellip;]\" \/>\n<meta property=\"og:url\" content=\"https:\/\/darkamazi.info\/archives\/1031196\" \/>\n<meta property=\"og:site_name\" content=\"Darka Maz\u00ee\" \/>\n<meta property=\"article:publisher\" content=\"https:\/\/www.facebook.com\/DarMaziKurmanci\" \/>\n<meta property=\"article:published_time\" content=\"2022-07-14T16:27:43+00:00\" \/>\n<meta property=\"og:image\" content=\"https:\/\/darkamazi.info\/file\/2022\/07\/enks-kurdistan.jpg\" \/>\n\t<meta property=\"og:image:width\" content=\"900\" \/>\n\t<meta property=\"og:image:height\" content=\"497\" \/>\n\t<meta property=\"og:image:type\" content=\"image\/jpeg\" \/>\n<meta name=\"author\" content=\"darka mazi\" \/>\n<meta name=\"twitter:card\" content=\"summary_large_image\" \/>\n<meta name=\"twitter:creator\" content=\"@DarkaMaziLatini\" \/>\n<meta name=\"twitter:site\" content=\"@DarkaMaziLatini\" \/>\n<meta name=\"twitter:label1\" content=\"Written by\" \/>\n\t<meta name=\"twitter:data1\" content=\"darka mazi\" \/>\n\t<meta name=\"twitter:label2\" content=\"Est. reading time\" \/>\n\t<meta name=\"twitter:data2\" content=\"1 minute\" \/>\n<script type=\"application\/ld+json\" class=\"seo-schema-graph\">{\"@context\":\"https:\\\/\\\/schema.org\",\"@graph\":[{\"@type\":\"Article\",\"@id\":\"https:\\\/\\\/darkamazi.info\\\/archives\\\/1031196#article\",\"isPartOf\":{\"@id\":\"https:\\\/\\\/darkamazi.info\\\/archives\\\/1031196\"},\"author\":{\"name\":\"darka mazi\",\"@id\":\"https:\\\/\\\/darkamazi.info\\\/#\\\/schema\\\/person\\\/5ad3e24553a0567993fa8ed4bd0a776c\"},\"headline\":\"ENKS bang li Amer\u00eeka \u00fb R\u00fbsya dike r\u00ea nedin Tirkiy\u00ea \u00ear\u00ee\u015f bike\",\"datePublished\":\"2022-07-14T16:27:43+00:00\",\"mainEntityOfPage\":{\"@id\":\"https:\\\/\\\/darkamazi.info\\\/archives\\\/1031196\"},\"wordCount\":301,\"publisher\":{\"@id\":\"https:\\\/\\\/darkamazi.info\\\/#organization\"},\"image\":{\"@id\":\"https:\\\/\\\/darkamazi.info\\\/archives\\\/1031196#primaryimage\"},\"thumbnailUrl\":\"https:\\\/\\\/darkamazi.info\\\/darka-content\\\/uploads\\\/2022\\\/07\\\/enks-kurdistan.jpg\",\"keywords\":[\"sereke\"],\"articleSection\":[\"Kurdistan\"],\"inLanguage\":\"en-US\"},{\"@type\":\"WebPage\",\"@id\":\"https:\\\/\\\/darkamazi.info\\\/archives\\\/1031196\",\"url\":\"https:\\\/\\\/darkamazi.info\\\/archives\\\/1031196\",\"name\":\"ENKS bang li Amer\u00eeka \u00fb R\u00fbsya dike r\u00ea nedin Tirkiy\u00ea \u00ear\u00ee\u015f bike - Darka Maz\u00ee\",\"isPartOf\":{\"@id\":\"https:\\\/\\\/darkamazi.info\\\/#website\"},\"primaryImageOfPage\":{\"@id\":\"https:\\\/\\\/darkamazi.info\\\/archives\\\/1031196#primaryimage\"},\"image\":{\"@id\":\"https:\\\/\\\/darkamazi.info\\\/archives\\\/1031196#primaryimage\"},\"thumbnailUrl\":\"https:\\\/\\\/darkamazi.info\\\/darka-content\\\/uploads\\\/2022\\\/07\\\/enks-kurdistan.jpg\",\"datePublished\":\"2022-07-14T16:27:43+00:00\",\"breadcrumb\":{\"@id\":\"https:\\\/\\\/darkamazi.info\\\/archives\\\/1031196#breadcrumb\"},\"inLanguage\":\"en-US\",\"potentialAction\":[{\"@type\":\"ReadAction\",\"target\":[\"https:\\\/\\\/darkamazi.info\\\/archives\\\/1031196\"]}]},{\"@type\":\"ImageObject\",\"inLanguage\":\"en-US\",\"@id\":\"https:\\\/\\\/darkamazi.info\\\/archives\\\/1031196#primaryimage\",\"url\":\"https:\\\/\\\/darkamazi.info\\\/darka-content\\\/uploads\\\/2022\\\/07\\\/enks-kurdistan.jpg\",\"contentUrl\":\"https:\\\/\\\/darkamazi.info\\\/darka-content\\\/uploads\\\/2022\\\/07\\\/enks-kurdistan.jpg\",\"width\":900,\"height\":497,\"caption\":\"ENKS bang li Amer\u00eeka \u00fb R\u00fbsya dike r\u00ea nedin Tirkiy\u00ea \u00ear\u00ee\u015f bike\"},{\"@type\":\"BreadcrumbList\",\"@id\":\"https:\\\/\\\/darkamazi.info\\\/archives\\\/1031196#breadcrumb\",\"itemListElement\":[{\"@type\":\"ListItem\",\"position\":1,\"name\":\"Home\",\"item\":\"https:\\\/\\\/darkamazi.info\\\/\"},{\"@type\":\"ListItem\",\"position\":2,\"name\":\"ENKS bang li Amer\u00eeka \u00fb R\u00fbsya dike r\u00ea nedin Tirkiy\u00ea \u00ear\u00ee\u015f bike\"}]},{\"@type\":\"WebSite\",\"@id\":\"https:\\\/\\\/darkamazi.info\\\/#website\",\"url\":\"https:\\\/\\\/darkamazi.info\\\/\",\"name\":\"Darka Maz\u00ee\",\"description\":\"P\u00eageha Zanyariy\u00ean Nebih\u00eest\u00ee\",\"publisher\":{\"@id\":\"https:\\\/\\\/darkamazi.info\\\/#organization\"},\"potentialAction\":[{\"@type\":\"SearchAction\",\"target\":{\"@type\":\"EntryPoint\",\"urlTemplate\":\"https:\\\/\\\/darkamazi.info\\\/?s={search_term_string}\"},\"query-input\":{\"@type\":\"PropertyValueSpecification\",\"valueRequired\":true,\"valueName\":\"search_term_string\"}}],\"inLanguage\":\"en-US\"},{\"@type\":\"Organization\",\"@id\":\"https:\\\/\\\/darkamazi.info\\\/#organization\",\"name\":\"Darka Maz\u00ee\",\"url\":\"https:\\\/\\\/darkamazi.info\\\/\",\"logo\":{\"@type\":\"ImageObject\",\"inLanguage\":\"en-US\",\"@id\":\"https:\\\/\\\/darkamazi.info\\\/#\\\/schema\\\/logo\\\/image\\\/\",\"url\":\"https:\\\/\\\/darkamazi.info\\\/darka-content\\\/uploads\\\/2017\\\/12\\\/darka-mazi-logo.png\",\"contentUrl\":\"https:\\\/\\\/darkamazi.info\\\/darka-content\\\/uploads\\\/2017\\\/12\\\/darka-mazi-logo.png\",\"width\":151,\"height\":75,\"caption\":\"Darka Maz\u00ee\"},\"image\":{\"@id\":\"https:\\\/\\\/darkamazi.info\\\/#\\\/schema\\\/logo\\\/image\\\/\"},\"sameAs\":[\"https:\\\/\\\/www.facebook.com\\\/DarMaziKurmanci\",\"https:\\\/\\\/x.com\\\/DarkaMaziLatini\",\"https:\\\/\\\/www.instagram.com\\\/darkamazi.kurmanci\\\/\",\"https:\\\/\\\/www.youtube.com\\\/channel\\\/UCa5HkTdmI8U1qCUFuTw8B2g\"]},{\"@type\":\"Person\",\"@id\":\"https:\\\/\\\/darkamazi.info\\\/#\\\/schema\\\/person\\\/5ad3e24553a0567993fa8ed4bd0a776c\",\"name\":\"darka mazi\",\"sameAs\":[\"https:\\\/\\\/darkamazi.info\\\/\"],\"url\":\"https:\\\/\\\/darkamazi.info\\\/archives\\\/author\\\/kurdi\"}]}<\/script>\n<!-- \/ Yoast SEO plugin. -->","seo_head_json":{"title":"ENKS bang li Amer\u00eeka \u00fb R\u00fbsya dike r\u00ea nedin Tirkiy\u00ea \u00ear\u00ee\u015f bike - Darka Maz\u00ee","robots":{"index":"index","follow":"follow","max-snippet":"max-snippet:-1","max-image-preview":"max-image-preview:large","max-video-preview":"max-video-preview:-1"},"canonical":"https:\/\/darkamazi.info\/archives\/1031196","og_locale":"en_US","og_type":"article","og_title":"ENKS bang li Amer\u00eeka \u00fb R\u00fbsya dike r\u00ea nedin Tirkiy\u00ea \u00ear\u00ee\u015f bike - Darka Maz\u00ee","og_description":"Sekreteriya Gi\u015ft\u00ee ya ENKS\u00ea \u00eero di daxuyaniyek\u00ea de ragihand, \u201cHevdem ligel gef\u00ean Tirkiy\u00ea y\u00ean ji bo dag\u00eerkirina nav\u00e7ey\u00ean n\u00fb, (PYD) hema hema her roj xwep\u00ea\u015fandanan dike \u00fb w\u00eane \u00fb PKK\u00ea bilind dike \u00fb dir\u00fb\u015fm\u00ean xiyanetiy\u00ea li dij\u00ee part\u00ee \u00fb h\u00eaz\u00ean Kurd\u00ee dav\u00eaje.\u201d ENKS di daxuyaniya xwe de bang li civaka navdewlet\u00ee, bi taybet\u00ee Amer\u00eeka \u00fb [&hellip;]","og_url":"https:\/\/darkamazi.info\/archives\/1031196","og_site_name":"Darka Maz\u00ee","article_publisher":"https:\/\/www.facebook.com\/DarMaziKurmanci","article_published_time":"2022-07-14T16:27:43+00:00","og_image":[{"width":900,"height":497,"url":"https:\/\/darkamazi.info\/file\/2022\/07\/enks-kurdistan.jpg","type":"image\/jpeg"}],"author":"darka mazi","twitter_card":"summary_large_image","twitter_creator":"@DarkaMaziLatini","twitter_site":"@DarkaMaziLatini","twitter_misc":{"Written by":"darka mazi","Est. reading time":"1 minute"},"schema":{"@context":"https:\/\/schema.org","@graph":[{"@type":"Article","@id":"https:\/\/darkamazi.info\/archives\/1031196#article","isPartOf":{"@id":"https:\/\/darkamazi.info\/archives\/1031196"},"author":{"name":"darka mazi","@id":"https:\/\/darkamazi.info\/#\/schema\/person\/5ad3e24553a0567993fa8ed4bd0a776c"},"headline":"ENKS bang li Amer\u00eeka \u00fb R\u00fbsya dike r\u00ea nedin Tirkiy\u00ea \u00ear\u00ee\u015f bike","datePublished":"2022-07-14T16:27:43+00:00","mainEntityOfPage":{"@id":"https:\/\/darkamazi.info\/archives\/1031196"},"wordCount":301,"publisher":{"@id":"https:\/\/darkamazi.info\/#organization"},"image":{"@id":"https:\/\/darkamazi.info\/archives\/1031196#primaryimage"},"thumbnailUrl":"https:\/\/darkamazi.info\/file\/2022\/07\/enks-kurdistan.jpg","keywords":["sereke"],"articleSection":["Kurdistan"],"inLanguage":"en-US"},{"@type":"WebPage","@id":"https:\/\/darkamazi.info\/archives\/1031196","url":"https:\/\/darkamazi.info\/archives\/1031196","name":"ENKS bang li Amer\u00eeka \u00fb R\u00fbsya dike r\u00ea nedin Tirkiy\u00ea \u00ear\u00ee\u015f bike - Darka Maz\u00ee","isPartOf":{"@id":"https:\/\/darkamazi.info\/#website"},"primaryImageOfPage":{"@id":"https:\/\/darkamazi.info\/archives\/1031196#primaryimage"},"image":{"@id":"https:\/\/darkamazi.info\/archives\/1031196#primaryimage"},"thumbnailUrl":"https:\/\/darkamazi.info\/file\/2022\/07\/enks-kurdistan.jpg","datePublished":"2022-07-14T16:27:43+00:00","breadcrumb":{"@id":"https:\/\/darkamazi.info\/archives\/1031196#breadcrumb"},"inLanguage":"en-US","potentialAction":[{"@type":"ReadAction","target":["https:\/\/darkamazi.info\/archives\/1031196"]}]},{"@type":"ImageObject","inLanguage":"en-US","@id":"https:\/\/darkamazi.info\/archives\/1031196#primaryimage","url":"https:\/\/darkamazi.info\/file\/2022\/07\/enks-kurdistan.jpg","contentUrl":"https:\/\/darkamazi.info\/file\/2022\/07\/enks-kurdistan.jpg","width":900,"height":497,"caption":"ENKS bang li Amer\u00eeka \u00fb R\u00fbsya dike r\u00ea nedin Tirkiy\u00ea \u00ear\u00ee\u015f bike"},{"@type":"BreadcrumbList","@id":"https:\/\/darkamazi.info\/archives\/1031196#breadcrumb","itemListElement":[{"@type":"ListItem","position":1,"name":"Home","item":"https:\/\/darkamazi.info\/"},{"@type":"ListItem","position":2,"name":"ENKS bang li Amer\u00eeka \u00fb R\u00fbsya dike r\u00ea nedin Tirkiy\u00ea \u00ear\u00ee\u015f bike"}]},{"@type":"WebSite","@id":"https:\/\/darkamazi.info\/#website","url":"https:\/\/darkamazi.info\/","name":"Darka Maz\u00ee","description":"P\u00eageha Zanyariy\u00ean Nebih\u00eest\u00ee","publisher":{"@id":"https:\/\/darkamazi.info\/#organization"},"potentialAction":[{"@type":"SearchAction","target":{"@type":"EntryPoint","urlTemplate":"https:\/\/darkamazi.info\/?s={search_term_string}"},"query-input":{"@type":"PropertyValueSpecification","valueRequired":true,"valueName":"search_term_string"}}],"inLanguage":"en-US"},{"@type":"Organization","@id":"https:\/\/darkamazi.info\/#organization","name":"Darka Maz\u00ee","url":"https:\/\/darkamazi.info\/","logo":{"@type":"ImageObject","inLanguage":"en-US","@id":"https:\/\/darkamazi.info\/#\/schema\/logo\/image\/","url":"https:\/\/darkamazi.info\/file\/2017\/12\/darka-mazi-logo.png","contentUrl":"https:\/\/darkamazi.info\/file\/2017\/12\/darka-mazi-logo.png","width":151,"height":75,"caption":"Darka Maz\u00ee"},"image":{"@id":"https:\/\/darkamazi.info\/#\/schema\/logo\/image\/"},"sameAs":["https:\/\/www.facebook.com\/DarMaziKurmanci","https:\/\/x.com\/DarkaMaziLatini","https:\/\/www.instagram.com\/darkamazi.kurmanci\/","https:\/\/www.youtube.com\/channel\/UCa5HkTdmI8U1qCUFuTw8B2g"]},{"@type":"Person","@id":"https:\/\/darkamazi.info\/#\/schema\/person\/5ad3e24553a0567993fa8ed4bd0a776c","name":"darka mazi","sameAs":["https:\/\/darkamazi.info\/"],"url":"https:\/\/darkamazi.info\/archives\/author\/kurdi"}]}},"_links":{"self":[{"href":"https:\/\/darkamazi.info\/funavuv\/wp\/v2\/posts\/1031196","targetHints":{"allow":["GET"]}}],"collection":[{"href":"https:\/\/darkamazi.info\/funavuv\/wp\/v2\/posts"}],"about":[{"href":"https:\/\/darkamazi.info\/funavuv\/wp\/v2\/types\/post"}],"author":[{"embeddable":true,"href":"https:\/\/darkamazi.info\/funavuv\/wp\/v2\/users\/2"}],"replies":[{"embeddable":true,"href":"https:\/\/darkamazi.info\/funavuv\/wp\/v2\/comments?post=1031196"}],"version-history":[{"count":0,"href":"https:\/\/darkamazi.info\/funavuv\/wp\/v2\/posts\/1031196\/revisions"}],"wp:featuredmedia":[{"embeddable":true,"href":"https:\/\/darkamazi.info\/funavuv\/wp\/v2\/media\/1031197"}],"wp:attachment":[{"href":"https:\/\/darkamazi.info\/funavuv\/wp\/v2\/media?parent=1031196"}],"wp:term":[{"taxonomy":"category","embeddable":true,"href":"https:\/\/darkamazi.info\/funavuv\/wp\/v2\/categories?post=1031196"},{"taxonomy":"post_tag","embeddable":true,"href":"https:\/\/darkamazi.info\/funavuv\/wp\/v2\/tags?post=1031196"}],"curies":[{"name":"wp","href":"https:\/\/api.w.org\/{rel}","templated":true}]}}