{"id":1031202,"date":"2022-07-14T20:47:11","date_gmt":"2022-07-14T17:47:11","guid":{"rendered":"https:\/\/darkamazi.info\/?p=1031202"},"modified":"2022-07-14T20:47:11","modified_gmt":"2022-07-14T17:47:11","slug":"tola-sehiden-gunde-xidircice-ye-mexmure-hat-hildan","status":"publish","type":"post","link":"https:\/\/darkamazi.info\/archives\/1031202","title":{"rendered":"&#8220;Tola \u015feh\u00eed\u00ean gund\u00ea Xidirc\u00eece y\u00ea Mexm\u00fbr\u00ea hat hildan&#8221;"},"content":{"rendered":"<h3 style=\"text-align: justify\"><span style=\"font-family: 'arial black', sans-serif\">\u00a0Encumena asayi\u015fa Her\u00eama Kurdistan\u00ea ragehand, tola wan p\u00ea\u015fmerge \u00fb siv\u00eel\u00ean ku di \u00eari\u015fa DAI\u015e\u00ea de li gund\u00ea Xidirc\u00eece y\u00ea Mexm\u00fbr\u00ea \u015feh\u00eed bib\u00fbn, hat hildan.<\/span><\/h3>\n<h3 style=\"text-align: justify\">Encumena asayi\u015fa Kurdistan\u00ea v\u00ea \u00eavar\u00ea ragehand, h\u00eaz\u00ean wan bi hemaheng\u00ee ligel h\u00eaz\u00ean hevpeyman \u00fb h\u00eaz\u00ean Iraq\u00ee kar\u00een \u015feva 5 v\u00ea meh\u00ea di operasyoneka taybet de, ku wek operasyona tolhildan\u00ea hatib\u00fb binavkirin, 4 teror\u00eest\u00ean DAI\u015e\u00ea bikujin ku dest\u00ea wan di \u00eari\u015fa gund\u00ea Xidirc\u00eece y\u00ea Mexm\u00fbr\u00ea \u00fb \u015feh\u00eedkirina 10 p\u00ea\u015fmergey\u00ean Kurdistan\u00ea \u00fb 3 biray\u00ean siv\u00eel de heb\u00fbne.<\/h3>\n<h3 style=\"text-align: justify\">Encumen\u00ea da zan\u00een j\u00ee, pi\u015ft\u00ee d\u00fbv\u00e7\u00fbn\u00ean h\u00fbr tohmetbarek bi nav\u00ea Q.Y.I.H j\u00ee hat girtin \u00fb li w\u00ea yek\u00ea mukir hat ku di \u00eari\u015fa gund\u00ea Xidirc\u00eece de al\u00eekariya teror\u00eestan kiriye.<\/h3>\n<h3 style=\"text-align: justify\">\u015eeva 2 Kan\u00fbna sala 2021, teror\u00eest\u00ean DAI\u015e\u00ea \u00eari\u015f\u00ee gund\u00ea Xidirc\u00eece y\u00ea Mexm\u00fbr\u00ea kirin. Di w\u00ea \u00eari\u015f\u00ea de 10 p\u00ea\u015fmerge \u00fb 3 siv\u00eel hatin \u015feh\u00eedkirin ku her s\u00ea siv\u00eel biray\u00ean hev b\u00fbn.<\/h3>\n<h3 style=\"text-align: justify\"><span style=\"font-family: 'arial black', sans-serif\">Naveroka daxuyaniya encumena asayi\u015fa Kurdistan\u00ea wiha ye:<\/span><\/h3>\n<div style=\"width: 1290px;\" class=\"darka-video\"><video class=\"darka-video-shortcode\" id=\"video-1031202-1\" width=\"1290\" height=\"731\" preload=\"metadata\" controls=\"controls\"><source type=\"video\/mp4\" src=\"https:\/\/darkamazi.info\/file\/2022\/07\/\u062f\u0698\u0647-\u062a\u06cc\u0631\u06c6\u0631\u06cc-\u06a9\u0648\u0631\u062f\u0633\u062a\u0627\u0646-Kurdistan-CT-\u0631\u0627\u06af\u06d5\u06cc\u06d5\u0646\u062f\u0631\u0627\u0648\u06ce\u06a9-\u0644\u06d5-\u0626\u06d5\u0646\u062c\u0648\u0645\u06d5\u0646\u06cc-\u0626\u0627\u0633\u0627\u06cc\u0634\u06cc-\u0647\u06d5\u0631\u06ce\u0645\u06cc-....mp4?_=1\" \/><a href=\"https:\/\/darkamazi.info\/file\/2022\/07\/\u062f\u0698\u0647-\u062a\u06cc\u0631\u06c6\u0631\u06cc-\u06a9\u0648\u0631\u062f\u0633\u062a\u0627\u0646-Kurdistan-CT-\u0631\u0627\u06af\u06d5\u06cc\u06d5\u0646\u062f\u0631\u0627\u0648\u06ce\u06a9-\u0644\u06d5-\u0626\u06d5\u0646\u062c\u0648\u0645\u06d5\u0646\u06cc-\u0626\u0627\u0633\u0627\u06cc\u0634\u06cc-\u0647\u06d5\u0631\u06ce\u0645\u06cc-....mp4\">https:\/\/darkamazi.info\/file\/2022\/07\/\u062f\u0698\u0647-\u062a\u06cc\u0631\u06c6\u0631\u06cc-\u06a9\u0648\u0631\u062f\u0633\u062a\u0627\u0646-Kurdistan-CT-\u0631\u0627\u06af\u06d5\u06cc\u06d5\u0646\u062f\u0631\u0627\u0648\u06ce\u06a9-\u0644\u06d5-\u0626\u06d5\u0646\u062c\u0648\u0645\u06d5\u0646\u06cc-\u0626\u0627\u0633\u0627\u06cc\u0634\u06cc-\u0647\u06d5\u0631\u06ce\u0645\u06cc-....mp4<\/a><\/video><\/div>\n","protected":false},"excerpt":{"rendered":"<p>\u00a0Encumena asayi\u015fa Her\u00eama Kurdistan\u00ea ragehand, tola wan p\u00ea\u015fmerge \u00fb siv\u00eel\u00ean ku di \u00eari\u015fa DAI\u015e\u00ea de li gund\u00ea Xidirc\u00eece y\u00ea Mexm\u00fbr\u00ea \u015feh\u00eed bib\u00fbn, hat hildan. Encumena asayi\u015fa Kurdistan\u00ea v\u00ea \u00eavar\u00ea ragehand, h\u00eaz\u00ean wan bi hemaheng\u00ee ligel h\u00eaz\u00ean hevpeyman \u00fb h\u00eaz\u00ean Iraq\u00ee kar\u00een \u015feva 5 v\u00ea meh\u00ea di operasyoneka taybet de, ku wek operasyona tolhildan\u00ea hatib\u00fb binavkirin, [&hellip;]<\/p>\n","protected":false},"author":2,"featured_media":1031204,"comment_status":"closed","ping_status":"closed","sticky":false,"template":"","format":"standard","meta":{"footnotes":""},"categories":[29],"tags":[37],"class_list":["post-1031202","post","type-post","status-publish","format-standard","has-post-thumbnail","hentry","category-kurdistan","tag-sereke"],"blocksy_meta":[],"seo_head":"<!-- This site is optimized with the Yoast SEO plugin v27.5 - https:\/\/yoast.com\/product\/yoast-seo-wordpress\/ -->\n<title>&quot;Tola \u015feh\u00eed\u00ean gund\u00ea Xidirc\u00eece y\u00ea Mexm\u00fbr\u00ea hat hildan&quot; - Darka Maz\u00ee<\/title>\n<meta name=\"robots\" content=\"index, follow, max-snippet:-1, max-image-preview:large, max-video-preview:-1\" \/>\n<link rel=\"canonical\" href=\"https:\/\/darkamazi.info\/archives\/1031202\" \/>\n<meta property=\"og:locale\" content=\"en_US\" \/>\n<meta property=\"og:type\" content=\"article\" \/>\n<meta property=\"og:title\" content=\"&quot;Tola \u015feh\u00eed\u00ean gund\u00ea Xidirc\u00eece y\u00ea Mexm\u00fbr\u00ea hat hildan&quot; - Darka Maz\u00ee\" \/>\n<meta property=\"og:description\" content=\"\u00a0Encumena asayi\u015fa Her\u00eama Kurdistan\u00ea ragehand, tola wan p\u00ea\u015fmerge \u00fb siv\u00eel\u00ean ku di \u00eari\u015fa DAI\u015e\u00ea de li gund\u00ea Xidirc\u00eece y\u00ea Mexm\u00fbr\u00ea \u015feh\u00eed bib\u00fbn, hat hildan. Encumena asayi\u015fa Kurdistan\u00ea v\u00ea \u00eavar\u00ea ragehand, h\u00eaz\u00ean wan bi hemaheng\u00ee ligel h\u00eaz\u00ean hevpeyman \u00fb h\u00eaz\u00ean Iraq\u00ee kar\u00een \u015feva 5 v\u00ea meh\u00ea di operasyoneka taybet de, ku wek operasyona tolhildan\u00ea hatib\u00fb binavkirin, [&hellip;]\" \/>\n<meta property=\"og:url\" content=\"https:\/\/darkamazi.info\/archives\/1031202\" \/>\n<meta property=\"og:site_name\" content=\"Darka Maz\u00ee\" \/>\n<meta property=\"article:publisher\" content=\"https:\/\/www.facebook.com\/DarMaziKurmanci\" \/>\n<meta property=\"article:published_time\" content=\"2022-07-14T17:47:11+00:00\" \/>\n<meta property=\"og:image\" content=\"https:\/\/darkamazi.info\/file\/2022\/07\/dije-terora-kurdistane.jpg\" \/>\n\t<meta property=\"og:image:width\" content=\"900\" \/>\n\t<meta property=\"og:image:height\" content=\"497\" \/>\n\t<meta property=\"og:image:type\" content=\"image\/jpeg\" \/>\n<meta name=\"author\" content=\"darka mazi\" \/>\n<meta name=\"twitter:card\" content=\"summary_large_image\" \/>\n<meta name=\"twitter:creator\" content=\"@DarkaMaziLatini\" \/>\n<meta name=\"twitter:site\" content=\"@DarkaMaziLatini\" \/>\n<meta name=\"twitter:label1\" content=\"Written by\" \/>\n\t<meta name=\"twitter:data1\" content=\"darka mazi\" \/>\n\t<meta name=\"twitter:label2\" content=\"Est. reading time\" \/>\n\t<meta name=\"twitter:data2\" content=\"1 minute\" \/>\n<script type=\"application\/ld+json\" class=\"seo-schema-graph\">{\"@context\":\"https:\\\/\\\/schema.org\",\"@graph\":[{\"@type\":\"Article\",\"@id\":\"https:\\\/\\\/darkamazi.info\\\/archives\\\/1031202#article\",\"isPartOf\":{\"@id\":\"https:\\\/\\\/darkamazi.info\\\/archives\\\/1031202\"},\"author\":{\"name\":\"darka mazi\",\"@id\":\"https:\\\/\\\/darkamazi.info\\\/#\\\/schema\\\/person\\\/5ad3e24553a0567993fa8ed4bd0a776c\"},\"headline\":\"&#8220;Tola \u015feh\u00eed\u00ean gund\u00ea Xidirc\u00eece y\u00ea Mexm\u00fbr\u00ea hat hildan&#8221;\",\"datePublished\":\"2022-07-14T17:47:11+00:00\",\"mainEntityOfPage\":{\"@id\":\"https:\\\/\\\/darkamazi.info\\\/archives\\\/1031202\"},\"wordCount\":217,\"publisher\":{\"@id\":\"https:\\\/\\\/darkamazi.info\\\/#organization\"},\"image\":{\"@id\":\"https:\\\/\\\/darkamazi.info\\\/archives\\\/1031202#primaryimage\"},\"thumbnailUrl\":\"https:\\\/\\\/darkamazi.info\\\/darka-content\\\/uploads\\\/2022\\\/07\\\/dije-terora-kurdistane.jpg\",\"keywords\":[\"sereke\"],\"articleSection\":[\"Kurdistan\"],\"inLanguage\":\"en-US\"},{\"@type\":\"WebPage\",\"@id\":\"https:\\\/\\\/darkamazi.info\\\/archives\\\/1031202\",\"url\":\"https:\\\/\\\/darkamazi.info\\\/archives\\\/1031202\",\"name\":\"\\\"Tola \u015feh\u00eed\u00ean gund\u00ea Xidirc\u00eece y\u00ea Mexm\u00fbr\u00ea hat hildan\\\" - Darka Maz\u00ee\",\"isPartOf\":{\"@id\":\"https:\\\/\\\/darkamazi.info\\\/#website\"},\"primaryImageOfPage\":{\"@id\":\"https:\\\/\\\/darkamazi.info\\\/archives\\\/1031202#primaryimage\"},\"image\":{\"@id\":\"https:\\\/\\\/darkamazi.info\\\/archives\\\/1031202#primaryimage\"},\"thumbnailUrl\":\"https:\\\/\\\/darkamazi.info\\\/darka-content\\\/uploads\\\/2022\\\/07\\\/dije-terora-kurdistane.jpg\",\"datePublished\":\"2022-07-14T17:47:11+00:00\",\"breadcrumb\":{\"@id\":\"https:\\\/\\\/darkamazi.info\\\/archives\\\/1031202#breadcrumb\"},\"inLanguage\":\"en-US\",\"potentialAction\":[{\"@type\":\"ReadAction\",\"target\":[\"https:\\\/\\\/darkamazi.info\\\/archives\\\/1031202\"]}]},{\"@type\":\"ImageObject\",\"inLanguage\":\"en-US\",\"@id\":\"https:\\\/\\\/darkamazi.info\\\/archives\\\/1031202#primaryimage\",\"url\":\"https:\\\/\\\/darkamazi.info\\\/darka-content\\\/uploads\\\/2022\\\/07\\\/dije-terora-kurdistane.jpg\",\"contentUrl\":\"https:\\\/\\\/darkamazi.info\\\/darka-content\\\/uploads\\\/2022\\\/07\\\/dije-terora-kurdistane.jpg\",\"width\":900,\"height\":497,\"caption\":\"\\\"Tola \u015feh\u00eed\u00ean gund\u00ea Xidirc\u00eece y\u00ea Mexm\u00fbr\u00ea hat hildan\\\"\"},{\"@type\":\"BreadcrumbList\",\"@id\":\"https:\\\/\\\/darkamazi.info\\\/archives\\\/1031202#breadcrumb\",\"itemListElement\":[{\"@type\":\"ListItem\",\"position\":1,\"name\":\"Home\",\"item\":\"https:\\\/\\\/darkamazi.info\\\/\"},{\"@type\":\"ListItem\",\"position\":2,\"name\":\"&#8220;Tola \u015feh\u00eed\u00ean gund\u00ea Xidirc\u00eece y\u00ea Mexm\u00fbr\u00ea hat hildan&#8221;\"}]},{\"@type\":\"WebSite\",\"@id\":\"https:\\\/\\\/darkamazi.info\\\/#website\",\"url\":\"https:\\\/\\\/darkamazi.info\\\/\",\"name\":\"Darka Maz\u00ee\",\"description\":\"P\u00eageha Zanyariy\u00ean Nebih\u00eest\u00ee\",\"publisher\":{\"@id\":\"https:\\\/\\\/darkamazi.info\\\/#organization\"},\"potentialAction\":[{\"@type\":\"SearchAction\",\"target\":{\"@type\":\"EntryPoint\",\"urlTemplate\":\"https:\\\/\\\/darkamazi.info\\\/?s={search_term_string}\"},\"query-input\":{\"@type\":\"PropertyValueSpecification\",\"valueRequired\":true,\"valueName\":\"search_term_string\"}}],\"inLanguage\":\"en-US\"},{\"@type\":\"Organization\",\"@id\":\"https:\\\/\\\/darkamazi.info\\\/#organization\",\"name\":\"Darka Maz\u00ee\",\"url\":\"https:\\\/\\\/darkamazi.info\\\/\",\"logo\":{\"@type\":\"ImageObject\",\"inLanguage\":\"en-US\",\"@id\":\"https:\\\/\\\/darkamazi.info\\\/#\\\/schema\\\/logo\\\/image\\\/\",\"url\":\"https:\\\/\\\/darkamazi.info\\\/darka-content\\\/uploads\\\/2017\\\/12\\\/darka-mazi-logo.png\",\"contentUrl\":\"https:\\\/\\\/darkamazi.info\\\/darka-content\\\/uploads\\\/2017\\\/12\\\/darka-mazi-logo.png\",\"width\":151,\"height\":75,\"caption\":\"Darka Maz\u00ee\"},\"image\":{\"@id\":\"https:\\\/\\\/darkamazi.info\\\/#\\\/schema\\\/logo\\\/image\\\/\"},\"sameAs\":[\"https:\\\/\\\/www.facebook.com\\\/DarMaziKurmanci\",\"https:\\\/\\\/x.com\\\/DarkaMaziLatini\",\"https:\\\/\\\/www.instagram.com\\\/darkamazi.kurmanci\\\/\",\"https:\\\/\\\/www.youtube.com\\\/channel\\\/UCa5HkTdmI8U1qCUFuTw8B2g\"]},{\"@type\":\"Person\",\"@id\":\"https:\\\/\\\/darkamazi.info\\\/#\\\/schema\\\/person\\\/5ad3e24553a0567993fa8ed4bd0a776c\",\"name\":\"darka mazi\",\"sameAs\":[\"https:\\\/\\\/darkamazi.info\\\/\"],\"url\":\"https:\\\/\\\/darkamazi.info\\\/archives\\\/author\\\/kurdi\"}]}<\/script>\n<!-- \/ Yoast SEO plugin. -->","seo_head_json":{"title":"\"Tola \u015feh\u00eed\u00ean gund\u00ea Xidirc\u00eece y\u00ea Mexm\u00fbr\u00ea hat hildan\" - Darka Maz\u00ee","robots":{"index":"index","follow":"follow","max-snippet":"max-snippet:-1","max-image-preview":"max-image-preview:large","max-video-preview":"max-video-preview:-1"},"canonical":"https:\/\/darkamazi.info\/archives\/1031202","og_locale":"en_US","og_type":"article","og_title":"\"Tola \u015feh\u00eed\u00ean gund\u00ea Xidirc\u00eece y\u00ea Mexm\u00fbr\u00ea hat hildan\" - Darka Maz\u00ee","og_description":"\u00a0Encumena asayi\u015fa Her\u00eama Kurdistan\u00ea ragehand, tola wan p\u00ea\u015fmerge \u00fb siv\u00eel\u00ean ku di \u00eari\u015fa DAI\u015e\u00ea de li gund\u00ea Xidirc\u00eece y\u00ea Mexm\u00fbr\u00ea \u015feh\u00eed bib\u00fbn, hat hildan. Encumena asayi\u015fa Kurdistan\u00ea v\u00ea \u00eavar\u00ea ragehand, h\u00eaz\u00ean wan bi hemaheng\u00ee ligel h\u00eaz\u00ean hevpeyman \u00fb h\u00eaz\u00ean Iraq\u00ee kar\u00een \u015feva 5 v\u00ea meh\u00ea di operasyoneka taybet de, ku wek operasyona tolhildan\u00ea hatib\u00fb binavkirin, [&hellip;]","og_url":"https:\/\/darkamazi.info\/archives\/1031202","og_site_name":"Darka Maz\u00ee","article_publisher":"https:\/\/www.facebook.com\/DarMaziKurmanci","article_published_time":"2022-07-14T17:47:11+00:00","og_image":[{"width":900,"height":497,"url":"https:\/\/darkamazi.info\/file\/2022\/07\/dije-terora-kurdistane.jpg","type":"image\/jpeg"}],"author":"darka mazi","twitter_card":"summary_large_image","twitter_creator":"@DarkaMaziLatini","twitter_site":"@DarkaMaziLatini","twitter_misc":{"Written by":"darka mazi","Est. reading time":"1 minute"},"schema":{"@context":"https:\/\/schema.org","@graph":[{"@type":"Article","@id":"https:\/\/darkamazi.info\/archives\/1031202#article","isPartOf":{"@id":"https:\/\/darkamazi.info\/archives\/1031202"},"author":{"name":"darka mazi","@id":"https:\/\/darkamazi.info\/#\/schema\/person\/5ad3e24553a0567993fa8ed4bd0a776c"},"headline":"&#8220;Tola \u015feh\u00eed\u00ean gund\u00ea Xidirc\u00eece y\u00ea Mexm\u00fbr\u00ea hat hildan&#8221;","datePublished":"2022-07-14T17:47:11+00:00","mainEntityOfPage":{"@id":"https:\/\/darkamazi.info\/archives\/1031202"},"wordCount":217,"publisher":{"@id":"https:\/\/darkamazi.info\/#organization"},"image":{"@id":"https:\/\/darkamazi.info\/archives\/1031202#primaryimage"},"thumbnailUrl":"https:\/\/darkamazi.info\/file\/2022\/07\/dije-terora-kurdistane.jpg","keywords":["sereke"],"articleSection":["Kurdistan"],"inLanguage":"en-US"},{"@type":"WebPage","@id":"https:\/\/darkamazi.info\/archives\/1031202","url":"https:\/\/darkamazi.info\/archives\/1031202","name":"\"Tola \u015feh\u00eed\u00ean gund\u00ea Xidirc\u00eece y\u00ea Mexm\u00fbr\u00ea hat hildan\" - Darka Maz\u00ee","isPartOf":{"@id":"https:\/\/darkamazi.info\/#website"},"primaryImageOfPage":{"@id":"https:\/\/darkamazi.info\/archives\/1031202#primaryimage"},"image":{"@id":"https:\/\/darkamazi.info\/archives\/1031202#primaryimage"},"thumbnailUrl":"https:\/\/darkamazi.info\/file\/2022\/07\/dije-terora-kurdistane.jpg","datePublished":"2022-07-14T17:47:11+00:00","breadcrumb":{"@id":"https:\/\/darkamazi.info\/archives\/1031202#breadcrumb"},"inLanguage":"en-US","potentialAction":[{"@type":"ReadAction","target":["https:\/\/darkamazi.info\/archives\/1031202"]}]},{"@type":"ImageObject","inLanguage":"en-US","@id":"https:\/\/darkamazi.info\/archives\/1031202#primaryimage","url":"https:\/\/darkamazi.info\/file\/2022\/07\/dije-terora-kurdistane.jpg","contentUrl":"https:\/\/darkamazi.info\/file\/2022\/07\/dije-terora-kurdistane.jpg","width":900,"height":497,"caption":"\"Tola \u015feh\u00eed\u00ean gund\u00ea Xidirc\u00eece y\u00ea Mexm\u00fbr\u00ea hat hildan\""},{"@type":"BreadcrumbList","@id":"https:\/\/darkamazi.info\/archives\/1031202#breadcrumb","itemListElement":[{"@type":"ListItem","position":1,"name":"Home","item":"https:\/\/darkamazi.info\/"},{"@type":"ListItem","position":2,"name":"&#8220;Tola \u015feh\u00eed\u00ean gund\u00ea Xidirc\u00eece y\u00ea Mexm\u00fbr\u00ea hat hildan&#8221;"}]},{"@type":"WebSite","@id":"https:\/\/darkamazi.info\/#website","url":"https:\/\/darkamazi.info\/","name":"Darka Maz\u00ee","description":"P\u00eageha Zanyariy\u00ean Nebih\u00eest\u00ee","publisher":{"@id":"https:\/\/darkamazi.info\/#organization"},"potentialAction":[{"@type":"SearchAction","target":{"@type":"EntryPoint","urlTemplate":"https:\/\/darkamazi.info\/?s={search_term_string}"},"query-input":{"@type":"PropertyValueSpecification","valueRequired":true,"valueName":"search_term_string"}}],"inLanguage":"en-US"},{"@type":"Organization","@id":"https:\/\/darkamazi.info\/#organization","name":"Darka Maz\u00ee","url":"https:\/\/darkamazi.info\/","logo":{"@type":"ImageObject","inLanguage":"en-US","@id":"https:\/\/darkamazi.info\/#\/schema\/logo\/image\/","url":"https:\/\/darkamazi.info\/file\/2017\/12\/darka-mazi-logo.png","contentUrl":"https:\/\/darkamazi.info\/file\/2017\/12\/darka-mazi-logo.png","width":151,"height":75,"caption":"Darka Maz\u00ee"},"image":{"@id":"https:\/\/darkamazi.info\/#\/schema\/logo\/image\/"},"sameAs":["https:\/\/www.facebook.com\/DarMaziKurmanci","https:\/\/x.com\/DarkaMaziLatini","https:\/\/www.instagram.com\/darkamazi.kurmanci\/","https:\/\/www.youtube.com\/channel\/UCa5HkTdmI8U1qCUFuTw8B2g"]},{"@type":"Person","@id":"https:\/\/darkamazi.info\/#\/schema\/person\/5ad3e24553a0567993fa8ed4bd0a776c","name":"darka mazi","sameAs":["https:\/\/darkamazi.info\/"],"url":"https:\/\/darkamazi.info\/archives\/author\/kurdi"}]}},"_links":{"self":[{"href":"https:\/\/darkamazi.info\/funavuv\/wp\/v2\/posts\/1031202","targetHints":{"allow":["GET"]}}],"collection":[{"href":"https:\/\/darkamazi.info\/funavuv\/wp\/v2\/posts"}],"about":[{"href":"https:\/\/darkamazi.info\/funavuv\/wp\/v2\/types\/post"}],"author":[{"embeddable":true,"href":"https:\/\/darkamazi.info\/funavuv\/wp\/v2\/users\/2"}],"replies":[{"embeddable":true,"href":"https:\/\/darkamazi.info\/funavuv\/wp\/v2\/comments?post=1031202"}],"version-history":[{"count":0,"href":"https:\/\/darkamazi.info\/funavuv\/wp\/v2\/posts\/1031202\/revisions"}],"wp:featuredmedia":[{"embeddable":true,"href":"https:\/\/darkamazi.info\/funavuv\/wp\/v2\/media\/1031204"}],"wp:attachment":[{"href":"https:\/\/darkamazi.info\/funavuv\/wp\/v2\/media?parent=1031202"}],"wp:term":[{"taxonomy":"category","embeddable":true,"href":"https:\/\/darkamazi.info\/funavuv\/wp\/v2\/categories?post=1031202"},{"taxonomy":"post_tag","embeddable":true,"href":"https:\/\/darkamazi.info\/funavuv\/wp\/v2\/tags?post=1031202"}],"curies":[{"name":"wp","href":"https:\/\/api.w.org\/{rel}","templated":true}]}}