{"id":1031292,"date":"2022-07-19T15:54:27","date_gmt":"2022-07-19T12:54:27","guid":{"rendered":"https:\/\/darkamazi.info\/?p=1031292"},"modified":"2023-09-10T15:40:40","modified_gmt":"2023-09-10T12:40:40","slug":"hunere-kolaj-u-murad-karaylan","status":"publish","type":"post","link":"https:\/\/darkamazi.info\/archives\/1031292","title":{"rendered":"Huner\u00ea Kolaj \u00fb Murad Karaylan! \u2013 Be\u015fa \u00ab1\u00bb"},"content":{"rendered":"<div class=\"wpb-content-wrapper\"><p>[darkamazi_row][darkamazi_column][darkamazi_column_text]<\/p>\n<h3 style=\"text-align: justify;\"><span style=\"font-family: 'arial black', sans-serif; color: #0000ff;\">Simko Ebdulez\u00eez<\/span><\/h3>\n<h3 style=\"text-align: justify;\"><span style=\"font-family: 'arial black', sans-serif;\">Hunera Kolaj, ku bi Firans\u00ee j\u00ea re &#8220;Pasting&#8221; anku zeliqandin t\u00ea gotin, tekn\u00eekek huner\u00eeye ku t\u00ea de materyal\u00ean \u00e7apkir\u00ee an &#8220;Vez\u00eevrand\u00ee&#8221; t\u00ean bikar an\u00een, wek per\u00e7ey\u00ean rojname, kaxez, quma\u015f, kaxz\u00ean d\u00eewaran, \u00fb hwd \u00fb li ser tabloyek\u00ee yan d\u00eewarek\u00ee t\u00ean zeliqandin, piraniya caran bi resm\u00ea re t\u00ea hev kirin. Di sedsala 19-an de, gotar\u00ean qutkir\u00ee hatin bikar an\u00een \u00fb ew bi tabloyan re zeliqandin da ku ji bo tabloyan terk\u00eeb\u00ean xemland\u00ee ava bikin. N\u00eaz\u00eek\u00ee sal\u00ean 1912-1913, Pablo Picasso \u00fb Georges Braque ev tekn\u00eek p\u00ea\u015f xistin, per\u00e7ey\u00ean kaxez, dar, pilast\u00eek, \u00fb rojnamey\u00ea bi reng\u00ean r\u00fbn\u00ea li ser lewhe zeliqandin da ku metn\u00ean razber\u00ean balk\u00ea\u015f ava bikin.<\/span><\/h3>\n<h3 style=\"text-align: justify;\">Weke xweya Murad Karaylan \u00fb r\u00eaveber\u00ean din y\u00ean PKK\u2019\u00ea j\u00ee dixwazin r\u00eaya Picasso \u00fb Georges Braque bigrin \u00fb v\u00ea tekn\u00eeka huner\u00ee hinek din p\u00ea\u015f b\u00eaxin! L\u00ea bel\u00ea, ne bi bikaran\u00eena kaxez, quma\u015f \u00fb hwd belku bi bikaran\u00eena xw\u00eena ciwan\u00ean kurd, d\u00eeroka kevin a kurdan, wilatpar\u00eaz\u00ean kurd \u00fb hwd, \u00fb bi v\u00ee awa dixwazin tabloyek\u00ee ji xeyal\u00ean xwe \u00e7\u00eakin \u00fb xwe bi hey\u00ee \u00fb ney\u00ee y\u00ean kurdan bidin naskirin \u00fb tev d\u00eerok\u00ea bi van keval\u00ean Kolaj\u00ea tevl\u00ee hev bikin \u00fb di berjewenda part\u00eeya xwe de biguher\u00eenin!<\/h3>\n<h3 style=\"text-align: justify;\">Murad Karaylan endam\u00ea kom\u00eeteya r\u00eaveber a PKK\u2019\u00ea j\u00ee hertim di daxuyaniy\u00ean xwe de v\u00ea huner\u00ea bikar t\u00eene, her\u00ee daw\u00ee Karaylan hevpeyv\u00eenek bi ANF re encam daye \u00fb \u00e7end\u00een tabloy\u00ean Kolaj\u00ea dirust kir\u00eene, l\u00ea bel\u00ea wusa dixuye ev hevpeyv\u00een \u00e7end\u00een caran hatiye dubarekirin \u00fb montaj korin heya ku ev tabloya Kolaj\u00ea j\u00ea \u00e7\u00eakir\u00ee .<\/h3>\n<h3 style=\"text-align: center;\"><span style=\"font-family: 'arial black', sans-serif; color: #8c0a0a;\">Tabloya yek\u00ea ya Karaylan \u00e7\u00eakir\u00ee:<\/span><\/h3>\n<h3 style=\"text-align: justify;\">Murad Karaylan dib\u00eaje em liser r\u00eaya &#8220;Kemal P\u00eer, Xeyr\u00ee Dormo\u015f, Akif Yilmaz \u00fb Al\u00ee \u00c7\u00ee\u00e7ek&#8221; teko\u015f\u00een\u00ea dikin \u00fb dir\u00eaje p\u00eader\u00ean r\u00eaya wanin, her wiha dib\u00eaje Apo li himber Qetl\u00eeam \u00fb hov\u00eetiya ku dewleta tirk a li Geliy\u00ea Z\u00eelan li dema \u015eore\u015fa Agiriy\u00ea \u00fb Qetl\u00eeama li D\u00earsim\u00ea encam day\u00ee kir bingeha teko\u015f\u00eena me!<\/h3>\n<h3 style=\"text-align: center;\"><span style=\"color: #8c0a0a; font-family: 'arial black', sans-serif;\">Gelo di v\u00ea tabloy\u00ea de Murad Karaylan bi ti awa huner\u00ea Kolaj\u00ea bikaraniye?<\/span><\/h3>\n<h3 style=\"text-align: justify;\">1- \u015eore\u015fa Agiriy\u00ea li sal\u00ean 1930an de \u015fore\u015fek kurd\u00ee b\u00fb \u00fb armanca v\u00ea \u015fore\u015f\u00ea destxistina maf\u00ean reway\u00ean gel\u00ea kurd b\u00fb \u00fb \u015fore\u015fek b\u00fb ku tev tex \u00fb \u00e7\u00een\u00een civaka kurdan di nava xwe de kom kirb\u00fbn \u00fb di v\u00ea \u015fore\u015f\u00ea de bi hezaran kesan can\u00ea xwe kir feday\u00ee ji boy parastina ziman \u00fb \u00e7anda kurd\u00ee \u00fb serok\u00ean v\u00ea \u015fore\u015f\u00ea can\u00ea xwe kir qurban\u00ee v\u00ea \u015fore\u015f\u00ea ji bo ku gel\u00ea kurd bigihe \u00eancamek\u00ee.<\/h3>\n<h3 style=\"text-align: justify;\">2- Komkujiya D\u00earsim\u00ea li sal\u00ean 1937-1938an de di encama rijd b\u00fbna gel\u00ea kurd li ser bi dest xistina maf\u00ean xwe y\u00ean netewey\u00ee \u00fb azadb\u00fbna di bin dest dewleta tirk de b\u00fb, \u015fore\u015fa D\u00earsim\u00ea ew \u015eore\u015f b\u00fb yaku Sey\u00eed Reza serk\u00ea\u015fiya w\u00ea dikir \u00fb dixwast bi r\u00eaya v\u00ea \u015fore\u015f\u00ea zulm \u00fb sitema dewleta dag\u00eerkar a Tirkiy\u00ea li ser kurdan ji nav bibe, e bi awayek\u00ee li ser v\u00ea armanc\u00ee dixebit\u00ee ku hazir b\u00fb can\u00ea xwe ji bo bi dest xistina armanca xwe bide, ser\u00ee li ber dag\u00eerkaran netewand \u00fb li dawiy\u00ea hat bi darve kirin.<\/h3>\n<h3 style=\"text-align: justify;\">3- &#8220;Kemal P\u00eer \u00fb Akif Yilmaz \u00fb Al\u00ee \u00c7\u00ee\u00e7ek \u00fb Xeyr\u00ee Dormo\u015f&#8221; ew \u015eore\u015fger b\u00fbn ku bi ti awa ser\u00ee li himber dewleta dag\u00eerkar a tirk netwandin \u00fb dixwestin dewleta kurd\u00ee damezr\u00eenin \u00fb maf\u00ean Kurda bi dest bixin \u00fb ji boy v\u00ea yek\u00ea qurbaniy\u00ean her\u00ee mezin dan \u00fb can\u00ea xwe ji bo gel\u00ea xwe feda kir.<\/h3>\n<h3 style=\"text-align: justify;\">Karaylan hatiye ev berxwedan \u00fb ev qurban\u00eedane \u00fb ev teko\u015f\u00eene \u00fb ev armanc\u00ean p\u00eeroz m\u00eena kirasek\u00ee li ber wan cangoriya \u00eaxistiye \u00fb hewil daye bike ber serok\u00ea xwe \u00fb partiya w\u00ee ya ku her kes dizane di xizmeta dewleta Tirkiy\u00ea de ne, Karaylan ba\u015f dizane ev kesane \u00e7iqas li cem gel\u00ea kurd p\u00eerozin \u00fb her kurdek\u00ee wilapar\u00eaz xwe bi qerdar\u00ea wan dizane, Karaylan hewil da v\u00ea ciwaniy\u00ea, v\u00ea p\u00eeroziy\u00ea \u00fb v\u00ea qurban\u00eedana wan kesan ji boy partiya xwe bihes\u00eab\u00eene.<\/h3>\n<h3 style=\"text-align: justify;\">Ev kar\u00ea Karaylan dike, m\u00eena kar\u00ea w\u00ee kes\u00ee ye y\u00ea ku kevl\u00ea \u015f\u00earek\u00ee dike ber Mir\u00ee\u015fkek\u00ea, dibe li w\u00ea dem\u00ea Mir\u00ee\u015fk hest bike ku \u015e\u00ear e, l\u00ea D\u00eekil dizane kevl\u00ea k\u00ea li Mir\u00ee\u015fk\u00ea b\u00ea kirin w\u00ea her bi Mir\u00ee\u015fk bim\u00eene \u00fb her w\u00ea h\u00eaka bike. Karaylan j\u00ee her cilek\u00ea li r\u00eaber\u00ea xwe \u00fb partiya xwe bike, her kes dizane rastiya wan \u00e7\u00eeye \u00fb ji boy \u00e7i hatine damezrandin, her kes dizane r\u00eaber\u00ea Karaylan \u00fb partiya w\u00ee \u00e7\u00eakiriy\u00ean dewleta Tirkiy\u00ea ne \u00fb w\u00ea her di berjewendiya tirkiy\u00ea de tev bigerin, weke ku niha tev digerin.<\/h3>\n<h3 style=\"text-align: center;\"><span style=\"color: #8c0a0a; font-family: 'arial black', sans-serif;\">\u00c7ima em wisa dib\u00eajin?<\/span><\/h3>\n<h3 style=\"text-align: justify;\">Em dib\u00eajin \u015f\u00ear her w\u00ea \u015f\u00ear bim\u00eene \u00fb Mir\u00ee\u015fk j\u00ee w\u00ea her Mir\u00ee\u015fk bim\u00eene, Karaylan hewl bide her kirasek\u00ee bike ber PKK\u2019\u00ea w\u00ea her PKK\u2019eya xizmetkara dewleta Tirkiy\u00ea bim\u00eene \u00fb w\u00ea ney\u00ea guher\u00een, ew m\u00eenak\u00ean Karaylan di hevpeyv\u00eena xwe de bas kir\u00een rastiya xizmetkirina PKK\u2019\u00ea bi dewleta tirkiy\u00ea naguherin ji ber ku:<\/h3>\n<h3 style=\"text-align: justify;\">1- Ew kes\u00ean Karaylan wek m\u00eenak bas kir\u00een daxwaza serxweb\u00fbna kurda dikir, l\u00ea PKK\u2019e \u00fb r\u00eaber\u00ea w\u00ea daxwaza civakek demokrat\u00eek ji bo Tirkiyayek hevgirt\u00ee dikin.<\/h3>\n<h3 style=\"text-align: justify;\">2- Ew kes\u00ean Karaylan wek m\u00eenak bas kir\u00een bahwer\u00ee bi netweb\u00fbn\u00ea heb\u00fb, l\u00ea PKK\u2019e \u00fb r\u00eaber\u00ea w\u00ea heneka bi neteweb\u00fbn\u00ea dikin \u00fb weke kevneperest\u00ee didin diyarkirin.<\/h3>\n<h3 style=\"text-align: justify;\">3- Wan bahwer\u00ee bi ziman \u00fb \u00e7anda kurd\u00ee heb\u00fb, bahwer\u00ee bi Kurdistanek serbixwe heb\u00fb, l\u00ea ziman\u00ea Tirk\u00ee di nava ref\u00ean PKK\u2019\u00ea de weke ziman\u00ea ferm\u00ee t\u00ea bikaran\u00een \u00fb her kes\u00ea ziman\u00ea tirk\u00ee nizanibe weke kesek nezan t\u00ea d\u00eetin \u00fb r\u00eaxistin ti berpirsatiyek\u00ea bi w\u00ee nade, PKK\u2019e dib\u00eaje ziman negir\u00eenge.<\/h3>\n<h3 style=\"text-align: justify;\">4- piraniya wan can\u00ea xwe kir qurban\u00eey\u00ea azadiya Kurdistan\u00ea \u00fb tev\u00ee \u00ee\u015fkenceya giran ser\u00ea xwe netewandin \u00fb yan bi \u00ee\u015fkencey\u00ea hatin \u015feh\u00eedkirin yanj\u00ee bi serbilind\u00ee \u00e7\u00fbn ber dar\u00ea s\u00eadaredan\u00ea, l\u00ea b\u00eay ku zilehek bi r\u00eaber\u00ea we bikeve, b\u00eay ku were \u00ee\u015fkencekirin, h\u00eajan negihi\u015ftib\u00fb z\u00eendan\u00ea dema got\u00ee &#8220;ez ji boy xizmetkirina Tirkiy\u00ea amademe, min nekujin, day\u00eeka min Tirk e&#8221;.<\/h3>\n<p>[\/darkamazi_column_text][\/darkamazi_column][\/darkamazi_row][darkamazi_row css=&#8221;.darkamazi_custom_1623771386013{padding-bottom: 10px !important;}&#8221;][darkamazi_column][mpc_alert preset=&#8221;mpc_preset_24&#8243; icon=&#8221;eti eti_link&#8221; icon_color=&#8221;#ffffff&#8221; icon_size=&#8221;30&#8243; icon_background_color=&#8221;#df5461&#8243; icon_padding_divider=&#8221;true&#8221; icon_padding_css=&#8221;padding-top:25px;padding-right:25px;padding-bottom:25px;padding-left:25px;&#8221; font_preset=&#8221;mpc_preset_13&#8243; font_color=&#8221;#ffffff&#8221; font_size=&#8221;20&#8243; font_transform=&#8221;none&#8221; font_align=&#8221;center&#8221; content_padding_divider=&#8221;true&#8221; content_padding_css=&#8221;padding-top:10px;padding-right:15px;padding-bottom:0px;padding-left:15px;&#8221; background_type=&#8221;gradient&#8221; background_gradient=&#8221;#d14945||#e5825e||0;100||90||linear&#8221; border_divider=&#8221;true&#8221; border_css=&#8221;border-top:0px;border-right:0px;border-bottom:3px;border-left:0px;border-color:#bc3a5d;border-style:solid;border-radius:5px;&#8221; padding_divider=&#8221;true&#8221; margin_divider=&#8221;true&#8221; margin_css=&#8221;margin-bottom:10px;&#8221;]<\/p>\n<h4 style=\"direction: rtl; text-align: center;\"><span style=\"font-size: 18pt;\"><a href=\"https:\/\/darkamazi.info\/archives\/1031348\"><span style=\"font-family: 'arial black', sans-serif; color: #ffffff;\">Ji bo xwendina be\u015fa 2 kil\u00eek bike<\/span><\/a><\/span><\/h4>\n<p>[\/mpc_alert][\/darkamazi_column][\/darkamazi_row]<\/p>\n<\/div>","protected":false},"excerpt":{"rendered":"<p>[darkamazi_row][darkamazi_column][darkamazi_column_text] Simko Ebdulez\u00eez Hunera Kolaj, ku bi Firans\u00ee j\u00ea re &#8220;Pasting&#8221; anku zeliqandin t\u00ea gotin, tekn\u00eekek huner\u00eeye ku t\u00ea de materyal\u00ean \u00e7apkir\u00ee an &#8220;Vez\u00eevrand\u00ee&#8221; t\u00ean bikar an\u00een, wek per\u00e7ey\u00ean rojname, kaxez, quma\u015f, kaxz\u00ean d\u00eewaran, \u00fb hwd \u00fb li ser tabloyek\u00ee yan d\u00eewarek\u00ee t\u00ean zeliqandin, piraniya caran bi resm\u00ea re t\u00ea hev kirin. Di sedsala 19-an [&hellip;]<\/p>\n","protected":false},"author":2,"featured_media":1031296,"comment_status":"closed","ping_status":"closed","sticky":false,"template":"","format":"standard","meta":{"footnotes":""},"categories":[28],"tags":[37],"class_list":["post-1031292","post","type-post","status-publish","format-standard","has-post-thumbnail","hentry","category-nerin","tag-sereke"],"blocksy_meta":[],"seo_head":"<!-- This site is optimized with the Yoast SEO plugin v27.5 - https:\/\/yoast.com\/product\/yoast-seo-wordpress\/ -->\n<title>Huner\u00ea Kolaj \u00fb Murad Karaylan! \u2013 Be\u015fa \u00ab1\u00bb - Darka Maz\u00ee<\/title>\n<meta name=\"robots\" content=\"index, follow, max-snippet:-1, max-image-preview:large, max-video-preview:-1\" \/>\n<link rel=\"canonical\" href=\"https:\/\/darkamazi.info\/archives\/1031292\" \/>\n<meta property=\"og:locale\" content=\"en_US\" \/>\n<meta property=\"og:type\" content=\"article\" \/>\n<meta property=\"og:title\" content=\"Huner\u00ea Kolaj \u00fb Murad Karaylan! \u2013 Be\u015fa \u00ab1\u00bb - Darka Maz\u00ee\" \/>\n<meta property=\"og:description\" content=\"[darkamazi_row][darkamazi_column][darkamazi_column_text] Simko Ebdulez\u00eez Hunera Kolaj, ku bi Firans\u00ee j\u00ea re &#8220;Pasting&#8221; anku zeliqandin t\u00ea gotin, tekn\u00eekek huner\u00eeye ku t\u00ea de materyal\u00ean \u00e7apkir\u00ee an &#8220;Vez\u00eevrand\u00ee&#8221; t\u00ean bikar an\u00een, wek per\u00e7ey\u00ean rojname, kaxez, quma\u015f, kaxz\u00ean d\u00eewaran, \u00fb hwd \u00fb li ser tabloyek\u00ee yan d\u00eewarek\u00ee t\u00ean zeliqandin, piraniya caran bi resm\u00ea re t\u00ea hev kirin. Di sedsala 19-an [&hellip;]\" \/>\n<meta property=\"og:url\" content=\"https:\/\/darkamazi.info\/archives\/1031292\" \/>\n<meta property=\"og:site_name\" content=\"Darka Maz\u00ee\" \/>\n<meta property=\"article:publisher\" content=\"https:\/\/www.facebook.com\/DarMaziKurmanci\" \/>\n<meta property=\"article:published_time\" content=\"2022-07-19T12:54:27+00:00\" \/>\n<meta property=\"article:modified_time\" content=\"2023-09-10T12:40:40+00:00\" \/>\n<meta property=\"og:image\" content=\"https:\/\/darkamazi.info\/file\/2022\/07\/pkk-collage-apo-kck-xery-eli-seiyd-riza-dersim-zilan.jpg\" \/>\n\t<meta property=\"og:image:width\" content=\"900\" \/>\n\t<meta property=\"og:image:height\" content=\"497\" \/>\n\t<meta property=\"og:image:type\" content=\"image\/jpeg\" \/>\n<meta name=\"author\" content=\"darka mazi\" \/>\n<meta name=\"twitter:card\" content=\"summary_large_image\" \/>\n<meta name=\"twitter:creator\" content=\"@DarkaMaziLatini\" \/>\n<meta name=\"twitter:site\" content=\"@DarkaMaziLatini\" \/>\n<meta name=\"twitter:label1\" content=\"Written by\" \/>\n\t<meta name=\"twitter:data1\" content=\"darka mazi\" \/>\n\t<meta name=\"twitter:label2\" content=\"Est. reading time\" \/>\n\t<meta name=\"twitter:data2\" content=\"5 minutes\" \/>\n<script type=\"application\/ld+json\" class=\"seo-schema-graph\">{\"@context\":\"https:\\\/\\\/schema.org\",\"@graph\":[{\"@type\":\"Article\",\"@id\":\"https:\\\/\\\/darkamazi.info\\\/archives\\\/1031292#article\",\"isPartOf\":{\"@id\":\"https:\\\/\\\/darkamazi.info\\\/archives\\\/1031292\"},\"author\":{\"name\":\"darka mazi\",\"@id\":\"https:\\\/\\\/darkamazi.info\\\/#\\\/schema\\\/person\\\/5ad3e24553a0567993fa8ed4bd0a776c\"},\"headline\":\"Huner\u00ea Kolaj \u00fb Murad Karaylan! \u2013 Be\u015fa \u00ab1\u00bb\",\"datePublished\":\"2022-07-19T12:54:27+00:00\",\"dateModified\":\"2023-09-10T12:40:40+00:00\",\"mainEntityOfPage\":{\"@id\":\"https:\\\/\\\/darkamazi.info\\\/archives\\\/1031292\"},\"wordCount\":1179,\"publisher\":{\"@id\":\"https:\\\/\\\/darkamazi.info\\\/#organization\"},\"image\":{\"@id\":\"https:\\\/\\\/darkamazi.info\\\/archives\\\/1031292#primaryimage\"},\"thumbnailUrl\":\"https:\\\/\\\/darkamazi.info\\\/darka-content\\\/uploads\\\/2022\\\/07\\\/pkk-collage-apo-kck-xery-eli-seiyd-riza-dersim-zilan.jpg\",\"keywords\":[\"sereke\"],\"articleSection\":[\"Ner\u00een\"],\"inLanguage\":\"en-US\"},{\"@type\":\"WebPage\",\"@id\":\"https:\\\/\\\/darkamazi.info\\\/archives\\\/1031292\",\"url\":\"https:\\\/\\\/darkamazi.info\\\/archives\\\/1031292\",\"name\":\"Huner\u00ea Kolaj \u00fb Murad Karaylan! \u2013 Be\u015fa \u00ab1\u00bb - Darka Maz\u00ee\",\"isPartOf\":{\"@id\":\"https:\\\/\\\/darkamazi.info\\\/#website\"},\"primaryImageOfPage\":{\"@id\":\"https:\\\/\\\/darkamazi.info\\\/archives\\\/1031292#primaryimage\"},\"image\":{\"@id\":\"https:\\\/\\\/darkamazi.info\\\/archives\\\/1031292#primaryimage\"},\"thumbnailUrl\":\"https:\\\/\\\/darkamazi.info\\\/darka-content\\\/uploads\\\/2022\\\/07\\\/pkk-collage-apo-kck-xery-eli-seiyd-riza-dersim-zilan.jpg\",\"datePublished\":\"2022-07-19T12:54:27+00:00\",\"dateModified\":\"2023-09-10T12:40:40+00:00\",\"breadcrumb\":{\"@id\":\"https:\\\/\\\/darkamazi.info\\\/archives\\\/1031292#breadcrumb\"},\"inLanguage\":\"en-US\",\"potentialAction\":[{\"@type\":\"ReadAction\",\"target\":[\"https:\\\/\\\/darkamazi.info\\\/archives\\\/1031292\"]}]},{\"@type\":\"ImageObject\",\"inLanguage\":\"en-US\",\"@id\":\"https:\\\/\\\/darkamazi.info\\\/archives\\\/1031292#primaryimage\",\"url\":\"https:\\\/\\\/darkamazi.info\\\/darka-content\\\/uploads\\\/2022\\\/07\\\/pkk-collage-apo-kck-xery-eli-seiyd-riza-dersim-zilan.jpg\",\"contentUrl\":\"https:\\\/\\\/darkamazi.info\\\/darka-content\\\/uploads\\\/2022\\\/07\\\/pkk-collage-apo-kck-xery-eli-seiyd-riza-dersim-zilan.jpg\",\"width\":900,\"height\":497,\"caption\":\"Huner\u00ea Kolaj \u00fb Murad Karaylan!\"},{\"@type\":\"BreadcrumbList\",\"@id\":\"https:\\\/\\\/darkamazi.info\\\/archives\\\/1031292#breadcrumb\",\"itemListElement\":[{\"@type\":\"ListItem\",\"position\":1,\"name\":\"Home\",\"item\":\"https:\\\/\\\/darkamazi.info\\\/\"},{\"@type\":\"ListItem\",\"position\":2,\"name\":\"Huner\u00ea Kolaj \u00fb Murad Karaylan! \u2013 Be\u015fa \u00ab1\u00bb\"}]},{\"@type\":\"WebSite\",\"@id\":\"https:\\\/\\\/darkamazi.info\\\/#website\",\"url\":\"https:\\\/\\\/darkamazi.info\\\/\",\"name\":\"Darka Maz\u00ee\",\"description\":\"P\u00eageha Zanyariy\u00ean Nebih\u00eest\u00ee\",\"publisher\":{\"@id\":\"https:\\\/\\\/darkamazi.info\\\/#organization\"},\"potentialAction\":[{\"@type\":\"SearchAction\",\"target\":{\"@type\":\"EntryPoint\",\"urlTemplate\":\"https:\\\/\\\/darkamazi.info\\\/?s={search_term_string}\"},\"query-input\":{\"@type\":\"PropertyValueSpecification\",\"valueRequired\":true,\"valueName\":\"search_term_string\"}}],\"inLanguage\":\"en-US\"},{\"@type\":\"Organization\",\"@id\":\"https:\\\/\\\/darkamazi.info\\\/#organization\",\"name\":\"Darka Maz\u00ee\",\"url\":\"https:\\\/\\\/darkamazi.info\\\/\",\"logo\":{\"@type\":\"ImageObject\",\"inLanguage\":\"en-US\",\"@id\":\"https:\\\/\\\/darkamazi.info\\\/#\\\/schema\\\/logo\\\/image\\\/\",\"url\":\"https:\\\/\\\/darkamazi.info\\\/darka-content\\\/uploads\\\/2017\\\/12\\\/darka-mazi-logo.png\",\"contentUrl\":\"https:\\\/\\\/darkamazi.info\\\/darka-content\\\/uploads\\\/2017\\\/12\\\/darka-mazi-logo.png\",\"width\":151,\"height\":75,\"caption\":\"Darka Maz\u00ee\"},\"image\":{\"@id\":\"https:\\\/\\\/darkamazi.info\\\/#\\\/schema\\\/logo\\\/image\\\/\"},\"sameAs\":[\"https:\\\/\\\/www.facebook.com\\\/DarMaziKurmanci\",\"https:\\\/\\\/x.com\\\/DarkaMaziLatini\",\"https:\\\/\\\/www.instagram.com\\\/darkamazi.kurmanci\\\/\",\"https:\\\/\\\/www.youtube.com\\\/channel\\\/UCa5HkTdmI8U1qCUFuTw8B2g\"]},{\"@type\":\"Person\",\"@id\":\"https:\\\/\\\/darkamazi.info\\\/#\\\/schema\\\/person\\\/5ad3e24553a0567993fa8ed4bd0a776c\",\"name\":\"darka mazi\",\"sameAs\":[\"https:\\\/\\\/darkamazi.info\\\/\"],\"url\":\"https:\\\/\\\/darkamazi.info\\\/archives\\\/author\\\/kurdi\"}]}<\/script>\n<!-- \/ Yoast SEO plugin. -->","seo_head_json":{"title":"Huner\u00ea Kolaj \u00fb Murad Karaylan! \u2013 Be\u015fa \u00ab1\u00bb - Darka Maz\u00ee","robots":{"index":"index","follow":"follow","max-snippet":"max-snippet:-1","max-image-preview":"max-image-preview:large","max-video-preview":"max-video-preview:-1"},"canonical":"https:\/\/darkamazi.info\/archives\/1031292","og_locale":"en_US","og_type":"article","og_title":"Huner\u00ea Kolaj \u00fb Murad Karaylan! \u2013 Be\u015fa \u00ab1\u00bb - Darka Maz\u00ee","og_description":"[darkamazi_row][darkamazi_column][darkamazi_column_text] Simko Ebdulez\u00eez Hunera Kolaj, ku bi Firans\u00ee j\u00ea re &#8220;Pasting&#8221; anku zeliqandin t\u00ea gotin, tekn\u00eekek huner\u00eeye ku t\u00ea de materyal\u00ean \u00e7apkir\u00ee an &#8220;Vez\u00eevrand\u00ee&#8221; t\u00ean bikar an\u00een, wek per\u00e7ey\u00ean rojname, kaxez, quma\u015f, kaxz\u00ean d\u00eewaran, \u00fb hwd \u00fb li ser tabloyek\u00ee yan d\u00eewarek\u00ee t\u00ean zeliqandin, piraniya caran bi resm\u00ea re t\u00ea hev kirin. Di sedsala 19-an [&hellip;]","og_url":"https:\/\/darkamazi.info\/archives\/1031292","og_site_name":"Darka Maz\u00ee","article_publisher":"https:\/\/www.facebook.com\/DarMaziKurmanci","article_published_time":"2022-07-19T12:54:27+00:00","article_modified_time":"2023-09-10T12:40:40+00:00","og_image":[{"width":900,"height":497,"url":"https:\/\/darkamazi.info\/file\/2022\/07\/pkk-collage-apo-kck-xery-eli-seiyd-riza-dersim-zilan.jpg","type":"image\/jpeg"}],"author":"darka mazi","twitter_card":"summary_large_image","twitter_creator":"@DarkaMaziLatini","twitter_site":"@DarkaMaziLatini","twitter_misc":{"Written by":"darka mazi","Est. reading time":"5 minutes"},"schema":{"@context":"https:\/\/schema.org","@graph":[{"@type":"Article","@id":"https:\/\/darkamazi.info\/archives\/1031292#article","isPartOf":{"@id":"https:\/\/darkamazi.info\/archives\/1031292"},"author":{"name":"darka mazi","@id":"https:\/\/darkamazi.info\/#\/schema\/person\/5ad3e24553a0567993fa8ed4bd0a776c"},"headline":"Huner\u00ea Kolaj \u00fb Murad Karaylan! \u2013 Be\u015fa \u00ab1\u00bb","datePublished":"2022-07-19T12:54:27+00:00","dateModified":"2023-09-10T12:40:40+00:00","mainEntityOfPage":{"@id":"https:\/\/darkamazi.info\/archives\/1031292"},"wordCount":1179,"publisher":{"@id":"https:\/\/darkamazi.info\/#organization"},"image":{"@id":"https:\/\/darkamazi.info\/archives\/1031292#primaryimage"},"thumbnailUrl":"https:\/\/darkamazi.info\/file\/2022\/07\/pkk-collage-apo-kck-xery-eli-seiyd-riza-dersim-zilan.jpg","keywords":["sereke"],"articleSection":["Ner\u00een"],"inLanguage":"en-US"},{"@type":"WebPage","@id":"https:\/\/darkamazi.info\/archives\/1031292","url":"https:\/\/darkamazi.info\/archives\/1031292","name":"Huner\u00ea Kolaj \u00fb Murad Karaylan! \u2013 Be\u015fa \u00ab1\u00bb - Darka Maz\u00ee","isPartOf":{"@id":"https:\/\/darkamazi.info\/#website"},"primaryImageOfPage":{"@id":"https:\/\/darkamazi.info\/archives\/1031292#primaryimage"},"image":{"@id":"https:\/\/darkamazi.info\/archives\/1031292#primaryimage"},"thumbnailUrl":"https:\/\/darkamazi.info\/file\/2022\/07\/pkk-collage-apo-kck-xery-eli-seiyd-riza-dersim-zilan.jpg","datePublished":"2022-07-19T12:54:27+00:00","dateModified":"2023-09-10T12:40:40+00:00","breadcrumb":{"@id":"https:\/\/darkamazi.info\/archives\/1031292#breadcrumb"},"inLanguage":"en-US","potentialAction":[{"@type":"ReadAction","target":["https:\/\/darkamazi.info\/archives\/1031292"]}]},{"@type":"ImageObject","inLanguage":"en-US","@id":"https:\/\/darkamazi.info\/archives\/1031292#primaryimage","url":"https:\/\/darkamazi.info\/file\/2022\/07\/pkk-collage-apo-kck-xery-eli-seiyd-riza-dersim-zilan.jpg","contentUrl":"https:\/\/darkamazi.info\/file\/2022\/07\/pkk-collage-apo-kck-xery-eli-seiyd-riza-dersim-zilan.jpg","width":900,"height":497,"caption":"Huner\u00ea Kolaj \u00fb Murad Karaylan!"},{"@type":"BreadcrumbList","@id":"https:\/\/darkamazi.info\/archives\/1031292#breadcrumb","itemListElement":[{"@type":"ListItem","position":1,"name":"Home","item":"https:\/\/darkamazi.info\/"},{"@type":"ListItem","position":2,"name":"Huner\u00ea Kolaj \u00fb Murad Karaylan! \u2013 Be\u015fa \u00ab1\u00bb"}]},{"@type":"WebSite","@id":"https:\/\/darkamazi.info\/#website","url":"https:\/\/darkamazi.info\/","name":"Darka Maz\u00ee","description":"P\u00eageha Zanyariy\u00ean Nebih\u00eest\u00ee","publisher":{"@id":"https:\/\/darkamazi.info\/#organization"},"potentialAction":[{"@type":"SearchAction","target":{"@type":"EntryPoint","urlTemplate":"https:\/\/darkamazi.info\/?s={search_term_string}"},"query-input":{"@type":"PropertyValueSpecification","valueRequired":true,"valueName":"search_term_string"}}],"inLanguage":"en-US"},{"@type":"Organization","@id":"https:\/\/darkamazi.info\/#organization","name":"Darka Maz\u00ee","url":"https:\/\/darkamazi.info\/","logo":{"@type":"ImageObject","inLanguage":"en-US","@id":"https:\/\/darkamazi.info\/#\/schema\/logo\/image\/","url":"https:\/\/darkamazi.info\/file\/2017\/12\/darka-mazi-logo.png","contentUrl":"https:\/\/darkamazi.info\/file\/2017\/12\/darka-mazi-logo.png","width":151,"height":75,"caption":"Darka Maz\u00ee"},"image":{"@id":"https:\/\/darkamazi.info\/#\/schema\/logo\/image\/"},"sameAs":["https:\/\/www.facebook.com\/DarMaziKurmanci","https:\/\/x.com\/DarkaMaziLatini","https:\/\/www.instagram.com\/darkamazi.kurmanci\/","https:\/\/www.youtube.com\/channel\/UCa5HkTdmI8U1qCUFuTw8B2g"]},{"@type":"Person","@id":"https:\/\/darkamazi.info\/#\/schema\/person\/5ad3e24553a0567993fa8ed4bd0a776c","name":"darka mazi","sameAs":["https:\/\/darkamazi.info\/"],"url":"https:\/\/darkamazi.info\/archives\/author\/kurdi"}]}},"_links":{"self":[{"href":"https:\/\/darkamazi.info\/funavuv\/wp\/v2\/posts\/1031292","targetHints":{"allow":["GET"]}}],"collection":[{"href":"https:\/\/darkamazi.info\/funavuv\/wp\/v2\/posts"}],"about":[{"href":"https:\/\/darkamazi.info\/funavuv\/wp\/v2\/types\/post"}],"author":[{"embeddable":true,"href":"https:\/\/darkamazi.info\/funavuv\/wp\/v2\/users\/2"}],"replies":[{"embeddable":true,"href":"https:\/\/darkamazi.info\/funavuv\/wp\/v2\/comments?post=1031292"}],"version-history":[{"count":0,"href":"https:\/\/darkamazi.info\/funavuv\/wp\/v2\/posts\/1031292\/revisions"}],"wp:featuredmedia":[{"embeddable":true,"href":"https:\/\/darkamazi.info\/funavuv\/wp\/v2\/media\/1031296"}],"wp:attachment":[{"href":"https:\/\/darkamazi.info\/funavuv\/wp\/v2\/media?parent=1031292"}],"wp:term":[{"taxonomy":"category","embeddable":true,"href":"https:\/\/darkamazi.info\/funavuv\/wp\/v2\/categories?post=1031292"},{"taxonomy":"post_tag","embeddable":true,"href":"https:\/\/darkamazi.info\/funavuv\/wp\/v2\/tags?post=1031292"}],"curies":[{"name":"wp","href":"https:\/\/api.w.org\/{rel}","templated":true}]}}