{"id":1031329,"date":"2022-07-26T17:00:19","date_gmt":"2022-07-26T14:00:19","guid":{"rendered":"https:\/\/darkamazi.info\/?p=1031329"},"modified":"2022-07-26T17:37:27","modified_gmt":"2022-07-26T14:37:27","slug":"sovenista-bexdaye-jiboy-kurdan-hej-ji-diyar-nebuye","status":"publish","type":"post","link":"https:\/\/darkamazi.info\/archives\/1031329","title":{"rendered":"\u015eoven\u00eesta Bexday\u00ea jiboy kurdan h\u00eaj j\u00ee diyar neb\u00fbye"},"content":{"rendered":"<div class=\"wpb-content-wrapper\"><p>[darkamazi_row][darkamazi_column][darkamazi_video link=&#8221;https:\/\/www.youtube.com\/watch?v=o1Lda381mbs&#8221; align=&#8221;center&#8221;][darkamazi_column_text]<\/p>\n<h3 style=\"text-align: justify;\"><span style=\"font-family: 'arial black', sans-serif;\">Her\u00eama Kurdistan\u00ea duh b\u00fbyereke dil bi \u00ea\u015f jiyan kir, b\u00fbyera &#8220;Perex\u00ea&#8221; ya ku dewleta tirk a dagirker qetilamek t\u00eade encam day\u00ee, heger k\u00eafa kurdek\u00ee bi v\u00ea b\u00fbyer\u00ea hatibe, weke \u00eensan div\u00ea ew guman\u00ea ji xwe bibe, ji ber ku ev j\u00ee weke b\u00fbyer\u00ean ku\u015ftina kurdan a dil bi \u00ea\u015fe \u00fb ferhenga kurdan li ser a\u015ft\u00ee \u00fb mirovatiy\u00ea avab\u00fbye. L\u00ea rast\u00eeya ku div\u00ea were \u00eezah kirin eve, &#8220;Perex\u00ea&#8221; mij \u00fb doman li ser pirseke gewher\u00ee verevand, pirsa ku &#8220;heya Ereb nehatin qetil kirin \u00ceraq\u00ea bertekeke wusa dijwar n\u00ee\u015fan\u00ee Tirkiy\u00ea neda&#8221;, loma div\u00ea kurd v\u00ea pirs\u00ea ji xwe bikin, qey \u00e7ima xw\u00eena kurdan wisa herzane \u00fb ya Ereban p\u00eeroz e?<\/span><\/h3>\n<h3 style=\"text-align: justify;\">Armanca v\u00ea niv\u00ees\u00ea ne foksa ser nejadperestiy\u00ea ye, l\u00ea em\u00ea hinek b\u00fbyer\u00ean ku li v\u00ea dawy\u00ea hatin jiyan kirin dan\u00een ber \u00e7avan \u00fb h\u00fbn nirxandin\u00ea ji boy bikin.<\/h3>\n<h3 style=\"text-align: center;\"><span style=\"color: #8c0808; font-family: 'arial black', sans-serif;\">10 sale Kurd bi eyn\u00ee b\u00fbyera &#8220;Perex\u00ea&#8221; t\u00ean qetilkirin<\/span><\/h3>\n<h3 style=\"text-align: justify;\">Heger liv \u00fb tevger\u00ean PKK\u2019\u00ea \u00fb Tirkiy\u00ea y\u00ean 10 sal\u00ean rab\u00fbr\u00ee li Her\u00eama Kurdistan\u00ea b\u00een\u00een ziman, her\u00ee k\u00eam 130 kurd\u00ean siv\u00eel piran\u00ee j\u00ea ji Behd\u00eenan\u00ea bi eyn\u00ee qetilama Perex\u00ea \u015feh\u00eed ketine, l\u00eabel\u00ea tu car\u00ee deng ji kes\u00ea nehat, hik\u00fbmet\u00ean \u00ceraq\u00ea carna bi \u015fermok\u00ee \u015feh\u00eedkirina kurdan \u015fermezar dikir \u00fb hew, ji v\u00ea gir\u00eengtir \u00ceraq\u00ea ji PKK\u2019\u00ea re nego tu sebeb\u00ee, j\u00eare nego y\u00ea ku hincetan dide Tirkiye ku serweriya welat bixe j\u00ear lingan h\u00fbnin, j\u00eare nego kurd\u00ean me y\u00ean \u00ceraq\u00ea bi sebeba we t\u00ean qetil kirin.<\/h3>\n<h3 style=\"text-align: center;\"><span style=\"color: #8c0808; font-family: 'arial black', sans-serif;\">B\u00fbyera Perex\u00ea \u00fb seyrana N\u00earwe\u00eeyan<\/span><\/h3>\n<h3 style=\"text-align: justify;\">Li behd\u00eenan\u00ea ev 10 salin siv\u00eel, wez\u00eefedar, gund\u00ee, cotkar \u00fb seyran\u00e7\u00ee dibin qurbaniy\u00ean \u015fer\u00ea sexte y\u00ea di navbera Tirkiy\u00ea \u00fb PKK\u2019\u00ea de, p\u00ea\u015fmerge ji aliy\u00ea PKK\u2019\u00ea ve t\u00ean armanc girtin, ji xwe li Am\u00ead\u00ee, D\u00earalok\u00ea \u00fb \u015e\u00ealadz\u00ea deng\u00ea top \u00fb balefir\u00ean Tirkiy\u00ea p\u00eatir\u00ee tekb\u00eer\u00ean bang\u00ea xwed\u00ea t\u00ea bih\u00eestin, l\u00ea ne rayedar\u00ean \u00ceraq\u00ea \u00fb nej\u00ee \u00ceraqiyan ji hevr\u00eay\u00ean xwe tirkiyeya fa\u015f\u00eest \u00fb PKK\u2019eya kir\u00eagirtiya dewlet\u00ean dagirker re negot ev \u00e7ima h\u00fbn wusa dikin.<\/h3>\n<h3 style=\"text-align: justify;\">Her\u00ee daw\u00ee b\u00fbyera li n\u00eaz\u00ee Bamern\u00ea p\u00eakhat\u00ee, wexta Seyrana xelk\u00ea e\u015f\u00eera N\u00earwe hatiye hedef girtin \u00fb du zarok \u015feh\u00eed ket\u00een, \u00e7ima \u00ceraq\u00ea helwest\u00ean dijwar n\u00ee\u015fan neda, qey li vir dema Kurdek\u00ee belengaz b\u00fbyera &#8220;Perex\u00ea \u00fb ya Bamern\u00ea&#8221; dide bera hev \u00e7i bib\u00eaje?, qey ma mecb\u00fbr nam\u00eene bipirse \u00e7ima wisa bi b\u00ea rumet\u00ee li xw\u00eena zarok\u00ean kurdan t\u00ea m\u00eaze kirin?<\/h3>\n<h3 style=\"text-align: center;\"><span style=\"color: #8c0808; font-family: 'arial black', sans-serif;\">\u00cest\u00eesmarkirina b\u00fbyera Perex\u00ea<\/span><\/h3>\n<h3 style=\"text-align: justify;\">Ji dema qetilama &#8220;Perex\u00ea&#8221; \u00fb heya \u00eero, \u00ceraq\u00ee \u015fil \u00fb mil, her wiha opozisyona Kurdistan\u00ea d\u00fbvk\u00ean \u00ceran\u00ea y\u00ean li Sil\u00eamaniy\u00ea \u00fb al\u00eegir\u00ean PKK\u2019\u00ea y\u00ean xwe di bin ebay\u00ea xebatkar\u00ean rojnamevaniy\u00ea \u00fb \u00e7alakvan\u00ean serbixwe de ve\u015fart\u00ee, Hik\u00fbmeta Kurdistan\u00ea rexne dikin \u00fb helwest\u00ean w\u00ea bi \u015ferm\u00eenok binav dikin, be\u015fek dixwaze b\u00fbyera Perex\u00ea weke fersendek\u00ee li dij\u00ee Hikumet\u00ea \u00eest\u00eesmar bike, be\u015fek dixwaze \u00ceraq\u00ea bi xwed\u00ee helwest \u00fb Kurdistan\u00ea b\u00ea helwest n\u00ee\u015fan bide, l\u00ea be\u015fa s\u00eayem\u00een bi zaneb\u00fbn b\u00fbne dewama gotara \u00ceran\u00ea, he\u015fda \u015feb\u00ee \u00fb PKK\u2019\u00ea.<\/h3>\n<h3 style=\"text-align: center;\"><span style=\"color: #8c0808; font-family: 'arial black', sans-serif;\">\u015eoven\u00eesta Bexday\u00ea jiboy kurdan h\u00eaj j\u00ee diyar neb\u00fbye<\/span><\/h3>\n<h3 style=\"text-align: justify;\">Bi kurtas\u00ee div\u00ea kurd xwe nexap\u00eene, div\u00ea kurd bizane heya ku &#8220;&#8216;Ereb nehatin qetilkirin Bexda helwest li dij\u00ee Tirkiy\u00ea negirt&#8221;, div\u00ea ev y\u00eak asta hizra \u015foven\u00eesta Bexday\u00ea ji boy kurdan diyar bike, me ned\u00ee wexta kurd bi eyn\u00ee b\u00fbyera &#8220;Perex\u00ea&#8221; dihatin qetilkirin kom\u00eete li asta j\u00fbr wisa bi lezg\u00een\u00ee bigih\u00eejn Duhok\u00ea, me ned\u00ee kunsilxane \u00fb ala Tirkiy\u00ea b\u00ean \u015fewtandin, gelo ma ev y\u00eak cudat\u00eeya n\u00eavbera xw\u00eena kurdan \u00fb ya Ereban \u00eezah nake?!.<\/h3>\n<h3 style=\"text-align: justify;\">Li dawy\u00ea j\u00ee em dib\u00eajin div\u00ea medya Ba\u015f\u00fbr\u00ea Kurdistan\u00ea nebe dewama gotara \u015foven\u00eezma Ereb, He\u015fda \u015eeb\u00ee \u00fb herweha PKK\u2019\u00ea, div\u00ea bi helwest \u00fb gotin\u00ean siyasetmedar\u00ean Bexday\u00ea ve ney\u00ean xapandin \u00fb ewqas p\u00eave mij\u00fbl nebe, ji berku y\u00ea ku p\u00eaw\u00eeste were \u015fermezar kirin ne bi ten\u00ea dewleta Tirk a dagirkere belku d\u00fbvk\u00ean w\u00ea y\u00ean Qend\u00eel\u00ea j\u00ee ne. Ya ku \u00ceraq\u00ea, \u00ceran\u00ea, S\u00fbriy\u00ea \u00fb Tirkiy\u00ea ji hev cuda dike bi ten\u00ea nave, her \u00e7ar eyn\u00ee ti\u015ftin \u00fb dagirker\u00ean Kurdistan\u00ea ne \u00fb hertim t\u00eahniy\u00ean xw\u00eena paka kurdane.<\/h3>\n<p>[\/darkamazi_column_text][\/darkamazi_column][\/darkamazi_row]<\/p>\n<\/div>","protected":false},"excerpt":{"rendered":"<p>[darkamazi_row][darkamazi_column][darkamazi_video link=&#8221;https:\/\/www.youtube.com\/watch?v=o1Lda381mbs&#8221; align=&#8221;center&#8221;][darkamazi_column_text] Her\u00eama Kurdistan\u00ea duh b\u00fbyereke dil bi \u00ea\u015f jiyan kir, b\u00fbyera &#8220;Perex\u00ea&#8221; ya ku dewleta tirk a dagirker qetilamek t\u00eade encam day\u00ee, heger k\u00eafa kurdek\u00ee bi v\u00ea b\u00fbyer\u00ea hatibe, weke \u00eensan div\u00ea ew guman\u00ea ji xwe bibe, ji ber ku ev j\u00ee weke b\u00fbyer\u00ean ku\u015ftina kurdan a dil bi \u00ea\u015fe \u00fb ferhenga kurdan [&hellip;]<\/p>\n","protected":false},"author":2,"featured_media":1031336,"comment_status":"closed","ping_status":"closed","sticky":false,"template":"epic_custom_post_template-1006382","format":"video","meta":{"footnotes":""},"categories":[28,65],"tags":[37],"class_list":["post-1031329","post","type-post","status-publish","format-video","has-post-thumbnail","hentry","category-nerin","category-vidiyo","tag-sereke","post_format-post-format-video"],"blocksy_meta":[],"seo_head":"<!-- This site is optimized with the Yoast SEO plugin v27.5 - https:\/\/yoast.com\/product\/yoast-seo-wordpress\/ -->\n<title>\u015eoven\u00eesta Bexday\u00ea jiboy kurdan h\u00eaj j\u00ee diyar neb\u00fbye - Darka Maz\u00ee<\/title>\n<meta name=\"robots\" content=\"index, follow, max-snippet:-1, max-image-preview:large, max-video-preview:-1\" \/>\n<link rel=\"canonical\" href=\"https:\/\/darkamazi.info\/archives\/1031329\" \/>\n<meta property=\"og:locale\" content=\"en_US\" \/>\n<meta property=\"og:type\" content=\"article\" \/>\n<meta property=\"og:title\" content=\"\u015eoven\u00eesta Bexday\u00ea jiboy kurdan h\u00eaj j\u00ee diyar neb\u00fbye - Darka Maz\u00ee\" \/>\n<meta property=\"og:description\" content=\"[darkamazi_row][darkamazi_column][darkamazi_video link=&#8221;https:\/\/www.youtube.com\/watch?v=o1Lda381mbs&#8221; align=&#8221;center&#8221;][darkamazi_column_text] Her\u00eama Kurdistan\u00ea duh b\u00fbyereke dil bi \u00ea\u015f jiyan kir, b\u00fbyera &#8220;Perex\u00ea&#8221; ya ku dewleta tirk a dagirker qetilamek t\u00eade encam day\u00ee, heger k\u00eafa kurdek\u00ee bi v\u00ea b\u00fbyer\u00ea hatibe, weke \u00eensan div\u00ea ew guman\u00ea ji xwe bibe, ji ber ku ev j\u00ee weke b\u00fbyer\u00ean ku\u015ftina kurdan a dil bi \u00ea\u015fe \u00fb ferhenga kurdan [&hellip;]\" \/>\n<meta property=\"og:url\" content=\"https:\/\/darkamazi.info\/archives\/1031329\" \/>\n<meta property=\"og:site_name\" content=\"Darka Maz\u00ee\" \/>\n<meta property=\"article:publisher\" content=\"https:\/\/www.facebook.com\/DarMaziKurmanci\" \/>\n<meta property=\"article:published_time\" content=\"2022-07-26T14:00:19+00:00\" \/>\n<meta property=\"article:modified_time\" content=\"2022-07-26T14:37:27+00:00\" \/>\n<meta property=\"og:image\" content=\"https:\/\/darkamazi.info\/file\/2022\/07\/perexx.jpg\" \/>\n\t<meta property=\"og:image:width\" content=\"900\" \/>\n\t<meta property=\"og:image:height\" content=\"497\" \/>\n\t<meta property=\"og:image:type\" content=\"image\/jpeg\" \/>\n<meta name=\"author\" content=\"darka mazi\" \/>\n<meta name=\"twitter:card\" content=\"summary_large_image\" \/>\n<meta name=\"twitter:creator\" content=\"@DarkaMaziLatini\" \/>\n<meta name=\"twitter:site\" content=\"@DarkaMaziLatini\" \/>\n<meta name=\"twitter:label1\" content=\"Written by\" \/>\n\t<meta name=\"twitter:data1\" content=\"darka mazi\" \/>\n\t<meta name=\"twitter:label2\" content=\"Est. reading time\" \/>\n\t<meta name=\"twitter:data2\" content=\"3 minutes\" \/>\n<script type=\"application\/ld+json\" class=\"seo-schema-graph\">{\"@context\":\"https:\\\/\\\/schema.org\",\"@graph\":[{\"@type\":\"Article\",\"@id\":\"https:\\\/\\\/darkamazi.info\\\/archives\\\/1031329#article\",\"isPartOf\":{\"@id\":\"https:\\\/\\\/darkamazi.info\\\/archives\\\/1031329\"},\"author\":{\"name\":\"darka mazi\",\"@id\":\"https:\\\/\\\/darkamazi.info\\\/#\\\/schema\\\/person\\\/5ad3e24553a0567993fa8ed4bd0a776c\"},\"headline\":\"\u015eoven\u00eesta Bexday\u00ea jiboy kurdan h\u00eaj j\u00ee diyar neb\u00fbye\",\"datePublished\":\"2022-07-26T14:00:19+00:00\",\"dateModified\":\"2022-07-26T14:37:27+00:00\",\"mainEntityOfPage\":{\"@id\":\"https:\\\/\\\/darkamazi.info\\\/archives\\\/1031329\"},\"wordCount\":766,\"publisher\":{\"@id\":\"https:\\\/\\\/darkamazi.info\\\/#organization\"},\"image\":{\"@id\":\"https:\\\/\\\/darkamazi.info\\\/archives\\\/1031329#primaryimage\"},\"thumbnailUrl\":\"https:\\\/\\\/darkamazi.info\\\/darka-content\\\/uploads\\\/2022\\\/07\\\/perexx.jpg\",\"keywords\":[\"sereke\"],\"articleSection\":[\"Ner\u00een\",\"V\u00eed\u00eeyo\"],\"inLanguage\":\"en-US\"},{\"@type\":\"WebPage\",\"@id\":\"https:\\\/\\\/darkamazi.info\\\/archives\\\/1031329\",\"url\":\"https:\\\/\\\/darkamazi.info\\\/archives\\\/1031329\",\"name\":\"\u015eoven\u00eesta Bexday\u00ea jiboy kurdan h\u00eaj j\u00ee diyar neb\u00fbye - Darka Maz\u00ee\",\"isPartOf\":{\"@id\":\"https:\\\/\\\/darkamazi.info\\\/#website\"},\"primaryImageOfPage\":{\"@id\":\"https:\\\/\\\/darkamazi.info\\\/archives\\\/1031329#primaryimage\"},\"image\":{\"@id\":\"https:\\\/\\\/darkamazi.info\\\/archives\\\/1031329#primaryimage\"},\"thumbnailUrl\":\"https:\\\/\\\/darkamazi.info\\\/darka-content\\\/uploads\\\/2022\\\/07\\\/perexx.jpg\",\"datePublished\":\"2022-07-26T14:00:19+00:00\",\"dateModified\":\"2022-07-26T14:37:27+00:00\",\"breadcrumb\":{\"@id\":\"https:\\\/\\\/darkamazi.info\\\/archives\\\/1031329#breadcrumb\"},\"inLanguage\":\"en-US\",\"potentialAction\":[{\"@type\":\"ReadAction\",\"target\":[\"https:\\\/\\\/darkamazi.info\\\/archives\\\/1031329\"]}]},{\"@type\":\"ImageObject\",\"inLanguage\":\"en-US\",\"@id\":\"https:\\\/\\\/darkamazi.info\\\/archives\\\/1031329#primaryimage\",\"url\":\"https:\\\/\\\/darkamazi.info\\\/darka-content\\\/uploads\\\/2022\\\/07\\\/perexx.jpg\",\"contentUrl\":\"https:\\\/\\\/darkamazi.info\\\/darka-content\\\/uploads\\\/2022\\\/07\\\/perexx.jpg\",\"width\":900,\"height\":497,\"caption\":\"\u015eoven\u00eesta Bexday\u00ea jiboy kurdan h\u00eaj j\u00ee diyar neb\u00fbye\"},{\"@type\":\"BreadcrumbList\",\"@id\":\"https:\\\/\\\/darkamazi.info\\\/archives\\\/1031329#breadcrumb\",\"itemListElement\":[{\"@type\":\"ListItem\",\"position\":1,\"name\":\"Home\",\"item\":\"https:\\\/\\\/darkamazi.info\\\/\"},{\"@type\":\"ListItem\",\"position\":2,\"name\":\"\u015eoven\u00eesta Bexday\u00ea jiboy kurdan h\u00eaj j\u00ee diyar neb\u00fbye\"}]},{\"@type\":\"WebSite\",\"@id\":\"https:\\\/\\\/darkamazi.info\\\/#website\",\"url\":\"https:\\\/\\\/darkamazi.info\\\/\",\"name\":\"Darka Maz\u00ee\",\"description\":\"P\u00eageha Zanyariy\u00ean Nebih\u00eest\u00ee\",\"publisher\":{\"@id\":\"https:\\\/\\\/darkamazi.info\\\/#organization\"},\"potentialAction\":[{\"@type\":\"SearchAction\",\"target\":{\"@type\":\"EntryPoint\",\"urlTemplate\":\"https:\\\/\\\/darkamazi.info\\\/?s={search_term_string}\"},\"query-input\":{\"@type\":\"PropertyValueSpecification\",\"valueRequired\":true,\"valueName\":\"search_term_string\"}}],\"inLanguage\":\"en-US\"},{\"@type\":\"Organization\",\"@id\":\"https:\\\/\\\/darkamazi.info\\\/#organization\",\"name\":\"Darka Maz\u00ee\",\"url\":\"https:\\\/\\\/darkamazi.info\\\/\",\"logo\":{\"@type\":\"ImageObject\",\"inLanguage\":\"en-US\",\"@id\":\"https:\\\/\\\/darkamazi.info\\\/#\\\/schema\\\/logo\\\/image\\\/\",\"url\":\"https:\\\/\\\/darkamazi.info\\\/darka-content\\\/uploads\\\/2017\\\/12\\\/darka-mazi-logo.png\",\"contentUrl\":\"https:\\\/\\\/darkamazi.info\\\/darka-content\\\/uploads\\\/2017\\\/12\\\/darka-mazi-logo.png\",\"width\":151,\"height\":75,\"caption\":\"Darka Maz\u00ee\"},\"image\":{\"@id\":\"https:\\\/\\\/darkamazi.info\\\/#\\\/schema\\\/logo\\\/image\\\/\"},\"sameAs\":[\"https:\\\/\\\/www.facebook.com\\\/DarMaziKurmanci\",\"https:\\\/\\\/x.com\\\/DarkaMaziLatini\",\"https:\\\/\\\/www.instagram.com\\\/darkamazi.kurmanci\\\/\",\"https:\\\/\\\/www.youtube.com\\\/channel\\\/UCa5HkTdmI8U1qCUFuTw8B2g\"]},{\"@type\":\"Person\",\"@id\":\"https:\\\/\\\/darkamazi.info\\\/#\\\/schema\\\/person\\\/5ad3e24553a0567993fa8ed4bd0a776c\",\"name\":\"darka mazi\",\"sameAs\":[\"https:\\\/\\\/darkamazi.info\\\/\"],\"url\":\"https:\\\/\\\/darkamazi.info\\\/archives\\\/author\\\/kurdi\"}]}<\/script>\n<!-- \/ Yoast SEO plugin. -->","seo_head_json":{"title":"\u015eoven\u00eesta Bexday\u00ea jiboy kurdan h\u00eaj j\u00ee diyar neb\u00fbye - Darka Maz\u00ee","robots":{"index":"index","follow":"follow","max-snippet":"max-snippet:-1","max-image-preview":"max-image-preview:large","max-video-preview":"max-video-preview:-1"},"canonical":"https:\/\/darkamazi.info\/archives\/1031329","og_locale":"en_US","og_type":"article","og_title":"\u015eoven\u00eesta Bexday\u00ea jiboy kurdan h\u00eaj j\u00ee diyar neb\u00fbye - Darka Maz\u00ee","og_description":"[darkamazi_row][darkamazi_column][darkamazi_video link=&#8221;https:\/\/www.youtube.com\/watch?v=o1Lda381mbs&#8221; align=&#8221;center&#8221;][darkamazi_column_text] Her\u00eama Kurdistan\u00ea duh b\u00fbyereke dil bi \u00ea\u015f jiyan kir, b\u00fbyera &#8220;Perex\u00ea&#8221; ya ku dewleta tirk a dagirker qetilamek t\u00eade encam day\u00ee, heger k\u00eafa kurdek\u00ee bi v\u00ea b\u00fbyer\u00ea hatibe, weke \u00eensan div\u00ea ew guman\u00ea ji xwe bibe, ji ber ku ev j\u00ee weke b\u00fbyer\u00ean ku\u015ftina kurdan a dil bi \u00ea\u015fe \u00fb ferhenga kurdan [&hellip;]","og_url":"https:\/\/darkamazi.info\/archives\/1031329","og_site_name":"Darka Maz\u00ee","article_publisher":"https:\/\/www.facebook.com\/DarMaziKurmanci","article_published_time":"2022-07-26T14:00:19+00:00","article_modified_time":"2022-07-26T14:37:27+00:00","og_image":[{"width":900,"height":497,"url":"https:\/\/darkamazi.info\/file\/2022\/07\/perexx.jpg","type":"image\/jpeg"}],"author":"darka mazi","twitter_card":"summary_large_image","twitter_creator":"@DarkaMaziLatini","twitter_site":"@DarkaMaziLatini","twitter_misc":{"Written by":"darka mazi","Est. reading time":"3 minutes"},"schema":{"@context":"https:\/\/schema.org","@graph":[{"@type":"Article","@id":"https:\/\/darkamazi.info\/archives\/1031329#article","isPartOf":{"@id":"https:\/\/darkamazi.info\/archives\/1031329"},"author":{"name":"darka mazi","@id":"https:\/\/darkamazi.info\/#\/schema\/person\/5ad3e24553a0567993fa8ed4bd0a776c"},"headline":"\u015eoven\u00eesta Bexday\u00ea jiboy kurdan h\u00eaj j\u00ee diyar neb\u00fbye","datePublished":"2022-07-26T14:00:19+00:00","dateModified":"2022-07-26T14:37:27+00:00","mainEntityOfPage":{"@id":"https:\/\/darkamazi.info\/archives\/1031329"},"wordCount":766,"publisher":{"@id":"https:\/\/darkamazi.info\/#organization"},"image":{"@id":"https:\/\/darkamazi.info\/archives\/1031329#primaryimage"},"thumbnailUrl":"https:\/\/darkamazi.info\/file\/2022\/07\/perexx.jpg","keywords":["sereke"],"articleSection":["Ner\u00een","V\u00eed\u00eeyo"],"inLanguage":"en-US"},{"@type":"WebPage","@id":"https:\/\/darkamazi.info\/archives\/1031329","url":"https:\/\/darkamazi.info\/archives\/1031329","name":"\u015eoven\u00eesta Bexday\u00ea jiboy kurdan h\u00eaj j\u00ee diyar neb\u00fbye - Darka Maz\u00ee","isPartOf":{"@id":"https:\/\/darkamazi.info\/#website"},"primaryImageOfPage":{"@id":"https:\/\/darkamazi.info\/archives\/1031329#primaryimage"},"image":{"@id":"https:\/\/darkamazi.info\/archives\/1031329#primaryimage"},"thumbnailUrl":"https:\/\/darkamazi.info\/file\/2022\/07\/perexx.jpg","datePublished":"2022-07-26T14:00:19+00:00","dateModified":"2022-07-26T14:37:27+00:00","breadcrumb":{"@id":"https:\/\/darkamazi.info\/archives\/1031329#breadcrumb"},"inLanguage":"en-US","potentialAction":[{"@type":"ReadAction","target":["https:\/\/darkamazi.info\/archives\/1031329"]}]},{"@type":"ImageObject","inLanguage":"en-US","@id":"https:\/\/darkamazi.info\/archives\/1031329#primaryimage","url":"https:\/\/darkamazi.info\/file\/2022\/07\/perexx.jpg","contentUrl":"https:\/\/darkamazi.info\/file\/2022\/07\/perexx.jpg","width":900,"height":497,"caption":"\u015eoven\u00eesta Bexday\u00ea jiboy kurdan h\u00eaj j\u00ee diyar neb\u00fbye"},{"@type":"BreadcrumbList","@id":"https:\/\/darkamazi.info\/archives\/1031329#breadcrumb","itemListElement":[{"@type":"ListItem","position":1,"name":"Home","item":"https:\/\/darkamazi.info\/"},{"@type":"ListItem","position":2,"name":"\u015eoven\u00eesta Bexday\u00ea jiboy kurdan h\u00eaj j\u00ee diyar neb\u00fbye"}]},{"@type":"WebSite","@id":"https:\/\/darkamazi.info\/#website","url":"https:\/\/darkamazi.info\/","name":"Darka Maz\u00ee","description":"P\u00eageha Zanyariy\u00ean Nebih\u00eest\u00ee","publisher":{"@id":"https:\/\/darkamazi.info\/#organization"},"potentialAction":[{"@type":"SearchAction","target":{"@type":"EntryPoint","urlTemplate":"https:\/\/darkamazi.info\/?s={search_term_string}"},"query-input":{"@type":"PropertyValueSpecification","valueRequired":true,"valueName":"search_term_string"}}],"inLanguage":"en-US"},{"@type":"Organization","@id":"https:\/\/darkamazi.info\/#organization","name":"Darka Maz\u00ee","url":"https:\/\/darkamazi.info\/","logo":{"@type":"ImageObject","inLanguage":"en-US","@id":"https:\/\/darkamazi.info\/#\/schema\/logo\/image\/","url":"https:\/\/darkamazi.info\/file\/2017\/12\/darka-mazi-logo.png","contentUrl":"https:\/\/darkamazi.info\/file\/2017\/12\/darka-mazi-logo.png","width":151,"height":75,"caption":"Darka Maz\u00ee"},"image":{"@id":"https:\/\/darkamazi.info\/#\/schema\/logo\/image\/"},"sameAs":["https:\/\/www.facebook.com\/DarMaziKurmanci","https:\/\/x.com\/DarkaMaziLatini","https:\/\/www.instagram.com\/darkamazi.kurmanci\/","https:\/\/www.youtube.com\/channel\/UCa5HkTdmI8U1qCUFuTw8B2g"]},{"@type":"Person","@id":"https:\/\/darkamazi.info\/#\/schema\/person\/5ad3e24553a0567993fa8ed4bd0a776c","name":"darka mazi","sameAs":["https:\/\/darkamazi.info\/"],"url":"https:\/\/darkamazi.info\/archives\/author\/kurdi"}]}},"_links":{"self":[{"href":"https:\/\/darkamazi.info\/funavuv\/wp\/v2\/posts\/1031329","targetHints":{"allow":["GET"]}}],"collection":[{"href":"https:\/\/darkamazi.info\/funavuv\/wp\/v2\/posts"}],"about":[{"href":"https:\/\/darkamazi.info\/funavuv\/wp\/v2\/types\/post"}],"author":[{"embeddable":true,"href":"https:\/\/darkamazi.info\/funavuv\/wp\/v2\/users\/2"}],"replies":[{"embeddable":true,"href":"https:\/\/darkamazi.info\/funavuv\/wp\/v2\/comments?post=1031329"}],"version-history":[{"count":0,"href":"https:\/\/darkamazi.info\/funavuv\/wp\/v2\/posts\/1031329\/revisions"}],"wp:featuredmedia":[{"embeddable":true,"href":"https:\/\/darkamazi.info\/funavuv\/wp\/v2\/media\/1031336"}],"wp:attachment":[{"href":"https:\/\/darkamazi.info\/funavuv\/wp\/v2\/media?parent=1031329"}],"wp:term":[{"taxonomy":"category","embeddable":true,"href":"https:\/\/darkamazi.info\/funavuv\/wp\/v2\/categories?post=1031329"},{"taxonomy":"post_tag","embeddable":true,"href":"https:\/\/darkamazi.info\/funavuv\/wp\/v2\/tags?post=1031329"}],"curies":[{"name":"wp","href":"https:\/\/api.w.org\/{rel}","templated":true}]}}