{"id":1031348,"date":"2022-07-21T21:22:05","date_gmt":"2022-07-21T18:22:05","guid":{"rendered":"https:\/\/darkamazi.info\/?p=1031348"},"modified":"2023-09-10T15:41:40","modified_gmt":"2023-09-10T12:41:40","slug":"hunere-kolace-u-murad-karayilan-besa-2","status":"publish","type":"post","link":"https:\/\/darkamazi.info\/archives\/1031348","title":{"rendered":"Huner\u00ea Kolac\u00ea \u00fb Murad Karayilan! &#8211; Be\u015fa \u00ab2\u00bb"},"content":{"rendered":"<div class=\"wpb-content-wrapper\"><p>[darkamazi_row][darkamazi_column][darkamazi_column_text]<\/p>\n<ul>\n<li><span style=\"font-family: 'arial black', sans-serif; color: #8c0303;\">Simko Ebdulez\u00eez<\/span><\/li>\n<\/ul>\n<h3 style=\"text-align: justify;\"><span style=\"font-family: 'arial black', sans-serif;\">Di be\u015fa din a gotara Murat Karayilan de ku di roja 8\u00ea t\u00eermeh\u00ea de li ajansa ANF\u00ea ya PKK\u00ea de hatib\u00fb parvekirin ku me bi hunera Kolac\u00ea \u015fubihand, Karayilan dib\u00eaje \u00eero gel\u00ea Tirk ji arte\u015fa dewleta xwe van pirsan dikin:<\/span><\/h3>\n<h3 style=\"text-align: justify;\"><span style=\"font-family: arial, helvetica, sans-serif;\">H\u00fbn li Am\u00eadiy\u00ea \u00e7i dikin? We gel birs\u00ee hi\u015ftiye, zaten xeteriya ku h\u00fbn li ser Tirkiy\u00ea \u00e7\u00eadikin mezine, ti \u00ee\u015f\u00ea we li <strong>Ba\u015f\u00fbr<\/strong>\u00ea Kurdistan\u00ea ye? H\u00fbn nikarin bi ku\u015ftin\u00ea Part\u00eeya Karkeran tune bikin, h\u00fbn nikarin bi ku\u015ftin\u00ea gel\u00ea Kurd \u00fb doza Kurdan \u00eemha bikin.<\/span><\/h3>\n<h3 style=\"text-align: justify;\"><span style=\"font-family: arial, helvetica, sans-serif;\">Ji xwe Cemal f\u00eam dike ku ev pirs pir loj\u00eekin merov dikare nirxandin\u00ean k\u00fbr li ser esas\u00ea wan pirsan bike, l\u00eabel\u00ea ya rast gel\u00ea Tirk bi pirs\u00ean wisa muxateb\u00ee art\u00ea\u015fa dewleta xwe nekirine, ji ber ku Cemal ji her kesek\u00ee ba\u015ftir dizane ku gel\u00ea Tirk piran\u00ee j\u00ea \u00e7iqas nejadperestin, \u00e7iqas nejadperest\u00ee dij\u00ee gel\u00ea Kurd bikaraniye, h\u00fbn ji her kes\u00ee ba\u015ftir dizanin gel\u00ean 4 dewlet\u00ean dag\u00eerker teybet Tirk, \u00e7iqas ji partiya we hez dikin, partiya ku p\u00eatir\u00ee dag\u00eerkeran dijatiya neteweya Kurd kir\u00ee.<\/span><\/h3>\n<h3 style=\"text-align: justify;\"><span style=\"font-family: arial, helvetica, sans-serif;\">Ger merov Tirkan ba\u015f nas neke \u00fb guhdar\u00eeya pirs\u00ean Cemal j\u00eare dib\u00eaje ku gel\u00ea Tirk ji art\u00ea\u015fa dewleta xwe kirine, w\u00ea wisa f\u00eam bike ku Tirk neteweyek pir merov doste \u00fb v\u00eeneke mezin ji boy Kurdan heye, l\u00ea ya rast ne wisaye, ji ber ku h\u00fbn ji her kes\u00ee ba\u015ftir dizanin ku pergala bir\u00eavebirina Tirkiy\u00ea ji boy neteweya Tirk demokirat\u00eeke \u00fb ji boy netewey\u00ean neTirk fa\u015f\u00eest \u00fb kevne\u015fope, evca ev netew\u00ean neTirk di hundir\u00ea Tirkiy\u00ea de bin yan dervey s\u00eenor\u00ean dewleta Tirkiy\u00ea bin.<\/span><\/h3>\n<h3 style=\"text-align: justify;\"><span style=\"font-family: arial, helvetica, sans-serif;\">Pirs\u00ean ku we li c\u00eeh\u00ea neteweya Tirk kirine li dij\u00ee daxuyan\u00ee \u00fb anal\u00eez\u00ean partiya we ne ku ber\u00ea hatine parve kirin \u00fb ji xwe we bi dev\u00ea xu gotib\u00fb: Ev \u015fer AKP\u00ea encam day\u00eee ji bo ku dilsoziya Tirkan di hilbijartina p\u00ea\u015f me de bi xwe re bik\u015f\u00eene.<\/span><\/h3>\n<h3 style=\"text-align: justify;\"><span style=\"font-family: arial, helvetica, sans-serif;\">Wate \u015ferkirin dixizmeta AKP\u00ea de ye, ev j\u00ee du ner\u00een\u00ean hevdijin.<\/span><\/h3>\n<h3 style=\"text-align: justify;\"><span style=\"font-family: 'arial black', sans-serif; color: #8c0303;\">Em behsa pirsan bikin \u00fb kan\u00ea ti bingehek esas girtine \u00fb bi ti away\u00ee hunera Kolac\u00ea t\u00ea de hatiye bikaran\u00een.<\/span><\/h3>\n<h3 style=\"text-align: justify;\"><span style=\"font-family: 'arial black', sans-serif; color: #808080;\">Ap\u00ea Cemal, ev nepirs\u00ean gel\u00ea Tirkiy\u00ea ne, l\u00eabel\u00ea tam y\u00ean gel\u00ea Kurdin, teybet Kurd\u00ean <strong>Ba\u015f\u00fbr<\/strong>\u00ea welat evan pirsan ji r\u00eaxistina <strong>PKK<\/strong>\u00ea dikin \u00fb j\u00eare dib\u00eajin:<\/span><\/h3>\n<h3 style=\"text-align: justify;\"><span style=\"font-family: arial, helvetica, sans-serif;\">Ger\u00eela li Am\u00eadiy\u00ea \u00fb Gar\u00ea, \u015eerani\u015f\u00ea \u00fb Kan\u00ee Mas\u00ea \u00e7i dikin? H\u00fbn ba\u015f dizanin <strong>Ba\u015f\u00fbr<\/strong> azade \u00fb \u00eero r\u00eavebiryeke Kurd\u00ee heye, <strong>Ba\u015f\u00fbr<\/strong>\u00ea ku bi xw\u00eena hezaran \u015feh\u00eedan di \u015fore\u015f\u00ean \u00celon \u00fb Gulan\u00ea de \u00fb her wiha \u00fb Serhldan\u00ea hatiye rizgar kirin, ger ev per\u00e7eya welat ya xweser neba h\u00fbn \u00fb r\u00eaxistina h\u00fbn tems\u00eel dikin, nedikar\u00een t\u00ea de bim\u00eenin yan di y\u00eak metroya xaka w\u00ea de baregeh\u00ean xwe ava bikin.<\/span><\/h3>\n<h3 style=\"text-align: justify;\"><span style=\"font-family: 'arial black', sans-serif; color: #8c0303;\">Kurd\u00ean <strong>Ba\u015f\u00fbr<\/strong> her wiha ji <strong>PKK<\/strong>\u00ea dipirse: \u00ca\u015f\u00ea we li <strong>Ba\u015f\u00fbr<\/strong> \u00e7i ye?<\/span><\/h3>\n<h3 style=\"text-align: justify;\"><span style=\"font-family: arial, helvetica, sans-serif;\">Kurd\u00ean <strong>Ba\u015f\u00fbr<\/strong> di sala 1991\u00ea de serhldan \u00fb Kurdistan rizgar kir \u00fb bi awayek\u00ee demokirat\u00eek parlmento \u00fb hik\u00fbmeteke Kurd\u00ee ava kirin, pi\u015ftre kar\u00een maf\u00ean federal\u00ee di dest\u00fbra bingeh\u00een a \u00ceraq\u00ea de bi c\u00eeh bikin.<\/span><\/h3>\n<h3 style=\"text-align: justify;\"><span style=\"font-family: 'arial black', sans-serif; color: #8c0303;\">Gel\u00ea <strong>Ba\u015f\u00fbr<\/strong> dib\u00eaje <strong>PKK<\/strong>\u00ea:<\/span><\/h3>\n<h3 style=\"text-align: justify;\"><span style=\"font-family: arial, helvetica, sans-serif;\"> Ev \u00e7i siyaseteke h\u00fbn dime\u015f\u00eenin ku bingeha w\u00ea jinavbirina Hik\u00fbmeta Kurdistan\u00ea esas digre? Hik\u00fbmeta ku bi qas\u00ee kevr\u00ean \u00e7iyay\u00ean Met\u00een \u00fb Gar\u00ea \u015feh\u00eed dane, div\u00ea h\u00fbn bizanbin ku partiy\u00ean siyas\u00ee y\u00ean <strong>Ba\u015f\u00fbr<\/strong>\u00ea welat fersend\u00ea ji boy we \u00e7\u00eanakin ku ev hik\u00fbmet ji h\u00eala we ve b\u00ea t\u00eakbirin.<\/span><\/h3>\n<h3 style=\"text-align: justify;\"><span style=\"font-family: arial, helvetica, sans-serif;\">Ev part\u00ee tev\u00ee ku di nava xwe de y\u00eak j\u00ee ne bin, l\u00ea bel\u00ea ev nay\u00ea w\u00ea watey\u00ea ku w\u00ea bi were ji bo t\u00eakbirina hevdu bibin dost.<\/span><\/h3>\n<p>[\/darkamazi_column_text][\/darkamazi_column][\/darkamazi_row][darkamazi_row css=&#8221;.darkamazi_custom_1623771386013{padding-bottom: 10px !important;}&#8221;][darkamazi_column][mpc_alert preset=&#8221;mpc_preset_24&#8243; icon=&#8221;eti eti_link&#8221; icon_color=&#8221;#ffffff&#8221; icon_size=&#8221;30&#8243; icon_background_color=&#8221;#df5461&#8243; icon_padding_divider=&#8221;true&#8221; icon_padding_css=&#8221;padding-top:25px;padding-right:25px;padding-bottom:25px;padding-left:25px;&#8221; font_preset=&#8221;mpc_preset_13&#8243; font_color=&#8221;#ffffff&#8221; font_size=&#8221;20&#8243; font_transform=&#8221;none&#8221; font_align=&#8221;center&#8221; content_padding_divider=&#8221;true&#8221; content_padding_css=&#8221;padding-top:10px;padding-right:15px;padding-bottom:0px;padding-left:15px;&#8221; background_type=&#8221;gradient&#8221; background_gradient=&#8221;#d14945||#e5825e||0;100||90||linear&#8221; border_divider=&#8221;true&#8221; border_css=&#8221;border-top:0px;border-right:0px;border-bottom:3px;border-left:0px;border-color:#bc3a5d;border-style:solid;border-radius:5px;&#8221; padding_divider=&#8221;true&#8221; margin_divider=&#8221;true&#8221; margin_css=&#8221;margin-bottom:10px;&#8221;]<\/p>\n<h4 style=\"direction: rtl; text-align: center;\"><span style=\"font-size: 18pt;\"><a href=\"https:\/\/darkamazi.info\/archives\/1031292\"><span style=\"font-family: 'arial black', sans-serif; color: #ffffff;\">Ji bo xwendina be\u015fa 1 kil\u00eek bike<\/span><\/a><\/span><\/h4>\n<p>[\/mpc_alert][\/darkamazi_column][\/darkamazi_row]<\/p>\n<\/div>","protected":false},"excerpt":{"rendered":"<p>[darkamazi_row][darkamazi_column][darkamazi_column_text] Simko Ebdulez\u00eez Di be\u015fa din a gotara Murat Karayilan de ku di roja 8\u00ea t\u00eermeh\u00ea de li ajansa ANF\u00ea ya PKK\u00ea de hatib\u00fb parvekirin ku me bi hunera Kolac\u00ea \u015fubihand, Karayilan dib\u00eaje \u00eero gel\u00ea Tirk ji arte\u015fa dewleta xwe van pirsan dikin: H\u00fbn li Am\u00eadiy\u00ea \u00e7i dikin? We gel birs\u00ee hi\u015ftiye, zaten xeteriya ku [&hellip;]<\/p>\n","protected":false},"author":2,"featured_media":1031349,"comment_status":"closed","ping_status":"closed","sticky":false,"template":"","format":"standard","meta":{"footnotes":""},"categories":[28],"tags":[51,37],"class_list":["post-1031348","post","type-post","status-publish","format-standard","has-post-thumbnail","hentry","category-nerin","tag-karayilan","tag-sereke"],"blocksy_meta":[],"seo_head":"<!-- This site is optimized with the Yoast SEO plugin v27.5 - https:\/\/yoast.com\/product\/yoast-seo-wordpress\/ -->\n<title>Huner\u00ea Kolac\u00ea \u00fb Murad Karayilan! - Be\u015fa \u00ab2\u00bb - Darka Maz\u00ee<\/title>\n<meta name=\"robots\" content=\"index, follow, max-snippet:-1, max-image-preview:large, max-video-preview:-1\" \/>\n<link rel=\"canonical\" href=\"https:\/\/darkamazi.info\/archives\/1031348\" \/>\n<meta property=\"og:locale\" content=\"en_US\" \/>\n<meta property=\"og:type\" content=\"article\" \/>\n<meta property=\"og:title\" content=\"Huner\u00ea Kolac\u00ea \u00fb Murad Karayilan! - Be\u015fa \u00ab2\u00bb - Darka Maz\u00ee\" \/>\n<meta property=\"og:description\" content=\"[darkamazi_row][darkamazi_column][darkamazi_column_text] Simko Ebdulez\u00eez Di be\u015fa din a gotara Murat Karayilan de ku di roja 8\u00ea t\u00eermeh\u00ea de li ajansa ANF\u00ea ya PKK\u00ea de hatib\u00fb parvekirin ku me bi hunera Kolac\u00ea \u015fubihand, Karayilan dib\u00eaje \u00eero gel\u00ea Tirk ji arte\u015fa dewleta xwe van pirsan dikin: H\u00fbn li Am\u00eadiy\u00ea \u00e7i dikin? We gel birs\u00ee hi\u015ftiye, zaten xeteriya ku [&hellip;]\" \/>\n<meta property=\"og:url\" content=\"https:\/\/darkamazi.info\/archives\/1031348\" \/>\n<meta property=\"og:site_name\" content=\"Darka Maz\u00ee\" \/>\n<meta property=\"article:publisher\" content=\"https:\/\/www.facebook.com\/DarMaziKurmanci\" \/>\n<meta property=\"article:published_time\" content=\"2022-07-21T18:22:05+00:00\" \/>\n<meta property=\"article:modified_time\" content=\"2023-09-10T12:41:40+00:00\" \/>\n<meta property=\"og:image\" content=\"https:\/\/darkamazi.info\/file\/2022\/07\/pkk-collage-apo-kck-xery-eli-seiyd-riza-dersim-zilan-2.jpg\" \/>\n\t<meta property=\"og:image:width\" content=\"900\" \/>\n\t<meta property=\"og:image:height\" content=\"497\" \/>\n\t<meta property=\"og:image:type\" content=\"image\/jpeg\" \/>\n<meta name=\"author\" content=\"darka mazi\" \/>\n<meta name=\"twitter:card\" content=\"summary_large_image\" \/>\n<meta name=\"twitter:creator\" content=\"@DarkaMaziLatini\" \/>\n<meta name=\"twitter:site\" content=\"@DarkaMaziLatini\" \/>\n<meta name=\"twitter:label1\" content=\"Written by\" \/>\n\t<meta name=\"twitter:data1\" content=\"darka mazi\" \/>\n\t<meta name=\"twitter:label2\" content=\"Est. reading time\" \/>\n\t<meta name=\"twitter:data2\" content=\"3 minutes\" \/>\n<script type=\"application\/ld+json\" class=\"seo-schema-graph\">{\"@context\":\"https:\\\/\\\/schema.org\",\"@graph\":[{\"@type\":\"Article\",\"@id\":\"https:\\\/\\\/darkamazi.info\\\/archives\\\/1031348#article\",\"isPartOf\":{\"@id\":\"https:\\\/\\\/darkamazi.info\\\/archives\\\/1031348\"},\"author\":{\"name\":\"darka mazi\",\"@id\":\"https:\\\/\\\/darkamazi.info\\\/#\\\/schema\\\/person\\\/5ad3e24553a0567993fa8ed4bd0a776c\"},\"headline\":\"Huner\u00ea Kolac\u00ea \u00fb Murad Karayilan! &#8211; Be\u015fa \u00ab2\u00bb\",\"datePublished\":\"2022-07-21T18:22:05+00:00\",\"dateModified\":\"2023-09-10T12:41:40+00:00\",\"mainEntityOfPage\":{\"@id\":\"https:\\\/\\\/darkamazi.info\\\/archives\\\/1031348\"},\"wordCount\":785,\"publisher\":{\"@id\":\"https:\\\/\\\/darkamazi.info\\\/#organization\"},\"image\":{\"@id\":\"https:\\\/\\\/darkamazi.info\\\/archives\\\/1031348#primaryimage\"},\"thumbnailUrl\":\"https:\\\/\\\/darkamazi.info\\\/darka-content\\\/uploads\\\/2022\\\/07\\\/pkk-collage-apo-kck-xery-eli-seiyd-riza-dersim-zilan-2.jpg\",\"keywords\":[\"Karayilan\",\"sereke\"],\"articleSection\":[\"Ner\u00een\"],\"inLanguage\":\"en-US\"},{\"@type\":\"WebPage\",\"@id\":\"https:\\\/\\\/darkamazi.info\\\/archives\\\/1031348\",\"url\":\"https:\\\/\\\/darkamazi.info\\\/archives\\\/1031348\",\"name\":\"Huner\u00ea Kolac\u00ea \u00fb Murad Karayilan! - Be\u015fa \u00ab2\u00bb - Darka Maz\u00ee\",\"isPartOf\":{\"@id\":\"https:\\\/\\\/darkamazi.info\\\/#website\"},\"primaryImageOfPage\":{\"@id\":\"https:\\\/\\\/darkamazi.info\\\/archives\\\/1031348#primaryimage\"},\"image\":{\"@id\":\"https:\\\/\\\/darkamazi.info\\\/archives\\\/1031348#primaryimage\"},\"thumbnailUrl\":\"https:\\\/\\\/darkamazi.info\\\/darka-content\\\/uploads\\\/2022\\\/07\\\/pkk-collage-apo-kck-xery-eli-seiyd-riza-dersim-zilan-2.jpg\",\"datePublished\":\"2022-07-21T18:22:05+00:00\",\"dateModified\":\"2023-09-10T12:41:40+00:00\",\"breadcrumb\":{\"@id\":\"https:\\\/\\\/darkamazi.info\\\/archives\\\/1031348#breadcrumb\"},\"inLanguage\":\"en-US\",\"potentialAction\":[{\"@type\":\"ReadAction\",\"target\":[\"https:\\\/\\\/darkamazi.info\\\/archives\\\/1031348\"]}]},{\"@type\":\"ImageObject\",\"inLanguage\":\"en-US\",\"@id\":\"https:\\\/\\\/darkamazi.info\\\/archives\\\/1031348#primaryimage\",\"url\":\"https:\\\/\\\/darkamazi.info\\\/darka-content\\\/uploads\\\/2022\\\/07\\\/pkk-collage-apo-kck-xery-eli-seiyd-riza-dersim-zilan-2.jpg\",\"contentUrl\":\"https:\\\/\\\/darkamazi.info\\\/darka-content\\\/uploads\\\/2022\\\/07\\\/pkk-collage-apo-kck-xery-eli-seiyd-riza-dersim-zilan-2.jpg\",\"width\":900,\"height\":497,\"caption\":\"pkk-collage-apo-kck-xery-eli-seiyd-riza-dersim-zilan-2\"},{\"@type\":\"BreadcrumbList\",\"@id\":\"https:\\\/\\\/darkamazi.info\\\/archives\\\/1031348#breadcrumb\",\"itemListElement\":[{\"@type\":\"ListItem\",\"position\":1,\"name\":\"Home\",\"item\":\"https:\\\/\\\/darkamazi.info\\\/\"},{\"@type\":\"ListItem\",\"position\":2,\"name\":\"Huner\u00ea Kolac\u00ea \u00fb Murad Karayilan! &#8211; Be\u015fa \u00ab2\u00bb\"}]},{\"@type\":\"WebSite\",\"@id\":\"https:\\\/\\\/darkamazi.info\\\/#website\",\"url\":\"https:\\\/\\\/darkamazi.info\\\/\",\"name\":\"Darka Maz\u00ee\",\"description\":\"P\u00eageha Zanyariy\u00ean Nebih\u00eest\u00ee\",\"publisher\":{\"@id\":\"https:\\\/\\\/darkamazi.info\\\/#organization\"},\"potentialAction\":[{\"@type\":\"SearchAction\",\"target\":{\"@type\":\"EntryPoint\",\"urlTemplate\":\"https:\\\/\\\/darkamazi.info\\\/?s={search_term_string}\"},\"query-input\":{\"@type\":\"PropertyValueSpecification\",\"valueRequired\":true,\"valueName\":\"search_term_string\"}}],\"inLanguage\":\"en-US\"},{\"@type\":\"Organization\",\"@id\":\"https:\\\/\\\/darkamazi.info\\\/#organization\",\"name\":\"Darka Maz\u00ee\",\"url\":\"https:\\\/\\\/darkamazi.info\\\/\",\"logo\":{\"@type\":\"ImageObject\",\"inLanguage\":\"en-US\",\"@id\":\"https:\\\/\\\/darkamazi.info\\\/#\\\/schema\\\/logo\\\/image\\\/\",\"url\":\"https:\\\/\\\/darkamazi.info\\\/darka-content\\\/uploads\\\/2017\\\/12\\\/darka-mazi-logo.png\",\"contentUrl\":\"https:\\\/\\\/darkamazi.info\\\/darka-content\\\/uploads\\\/2017\\\/12\\\/darka-mazi-logo.png\",\"width\":151,\"height\":75,\"caption\":\"Darka Maz\u00ee\"},\"image\":{\"@id\":\"https:\\\/\\\/darkamazi.info\\\/#\\\/schema\\\/logo\\\/image\\\/\"},\"sameAs\":[\"https:\\\/\\\/www.facebook.com\\\/DarMaziKurmanci\",\"https:\\\/\\\/x.com\\\/DarkaMaziLatini\",\"https:\\\/\\\/www.instagram.com\\\/darkamazi.kurmanci\\\/\",\"https:\\\/\\\/www.youtube.com\\\/channel\\\/UCa5HkTdmI8U1qCUFuTw8B2g\"]},{\"@type\":\"Person\",\"@id\":\"https:\\\/\\\/darkamazi.info\\\/#\\\/schema\\\/person\\\/5ad3e24553a0567993fa8ed4bd0a776c\",\"name\":\"darka mazi\",\"sameAs\":[\"https:\\\/\\\/darkamazi.info\\\/\"],\"url\":\"https:\\\/\\\/darkamazi.info\\\/archives\\\/author\\\/kurdi\"}]}<\/script>\n<!-- \/ Yoast SEO plugin. -->","seo_head_json":{"title":"Huner\u00ea Kolac\u00ea \u00fb Murad Karayilan! - Be\u015fa \u00ab2\u00bb - Darka Maz\u00ee","robots":{"index":"index","follow":"follow","max-snippet":"max-snippet:-1","max-image-preview":"max-image-preview:large","max-video-preview":"max-video-preview:-1"},"canonical":"https:\/\/darkamazi.info\/archives\/1031348","og_locale":"en_US","og_type":"article","og_title":"Huner\u00ea Kolac\u00ea \u00fb Murad Karayilan! - Be\u015fa \u00ab2\u00bb - Darka Maz\u00ee","og_description":"[darkamazi_row][darkamazi_column][darkamazi_column_text] Simko Ebdulez\u00eez Di be\u015fa din a gotara Murat Karayilan de ku di roja 8\u00ea t\u00eermeh\u00ea de li ajansa ANF\u00ea ya PKK\u00ea de hatib\u00fb parvekirin ku me bi hunera Kolac\u00ea \u015fubihand, Karayilan dib\u00eaje \u00eero gel\u00ea Tirk ji arte\u015fa dewleta xwe van pirsan dikin: H\u00fbn li Am\u00eadiy\u00ea \u00e7i dikin? We gel birs\u00ee hi\u015ftiye, zaten xeteriya ku [&hellip;]","og_url":"https:\/\/darkamazi.info\/archives\/1031348","og_site_name":"Darka Maz\u00ee","article_publisher":"https:\/\/www.facebook.com\/DarMaziKurmanci","article_published_time":"2022-07-21T18:22:05+00:00","article_modified_time":"2023-09-10T12:41:40+00:00","og_image":[{"width":900,"height":497,"url":"https:\/\/darkamazi.info\/file\/2022\/07\/pkk-collage-apo-kck-xery-eli-seiyd-riza-dersim-zilan-2.jpg","type":"image\/jpeg"}],"author":"darka mazi","twitter_card":"summary_large_image","twitter_creator":"@DarkaMaziLatini","twitter_site":"@DarkaMaziLatini","twitter_misc":{"Written by":"darka mazi","Est. reading time":"3 minutes"},"schema":{"@context":"https:\/\/schema.org","@graph":[{"@type":"Article","@id":"https:\/\/darkamazi.info\/archives\/1031348#article","isPartOf":{"@id":"https:\/\/darkamazi.info\/archives\/1031348"},"author":{"name":"darka mazi","@id":"https:\/\/darkamazi.info\/#\/schema\/person\/5ad3e24553a0567993fa8ed4bd0a776c"},"headline":"Huner\u00ea Kolac\u00ea \u00fb Murad Karayilan! &#8211; Be\u015fa \u00ab2\u00bb","datePublished":"2022-07-21T18:22:05+00:00","dateModified":"2023-09-10T12:41:40+00:00","mainEntityOfPage":{"@id":"https:\/\/darkamazi.info\/archives\/1031348"},"wordCount":785,"publisher":{"@id":"https:\/\/darkamazi.info\/#organization"},"image":{"@id":"https:\/\/darkamazi.info\/archives\/1031348#primaryimage"},"thumbnailUrl":"https:\/\/darkamazi.info\/file\/2022\/07\/pkk-collage-apo-kck-xery-eli-seiyd-riza-dersim-zilan-2.jpg","keywords":["Karayilan","sereke"],"articleSection":["Ner\u00een"],"inLanguage":"en-US"},{"@type":"WebPage","@id":"https:\/\/darkamazi.info\/archives\/1031348","url":"https:\/\/darkamazi.info\/archives\/1031348","name":"Huner\u00ea Kolac\u00ea \u00fb Murad Karayilan! - Be\u015fa \u00ab2\u00bb - Darka Maz\u00ee","isPartOf":{"@id":"https:\/\/darkamazi.info\/#website"},"primaryImageOfPage":{"@id":"https:\/\/darkamazi.info\/archives\/1031348#primaryimage"},"image":{"@id":"https:\/\/darkamazi.info\/archives\/1031348#primaryimage"},"thumbnailUrl":"https:\/\/darkamazi.info\/file\/2022\/07\/pkk-collage-apo-kck-xery-eli-seiyd-riza-dersim-zilan-2.jpg","datePublished":"2022-07-21T18:22:05+00:00","dateModified":"2023-09-10T12:41:40+00:00","breadcrumb":{"@id":"https:\/\/darkamazi.info\/archives\/1031348#breadcrumb"},"inLanguage":"en-US","potentialAction":[{"@type":"ReadAction","target":["https:\/\/darkamazi.info\/archives\/1031348"]}]},{"@type":"ImageObject","inLanguage":"en-US","@id":"https:\/\/darkamazi.info\/archives\/1031348#primaryimage","url":"https:\/\/darkamazi.info\/file\/2022\/07\/pkk-collage-apo-kck-xery-eli-seiyd-riza-dersim-zilan-2.jpg","contentUrl":"https:\/\/darkamazi.info\/file\/2022\/07\/pkk-collage-apo-kck-xery-eli-seiyd-riza-dersim-zilan-2.jpg","width":900,"height":497,"caption":"pkk-collage-apo-kck-xery-eli-seiyd-riza-dersim-zilan-2"},{"@type":"BreadcrumbList","@id":"https:\/\/darkamazi.info\/archives\/1031348#breadcrumb","itemListElement":[{"@type":"ListItem","position":1,"name":"Home","item":"https:\/\/darkamazi.info\/"},{"@type":"ListItem","position":2,"name":"Huner\u00ea Kolac\u00ea \u00fb Murad Karayilan! &#8211; Be\u015fa \u00ab2\u00bb"}]},{"@type":"WebSite","@id":"https:\/\/darkamazi.info\/#website","url":"https:\/\/darkamazi.info\/","name":"Darka Maz\u00ee","description":"P\u00eageha Zanyariy\u00ean Nebih\u00eest\u00ee","publisher":{"@id":"https:\/\/darkamazi.info\/#organization"},"potentialAction":[{"@type":"SearchAction","target":{"@type":"EntryPoint","urlTemplate":"https:\/\/darkamazi.info\/?s={search_term_string}"},"query-input":{"@type":"PropertyValueSpecification","valueRequired":true,"valueName":"search_term_string"}}],"inLanguage":"en-US"},{"@type":"Organization","@id":"https:\/\/darkamazi.info\/#organization","name":"Darka Maz\u00ee","url":"https:\/\/darkamazi.info\/","logo":{"@type":"ImageObject","inLanguage":"en-US","@id":"https:\/\/darkamazi.info\/#\/schema\/logo\/image\/","url":"https:\/\/darkamazi.info\/file\/2017\/12\/darka-mazi-logo.png","contentUrl":"https:\/\/darkamazi.info\/file\/2017\/12\/darka-mazi-logo.png","width":151,"height":75,"caption":"Darka Maz\u00ee"},"image":{"@id":"https:\/\/darkamazi.info\/#\/schema\/logo\/image\/"},"sameAs":["https:\/\/www.facebook.com\/DarMaziKurmanci","https:\/\/x.com\/DarkaMaziLatini","https:\/\/www.instagram.com\/darkamazi.kurmanci\/","https:\/\/www.youtube.com\/channel\/UCa5HkTdmI8U1qCUFuTw8B2g"]},{"@type":"Person","@id":"https:\/\/darkamazi.info\/#\/schema\/person\/5ad3e24553a0567993fa8ed4bd0a776c","name":"darka mazi","sameAs":["https:\/\/darkamazi.info\/"],"url":"https:\/\/darkamazi.info\/archives\/author\/kurdi"}]}},"_links":{"self":[{"href":"https:\/\/darkamazi.info\/funavuv\/wp\/v2\/posts\/1031348","targetHints":{"allow":["GET"]}}],"collection":[{"href":"https:\/\/darkamazi.info\/funavuv\/wp\/v2\/posts"}],"about":[{"href":"https:\/\/darkamazi.info\/funavuv\/wp\/v2\/types\/post"}],"author":[{"embeddable":true,"href":"https:\/\/darkamazi.info\/funavuv\/wp\/v2\/users\/2"}],"replies":[{"embeddable":true,"href":"https:\/\/darkamazi.info\/funavuv\/wp\/v2\/comments?post=1031348"}],"version-history":[{"count":0,"href":"https:\/\/darkamazi.info\/funavuv\/wp\/v2\/posts\/1031348\/revisions"}],"wp:featuredmedia":[{"embeddable":true,"href":"https:\/\/darkamazi.info\/funavuv\/wp\/v2\/media\/1031349"}],"wp:attachment":[{"href":"https:\/\/darkamazi.info\/funavuv\/wp\/v2\/media?parent=1031348"}],"wp:term":[{"taxonomy":"category","embeddable":true,"href":"https:\/\/darkamazi.info\/funavuv\/wp\/v2\/categories?post=1031348"},{"taxonomy":"post_tag","embeddable":true,"href":"https:\/\/darkamazi.info\/funavuv\/wp\/v2\/tags?post=1031348"}],"curies":[{"name":"wp","href":"https:\/\/api.w.org\/{rel}","templated":true}]}}