{"id":1031411,"date":"2022-07-25T21:07:19","date_gmt":"2022-07-25T18:07:19","guid":{"rendered":"https:\/\/darkamazi.info\/?p=1031411"},"modified":"2022-07-25T21:07:19","modified_gmt":"2022-07-25T18:07:19","slug":"27-rojin-cenazeyen-5-gerilayan-li-heftenine-bune-xwarina-ceqelan","status":"publish","type":"post","link":"https:\/\/darkamazi.info\/archives\/1031411","title":{"rendered":"27 rojin cenazey\u00ean 5 ger\u00eelayan li Heften\u00een\u00ea b\u00fbne xwarina \u00c7eqelan"},"content":{"rendered":"<h3 style=\"text-align: justify\"><span style=\"font-family: 'arial black', sans-serif\">P\u00eanc ger\u00eelay\u00ean PKK\u2019\u00ea li Her\u00eama Heften\u00een\u00ea ya Ba\u015f\u00fbr\u00ea Kurdistan\u00ea ketin ber \u00ear\u00ee\u015fa balefir\u00ean ke\u015ff\u00ea \u00fb jiyana xwe ji dest dan, cesed\u00ean wan j\u00ee h\u00eajan li deriy\u00ea tunel\u00ea mane.<\/span><\/h3>\n<h3 style=\"text-align: justify\">\u00c7avkaniy\u00ean p\u00eageha &#8220;Darka Maz\u00ee&#8221; e\u015fkere kirin, \u015feva 28 ser 29 Xiz\u00eerana \u00eesal 2022an li Her\u00eama Heften\u00een\u00ea bi taybet li &#8220;\u015e\u00eeve M\u00eaz\u00ea&#8221; 5 ger\u00eelay\u00ean PKK\u2019\u00ea wexta ji tunel\u00ea derdikevin, balefira ke\u015ff\u00ea wan dib\u00eene \u00fb yekser l\u00ea\u00a0 dixe \u00fb her 5 ger\u00eelayan dikuje, dema dibe sihar, art\u00ea\u015fa Tirkiy\u00ea t\u00eem\u00ean &#8220;Xencer&#8221; di\u015f\u00eene cih\u00ea ku cenaze l\u00ea may\u00ee.<\/h3>\n<h3 style=\"text-align: justify\">\u00c7avkaniy\u00ean Darka Maz\u00ee li w\u00ea her\u00eam\u00ea destn\u00ee\u015fan kirin, T\u00eem\u00ean Xencer \u00e7ek\u00ean giran j\u00ee li gel \u00e7ek\u00ea bi mil\u00ea xwe ve birin, wexta gihi\u015ftin\u00ea, carek din j\u00ee wan cesed\u00ean ger\u00eelay\u00ean mir\u00ee gullebaran kirin.<\/h3>\n<h3 style=\"text-align: justify\">Li gor\u00ee agahiy\u00ean dest\u00ea me de, cenazey\u00ean her 5 ger\u00eelayan h\u00eajan li n\u00eaz\u00ee deriy\u00ea tunela \u015e\u00eeve M\u00eaz\u00ea mane, \u00fb heya niha PKK\u2019\u00ea xwe li wan cenazeyan xwed\u00ee nederxistiye \u00fb ti hewlek cid\u00ee ji boy rakirin \u00fb bin ax kirina cenazey\u00ean xwe nedaye, cenazey\u00ean ger\u00eelayan li wir di bin \u00e7engal\u00ean \u00c7eqelan de b\u00eay xwed\u00ee mane.<\/h3>\n<h3 style=\"text-align: justify\">T\u00eem\u00ean Xencer k\u00ee ne \u00fb \u00c7ima heya niha PKK\u2019\u00ea \u00e7i yek ji wan neku\u015ftiye?<\/h3>\n<h3 style=\"text-align: justify\">T\u00eem\u00ean Xencer bi gr\u00fbp\u00ean &#8220;Kontra Ger\u00eela&#8221; t\u00ean nas kirin, ew ji ceh\u015f\u00ean kurd t\u00ean \u00e7\u00eakirin, ev gr\u00fbp ehl\u00ea pereyane \u00fb pir bi b\u00earehm\u00ee ku\u015ftin\u00ea dikin.<\/h3>\n<h3 style=\"text-align: justify\">Art\u00ea\u015fa Tirkiy\u00ea \u00fb M\u00eet her cihek\u00ee xeternak be, T\u00eem\u00ean Xencer di\u015f\u00eenin, ev t\u00eem ji sal\u00ean 90 \u00ea ve li gel art\u00ea\u015fa Tirkiy\u00ea \u00fb M\u00eet\u00ea kar dikin, heya niha bi dehan ger\u00eela bi dest\u00ean wan hatine tesfiye kirin, ti\u015fta ec\u00eab ewe ku PKK\u2019e vana nas dike l\u00ea heya niha \u00e7i kes ji wan bi dest\u00ea PKK\u2019\u00ea nehatiye ku\u015ftin!!.<\/h3>\n","protected":false},"excerpt":{"rendered":"<p>P\u00eanc ger\u00eelay\u00ean PKK\u2019\u00ea li Her\u00eama Heften\u00een\u00ea ya Ba\u015f\u00fbr\u00ea Kurdistan\u00ea ketin ber \u00ear\u00ee\u015fa balefir\u00ean ke\u015ff\u00ea \u00fb jiyana xwe ji dest dan, cesed\u00ean wan j\u00ee h\u00eajan li deriy\u00ea tunel\u00ea mane. \u00c7avkaniy\u00ean p\u00eageha &#8220;Darka Maz\u00ee&#8221; e\u015fkere kirin, \u015feva 28 ser 29 Xiz\u00eerana \u00eesal 2022an li Her\u00eama Heften\u00een\u00ea bi taybet li &#8220;\u015e\u00eeve M\u00eaz\u00ea&#8221; 5 ger\u00eelay\u00ean PKK\u2019\u00ea wexta ji tunel\u00ea [&hellip;]<\/p>\n","protected":false},"author":2,"featured_media":1031412,"comment_status":"closed","ping_status":"closed","sticky":false,"template":"","format":"standard","meta":{"footnotes":""},"categories":[29],"tags":[37],"class_list":["post-1031411","post","type-post","status-publish","format-standard","has-post-thumbnail","hentry","category-kurdistan","tag-sereke"],"blocksy_meta":[],"seo_head":"<!-- This site is optimized with the Yoast SEO plugin v27.5 - https:\/\/yoast.com\/product\/yoast-seo-wordpress\/ -->\n<title>27 rojin cenazey\u00ean 5 ger\u00eelayan li Heften\u00een\u00ea b\u00fbne xwarina \u00c7eqelan - Darka Maz\u00ee<\/title>\n<meta name=\"robots\" content=\"index, follow, max-snippet:-1, max-image-preview:large, max-video-preview:-1\" \/>\n<link rel=\"canonical\" href=\"https:\/\/darkamazi.info\/archives\/1031411\" \/>\n<meta property=\"og:locale\" content=\"en_US\" \/>\n<meta property=\"og:type\" content=\"article\" \/>\n<meta property=\"og:title\" content=\"27 rojin cenazey\u00ean 5 ger\u00eelayan li Heften\u00een\u00ea b\u00fbne xwarina \u00c7eqelan - Darka Maz\u00ee\" \/>\n<meta property=\"og:description\" content=\"P\u00eanc ger\u00eelay\u00ean PKK\u2019\u00ea li Her\u00eama Heften\u00een\u00ea ya Ba\u015f\u00fbr\u00ea Kurdistan\u00ea ketin ber \u00ear\u00ee\u015fa balefir\u00ean ke\u015ff\u00ea \u00fb jiyana xwe ji dest dan, cesed\u00ean wan j\u00ee h\u00eajan li deriy\u00ea tunel\u00ea mane. \u00c7avkaniy\u00ean p\u00eageha &#8220;Darka Maz\u00ee&#8221; e\u015fkere kirin, \u015feva 28 ser 29 Xiz\u00eerana \u00eesal 2022an li Her\u00eama Heften\u00een\u00ea bi taybet li &#8220;\u015e\u00eeve M\u00eaz\u00ea&#8221; 5 ger\u00eelay\u00ean PKK\u2019\u00ea wexta ji tunel\u00ea [&hellip;]\" \/>\n<meta property=\"og:url\" content=\"https:\/\/darkamazi.info\/archives\/1031411\" \/>\n<meta property=\"og:site_name\" content=\"Darka Maz\u00ee\" \/>\n<meta property=\"article:publisher\" content=\"https:\/\/www.facebook.com\/DarMaziKurmanci\" \/>\n<meta property=\"article:published_time\" content=\"2022-07-25T18:07:19+00:00\" \/>\n<meta property=\"og:image\" content=\"https:\/\/darkamazi.info\/file\/2022\/07\/pkk-turkey-JITEM-Hancer-Timi-2.jpg\" \/>\n\t<meta property=\"og:image:width\" content=\"900\" \/>\n\t<meta property=\"og:image:height\" content=\"497\" \/>\n\t<meta property=\"og:image:type\" content=\"image\/jpeg\" \/>\n<meta name=\"author\" content=\"darka mazi\" \/>\n<meta name=\"twitter:card\" content=\"summary_large_image\" \/>\n<meta name=\"twitter:creator\" content=\"@DarkaMaziLatini\" \/>\n<meta name=\"twitter:site\" content=\"@DarkaMaziLatini\" \/>\n<meta name=\"twitter:label1\" content=\"Written by\" \/>\n\t<meta name=\"twitter:data1\" content=\"darka mazi\" \/>\n\t<meta name=\"twitter:label2\" content=\"Est. reading time\" \/>\n\t<meta name=\"twitter:data2\" content=\"2 minutes\" \/>\n<script type=\"application\/ld+json\" class=\"seo-schema-graph\">{\"@context\":\"https:\\\/\\\/schema.org\",\"@graph\":[{\"@type\":\"Article\",\"@id\":\"https:\\\/\\\/darkamazi.info\\\/archives\\\/1031411#article\",\"isPartOf\":{\"@id\":\"https:\\\/\\\/darkamazi.info\\\/archives\\\/1031411\"},\"author\":{\"name\":\"darka mazi\",\"@id\":\"https:\\\/\\\/darkamazi.info\\\/#\\\/schema\\\/person\\\/5ad3e24553a0567993fa8ed4bd0a776c\"},\"headline\":\"27 rojin cenazey\u00ean 5 ger\u00eelayan li Heften\u00een\u00ea b\u00fbne xwarina \u00c7eqelan\",\"datePublished\":\"2022-07-25T18:07:19+00:00\",\"mainEntityOfPage\":{\"@id\":\"https:\\\/\\\/darkamazi.info\\\/archives\\\/1031411\"},\"wordCount\":336,\"publisher\":{\"@id\":\"https:\\\/\\\/darkamazi.info\\\/#organization\"},\"image\":{\"@id\":\"https:\\\/\\\/darkamazi.info\\\/archives\\\/1031411#primaryimage\"},\"thumbnailUrl\":\"https:\\\/\\\/darkamazi.info\\\/darka-content\\\/uploads\\\/2022\\\/07\\\/pkk-turkey-JITEM-Hancer-Timi-2.jpg\",\"keywords\":[\"sereke\"],\"articleSection\":[\"Kurdistan\"],\"inLanguage\":\"en-US\"},{\"@type\":\"WebPage\",\"@id\":\"https:\\\/\\\/darkamazi.info\\\/archives\\\/1031411\",\"url\":\"https:\\\/\\\/darkamazi.info\\\/archives\\\/1031411\",\"name\":\"27 rojin cenazey\u00ean 5 ger\u00eelayan li Heften\u00een\u00ea b\u00fbne xwarina \u00c7eqelan - Darka Maz\u00ee\",\"isPartOf\":{\"@id\":\"https:\\\/\\\/darkamazi.info\\\/#website\"},\"primaryImageOfPage\":{\"@id\":\"https:\\\/\\\/darkamazi.info\\\/archives\\\/1031411#primaryimage\"},\"image\":{\"@id\":\"https:\\\/\\\/darkamazi.info\\\/archives\\\/1031411#primaryimage\"},\"thumbnailUrl\":\"https:\\\/\\\/darkamazi.info\\\/darka-content\\\/uploads\\\/2022\\\/07\\\/pkk-turkey-JITEM-Hancer-Timi-2.jpg\",\"datePublished\":\"2022-07-25T18:07:19+00:00\",\"breadcrumb\":{\"@id\":\"https:\\\/\\\/darkamazi.info\\\/archives\\\/1031411#breadcrumb\"},\"inLanguage\":\"en-US\",\"potentialAction\":[{\"@type\":\"ReadAction\",\"target\":[\"https:\\\/\\\/darkamazi.info\\\/archives\\\/1031411\"]}]},{\"@type\":\"ImageObject\",\"inLanguage\":\"en-US\",\"@id\":\"https:\\\/\\\/darkamazi.info\\\/archives\\\/1031411#primaryimage\",\"url\":\"https:\\\/\\\/darkamazi.info\\\/darka-content\\\/uploads\\\/2022\\\/07\\\/pkk-turkey-JITEM-Hancer-Timi-2.jpg\",\"contentUrl\":\"https:\\\/\\\/darkamazi.info\\\/darka-content\\\/uploads\\\/2022\\\/07\\\/pkk-turkey-JITEM-Hancer-Timi-2.jpg\",\"width\":900,\"height\":497,\"caption\":\"27 rojin cenazey\u00ean 5 ger\u00eelayan li Heften\u00een\u00ea b\u00fbne xwarina \u00c7eqelan\"},{\"@type\":\"BreadcrumbList\",\"@id\":\"https:\\\/\\\/darkamazi.info\\\/archives\\\/1031411#breadcrumb\",\"itemListElement\":[{\"@type\":\"ListItem\",\"position\":1,\"name\":\"Home\",\"item\":\"https:\\\/\\\/darkamazi.info\\\/\"},{\"@type\":\"ListItem\",\"position\":2,\"name\":\"27 rojin cenazey\u00ean 5 ger\u00eelayan li Heften\u00een\u00ea b\u00fbne xwarina \u00c7eqelan\"}]},{\"@type\":\"WebSite\",\"@id\":\"https:\\\/\\\/darkamazi.info\\\/#website\",\"url\":\"https:\\\/\\\/darkamazi.info\\\/\",\"name\":\"Darka Maz\u00ee\",\"description\":\"P\u00eageha Zanyariy\u00ean Nebih\u00eest\u00ee\",\"publisher\":{\"@id\":\"https:\\\/\\\/darkamazi.info\\\/#organization\"},\"potentialAction\":[{\"@type\":\"SearchAction\",\"target\":{\"@type\":\"EntryPoint\",\"urlTemplate\":\"https:\\\/\\\/darkamazi.info\\\/?s={search_term_string}\"},\"query-input\":{\"@type\":\"PropertyValueSpecification\",\"valueRequired\":true,\"valueName\":\"search_term_string\"}}],\"inLanguage\":\"en-US\"},{\"@type\":\"Organization\",\"@id\":\"https:\\\/\\\/darkamazi.info\\\/#organization\",\"name\":\"Darka Maz\u00ee\",\"url\":\"https:\\\/\\\/darkamazi.info\\\/\",\"logo\":{\"@type\":\"ImageObject\",\"inLanguage\":\"en-US\",\"@id\":\"https:\\\/\\\/darkamazi.info\\\/#\\\/schema\\\/logo\\\/image\\\/\",\"url\":\"https:\\\/\\\/darkamazi.info\\\/darka-content\\\/uploads\\\/2017\\\/12\\\/darka-mazi-logo.png\",\"contentUrl\":\"https:\\\/\\\/darkamazi.info\\\/darka-content\\\/uploads\\\/2017\\\/12\\\/darka-mazi-logo.png\",\"width\":151,\"height\":75,\"caption\":\"Darka Maz\u00ee\"},\"image\":{\"@id\":\"https:\\\/\\\/darkamazi.info\\\/#\\\/schema\\\/logo\\\/image\\\/\"},\"sameAs\":[\"https:\\\/\\\/www.facebook.com\\\/DarMaziKurmanci\",\"https:\\\/\\\/x.com\\\/DarkaMaziLatini\",\"https:\\\/\\\/www.instagram.com\\\/darkamazi.kurmanci\\\/\",\"https:\\\/\\\/www.youtube.com\\\/channel\\\/UCa5HkTdmI8U1qCUFuTw8B2g\"]},{\"@type\":\"Person\",\"@id\":\"https:\\\/\\\/darkamazi.info\\\/#\\\/schema\\\/person\\\/5ad3e24553a0567993fa8ed4bd0a776c\",\"name\":\"darka mazi\",\"sameAs\":[\"https:\\\/\\\/darkamazi.info\\\/\"],\"url\":\"https:\\\/\\\/darkamazi.info\\\/archives\\\/author\\\/kurdi\"}]}<\/script>\n<!-- \/ Yoast SEO plugin. -->","seo_head_json":{"title":"27 rojin cenazey\u00ean 5 ger\u00eelayan li Heften\u00een\u00ea b\u00fbne xwarina \u00c7eqelan - Darka Maz\u00ee","robots":{"index":"index","follow":"follow","max-snippet":"max-snippet:-1","max-image-preview":"max-image-preview:large","max-video-preview":"max-video-preview:-1"},"canonical":"https:\/\/darkamazi.info\/archives\/1031411","og_locale":"en_US","og_type":"article","og_title":"27 rojin cenazey\u00ean 5 ger\u00eelayan li Heften\u00een\u00ea b\u00fbne xwarina \u00c7eqelan - Darka Maz\u00ee","og_description":"P\u00eanc ger\u00eelay\u00ean PKK\u2019\u00ea li Her\u00eama Heften\u00een\u00ea ya Ba\u015f\u00fbr\u00ea Kurdistan\u00ea ketin ber \u00ear\u00ee\u015fa balefir\u00ean ke\u015ff\u00ea \u00fb jiyana xwe ji dest dan, cesed\u00ean wan j\u00ee h\u00eajan li deriy\u00ea tunel\u00ea mane. \u00c7avkaniy\u00ean p\u00eageha &#8220;Darka Maz\u00ee&#8221; e\u015fkere kirin, \u015feva 28 ser 29 Xiz\u00eerana \u00eesal 2022an li Her\u00eama Heften\u00een\u00ea bi taybet li &#8220;\u015e\u00eeve M\u00eaz\u00ea&#8221; 5 ger\u00eelay\u00ean PKK\u2019\u00ea wexta ji tunel\u00ea [&hellip;]","og_url":"https:\/\/darkamazi.info\/archives\/1031411","og_site_name":"Darka Maz\u00ee","article_publisher":"https:\/\/www.facebook.com\/DarMaziKurmanci","article_published_time":"2022-07-25T18:07:19+00:00","og_image":[{"width":900,"height":497,"url":"https:\/\/darkamazi.info\/file\/2022\/07\/pkk-turkey-JITEM-Hancer-Timi-2.jpg","type":"image\/jpeg"}],"author":"darka mazi","twitter_card":"summary_large_image","twitter_creator":"@DarkaMaziLatini","twitter_site":"@DarkaMaziLatini","twitter_misc":{"Written by":"darka mazi","Est. reading time":"2 minutes"},"schema":{"@context":"https:\/\/schema.org","@graph":[{"@type":"Article","@id":"https:\/\/darkamazi.info\/archives\/1031411#article","isPartOf":{"@id":"https:\/\/darkamazi.info\/archives\/1031411"},"author":{"name":"darka mazi","@id":"https:\/\/darkamazi.info\/#\/schema\/person\/5ad3e24553a0567993fa8ed4bd0a776c"},"headline":"27 rojin cenazey\u00ean 5 ger\u00eelayan li Heften\u00een\u00ea b\u00fbne xwarina \u00c7eqelan","datePublished":"2022-07-25T18:07:19+00:00","mainEntityOfPage":{"@id":"https:\/\/darkamazi.info\/archives\/1031411"},"wordCount":336,"publisher":{"@id":"https:\/\/darkamazi.info\/#organization"},"image":{"@id":"https:\/\/darkamazi.info\/archives\/1031411#primaryimage"},"thumbnailUrl":"https:\/\/darkamazi.info\/file\/2022\/07\/pkk-turkey-JITEM-Hancer-Timi-2.jpg","keywords":["sereke"],"articleSection":["Kurdistan"],"inLanguage":"en-US"},{"@type":"WebPage","@id":"https:\/\/darkamazi.info\/archives\/1031411","url":"https:\/\/darkamazi.info\/archives\/1031411","name":"27 rojin cenazey\u00ean 5 ger\u00eelayan li Heften\u00een\u00ea b\u00fbne xwarina \u00c7eqelan - Darka Maz\u00ee","isPartOf":{"@id":"https:\/\/darkamazi.info\/#website"},"primaryImageOfPage":{"@id":"https:\/\/darkamazi.info\/archives\/1031411#primaryimage"},"image":{"@id":"https:\/\/darkamazi.info\/archives\/1031411#primaryimage"},"thumbnailUrl":"https:\/\/darkamazi.info\/file\/2022\/07\/pkk-turkey-JITEM-Hancer-Timi-2.jpg","datePublished":"2022-07-25T18:07:19+00:00","breadcrumb":{"@id":"https:\/\/darkamazi.info\/archives\/1031411#breadcrumb"},"inLanguage":"en-US","potentialAction":[{"@type":"ReadAction","target":["https:\/\/darkamazi.info\/archives\/1031411"]}]},{"@type":"ImageObject","inLanguage":"en-US","@id":"https:\/\/darkamazi.info\/archives\/1031411#primaryimage","url":"https:\/\/darkamazi.info\/file\/2022\/07\/pkk-turkey-JITEM-Hancer-Timi-2.jpg","contentUrl":"https:\/\/darkamazi.info\/file\/2022\/07\/pkk-turkey-JITEM-Hancer-Timi-2.jpg","width":900,"height":497,"caption":"27 rojin cenazey\u00ean 5 ger\u00eelayan li Heften\u00een\u00ea b\u00fbne xwarina \u00c7eqelan"},{"@type":"BreadcrumbList","@id":"https:\/\/darkamazi.info\/archives\/1031411#breadcrumb","itemListElement":[{"@type":"ListItem","position":1,"name":"Home","item":"https:\/\/darkamazi.info\/"},{"@type":"ListItem","position":2,"name":"27 rojin cenazey\u00ean 5 ger\u00eelayan li Heften\u00een\u00ea b\u00fbne xwarina \u00c7eqelan"}]},{"@type":"WebSite","@id":"https:\/\/darkamazi.info\/#website","url":"https:\/\/darkamazi.info\/","name":"Darka Maz\u00ee","description":"P\u00eageha Zanyariy\u00ean Nebih\u00eest\u00ee","publisher":{"@id":"https:\/\/darkamazi.info\/#organization"},"potentialAction":[{"@type":"SearchAction","target":{"@type":"EntryPoint","urlTemplate":"https:\/\/darkamazi.info\/?s={search_term_string}"},"query-input":{"@type":"PropertyValueSpecification","valueRequired":true,"valueName":"search_term_string"}}],"inLanguage":"en-US"},{"@type":"Organization","@id":"https:\/\/darkamazi.info\/#organization","name":"Darka Maz\u00ee","url":"https:\/\/darkamazi.info\/","logo":{"@type":"ImageObject","inLanguage":"en-US","@id":"https:\/\/darkamazi.info\/#\/schema\/logo\/image\/","url":"https:\/\/darkamazi.info\/file\/2017\/12\/darka-mazi-logo.png","contentUrl":"https:\/\/darkamazi.info\/file\/2017\/12\/darka-mazi-logo.png","width":151,"height":75,"caption":"Darka Maz\u00ee"},"image":{"@id":"https:\/\/darkamazi.info\/#\/schema\/logo\/image\/"},"sameAs":["https:\/\/www.facebook.com\/DarMaziKurmanci","https:\/\/x.com\/DarkaMaziLatini","https:\/\/www.instagram.com\/darkamazi.kurmanci\/","https:\/\/www.youtube.com\/channel\/UCa5HkTdmI8U1qCUFuTw8B2g"]},{"@type":"Person","@id":"https:\/\/darkamazi.info\/#\/schema\/person\/5ad3e24553a0567993fa8ed4bd0a776c","name":"darka mazi","sameAs":["https:\/\/darkamazi.info\/"],"url":"https:\/\/darkamazi.info\/archives\/author\/kurdi"}]}},"_links":{"self":[{"href":"https:\/\/darkamazi.info\/funavuv\/wp\/v2\/posts\/1031411","targetHints":{"allow":["GET"]}}],"collection":[{"href":"https:\/\/darkamazi.info\/funavuv\/wp\/v2\/posts"}],"about":[{"href":"https:\/\/darkamazi.info\/funavuv\/wp\/v2\/types\/post"}],"author":[{"embeddable":true,"href":"https:\/\/darkamazi.info\/funavuv\/wp\/v2\/users\/2"}],"replies":[{"embeddable":true,"href":"https:\/\/darkamazi.info\/funavuv\/wp\/v2\/comments?post=1031411"}],"version-history":[{"count":0,"href":"https:\/\/darkamazi.info\/funavuv\/wp\/v2\/posts\/1031411\/revisions"}],"wp:featuredmedia":[{"embeddable":true,"href":"https:\/\/darkamazi.info\/funavuv\/wp\/v2\/media\/1031412"}],"wp:attachment":[{"href":"https:\/\/darkamazi.info\/funavuv\/wp\/v2\/media?parent=1031411"}],"wp:term":[{"taxonomy":"category","embeddable":true,"href":"https:\/\/darkamazi.info\/funavuv\/wp\/v2\/categories?post=1031411"},{"taxonomy":"post_tag","embeddable":true,"href":"https:\/\/darkamazi.info\/funavuv\/wp\/v2\/tags?post=1031411"}],"curies":[{"name":"wp","href":"https:\/\/api.w.org\/{rel}","templated":true}]}}