{"id":1031418,"date":"2022-07-26T13:29:39","date_gmt":"2022-07-26T10:29:39","guid":{"rendered":"https:\/\/darkamazi.info\/?p=1031418"},"modified":"2022-07-26T13:38:27","modified_gmt":"2022-07-26T10:38:27","slug":"pkke-8-gerilayen-xwe-gullebaran-kirin","status":"publish","type":"post","link":"https:\/\/darkamazi.info\/archives\/1031418","title":{"rendered":"PKK\u2019\u00ea 8 ger\u00eelay\u00ean xwe li \u015e\u00ealadiz\u00ea gullebaran kirin"},"content":{"rendered":"<h3 style=\"text-align: justify\"><span style=\"font-family: 'arial black', sans-serif\">Cenazey\u00ean 8 ger\u00eelay\u00ean PKK\u2019\u00ea li \u00e7iyay\u00ea Kurejar t\u00ean d\u00eetin, guman t\u00ea kirin PKK\u2019\u00ea bi xwe ew ger\u00eela ku\u015ftibin.<\/span><\/h3>\n<h3 style=\"text-align: justify\">Yek ji \u015f\u00eaniy\u00ean nahiya \u015e\u00ealadiz\u00ea ku nexwest ji ber parastina can\u00ea xwe nav\u00ea w\u00ee were e\u015fkere kirin ji &#8220;Darka Maz\u00ee&#8221; re ragihand, ji aliy\u00ea \u015f\u00eaniy\u00ean \u015e\u00ealadiz\u00ea ve y\u00ean ku di\u00e7in \u00e7iyay\u00ea kurejar cenazey\u00ean 8 ger\u00eelay\u00ean PKK\u2019\u00ea hatine d\u00eetin ku tev bi gulley\u00ean kela\u015f\u00eenkof\u00ea hatine ku\u015ftin \u00fb dema 19 rojane ew cenaze li ber deriy\u00ea \u015fikefta Gaber\u00ea b\u00eay xwed\u00ee mane.<\/h3>\n<h3 style=\"text-align: justify\">Ev \u015f\u00eaniy\u00ea nahiya \u015e\u00ealadiz\u00ea dib\u00eaje, li gor gotin\u00ean \u015fivan \u00fb kes\u00ean ku seredana \u00e7iyay\u00ea Kurejar dikin, 8 cenazey\u00ean ger\u00eelay\u00ean PKK\u2019\u00ea yek j\u00ea zilam \u00fb 7 jin, li ber deriy\u00ea \u015fikefta Gaber\u00ea ku dikeve pi\u015fta Tata Mah\u00eena li \u00e7iyay\u00ea Kurejar \u00ea hindav\u00ee nahiya \u015e\u00ealadiz\u00ea li Ba\u015f\u00fbr\u00ea Kurdistan\u00ea ketine.<\/h3>\n<h3 style=\"text-align: justify\">Guman t\u00ea kirin ev 8 ger\u00eela ji aliy\u00ea PKK\u2019\u00ea bi xwe ve hatibin ku\u015ftin, ji ber ku wan xwestiye xwe radest\u00ee saziy\u00ean ewlehiy\u00ea y\u00ean Hik\u00fbmeta Her\u00eama Kurdistan\u00ea bikin, l\u00ea bel\u00ea ji ber ku ev yek li cem PKK\u2019\u00ea bi \u00eexanet t\u00ea naskirin ew ger\u00eela gullebaran kirine.<\/h3>\n<h3 style=\"text-align: justify\">Her weha e\u015fkere kirin, li roja 7\/7\/2022yan hin ji \u015f\u00eaniy\u00ean \u015e\u00ealadiz\u00ea xwestine bi\u00e7in \u00fb cenazey\u00ean wan ger\u00eelayan binax bikin, l\u00ea ji ber \u00ear\u00ee\u015f\u00ean dewleta Tirkiy\u00ea li ser v\u00ea Her\u00eam\u00ea nekar\u00eene v\u00ee kar\u00ee encam bidin.<\/h3>\n","protected":false},"excerpt":{"rendered":"<p>Cenazey\u00ean 8 ger\u00eelay\u00ean PKK\u2019\u00ea li \u00e7iyay\u00ea Kurejar t\u00ean d\u00eetin, guman t\u00ea kirin PKK\u2019\u00ea bi xwe ew ger\u00eela ku\u015ftibin. Yek ji \u015f\u00eaniy\u00ean nahiya \u015e\u00ealadiz\u00ea ku nexwest ji ber parastina can\u00ea xwe nav\u00ea w\u00ee were e\u015fkere kirin ji &#8220;Darka Maz\u00ee&#8221; re ragihand, ji aliy\u00ea \u015f\u00eaniy\u00ean \u015e\u00ealadiz\u00ea ve y\u00ean ku di\u00e7in \u00e7iyay\u00ea kurejar cenazey\u00ean 8 ger\u00eelay\u00ean PKK\u2019\u00ea hatine [&hellip;]<\/p>\n","protected":false},"author":2,"featured_media":1031419,"comment_status":"closed","ping_status":"closed","sticky":false,"template":"","format":"standard","meta":{"footnotes":""},"categories":[29],"tags":[37],"class_list":["post-1031418","post","type-post","status-publish","format-standard","has-post-thumbnail","hentry","category-kurdistan","tag-sereke"],"blocksy_meta":[],"seo_head":"<!-- This site is optimized with the Yoast SEO plugin v27.5 - https:\/\/yoast.com\/product\/yoast-seo-wordpress\/ -->\n<title>PKK\u2019\u00ea 8 ger\u00eelay\u00ean xwe li \u015e\u00ealadiz\u00ea gullebaran kirin - Darka Maz\u00ee<\/title>\n<meta name=\"robots\" content=\"index, follow, max-snippet:-1, max-image-preview:large, max-video-preview:-1\" \/>\n<link rel=\"canonical\" href=\"https:\/\/darkamazi.info\/archives\/1031418\" \/>\n<meta property=\"og:locale\" content=\"en_US\" \/>\n<meta property=\"og:type\" content=\"article\" \/>\n<meta property=\"og:title\" content=\"PKK\u2019\u00ea 8 ger\u00eelay\u00ean xwe li \u015e\u00ealadiz\u00ea gullebaran kirin - Darka Maz\u00ee\" \/>\n<meta property=\"og:description\" content=\"Cenazey\u00ean 8 ger\u00eelay\u00ean PKK\u2019\u00ea li \u00e7iyay\u00ea Kurejar t\u00ean d\u00eetin, guman t\u00ea kirin PKK\u2019\u00ea bi xwe ew ger\u00eela ku\u015ftibin. Yek ji \u015f\u00eaniy\u00ean nahiya \u015e\u00ealadiz\u00ea ku nexwest ji ber parastina can\u00ea xwe nav\u00ea w\u00ee were e\u015fkere kirin ji &#8220;Darka Maz\u00ee&#8221; re ragihand, ji aliy\u00ea \u015f\u00eaniy\u00ean \u015e\u00ealadiz\u00ea ve y\u00ean ku di\u00e7in \u00e7iyay\u00ea kurejar cenazey\u00ean 8 ger\u00eelay\u00ean PKK\u2019\u00ea hatine [&hellip;]\" \/>\n<meta property=\"og:url\" content=\"https:\/\/darkamazi.info\/archives\/1031418\" \/>\n<meta property=\"og:site_name\" content=\"Darka Maz\u00ee\" \/>\n<meta property=\"article:publisher\" content=\"https:\/\/www.facebook.com\/DarMaziKurmanci\" \/>\n<meta property=\"article:published_time\" content=\"2022-07-26T10:29:39+00:00\" \/>\n<meta property=\"article:modified_time\" content=\"2022-07-26T10:38:27+00:00\" \/>\n<meta property=\"og:image\" content=\"https:\/\/darkamazi.info\/file\/2022\/07\/Seladize-pkk.jpg\" \/>\n\t<meta property=\"og:image:width\" content=\"900\" \/>\n\t<meta property=\"og:image:height\" content=\"497\" \/>\n\t<meta property=\"og:image:type\" content=\"image\/jpeg\" \/>\n<meta name=\"author\" content=\"darka mazi\" \/>\n<meta name=\"twitter:card\" content=\"summary_large_image\" \/>\n<meta name=\"twitter:creator\" content=\"@DarkaMaziLatini\" \/>\n<meta name=\"twitter:site\" content=\"@DarkaMaziLatini\" \/>\n<meta name=\"twitter:label1\" content=\"Written by\" \/>\n\t<meta name=\"twitter:data1\" content=\"darka mazi\" \/>\n\t<meta name=\"twitter:label2\" content=\"Est. reading time\" \/>\n\t<meta name=\"twitter:data2\" content=\"1 minute\" \/>\n<script type=\"application\/ld+json\" class=\"seo-schema-graph\">{\"@context\":\"https:\\\/\\\/schema.org\",\"@graph\":[{\"@type\":\"Article\",\"@id\":\"https:\\\/\\\/darkamazi.info\\\/archives\\\/1031418#article\",\"isPartOf\":{\"@id\":\"https:\\\/\\\/darkamazi.info\\\/archives\\\/1031418\"},\"author\":{\"name\":\"darka mazi\",\"@id\":\"https:\\\/\\\/darkamazi.info\\\/#\\\/schema\\\/person\\\/5ad3e24553a0567993fa8ed4bd0a776c\"},\"headline\":\"PKK\u2019\u00ea 8 ger\u00eelay\u00ean xwe li \u015e\u00ealadiz\u00ea gullebaran kirin\",\"datePublished\":\"2022-07-26T10:29:39+00:00\",\"dateModified\":\"2022-07-26T10:38:27+00:00\",\"mainEntityOfPage\":{\"@id\":\"https:\\\/\\\/darkamazi.info\\\/archives\\\/1031418\"},\"wordCount\":246,\"publisher\":{\"@id\":\"https:\\\/\\\/darkamazi.info\\\/#organization\"},\"image\":{\"@id\":\"https:\\\/\\\/darkamazi.info\\\/archives\\\/1031418#primaryimage\"},\"thumbnailUrl\":\"https:\\\/\\\/darkamazi.info\\\/darka-content\\\/uploads\\\/2022\\\/07\\\/Seladize-pkk.jpg\",\"keywords\":[\"sereke\"],\"articleSection\":[\"Kurdistan\"],\"inLanguage\":\"en-US\"},{\"@type\":\"WebPage\",\"@id\":\"https:\\\/\\\/darkamazi.info\\\/archives\\\/1031418\",\"url\":\"https:\\\/\\\/darkamazi.info\\\/archives\\\/1031418\",\"name\":\"PKK\u2019\u00ea 8 ger\u00eelay\u00ean xwe li \u015e\u00ealadiz\u00ea gullebaran kirin - Darka Maz\u00ee\",\"isPartOf\":{\"@id\":\"https:\\\/\\\/darkamazi.info\\\/#website\"},\"primaryImageOfPage\":{\"@id\":\"https:\\\/\\\/darkamazi.info\\\/archives\\\/1031418#primaryimage\"},\"image\":{\"@id\":\"https:\\\/\\\/darkamazi.info\\\/archives\\\/1031418#primaryimage\"},\"thumbnailUrl\":\"https:\\\/\\\/darkamazi.info\\\/darka-content\\\/uploads\\\/2022\\\/07\\\/Seladize-pkk.jpg\",\"datePublished\":\"2022-07-26T10:29:39+00:00\",\"dateModified\":\"2022-07-26T10:38:27+00:00\",\"breadcrumb\":{\"@id\":\"https:\\\/\\\/darkamazi.info\\\/archives\\\/1031418#breadcrumb\"},\"inLanguage\":\"en-US\",\"potentialAction\":[{\"@type\":\"ReadAction\",\"target\":[\"https:\\\/\\\/darkamazi.info\\\/archives\\\/1031418\"]}]},{\"@type\":\"ImageObject\",\"inLanguage\":\"en-US\",\"@id\":\"https:\\\/\\\/darkamazi.info\\\/archives\\\/1031418#primaryimage\",\"url\":\"https:\\\/\\\/darkamazi.info\\\/darka-content\\\/uploads\\\/2022\\\/07\\\/Seladize-pkk.jpg\",\"contentUrl\":\"https:\\\/\\\/darkamazi.info\\\/darka-content\\\/uploads\\\/2022\\\/07\\\/Seladize-pkk.jpg\",\"width\":900,\"height\":497,\"caption\":\"PKK\u2019\u00ea 8 ger\u00eelay\u00ean xwe gullebaran kirin\"},{\"@type\":\"BreadcrumbList\",\"@id\":\"https:\\\/\\\/darkamazi.info\\\/archives\\\/1031418#breadcrumb\",\"itemListElement\":[{\"@type\":\"ListItem\",\"position\":1,\"name\":\"Home\",\"item\":\"https:\\\/\\\/darkamazi.info\\\/\"},{\"@type\":\"ListItem\",\"position\":2,\"name\":\"PKK\u2019\u00ea 8 ger\u00eelay\u00ean xwe li \u015e\u00ealadiz\u00ea gullebaran kirin\"}]},{\"@type\":\"WebSite\",\"@id\":\"https:\\\/\\\/darkamazi.info\\\/#website\",\"url\":\"https:\\\/\\\/darkamazi.info\\\/\",\"name\":\"Darka Maz\u00ee\",\"description\":\"P\u00eageha Zanyariy\u00ean Nebih\u00eest\u00ee\",\"publisher\":{\"@id\":\"https:\\\/\\\/darkamazi.info\\\/#organization\"},\"potentialAction\":[{\"@type\":\"SearchAction\",\"target\":{\"@type\":\"EntryPoint\",\"urlTemplate\":\"https:\\\/\\\/darkamazi.info\\\/?s={search_term_string}\"},\"query-input\":{\"@type\":\"PropertyValueSpecification\",\"valueRequired\":true,\"valueName\":\"search_term_string\"}}],\"inLanguage\":\"en-US\"},{\"@type\":\"Organization\",\"@id\":\"https:\\\/\\\/darkamazi.info\\\/#organization\",\"name\":\"Darka Maz\u00ee\",\"url\":\"https:\\\/\\\/darkamazi.info\\\/\",\"logo\":{\"@type\":\"ImageObject\",\"inLanguage\":\"en-US\",\"@id\":\"https:\\\/\\\/darkamazi.info\\\/#\\\/schema\\\/logo\\\/image\\\/\",\"url\":\"https:\\\/\\\/darkamazi.info\\\/darka-content\\\/uploads\\\/2017\\\/12\\\/darka-mazi-logo.png\",\"contentUrl\":\"https:\\\/\\\/darkamazi.info\\\/darka-content\\\/uploads\\\/2017\\\/12\\\/darka-mazi-logo.png\",\"width\":151,\"height\":75,\"caption\":\"Darka Maz\u00ee\"},\"image\":{\"@id\":\"https:\\\/\\\/darkamazi.info\\\/#\\\/schema\\\/logo\\\/image\\\/\"},\"sameAs\":[\"https:\\\/\\\/www.facebook.com\\\/DarMaziKurmanci\",\"https:\\\/\\\/x.com\\\/DarkaMaziLatini\",\"https:\\\/\\\/www.instagram.com\\\/darkamazi.kurmanci\\\/\",\"https:\\\/\\\/www.youtube.com\\\/channel\\\/UCa5HkTdmI8U1qCUFuTw8B2g\"]},{\"@type\":\"Person\",\"@id\":\"https:\\\/\\\/darkamazi.info\\\/#\\\/schema\\\/person\\\/5ad3e24553a0567993fa8ed4bd0a776c\",\"name\":\"darka mazi\",\"sameAs\":[\"https:\\\/\\\/darkamazi.info\\\/\"],\"url\":\"https:\\\/\\\/darkamazi.info\\\/archives\\\/author\\\/kurdi\"}]}<\/script>\n<!-- \/ Yoast SEO plugin. -->","seo_head_json":{"title":"PKK\u2019\u00ea 8 ger\u00eelay\u00ean xwe li \u015e\u00ealadiz\u00ea gullebaran kirin - Darka Maz\u00ee","robots":{"index":"index","follow":"follow","max-snippet":"max-snippet:-1","max-image-preview":"max-image-preview:large","max-video-preview":"max-video-preview:-1"},"canonical":"https:\/\/darkamazi.info\/archives\/1031418","og_locale":"en_US","og_type":"article","og_title":"PKK\u2019\u00ea 8 ger\u00eelay\u00ean xwe li \u015e\u00ealadiz\u00ea gullebaran kirin - Darka Maz\u00ee","og_description":"Cenazey\u00ean 8 ger\u00eelay\u00ean PKK\u2019\u00ea li \u00e7iyay\u00ea Kurejar t\u00ean d\u00eetin, guman t\u00ea kirin PKK\u2019\u00ea bi xwe ew ger\u00eela ku\u015ftibin. Yek ji \u015f\u00eaniy\u00ean nahiya \u015e\u00ealadiz\u00ea ku nexwest ji ber parastina can\u00ea xwe nav\u00ea w\u00ee were e\u015fkere kirin ji &#8220;Darka Maz\u00ee&#8221; re ragihand, ji aliy\u00ea \u015f\u00eaniy\u00ean \u015e\u00ealadiz\u00ea ve y\u00ean ku di\u00e7in \u00e7iyay\u00ea kurejar cenazey\u00ean 8 ger\u00eelay\u00ean PKK\u2019\u00ea hatine [&hellip;]","og_url":"https:\/\/darkamazi.info\/archives\/1031418","og_site_name":"Darka Maz\u00ee","article_publisher":"https:\/\/www.facebook.com\/DarMaziKurmanci","article_published_time":"2022-07-26T10:29:39+00:00","article_modified_time":"2022-07-26T10:38:27+00:00","og_image":[{"width":900,"height":497,"url":"https:\/\/darkamazi.info\/file\/2022\/07\/Seladize-pkk.jpg","type":"image\/jpeg"}],"author":"darka mazi","twitter_card":"summary_large_image","twitter_creator":"@DarkaMaziLatini","twitter_site":"@DarkaMaziLatini","twitter_misc":{"Written by":"darka mazi","Est. reading time":"1 minute"},"schema":{"@context":"https:\/\/schema.org","@graph":[{"@type":"Article","@id":"https:\/\/darkamazi.info\/archives\/1031418#article","isPartOf":{"@id":"https:\/\/darkamazi.info\/archives\/1031418"},"author":{"name":"darka mazi","@id":"https:\/\/darkamazi.info\/#\/schema\/person\/5ad3e24553a0567993fa8ed4bd0a776c"},"headline":"PKK\u2019\u00ea 8 ger\u00eelay\u00ean xwe li \u015e\u00ealadiz\u00ea gullebaran kirin","datePublished":"2022-07-26T10:29:39+00:00","dateModified":"2022-07-26T10:38:27+00:00","mainEntityOfPage":{"@id":"https:\/\/darkamazi.info\/archives\/1031418"},"wordCount":246,"publisher":{"@id":"https:\/\/darkamazi.info\/#organization"},"image":{"@id":"https:\/\/darkamazi.info\/archives\/1031418#primaryimage"},"thumbnailUrl":"https:\/\/darkamazi.info\/file\/2022\/07\/Seladize-pkk.jpg","keywords":["sereke"],"articleSection":["Kurdistan"],"inLanguage":"en-US"},{"@type":"WebPage","@id":"https:\/\/darkamazi.info\/archives\/1031418","url":"https:\/\/darkamazi.info\/archives\/1031418","name":"PKK\u2019\u00ea 8 ger\u00eelay\u00ean xwe li \u015e\u00ealadiz\u00ea gullebaran kirin - Darka Maz\u00ee","isPartOf":{"@id":"https:\/\/darkamazi.info\/#website"},"primaryImageOfPage":{"@id":"https:\/\/darkamazi.info\/archives\/1031418#primaryimage"},"image":{"@id":"https:\/\/darkamazi.info\/archives\/1031418#primaryimage"},"thumbnailUrl":"https:\/\/darkamazi.info\/file\/2022\/07\/Seladize-pkk.jpg","datePublished":"2022-07-26T10:29:39+00:00","dateModified":"2022-07-26T10:38:27+00:00","breadcrumb":{"@id":"https:\/\/darkamazi.info\/archives\/1031418#breadcrumb"},"inLanguage":"en-US","potentialAction":[{"@type":"ReadAction","target":["https:\/\/darkamazi.info\/archives\/1031418"]}]},{"@type":"ImageObject","inLanguage":"en-US","@id":"https:\/\/darkamazi.info\/archives\/1031418#primaryimage","url":"https:\/\/darkamazi.info\/file\/2022\/07\/Seladize-pkk.jpg","contentUrl":"https:\/\/darkamazi.info\/file\/2022\/07\/Seladize-pkk.jpg","width":900,"height":497,"caption":"PKK\u2019\u00ea 8 ger\u00eelay\u00ean xwe gullebaran kirin"},{"@type":"BreadcrumbList","@id":"https:\/\/darkamazi.info\/archives\/1031418#breadcrumb","itemListElement":[{"@type":"ListItem","position":1,"name":"Home","item":"https:\/\/darkamazi.info\/"},{"@type":"ListItem","position":2,"name":"PKK\u2019\u00ea 8 ger\u00eelay\u00ean xwe li \u015e\u00ealadiz\u00ea gullebaran kirin"}]},{"@type":"WebSite","@id":"https:\/\/darkamazi.info\/#website","url":"https:\/\/darkamazi.info\/","name":"Darka Maz\u00ee","description":"P\u00eageha Zanyariy\u00ean Nebih\u00eest\u00ee","publisher":{"@id":"https:\/\/darkamazi.info\/#organization"},"potentialAction":[{"@type":"SearchAction","target":{"@type":"EntryPoint","urlTemplate":"https:\/\/darkamazi.info\/?s={search_term_string}"},"query-input":{"@type":"PropertyValueSpecification","valueRequired":true,"valueName":"search_term_string"}}],"inLanguage":"en-US"},{"@type":"Organization","@id":"https:\/\/darkamazi.info\/#organization","name":"Darka Maz\u00ee","url":"https:\/\/darkamazi.info\/","logo":{"@type":"ImageObject","inLanguage":"en-US","@id":"https:\/\/darkamazi.info\/#\/schema\/logo\/image\/","url":"https:\/\/darkamazi.info\/file\/2017\/12\/darka-mazi-logo.png","contentUrl":"https:\/\/darkamazi.info\/file\/2017\/12\/darka-mazi-logo.png","width":151,"height":75,"caption":"Darka Maz\u00ee"},"image":{"@id":"https:\/\/darkamazi.info\/#\/schema\/logo\/image\/"},"sameAs":["https:\/\/www.facebook.com\/DarMaziKurmanci","https:\/\/x.com\/DarkaMaziLatini","https:\/\/www.instagram.com\/darkamazi.kurmanci\/","https:\/\/www.youtube.com\/channel\/UCa5HkTdmI8U1qCUFuTw8B2g"]},{"@type":"Person","@id":"https:\/\/darkamazi.info\/#\/schema\/person\/5ad3e24553a0567993fa8ed4bd0a776c","name":"darka mazi","sameAs":["https:\/\/darkamazi.info\/"],"url":"https:\/\/darkamazi.info\/archives\/author\/kurdi"}]}},"_links":{"self":[{"href":"https:\/\/darkamazi.info\/funavuv\/wp\/v2\/posts\/1031418","targetHints":{"allow":["GET"]}}],"collection":[{"href":"https:\/\/darkamazi.info\/funavuv\/wp\/v2\/posts"}],"about":[{"href":"https:\/\/darkamazi.info\/funavuv\/wp\/v2\/types\/post"}],"author":[{"embeddable":true,"href":"https:\/\/darkamazi.info\/funavuv\/wp\/v2\/users\/2"}],"replies":[{"embeddable":true,"href":"https:\/\/darkamazi.info\/funavuv\/wp\/v2\/comments?post=1031418"}],"version-history":[{"count":0,"href":"https:\/\/darkamazi.info\/funavuv\/wp\/v2\/posts\/1031418\/revisions"}],"wp:featuredmedia":[{"embeddable":true,"href":"https:\/\/darkamazi.info\/funavuv\/wp\/v2\/media\/1031419"}],"wp:attachment":[{"href":"https:\/\/darkamazi.info\/funavuv\/wp\/v2\/media?parent=1031418"}],"wp:term":[{"taxonomy":"category","embeddable":true,"href":"https:\/\/darkamazi.info\/funavuv\/wp\/v2\/categories?post=1031418"},{"taxonomy":"post_tag","embeddable":true,"href":"https:\/\/darkamazi.info\/funavuv\/wp\/v2\/tags?post=1031418"}],"curies":[{"name":"wp","href":"https:\/\/api.w.org\/{rel}","templated":true}]}}