{"id":1031434,"date":"2022-07-26T20:01:41","date_gmt":"2022-07-26T17:01:41","guid":{"rendered":"https:\/\/darkamazi.info\/?p=1031434"},"modified":"2022-07-26T20:01:41","modified_gmt":"2022-07-26T17:01:41","slug":"ceteyen-pkke-du-zaroken-din-revandin","status":"publish","type":"post","link":"https:\/\/darkamazi.info\/archives\/1031434","title":{"rendered":"\u00c7etey\u00ean PKK\u00ea du zarok\u00ean din revandin"},"content":{"rendered":"<h3 style=\"text-align: justify\"><span style=\"font-family: 'arial black', sans-serif\">Tevgera Ciwan\u00ean \u015eore\u015fger ya gir\u00eaday\u00ee R\u00eaveber\u00eeya Xweser a Rojavay\u00ea Kurdistan\u00ea, d\u00fb zarok\u00ean din y\u00ean bi nav\u00ea Meryem Ebdulla El\u00ee \u00fb Mihemed Edhem Xel\u00eel revandin \u00fb dayik\u00ean wan banga vegerandina zarok\u00ean xwe dikin.<\/span><\/h3>\n<h3 style=\"text-align: justify\"><span style=\"font-family: arial, helvetica, sans-serif\">Hat ragihandin ku tevgera bi nav\u00ea \u201cCiwan\u00ean \u015eore\u015fger\u201d y\u00ean ku raste rast bi fermana Qend\u00eel\u00ea \u00fb \u015fexs\u00ea Cem\u00eel Bay\u00eek kar\u00ea revandina zarokan \u00fb \u00ee\u015fkenceya kes\u00ean welatpar\u00eaz \u00fb \u00ear\u00ee\u015fa ser baregeh\u00ean partiy\u00ean Kurdistan\u00ee dikin, du zarok\u00ean 14 sal\u00ee y\u00eak j\u00ea ke\u00e7 li Rojava revandine \u00fb \u00e7aren\u00fbsa wan nediyare.<\/span><\/h3>\n<h3 style=\"text-align: justify\"><span style=\"font-family: 'arial black', sans-serif;color: #808080\">Zarok\u00ean revand\u00ee evin:<\/span><\/h3>\n<h3 style=\"text-align: justify\"><span style=\"font-family: 'arial black', sans-serif;color: #8f0303\">\u00a01- Mihemed Edhem Xel\u00eel<\/span><\/h3>\n<h3 style=\"text-align: justify\"><span style=\"font-family: arial, helvetica, sans-serif\">Cih\u00ea revandin\u00ea: Eefr\u00een<\/span><\/h3>\n<h3 style=\"text-align: justify\"><span style=\"font-family: arial, helvetica, sans-serif\">Sala revandin\u00ea: 2016<\/span><\/h3>\n<h3 style=\"text-align: justify\"><span style=\"font-family: 'arial black', sans-serif;color: #8f0303\">2- Meryem Ebdulla El\u00ee<\/span><\/h3>\n<h3 style=\"text-align: justify\"><span style=\"font-family: arial, helvetica, sans-serif\">Cih\u00ea revandin\u00ea: Koban\u00ea<\/span><\/h3>\n<h3 style=\"text-align: justify\"><span style=\"font-family: arial, helvetica, sans-serif\">Sala revandin\u00ea: 7\/7\/2022<\/span><\/h3>\n<h3 style=\"text-align: justify\"><span style=\"font-family: arial, helvetica, sans-serif\">Li gor\u00ee gotina dayik\u00ean van du zarokan ku bi r\u00eaya kenala ARK \u00ea banga vegerandina zarok\u00ean xwe dikirin, \u00e7aren\u00fbsa Meryem \u00fb Mihemed nediyare.<\/span><\/h3>\n<h3 style=\"text-align: justify\"><span style=\"font-family: arial, helvetica, sans-serif\">R\u00eaxistina PKK\u00ea \u00fb bask\u00ea w\u00ea y\u00ea Rojava ji boy \u00e7\u00eakirina \u015fervanan pi\u015ftbestin\u00ea li ser revandina zarok\u00ean Kurdan dikin, ev y\u00eak j\u00ee ji h\u00eala r\u00eaxistin\u00ean navdewlet\u00ee \u00fb y\u00ean parastina maf\u00ean zarokan tesb\u00eet kiriye.<\/span><\/h3>\n","protected":false},"excerpt":{"rendered":"<p>Tevgera Ciwan\u00ean \u015eore\u015fger ya gir\u00eaday\u00ee R\u00eaveber\u00eeya Xweser a Rojavay\u00ea Kurdistan\u00ea, d\u00fb zarok\u00ean din y\u00ean bi nav\u00ea Meryem Ebdulla El\u00ee \u00fb Mihemed Edhem Xel\u00eel revandin \u00fb dayik\u00ean wan banga vegerandina zarok\u00ean xwe dikin. Hat ragihandin ku tevgera bi nav\u00ea \u201cCiwan\u00ean \u015eore\u015fger\u201d y\u00ean ku raste rast bi fermana Qend\u00eel\u00ea \u00fb \u015fexs\u00ea Cem\u00eel Bay\u00eek kar\u00ea revandina zarokan \u00fb [&hellip;]<\/p>\n","protected":false},"author":2,"featured_media":1031435,"comment_status":"closed","ping_status":"closed","sticky":false,"template":"","format":"standard","meta":{"footnotes":""},"categories":[29],"tags":[37],"class_list":["post-1031434","post","type-post","status-publish","format-standard","has-post-thumbnail","hentry","category-kurdistan","tag-sereke"],"blocksy_meta":[],"seo_head":"<!-- This site is optimized with the Yoast SEO plugin v27.5 - https:\/\/yoast.com\/product\/yoast-seo-wordpress\/ -->\n<title>\u00c7etey\u00ean PKK\u00ea du zarok\u00ean din revandin - Darka Maz\u00ee<\/title>\n<meta name=\"robots\" content=\"index, follow, max-snippet:-1, max-image-preview:large, max-video-preview:-1\" \/>\n<link rel=\"canonical\" href=\"https:\/\/darkamazi.info\/archives\/1031434\" \/>\n<meta property=\"og:locale\" content=\"en_US\" \/>\n<meta property=\"og:type\" content=\"article\" \/>\n<meta property=\"og:title\" content=\"\u00c7etey\u00ean PKK\u00ea du zarok\u00ean din revandin - Darka Maz\u00ee\" \/>\n<meta property=\"og:description\" content=\"Tevgera Ciwan\u00ean \u015eore\u015fger ya gir\u00eaday\u00ee R\u00eaveber\u00eeya Xweser a Rojavay\u00ea Kurdistan\u00ea, d\u00fb zarok\u00ean din y\u00ean bi nav\u00ea Meryem Ebdulla El\u00ee \u00fb Mihemed Edhem Xel\u00eel revandin \u00fb dayik\u00ean wan banga vegerandina zarok\u00ean xwe dikin. Hat ragihandin ku tevgera bi nav\u00ea \u201cCiwan\u00ean \u015eore\u015fger\u201d y\u00ean ku raste rast bi fermana Qend\u00eel\u00ea \u00fb \u015fexs\u00ea Cem\u00eel Bay\u00eek kar\u00ea revandina zarokan \u00fb [&hellip;]\" \/>\n<meta property=\"og:url\" content=\"https:\/\/darkamazi.info\/archives\/1031434\" \/>\n<meta property=\"og:site_name\" content=\"Darka Maz\u00ee\" \/>\n<meta property=\"article:publisher\" content=\"https:\/\/www.facebook.com\/DarMaziKurmanci\" \/>\n<meta property=\"article:published_time\" content=\"2022-07-26T17:01:41+00:00\" \/>\n<meta property=\"og:image\" content=\"https:\/\/darkamazi.info\/file\/2022\/07\/pkk-efrin-kobani-zarok-revandin-kck-qsd-hsd-ypg-ciwanen-shorashgar.jpg\" \/>\n\t<meta property=\"og:image:width\" content=\"900\" \/>\n\t<meta property=\"og:image:height\" content=\"497\" \/>\n\t<meta property=\"og:image:type\" content=\"image\/jpeg\" \/>\n<meta name=\"author\" content=\"darka mazi\" \/>\n<meta name=\"twitter:card\" content=\"summary_large_image\" \/>\n<meta name=\"twitter:creator\" content=\"@DarkaMaziLatini\" \/>\n<meta name=\"twitter:site\" content=\"@DarkaMaziLatini\" \/>\n<meta name=\"twitter:label1\" content=\"Written by\" \/>\n\t<meta name=\"twitter:data1\" content=\"darka mazi\" \/>\n\t<meta name=\"twitter:label2\" content=\"Est. reading time\" \/>\n\t<meta name=\"twitter:data2\" content=\"1 minute\" \/>\n<script type=\"application\/ld+json\" class=\"seo-schema-graph\">{\"@context\":\"https:\\\/\\\/schema.org\",\"@graph\":[{\"@type\":\"Article\",\"@id\":\"https:\\\/\\\/darkamazi.info\\\/archives\\\/1031434#article\",\"isPartOf\":{\"@id\":\"https:\\\/\\\/darkamazi.info\\\/archives\\\/1031434\"},\"author\":{\"name\":\"darka mazi\",\"@id\":\"https:\\\/\\\/darkamazi.info\\\/#\\\/schema\\\/person\\\/5ad3e24553a0567993fa8ed4bd0a776c\"},\"headline\":\"\u00c7etey\u00ean PKK\u00ea du zarok\u00ean din revandin\",\"datePublished\":\"2022-07-26T17:01:41+00:00\",\"mainEntityOfPage\":{\"@id\":\"https:\\\/\\\/darkamazi.info\\\/archives\\\/1031434\"},\"wordCount\":193,\"publisher\":{\"@id\":\"https:\\\/\\\/darkamazi.info\\\/#organization\"},\"image\":{\"@id\":\"https:\\\/\\\/darkamazi.info\\\/archives\\\/1031434#primaryimage\"},\"thumbnailUrl\":\"https:\\\/\\\/darkamazi.info\\\/darka-content\\\/uploads\\\/2022\\\/07\\\/pkk-efrin-kobani-zarok-revandin-kck-qsd-hsd-ypg-ciwanen-shorashgar.jpg\",\"keywords\":[\"sereke\"],\"articleSection\":[\"Kurdistan\"],\"inLanguage\":\"en-US\"},{\"@type\":\"WebPage\",\"@id\":\"https:\\\/\\\/darkamazi.info\\\/archives\\\/1031434\",\"url\":\"https:\\\/\\\/darkamazi.info\\\/archives\\\/1031434\",\"name\":\"\u00c7etey\u00ean PKK\u00ea du zarok\u00ean din revandin - Darka Maz\u00ee\",\"isPartOf\":{\"@id\":\"https:\\\/\\\/darkamazi.info\\\/#website\"},\"primaryImageOfPage\":{\"@id\":\"https:\\\/\\\/darkamazi.info\\\/archives\\\/1031434#primaryimage\"},\"image\":{\"@id\":\"https:\\\/\\\/darkamazi.info\\\/archives\\\/1031434#primaryimage\"},\"thumbnailUrl\":\"https:\\\/\\\/darkamazi.info\\\/darka-content\\\/uploads\\\/2022\\\/07\\\/pkk-efrin-kobani-zarok-revandin-kck-qsd-hsd-ypg-ciwanen-shorashgar.jpg\",\"datePublished\":\"2022-07-26T17:01:41+00:00\",\"breadcrumb\":{\"@id\":\"https:\\\/\\\/darkamazi.info\\\/archives\\\/1031434#breadcrumb\"},\"inLanguage\":\"en-US\",\"potentialAction\":[{\"@type\":\"ReadAction\",\"target\":[\"https:\\\/\\\/darkamazi.info\\\/archives\\\/1031434\"]}]},{\"@type\":\"ImageObject\",\"inLanguage\":\"en-US\",\"@id\":\"https:\\\/\\\/darkamazi.info\\\/archives\\\/1031434#primaryimage\",\"url\":\"https:\\\/\\\/darkamazi.info\\\/darka-content\\\/uploads\\\/2022\\\/07\\\/pkk-efrin-kobani-zarok-revandin-kck-qsd-hsd-ypg-ciwanen-shorashgar.jpg\",\"contentUrl\":\"https:\\\/\\\/darkamazi.info\\\/darka-content\\\/uploads\\\/2022\\\/07\\\/pkk-efrin-kobani-zarok-revandin-kck-qsd-hsd-ypg-ciwanen-shorashgar.jpg\",\"width\":900,\"height\":497,\"caption\":\"pkk-efrin-kobani-zarok-revandin-kck-qsd-hsd-ypg-ciwanen-shorashgar\"},{\"@type\":\"BreadcrumbList\",\"@id\":\"https:\\\/\\\/darkamazi.info\\\/archives\\\/1031434#breadcrumb\",\"itemListElement\":[{\"@type\":\"ListItem\",\"position\":1,\"name\":\"Home\",\"item\":\"https:\\\/\\\/darkamazi.info\\\/\"},{\"@type\":\"ListItem\",\"position\":2,\"name\":\"\u00c7etey\u00ean PKK\u00ea du zarok\u00ean din revandin\"}]},{\"@type\":\"WebSite\",\"@id\":\"https:\\\/\\\/darkamazi.info\\\/#website\",\"url\":\"https:\\\/\\\/darkamazi.info\\\/\",\"name\":\"Darka Maz\u00ee\",\"description\":\"P\u00eageha Zanyariy\u00ean Nebih\u00eest\u00ee\",\"publisher\":{\"@id\":\"https:\\\/\\\/darkamazi.info\\\/#organization\"},\"potentialAction\":[{\"@type\":\"SearchAction\",\"target\":{\"@type\":\"EntryPoint\",\"urlTemplate\":\"https:\\\/\\\/darkamazi.info\\\/?s={search_term_string}\"},\"query-input\":{\"@type\":\"PropertyValueSpecification\",\"valueRequired\":true,\"valueName\":\"search_term_string\"}}],\"inLanguage\":\"en-US\"},{\"@type\":\"Organization\",\"@id\":\"https:\\\/\\\/darkamazi.info\\\/#organization\",\"name\":\"Darka Maz\u00ee\",\"url\":\"https:\\\/\\\/darkamazi.info\\\/\",\"logo\":{\"@type\":\"ImageObject\",\"inLanguage\":\"en-US\",\"@id\":\"https:\\\/\\\/darkamazi.info\\\/#\\\/schema\\\/logo\\\/image\\\/\",\"url\":\"https:\\\/\\\/darkamazi.info\\\/darka-content\\\/uploads\\\/2017\\\/12\\\/darka-mazi-logo.png\",\"contentUrl\":\"https:\\\/\\\/darkamazi.info\\\/darka-content\\\/uploads\\\/2017\\\/12\\\/darka-mazi-logo.png\",\"width\":151,\"height\":75,\"caption\":\"Darka Maz\u00ee\"},\"image\":{\"@id\":\"https:\\\/\\\/darkamazi.info\\\/#\\\/schema\\\/logo\\\/image\\\/\"},\"sameAs\":[\"https:\\\/\\\/www.facebook.com\\\/DarMaziKurmanci\",\"https:\\\/\\\/x.com\\\/DarkaMaziLatini\",\"https:\\\/\\\/www.instagram.com\\\/darkamazi.kurmanci\\\/\",\"https:\\\/\\\/www.youtube.com\\\/channel\\\/UCa5HkTdmI8U1qCUFuTw8B2g\"]},{\"@type\":\"Person\",\"@id\":\"https:\\\/\\\/darkamazi.info\\\/#\\\/schema\\\/person\\\/5ad3e24553a0567993fa8ed4bd0a776c\",\"name\":\"darka mazi\",\"sameAs\":[\"https:\\\/\\\/darkamazi.info\\\/\"],\"url\":\"https:\\\/\\\/darkamazi.info\\\/archives\\\/author\\\/kurdi\"}]}<\/script>\n<!-- \/ Yoast SEO plugin. -->","seo_head_json":{"title":"\u00c7etey\u00ean PKK\u00ea du zarok\u00ean din revandin - Darka Maz\u00ee","robots":{"index":"index","follow":"follow","max-snippet":"max-snippet:-1","max-image-preview":"max-image-preview:large","max-video-preview":"max-video-preview:-1"},"canonical":"https:\/\/darkamazi.info\/archives\/1031434","og_locale":"en_US","og_type":"article","og_title":"\u00c7etey\u00ean PKK\u00ea du zarok\u00ean din revandin - Darka Maz\u00ee","og_description":"Tevgera Ciwan\u00ean \u015eore\u015fger ya gir\u00eaday\u00ee R\u00eaveber\u00eeya Xweser a Rojavay\u00ea Kurdistan\u00ea, d\u00fb zarok\u00ean din y\u00ean bi nav\u00ea Meryem Ebdulla El\u00ee \u00fb Mihemed Edhem Xel\u00eel revandin \u00fb dayik\u00ean wan banga vegerandina zarok\u00ean xwe dikin. Hat ragihandin ku tevgera bi nav\u00ea \u201cCiwan\u00ean \u015eore\u015fger\u201d y\u00ean ku raste rast bi fermana Qend\u00eel\u00ea \u00fb \u015fexs\u00ea Cem\u00eel Bay\u00eek kar\u00ea revandina zarokan \u00fb [&hellip;]","og_url":"https:\/\/darkamazi.info\/archives\/1031434","og_site_name":"Darka Maz\u00ee","article_publisher":"https:\/\/www.facebook.com\/DarMaziKurmanci","article_published_time":"2022-07-26T17:01:41+00:00","og_image":[{"width":900,"height":497,"url":"https:\/\/darkamazi.info\/file\/2022\/07\/pkk-efrin-kobani-zarok-revandin-kck-qsd-hsd-ypg-ciwanen-shorashgar.jpg","type":"image\/jpeg"}],"author":"darka mazi","twitter_card":"summary_large_image","twitter_creator":"@DarkaMaziLatini","twitter_site":"@DarkaMaziLatini","twitter_misc":{"Written by":"darka mazi","Est. reading time":"1 minute"},"schema":{"@context":"https:\/\/schema.org","@graph":[{"@type":"Article","@id":"https:\/\/darkamazi.info\/archives\/1031434#article","isPartOf":{"@id":"https:\/\/darkamazi.info\/archives\/1031434"},"author":{"name":"darka mazi","@id":"https:\/\/darkamazi.info\/#\/schema\/person\/5ad3e24553a0567993fa8ed4bd0a776c"},"headline":"\u00c7etey\u00ean PKK\u00ea du zarok\u00ean din revandin","datePublished":"2022-07-26T17:01:41+00:00","mainEntityOfPage":{"@id":"https:\/\/darkamazi.info\/archives\/1031434"},"wordCount":193,"publisher":{"@id":"https:\/\/darkamazi.info\/#organization"},"image":{"@id":"https:\/\/darkamazi.info\/archives\/1031434#primaryimage"},"thumbnailUrl":"https:\/\/darkamazi.info\/file\/2022\/07\/pkk-efrin-kobani-zarok-revandin-kck-qsd-hsd-ypg-ciwanen-shorashgar.jpg","keywords":["sereke"],"articleSection":["Kurdistan"],"inLanguage":"en-US"},{"@type":"WebPage","@id":"https:\/\/darkamazi.info\/archives\/1031434","url":"https:\/\/darkamazi.info\/archives\/1031434","name":"\u00c7etey\u00ean PKK\u00ea du zarok\u00ean din revandin - Darka Maz\u00ee","isPartOf":{"@id":"https:\/\/darkamazi.info\/#website"},"primaryImageOfPage":{"@id":"https:\/\/darkamazi.info\/archives\/1031434#primaryimage"},"image":{"@id":"https:\/\/darkamazi.info\/archives\/1031434#primaryimage"},"thumbnailUrl":"https:\/\/darkamazi.info\/file\/2022\/07\/pkk-efrin-kobani-zarok-revandin-kck-qsd-hsd-ypg-ciwanen-shorashgar.jpg","datePublished":"2022-07-26T17:01:41+00:00","breadcrumb":{"@id":"https:\/\/darkamazi.info\/archives\/1031434#breadcrumb"},"inLanguage":"en-US","potentialAction":[{"@type":"ReadAction","target":["https:\/\/darkamazi.info\/archives\/1031434"]}]},{"@type":"ImageObject","inLanguage":"en-US","@id":"https:\/\/darkamazi.info\/archives\/1031434#primaryimage","url":"https:\/\/darkamazi.info\/file\/2022\/07\/pkk-efrin-kobani-zarok-revandin-kck-qsd-hsd-ypg-ciwanen-shorashgar.jpg","contentUrl":"https:\/\/darkamazi.info\/file\/2022\/07\/pkk-efrin-kobani-zarok-revandin-kck-qsd-hsd-ypg-ciwanen-shorashgar.jpg","width":900,"height":497,"caption":"pkk-efrin-kobani-zarok-revandin-kck-qsd-hsd-ypg-ciwanen-shorashgar"},{"@type":"BreadcrumbList","@id":"https:\/\/darkamazi.info\/archives\/1031434#breadcrumb","itemListElement":[{"@type":"ListItem","position":1,"name":"Home","item":"https:\/\/darkamazi.info\/"},{"@type":"ListItem","position":2,"name":"\u00c7etey\u00ean PKK\u00ea du zarok\u00ean din revandin"}]},{"@type":"WebSite","@id":"https:\/\/darkamazi.info\/#website","url":"https:\/\/darkamazi.info\/","name":"Darka Maz\u00ee","description":"P\u00eageha Zanyariy\u00ean Nebih\u00eest\u00ee","publisher":{"@id":"https:\/\/darkamazi.info\/#organization"},"potentialAction":[{"@type":"SearchAction","target":{"@type":"EntryPoint","urlTemplate":"https:\/\/darkamazi.info\/?s={search_term_string}"},"query-input":{"@type":"PropertyValueSpecification","valueRequired":true,"valueName":"search_term_string"}}],"inLanguage":"en-US"},{"@type":"Organization","@id":"https:\/\/darkamazi.info\/#organization","name":"Darka Maz\u00ee","url":"https:\/\/darkamazi.info\/","logo":{"@type":"ImageObject","inLanguage":"en-US","@id":"https:\/\/darkamazi.info\/#\/schema\/logo\/image\/","url":"https:\/\/darkamazi.info\/file\/2017\/12\/darka-mazi-logo.png","contentUrl":"https:\/\/darkamazi.info\/file\/2017\/12\/darka-mazi-logo.png","width":151,"height":75,"caption":"Darka Maz\u00ee"},"image":{"@id":"https:\/\/darkamazi.info\/#\/schema\/logo\/image\/"},"sameAs":["https:\/\/www.facebook.com\/DarMaziKurmanci","https:\/\/x.com\/DarkaMaziLatini","https:\/\/www.instagram.com\/darkamazi.kurmanci\/","https:\/\/www.youtube.com\/channel\/UCa5HkTdmI8U1qCUFuTw8B2g"]},{"@type":"Person","@id":"https:\/\/darkamazi.info\/#\/schema\/person\/5ad3e24553a0567993fa8ed4bd0a776c","name":"darka mazi","sameAs":["https:\/\/darkamazi.info\/"],"url":"https:\/\/darkamazi.info\/archives\/author\/kurdi"}]}},"_links":{"self":[{"href":"https:\/\/darkamazi.info\/funavuv\/wp\/v2\/posts\/1031434","targetHints":{"allow":["GET"]}}],"collection":[{"href":"https:\/\/darkamazi.info\/funavuv\/wp\/v2\/posts"}],"about":[{"href":"https:\/\/darkamazi.info\/funavuv\/wp\/v2\/types\/post"}],"author":[{"embeddable":true,"href":"https:\/\/darkamazi.info\/funavuv\/wp\/v2\/users\/2"}],"replies":[{"embeddable":true,"href":"https:\/\/darkamazi.info\/funavuv\/wp\/v2\/comments?post=1031434"}],"version-history":[{"count":0,"href":"https:\/\/darkamazi.info\/funavuv\/wp\/v2\/posts\/1031434\/revisions"}],"wp:featuredmedia":[{"embeddable":true,"href":"https:\/\/darkamazi.info\/funavuv\/wp\/v2\/media\/1031435"}],"wp:attachment":[{"href":"https:\/\/darkamazi.info\/funavuv\/wp\/v2\/media?parent=1031434"}],"wp:term":[{"taxonomy":"category","embeddable":true,"href":"https:\/\/darkamazi.info\/funavuv\/wp\/v2\/categories?post=1031434"},{"taxonomy":"post_tag","embeddable":true,"href":"https:\/\/darkamazi.info\/funavuv\/wp\/v2\/tags?post=1031434"}],"curies":[{"name":"wp","href":"https:\/\/api.w.org\/{rel}","templated":true}]}}