{"id":1031457,"date":"2022-07-28T11:31:58","date_gmt":"2022-07-28T08:31:58","guid":{"rendered":"https:\/\/darkamazi.info\/?p=1031457"},"modified":"2022-07-28T11:31:58","modified_gmt":"2022-07-28T08:31:58","slug":"dironeka-tirkiye-2-endamen-asayisa-pyde-kustin","status":"publish","type":"post","link":"https:\/\/darkamazi.info\/archives\/1031457","title":{"rendered":"Dironeka Tirkiy\u00ea 2 endam\u00ean Asay\u00ee\u015fa PYD\u00ea ku\u015ftin"},"content":{"rendered":"<h3 style=\"text-align: justify\"><span style=\"font-family: 'arial black', sans-serif\">Balafir\u00ean b\u00eamirov y\u00ean dewleta Tirkiy\u00ea \u00eero li ba\u015f\u00fbr\u00ea Eyn \u00cesa y\u00ea Rojava Kurdistan\u00ea, otomob\u00eelek bombebaran kirin \u00fb di encam\u00ea de 2 endam\u00ean Asay\u00ee\u015fa PYD\u00ea hatin ku\u015ftin.<\/span><\/h3>\n<h3 style=\"text-align: justify\"><span style=\"font-family: arial, helvetica, sans-serif\">Droneke art\u00ea\u015fa Tirkiy\u00ea \u00eero roja p\u00eanc\u015fem\u00ee 28\\7\\2022\u00ea otomob\u00eelek li ba\u015f\u00fbr\u00ea nav\u00e7eya Eyn \u00cesay\u00ea bombebaran kir \u00fb di encam\u00ea de 2 endam\u00ean Asay\u00ee\u015fa PYD\u00ea hatin ku\u015ftin \u00fb du j\u00ee bi giran\u00ee bir\u00eendar b\u00fbn.<\/span><\/h3>\n<h3 style=\"text-align: justify\"><span style=\"font-family: arial, helvetica, sans-serif\">Di v\u00ea derbar\u00ea de Asay\u00ee\u015fa PYD\u00ea ya bi nav\u00ea H\u00eaz\u00ean Ewlekariya Hundir\u00een ragihand, droneke art\u00ea\u015fa Tirk otomob\u00eelek li n\u00eaz\u00ee kampa Til El Semin ya ko\u00e7ber\u00ean Gir\u00ea Sip\u00ee, li ba\u015f\u00fbr\u00ea bajarok\u00ea Eyn \u00cesa kire armanc.<\/span><\/h3>\n<h3 style=\"text-align: justify\"><span style=\"font-family: arial, helvetica, sans-serif\">Diyar kir j\u00ee, di encama \u00ear\u00ee\u015f\u00ea de, 2 endam\u00ean h\u00eaz\u00ean wan hatin ku\u015ftin ku yek ji nava wan jine \u00fb 2 endam\u00ean din j\u00ee bi giran\u00ee bir\u00eendar b\u00fbn.<\/span><\/h3>\n","protected":false},"excerpt":{"rendered":"<p>Balafir\u00ean b\u00eamirov y\u00ean dewleta Tirkiy\u00ea \u00eero li ba\u015f\u00fbr\u00ea Eyn \u00cesa y\u00ea Rojava Kurdistan\u00ea, otomob\u00eelek bombebaran kirin \u00fb di encam\u00ea de 2 endam\u00ean Asay\u00ee\u015fa PYD\u00ea hatin ku\u015ftin. Droneke art\u00ea\u015fa Tirkiy\u00ea \u00eero roja p\u00eanc\u015fem\u00ee 28\\7\\2022\u00ea otomob\u00eelek li ba\u015f\u00fbr\u00ea nav\u00e7eya Eyn \u00cesay\u00ea bombebaran kir \u00fb di encam\u00ea de 2 endam\u00ean Asay\u00ee\u015fa PYD\u00ea hatin ku\u015ftin \u00fb du j\u00ee bi [&hellip;]<\/p>\n","protected":false},"author":2,"featured_media":1031458,"comment_status":"closed","ping_status":"closed","sticky":false,"template":"","format":"standard","meta":{"footnotes":""},"categories":[29],"tags":[37],"class_list":["post-1031457","post","type-post","status-publish","format-standard","has-post-thumbnail","hentry","category-kurdistan","tag-sereke"],"blocksy_meta":[],"seo_head":"<!-- This site is optimized with the Yoast SEO plugin v27.5 - https:\/\/yoast.com\/product\/yoast-seo-wordpress\/ -->\n<title>Dironeka Tirkiy\u00ea 2 endam\u00ean Asay\u00ee\u015fa PYD\u00ea ku\u015ftin - Darka Maz\u00ee<\/title>\n<meta name=\"robots\" content=\"index, follow, max-snippet:-1, max-image-preview:large, max-video-preview:-1\" \/>\n<link rel=\"canonical\" href=\"https:\/\/darkamazi.info\/archives\/1031457\" \/>\n<meta property=\"og:locale\" content=\"en_US\" \/>\n<meta property=\"og:type\" content=\"article\" \/>\n<meta property=\"og:title\" content=\"Dironeka Tirkiy\u00ea 2 endam\u00ean Asay\u00ee\u015fa PYD\u00ea ku\u015ftin - Darka Maz\u00ee\" \/>\n<meta property=\"og:description\" content=\"Balafir\u00ean b\u00eamirov y\u00ean dewleta Tirkiy\u00ea \u00eero li ba\u015f\u00fbr\u00ea Eyn \u00cesa y\u00ea Rojava Kurdistan\u00ea, otomob\u00eelek bombebaran kirin \u00fb di encam\u00ea de 2 endam\u00ean Asay\u00ee\u015fa PYD\u00ea hatin ku\u015ftin. Droneke art\u00ea\u015fa Tirkiy\u00ea \u00eero roja p\u00eanc\u015fem\u00ee 2872022\u00ea otomob\u00eelek li ba\u015f\u00fbr\u00ea nav\u00e7eya Eyn \u00cesay\u00ea bombebaran kir \u00fb di encam\u00ea de 2 endam\u00ean Asay\u00ee\u015fa PYD\u00ea hatin ku\u015ftin \u00fb du j\u00ee bi [&hellip;]\" \/>\n<meta property=\"og:url\" content=\"https:\/\/darkamazi.info\/archives\/1031457\" \/>\n<meta property=\"og:site_name\" content=\"Darka Maz\u00ee\" \/>\n<meta property=\"article:publisher\" content=\"https:\/\/www.facebook.com\/DarMaziKurmanci\" \/>\n<meta property=\"article:published_time\" content=\"2022-07-28T08:31:58+00:00\" \/>\n<meta property=\"og:image\" content=\"https:\/\/darkamazi.info\/file\/2022\/07\/pyd-asaish-rojava-turkey-eyn-isa.jpg\" \/>\n\t<meta property=\"og:image:width\" content=\"900\" \/>\n\t<meta property=\"og:image:height\" content=\"497\" \/>\n\t<meta property=\"og:image:type\" content=\"image\/jpeg\" \/>\n<meta name=\"author\" content=\"darka mazi\" \/>\n<meta name=\"twitter:card\" content=\"summary_large_image\" \/>\n<meta name=\"twitter:creator\" content=\"@DarkaMaziLatini\" \/>\n<meta name=\"twitter:site\" content=\"@DarkaMaziLatini\" \/>\n<meta name=\"twitter:label1\" content=\"Written by\" \/>\n\t<meta name=\"twitter:data1\" content=\"darka mazi\" \/>\n\t<meta name=\"twitter:label2\" content=\"Est. reading time\" \/>\n\t<meta name=\"twitter:data2\" content=\"1 minute\" \/>\n<script type=\"application\/ld+json\" class=\"seo-schema-graph\">{\"@context\":\"https:\\\/\\\/schema.org\",\"@graph\":[{\"@type\":\"Article\",\"@id\":\"https:\\\/\\\/darkamazi.info\\\/archives\\\/1031457#article\",\"isPartOf\":{\"@id\":\"https:\\\/\\\/darkamazi.info\\\/archives\\\/1031457\"},\"author\":{\"name\":\"darka mazi\",\"@id\":\"https:\\\/\\\/darkamazi.info\\\/#\\\/schema\\\/person\\\/5ad3e24553a0567993fa8ed4bd0a776c\"},\"headline\":\"Dironeka Tirkiy\u00ea 2 endam\u00ean Asay\u00ee\u015fa PYD\u00ea ku\u015ftin\",\"datePublished\":\"2022-07-28T08:31:58+00:00\",\"mainEntityOfPage\":{\"@id\":\"https:\\\/\\\/darkamazi.info\\\/archives\\\/1031457\"},\"wordCount\":156,\"publisher\":{\"@id\":\"https:\\\/\\\/darkamazi.info\\\/#organization\"},\"image\":{\"@id\":\"https:\\\/\\\/darkamazi.info\\\/archives\\\/1031457#primaryimage\"},\"thumbnailUrl\":\"https:\\\/\\\/darkamazi.info\\\/darka-content\\\/uploads\\\/2022\\\/07\\\/pyd-asaish-rojava-turkey-eyn-isa.jpg\",\"keywords\":[\"sereke\"],\"articleSection\":[\"Kurdistan\"],\"inLanguage\":\"en-US\"},{\"@type\":\"WebPage\",\"@id\":\"https:\\\/\\\/darkamazi.info\\\/archives\\\/1031457\",\"url\":\"https:\\\/\\\/darkamazi.info\\\/archives\\\/1031457\",\"name\":\"Dironeka Tirkiy\u00ea 2 endam\u00ean Asay\u00ee\u015fa PYD\u00ea ku\u015ftin - Darka Maz\u00ee\",\"isPartOf\":{\"@id\":\"https:\\\/\\\/darkamazi.info\\\/#website\"},\"primaryImageOfPage\":{\"@id\":\"https:\\\/\\\/darkamazi.info\\\/archives\\\/1031457#primaryimage\"},\"image\":{\"@id\":\"https:\\\/\\\/darkamazi.info\\\/archives\\\/1031457#primaryimage\"},\"thumbnailUrl\":\"https:\\\/\\\/darkamazi.info\\\/darka-content\\\/uploads\\\/2022\\\/07\\\/pyd-asaish-rojava-turkey-eyn-isa.jpg\",\"datePublished\":\"2022-07-28T08:31:58+00:00\",\"breadcrumb\":{\"@id\":\"https:\\\/\\\/darkamazi.info\\\/archives\\\/1031457#breadcrumb\"},\"inLanguage\":\"en-US\",\"potentialAction\":[{\"@type\":\"ReadAction\",\"target\":[\"https:\\\/\\\/darkamazi.info\\\/archives\\\/1031457\"]}]},{\"@type\":\"ImageObject\",\"inLanguage\":\"en-US\",\"@id\":\"https:\\\/\\\/darkamazi.info\\\/archives\\\/1031457#primaryimage\",\"url\":\"https:\\\/\\\/darkamazi.info\\\/darka-content\\\/uploads\\\/2022\\\/07\\\/pyd-asaish-rojava-turkey-eyn-isa.jpg\",\"contentUrl\":\"https:\\\/\\\/darkamazi.info\\\/darka-content\\\/uploads\\\/2022\\\/07\\\/pyd-asaish-rojava-turkey-eyn-isa.jpg\",\"width\":900,\"height\":497,\"caption\":\"Dironeka Tirkiy\u00ea 2 endam\u00ean Asay\u00ee\u015fa PYD\u00ea ku\u015ftin\"},{\"@type\":\"BreadcrumbList\",\"@id\":\"https:\\\/\\\/darkamazi.info\\\/archives\\\/1031457#breadcrumb\",\"itemListElement\":[{\"@type\":\"ListItem\",\"position\":1,\"name\":\"Home\",\"item\":\"https:\\\/\\\/darkamazi.info\\\/\"},{\"@type\":\"ListItem\",\"position\":2,\"name\":\"Dironeka Tirkiy\u00ea 2 endam\u00ean Asay\u00ee\u015fa PYD\u00ea ku\u015ftin\"}]},{\"@type\":\"WebSite\",\"@id\":\"https:\\\/\\\/darkamazi.info\\\/#website\",\"url\":\"https:\\\/\\\/darkamazi.info\\\/\",\"name\":\"Darka Maz\u00ee\",\"description\":\"P\u00eageha Zanyariy\u00ean Nebih\u00eest\u00ee\",\"publisher\":{\"@id\":\"https:\\\/\\\/darkamazi.info\\\/#organization\"},\"potentialAction\":[{\"@type\":\"SearchAction\",\"target\":{\"@type\":\"EntryPoint\",\"urlTemplate\":\"https:\\\/\\\/darkamazi.info\\\/?s={search_term_string}\"},\"query-input\":{\"@type\":\"PropertyValueSpecification\",\"valueRequired\":true,\"valueName\":\"search_term_string\"}}],\"inLanguage\":\"en-US\"},{\"@type\":\"Organization\",\"@id\":\"https:\\\/\\\/darkamazi.info\\\/#organization\",\"name\":\"Darka Maz\u00ee\",\"url\":\"https:\\\/\\\/darkamazi.info\\\/\",\"logo\":{\"@type\":\"ImageObject\",\"inLanguage\":\"en-US\",\"@id\":\"https:\\\/\\\/darkamazi.info\\\/#\\\/schema\\\/logo\\\/image\\\/\",\"url\":\"https:\\\/\\\/darkamazi.info\\\/darka-content\\\/uploads\\\/2017\\\/12\\\/darka-mazi-logo.png\",\"contentUrl\":\"https:\\\/\\\/darkamazi.info\\\/darka-content\\\/uploads\\\/2017\\\/12\\\/darka-mazi-logo.png\",\"width\":151,\"height\":75,\"caption\":\"Darka Maz\u00ee\"},\"image\":{\"@id\":\"https:\\\/\\\/darkamazi.info\\\/#\\\/schema\\\/logo\\\/image\\\/\"},\"sameAs\":[\"https:\\\/\\\/www.facebook.com\\\/DarMaziKurmanci\",\"https:\\\/\\\/x.com\\\/DarkaMaziLatini\",\"https:\\\/\\\/www.instagram.com\\\/darkamazi.kurmanci\\\/\",\"https:\\\/\\\/www.youtube.com\\\/channel\\\/UCa5HkTdmI8U1qCUFuTw8B2g\"]},{\"@type\":\"Person\",\"@id\":\"https:\\\/\\\/darkamazi.info\\\/#\\\/schema\\\/person\\\/5ad3e24553a0567993fa8ed4bd0a776c\",\"name\":\"darka mazi\",\"sameAs\":[\"https:\\\/\\\/darkamazi.info\\\/\"],\"url\":\"https:\\\/\\\/darkamazi.info\\\/archives\\\/author\\\/kurdi\"}]}<\/script>\n<!-- \/ Yoast SEO plugin. -->","seo_head_json":{"title":"Dironeka Tirkiy\u00ea 2 endam\u00ean Asay\u00ee\u015fa PYD\u00ea ku\u015ftin - Darka Maz\u00ee","robots":{"index":"index","follow":"follow","max-snippet":"max-snippet:-1","max-image-preview":"max-image-preview:large","max-video-preview":"max-video-preview:-1"},"canonical":"https:\/\/darkamazi.info\/archives\/1031457","og_locale":"en_US","og_type":"article","og_title":"Dironeka Tirkiy\u00ea 2 endam\u00ean Asay\u00ee\u015fa PYD\u00ea ku\u015ftin - Darka Maz\u00ee","og_description":"Balafir\u00ean b\u00eamirov y\u00ean dewleta Tirkiy\u00ea \u00eero li ba\u015f\u00fbr\u00ea Eyn \u00cesa y\u00ea Rojava Kurdistan\u00ea, otomob\u00eelek bombebaran kirin \u00fb di encam\u00ea de 2 endam\u00ean Asay\u00ee\u015fa PYD\u00ea hatin ku\u015ftin. Droneke art\u00ea\u015fa Tirkiy\u00ea \u00eero roja p\u00eanc\u015fem\u00ee 2872022\u00ea otomob\u00eelek li ba\u015f\u00fbr\u00ea nav\u00e7eya Eyn \u00cesay\u00ea bombebaran kir \u00fb di encam\u00ea de 2 endam\u00ean Asay\u00ee\u015fa PYD\u00ea hatin ku\u015ftin \u00fb du j\u00ee bi [&hellip;]","og_url":"https:\/\/darkamazi.info\/archives\/1031457","og_site_name":"Darka Maz\u00ee","article_publisher":"https:\/\/www.facebook.com\/DarMaziKurmanci","article_published_time":"2022-07-28T08:31:58+00:00","og_image":[{"width":900,"height":497,"url":"https:\/\/darkamazi.info\/file\/2022\/07\/pyd-asaish-rojava-turkey-eyn-isa.jpg","type":"image\/jpeg"}],"author":"darka mazi","twitter_card":"summary_large_image","twitter_creator":"@DarkaMaziLatini","twitter_site":"@DarkaMaziLatini","twitter_misc":{"Written by":"darka mazi","Est. reading time":"1 minute"},"schema":{"@context":"https:\/\/schema.org","@graph":[{"@type":"Article","@id":"https:\/\/darkamazi.info\/archives\/1031457#article","isPartOf":{"@id":"https:\/\/darkamazi.info\/archives\/1031457"},"author":{"name":"darka mazi","@id":"https:\/\/darkamazi.info\/#\/schema\/person\/5ad3e24553a0567993fa8ed4bd0a776c"},"headline":"Dironeka Tirkiy\u00ea 2 endam\u00ean Asay\u00ee\u015fa PYD\u00ea ku\u015ftin","datePublished":"2022-07-28T08:31:58+00:00","mainEntityOfPage":{"@id":"https:\/\/darkamazi.info\/archives\/1031457"},"wordCount":156,"publisher":{"@id":"https:\/\/darkamazi.info\/#organization"},"image":{"@id":"https:\/\/darkamazi.info\/archives\/1031457#primaryimage"},"thumbnailUrl":"https:\/\/darkamazi.info\/file\/2022\/07\/pyd-asaish-rojava-turkey-eyn-isa.jpg","keywords":["sereke"],"articleSection":["Kurdistan"],"inLanguage":"en-US"},{"@type":"WebPage","@id":"https:\/\/darkamazi.info\/archives\/1031457","url":"https:\/\/darkamazi.info\/archives\/1031457","name":"Dironeka Tirkiy\u00ea 2 endam\u00ean Asay\u00ee\u015fa PYD\u00ea ku\u015ftin - Darka Maz\u00ee","isPartOf":{"@id":"https:\/\/darkamazi.info\/#website"},"primaryImageOfPage":{"@id":"https:\/\/darkamazi.info\/archives\/1031457#primaryimage"},"image":{"@id":"https:\/\/darkamazi.info\/archives\/1031457#primaryimage"},"thumbnailUrl":"https:\/\/darkamazi.info\/file\/2022\/07\/pyd-asaish-rojava-turkey-eyn-isa.jpg","datePublished":"2022-07-28T08:31:58+00:00","breadcrumb":{"@id":"https:\/\/darkamazi.info\/archives\/1031457#breadcrumb"},"inLanguage":"en-US","potentialAction":[{"@type":"ReadAction","target":["https:\/\/darkamazi.info\/archives\/1031457"]}]},{"@type":"ImageObject","inLanguage":"en-US","@id":"https:\/\/darkamazi.info\/archives\/1031457#primaryimage","url":"https:\/\/darkamazi.info\/file\/2022\/07\/pyd-asaish-rojava-turkey-eyn-isa.jpg","contentUrl":"https:\/\/darkamazi.info\/file\/2022\/07\/pyd-asaish-rojava-turkey-eyn-isa.jpg","width":900,"height":497,"caption":"Dironeka Tirkiy\u00ea 2 endam\u00ean Asay\u00ee\u015fa PYD\u00ea ku\u015ftin"},{"@type":"BreadcrumbList","@id":"https:\/\/darkamazi.info\/archives\/1031457#breadcrumb","itemListElement":[{"@type":"ListItem","position":1,"name":"Home","item":"https:\/\/darkamazi.info\/"},{"@type":"ListItem","position":2,"name":"Dironeka Tirkiy\u00ea 2 endam\u00ean Asay\u00ee\u015fa PYD\u00ea ku\u015ftin"}]},{"@type":"WebSite","@id":"https:\/\/darkamazi.info\/#website","url":"https:\/\/darkamazi.info\/","name":"Darka Maz\u00ee","description":"P\u00eageha Zanyariy\u00ean Nebih\u00eest\u00ee","publisher":{"@id":"https:\/\/darkamazi.info\/#organization"},"potentialAction":[{"@type":"SearchAction","target":{"@type":"EntryPoint","urlTemplate":"https:\/\/darkamazi.info\/?s={search_term_string}"},"query-input":{"@type":"PropertyValueSpecification","valueRequired":true,"valueName":"search_term_string"}}],"inLanguage":"en-US"},{"@type":"Organization","@id":"https:\/\/darkamazi.info\/#organization","name":"Darka Maz\u00ee","url":"https:\/\/darkamazi.info\/","logo":{"@type":"ImageObject","inLanguage":"en-US","@id":"https:\/\/darkamazi.info\/#\/schema\/logo\/image\/","url":"https:\/\/darkamazi.info\/file\/2017\/12\/darka-mazi-logo.png","contentUrl":"https:\/\/darkamazi.info\/file\/2017\/12\/darka-mazi-logo.png","width":151,"height":75,"caption":"Darka Maz\u00ee"},"image":{"@id":"https:\/\/darkamazi.info\/#\/schema\/logo\/image\/"},"sameAs":["https:\/\/www.facebook.com\/DarMaziKurmanci","https:\/\/x.com\/DarkaMaziLatini","https:\/\/www.instagram.com\/darkamazi.kurmanci\/","https:\/\/www.youtube.com\/channel\/UCa5HkTdmI8U1qCUFuTw8B2g"]},{"@type":"Person","@id":"https:\/\/darkamazi.info\/#\/schema\/person\/5ad3e24553a0567993fa8ed4bd0a776c","name":"darka mazi","sameAs":["https:\/\/darkamazi.info\/"],"url":"https:\/\/darkamazi.info\/archives\/author\/kurdi"}]}},"_links":{"self":[{"href":"https:\/\/darkamazi.info\/funavuv\/wp\/v2\/posts\/1031457","targetHints":{"allow":["GET"]}}],"collection":[{"href":"https:\/\/darkamazi.info\/funavuv\/wp\/v2\/posts"}],"about":[{"href":"https:\/\/darkamazi.info\/funavuv\/wp\/v2\/types\/post"}],"author":[{"embeddable":true,"href":"https:\/\/darkamazi.info\/funavuv\/wp\/v2\/users\/2"}],"replies":[{"embeddable":true,"href":"https:\/\/darkamazi.info\/funavuv\/wp\/v2\/comments?post=1031457"}],"version-history":[{"count":0,"href":"https:\/\/darkamazi.info\/funavuv\/wp\/v2\/posts\/1031457\/revisions"}],"wp:featuredmedia":[{"embeddable":true,"href":"https:\/\/darkamazi.info\/funavuv\/wp\/v2\/media\/1031458"}],"wp:attachment":[{"href":"https:\/\/darkamazi.info\/funavuv\/wp\/v2\/media?parent=1031457"}],"wp:term":[{"taxonomy":"category","embeddable":true,"href":"https:\/\/darkamazi.info\/funavuv\/wp\/v2\/categories?post=1031457"},{"taxonomy":"post_tag","embeddable":true,"href":"https:\/\/darkamazi.info\/funavuv\/wp\/v2\/tags?post=1031457"}],"curies":[{"name":"wp","href":"https:\/\/api.w.org\/{rel}","templated":true}]}}