{"id":1031475,"date":"2022-07-28T20:50:33","date_gmt":"2022-07-28T17:50:33","guid":{"rendered":"https:\/\/darkamazi.info\/?p=1031475"},"modified":"2022-07-28T20:50:33","modified_gmt":"2022-07-28T17:50:33","slug":"li-merdine-operasyon-u-qedexe-3-kesan-cane-xwe-ji-dest-dan","status":"publish","type":"post","link":"https:\/\/darkamazi.info\/archives\/1031475","title":{"rendered":"Li M\u00eard\u00een\u00ea operasyon \u00fb qedexe: 3 kesan can\u00ea xwe ji dest dan"},"content":{"rendered":"<h3 style=\"text-align: justify\"><span style=\"font-family: 'arial black', sans-serif\">Li nav\u00e7eya Nis\u00eab\u00een\u00ea ser bi par\u00eazgeha M\u00eard\u00een\u00ea ya Bakur\u00ea Kurdistan\u00ea art\u00ea\u015fa Tirkiy\u00ea operasyoneke n\u00fb ya le\u015fker\u00ee da destp\u00eakirin \u00fb ji ber v\u00ea operasyon\u00ea li gund\u00ea Merbab\u00ea qedexeya \u00e7\u00fbn\u00fbhatin\u00ea hat ragihandin. Wezareta Navxwe ya Tirkiy\u00ea j\u00ee ragihand ku di encama operasyon\u00ea de 3 kes\u00ean ku hewl dane ji Rojavay\u00ea Kurdistan\u00ea bi qa\u00e7ax\u00ee derbas\u00ee Bakur\u00ea Kurdistan\u00ea bibin ji aliy\u00ea h\u00eaz\u00ean Tirkiy\u00ea ve hatine ku\u015ftin.<\/span><\/h3>\n<h3 style=\"text-align: justify\">Li gor daxuyaniya Par\u00eazgariya M\u00eard\u00een\u00ea li gund\u00ea Merbab\u00ea ser bi nav\u00e7eya Nis\u00eab\u00een\u00ea art\u00ea\u015fa w\u00ee welat\u00ee li dij\u00ee gerilay\u00ean PKK\u00ea operasyonek le\u015fker\u00ee da destp\u00eakirin \u00fb bi armanca ewlekariya can \u00fb mal\u00ea welatiyan ji \u00eero P\u00eanc\u015femb\u00ea 28\u00ea Tem\u00fbza 2022\u00ea demjim\u00ear 05:00an heta biryareke din qedexeya \u00e7\u00fbn\u00fbhatin\u00ea hatiye ragihandin.<\/h3>\n<h3 style=\"text-align: justify\">Herwiha di daxuyaniy\u00ea de hi\u015fyar\u00ee bo welatan t\u00ea day\u00een ku bi armanca ewlekariya xwe pabend\u00ee biryar\u00ea bin.<\/h3>\n","protected":false},"excerpt":{"rendered":"<p>Li nav\u00e7eya Nis\u00eab\u00een\u00ea ser bi par\u00eazgeha M\u00eard\u00een\u00ea ya Bakur\u00ea Kurdistan\u00ea art\u00ea\u015fa Tirkiy\u00ea operasyoneke n\u00fb ya le\u015fker\u00ee da destp\u00eakirin \u00fb ji ber v\u00ea operasyon\u00ea li gund\u00ea Merbab\u00ea qedexeya \u00e7\u00fbn\u00fbhatin\u00ea hat ragihandin. Wezareta Navxwe ya Tirkiy\u00ea j\u00ee ragihand ku di encama operasyon\u00ea de 3 kes\u00ean ku hewl dane ji Rojavay\u00ea Kurdistan\u00ea bi qa\u00e7ax\u00ee derbas\u00ee Bakur\u00ea Kurdistan\u00ea bibin [&hellip;]<\/p>\n","protected":false},"author":2,"featured_media":1031476,"comment_status":"closed","ping_status":"closed","sticky":false,"template":"","format":"standard","meta":{"footnotes":""},"categories":[29],"tags":[37],"class_list":["post-1031475","post","type-post","status-publish","format-standard","has-post-thumbnail","hentry","category-kurdistan","tag-sereke"],"blocksy_meta":[],"seo_head":"<!-- This site is optimized with the Yoast SEO plugin v27.5 - https:\/\/yoast.com\/product\/yoast-seo-wordpress\/ -->\n<title>Li M\u00eard\u00een\u00ea operasyon \u00fb qedexe: 3 kesan can\u00ea xwe ji dest dan - Darka Maz\u00ee<\/title>\n<meta name=\"robots\" content=\"index, follow, max-snippet:-1, max-image-preview:large, max-video-preview:-1\" \/>\n<link rel=\"canonical\" href=\"https:\/\/darkamazi.info\/archives\/1031475\" \/>\n<meta property=\"og:locale\" content=\"en_US\" \/>\n<meta property=\"og:type\" content=\"article\" \/>\n<meta property=\"og:title\" content=\"Li M\u00eard\u00een\u00ea operasyon \u00fb qedexe: 3 kesan can\u00ea xwe ji dest dan - Darka Maz\u00ee\" \/>\n<meta property=\"og:description\" content=\"Li nav\u00e7eya Nis\u00eab\u00een\u00ea ser bi par\u00eazgeha M\u00eard\u00een\u00ea ya Bakur\u00ea Kurdistan\u00ea art\u00ea\u015fa Tirkiy\u00ea operasyoneke n\u00fb ya le\u015fker\u00ee da destp\u00eakirin \u00fb ji ber v\u00ea operasyon\u00ea li gund\u00ea Merbab\u00ea qedexeya \u00e7\u00fbn\u00fbhatin\u00ea hat ragihandin. Wezareta Navxwe ya Tirkiy\u00ea j\u00ee ragihand ku di encama operasyon\u00ea de 3 kes\u00ean ku hewl dane ji Rojavay\u00ea Kurdistan\u00ea bi qa\u00e7ax\u00ee derbas\u00ee Bakur\u00ea Kurdistan\u00ea bibin [&hellip;]\" \/>\n<meta property=\"og:url\" content=\"https:\/\/darkamazi.info\/archives\/1031475\" \/>\n<meta property=\"og:site_name\" content=\"Darka Maz\u00ee\" \/>\n<meta property=\"article:publisher\" content=\"https:\/\/www.facebook.com\/DarMaziKurmanci\" \/>\n<meta property=\"article:published_time\" content=\"2022-07-28T17:50:33+00:00\" \/>\n<meta property=\"og:image\" content=\"https:\/\/darkamazi.info\/file\/2022\/07\/candarma-pkk-merdin-operasyon.jpg\" \/>\n\t<meta property=\"og:image:width\" content=\"900\" \/>\n\t<meta property=\"og:image:height\" content=\"497\" \/>\n\t<meta property=\"og:image:type\" content=\"image\/jpeg\" \/>\n<meta name=\"author\" content=\"darka mazi\" \/>\n<meta name=\"twitter:card\" content=\"summary_large_image\" \/>\n<meta name=\"twitter:creator\" content=\"@DarkaMaziLatini\" \/>\n<meta name=\"twitter:site\" content=\"@DarkaMaziLatini\" \/>\n<meta name=\"twitter:label1\" content=\"Written by\" \/>\n\t<meta name=\"twitter:data1\" content=\"darka mazi\" \/>\n\t<meta name=\"twitter:label2\" content=\"Est. reading time\" \/>\n\t<meta name=\"twitter:data2\" content=\"1 minute\" \/>\n<script type=\"application\/ld+json\" class=\"seo-schema-graph\">{\"@context\":\"https:\\\/\\\/schema.org\",\"@graph\":[{\"@type\":\"Article\",\"@id\":\"https:\\\/\\\/darkamazi.info\\\/archives\\\/1031475#article\",\"isPartOf\":{\"@id\":\"https:\\\/\\\/darkamazi.info\\\/archives\\\/1031475\"},\"author\":{\"name\":\"darka mazi\",\"@id\":\"https:\\\/\\\/darkamazi.info\\\/#\\\/schema\\\/person\\\/5ad3e24553a0567993fa8ed4bd0a776c\"},\"headline\":\"Li M\u00eard\u00een\u00ea operasyon \u00fb qedexe: 3 kesan can\u00ea xwe ji dest dan\",\"datePublished\":\"2022-07-28T17:50:33+00:00\",\"mainEntityOfPage\":{\"@id\":\"https:\\\/\\\/darkamazi.info\\\/archives\\\/1031475\"},\"wordCount\":163,\"publisher\":{\"@id\":\"https:\\\/\\\/darkamazi.info\\\/#organization\"},\"image\":{\"@id\":\"https:\\\/\\\/darkamazi.info\\\/archives\\\/1031475#primaryimage\"},\"thumbnailUrl\":\"https:\\\/\\\/darkamazi.info\\\/darka-content\\\/uploads\\\/2022\\\/07\\\/candarma-pkk-merdin-operasyon.jpg\",\"keywords\":[\"sereke\"],\"articleSection\":[\"Kurdistan\"],\"inLanguage\":\"en-US\"},{\"@type\":\"WebPage\",\"@id\":\"https:\\\/\\\/darkamazi.info\\\/archives\\\/1031475\",\"url\":\"https:\\\/\\\/darkamazi.info\\\/archives\\\/1031475\",\"name\":\"Li M\u00eard\u00een\u00ea operasyon \u00fb qedexe: 3 kesan can\u00ea xwe ji dest dan - Darka Maz\u00ee\",\"isPartOf\":{\"@id\":\"https:\\\/\\\/darkamazi.info\\\/#website\"},\"primaryImageOfPage\":{\"@id\":\"https:\\\/\\\/darkamazi.info\\\/archives\\\/1031475#primaryimage\"},\"image\":{\"@id\":\"https:\\\/\\\/darkamazi.info\\\/archives\\\/1031475#primaryimage\"},\"thumbnailUrl\":\"https:\\\/\\\/darkamazi.info\\\/darka-content\\\/uploads\\\/2022\\\/07\\\/candarma-pkk-merdin-operasyon.jpg\",\"datePublished\":\"2022-07-28T17:50:33+00:00\",\"breadcrumb\":{\"@id\":\"https:\\\/\\\/darkamazi.info\\\/archives\\\/1031475#breadcrumb\"},\"inLanguage\":\"en-US\",\"potentialAction\":[{\"@type\":\"ReadAction\",\"target\":[\"https:\\\/\\\/darkamazi.info\\\/archives\\\/1031475\"]}]},{\"@type\":\"ImageObject\",\"inLanguage\":\"en-US\",\"@id\":\"https:\\\/\\\/darkamazi.info\\\/archives\\\/1031475#primaryimage\",\"url\":\"https:\\\/\\\/darkamazi.info\\\/darka-content\\\/uploads\\\/2022\\\/07\\\/candarma-pkk-merdin-operasyon.jpg\",\"contentUrl\":\"https:\\\/\\\/darkamazi.info\\\/darka-content\\\/uploads\\\/2022\\\/07\\\/candarma-pkk-merdin-operasyon.jpg\",\"width\":900,\"height\":497,\"caption\":\"Li M\u00eard\u00een\u00ea operasyon \u00fb qedexe: 3 kesan can\u00ea xwe ji dest dan\"},{\"@type\":\"BreadcrumbList\",\"@id\":\"https:\\\/\\\/darkamazi.info\\\/archives\\\/1031475#breadcrumb\",\"itemListElement\":[{\"@type\":\"ListItem\",\"position\":1,\"name\":\"Home\",\"item\":\"https:\\\/\\\/darkamazi.info\\\/\"},{\"@type\":\"ListItem\",\"position\":2,\"name\":\"Li M\u00eard\u00een\u00ea operasyon \u00fb qedexe: 3 kesan can\u00ea xwe ji dest dan\"}]},{\"@type\":\"WebSite\",\"@id\":\"https:\\\/\\\/darkamazi.info\\\/#website\",\"url\":\"https:\\\/\\\/darkamazi.info\\\/\",\"name\":\"Darka Maz\u00ee\",\"description\":\"P\u00eageha Zanyariy\u00ean Nebih\u00eest\u00ee\",\"publisher\":{\"@id\":\"https:\\\/\\\/darkamazi.info\\\/#organization\"},\"potentialAction\":[{\"@type\":\"SearchAction\",\"target\":{\"@type\":\"EntryPoint\",\"urlTemplate\":\"https:\\\/\\\/darkamazi.info\\\/?s={search_term_string}\"},\"query-input\":{\"@type\":\"PropertyValueSpecification\",\"valueRequired\":true,\"valueName\":\"search_term_string\"}}],\"inLanguage\":\"en-US\"},{\"@type\":\"Organization\",\"@id\":\"https:\\\/\\\/darkamazi.info\\\/#organization\",\"name\":\"Darka Maz\u00ee\",\"url\":\"https:\\\/\\\/darkamazi.info\\\/\",\"logo\":{\"@type\":\"ImageObject\",\"inLanguage\":\"en-US\",\"@id\":\"https:\\\/\\\/darkamazi.info\\\/#\\\/schema\\\/logo\\\/image\\\/\",\"url\":\"https:\\\/\\\/darkamazi.info\\\/darka-content\\\/uploads\\\/2017\\\/12\\\/darka-mazi-logo.png\",\"contentUrl\":\"https:\\\/\\\/darkamazi.info\\\/darka-content\\\/uploads\\\/2017\\\/12\\\/darka-mazi-logo.png\",\"width\":151,\"height\":75,\"caption\":\"Darka Maz\u00ee\"},\"image\":{\"@id\":\"https:\\\/\\\/darkamazi.info\\\/#\\\/schema\\\/logo\\\/image\\\/\"},\"sameAs\":[\"https:\\\/\\\/www.facebook.com\\\/DarMaziKurmanci\",\"https:\\\/\\\/x.com\\\/DarkaMaziLatini\",\"https:\\\/\\\/www.instagram.com\\\/darkamazi.kurmanci\\\/\",\"https:\\\/\\\/www.youtube.com\\\/channel\\\/UCa5HkTdmI8U1qCUFuTw8B2g\"]},{\"@type\":\"Person\",\"@id\":\"https:\\\/\\\/darkamazi.info\\\/#\\\/schema\\\/person\\\/5ad3e24553a0567993fa8ed4bd0a776c\",\"name\":\"darka mazi\",\"sameAs\":[\"https:\\\/\\\/darkamazi.info\\\/\"],\"url\":\"https:\\\/\\\/darkamazi.info\\\/archives\\\/author\\\/kurdi\"}]}<\/script>\n<!-- \/ Yoast SEO plugin. -->","seo_head_json":{"title":"Li M\u00eard\u00een\u00ea operasyon \u00fb qedexe: 3 kesan can\u00ea xwe ji dest dan - Darka Maz\u00ee","robots":{"index":"index","follow":"follow","max-snippet":"max-snippet:-1","max-image-preview":"max-image-preview:large","max-video-preview":"max-video-preview:-1"},"canonical":"https:\/\/darkamazi.info\/archives\/1031475","og_locale":"en_US","og_type":"article","og_title":"Li M\u00eard\u00een\u00ea operasyon \u00fb qedexe: 3 kesan can\u00ea xwe ji dest dan - Darka Maz\u00ee","og_description":"Li nav\u00e7eya Nis\u00eab\u00een\u00ea ser bi par\u00eazgeha M\u00eard\u00een\u00ea ya Bakur\u00ea Kurdistan\u00ea art\u00ea\u015fa Tirkiy\u00ea operasyoneke n\u00fb ya le\u015fker\u00ee da destp\u00eakirin \u00fb ji ber v\u00ea operasyon\u00ea li gund\u00ea Merbab\u00ea qedexeya \u00e7\u00fbn\u00fbhatin\u00ea hat ragihandin. Wezareta Navxwe ya Tirkiy\u00ea j\u00ee ragihand ku di encama operasyon\u00ea de 3 kes\u00ean ku hewl dane ji Rojavay\u00ea Kurdistan\u00ea bi qa\u00e7ax\u00ee derbas\u00ee Bakur\u00ea Kurdistan\u00ea bibin [&hellip;]","og_url":"https:\/\/darkamazi.info\/archives\/1031475","og_site_name":"Darka Maz\u00ee","article_publisher":"https:\/\/www.facebook.com\/DarMaziKurmanci","article_published_time":"2022-07-28T17:50:33+00:00","og_image":[{"width":900,"height":497,"url":"https:\/\/darkamazi.info\/file\/2022\/07\/candarma-pkk-merdin-operasyon.jpg","type":"image\/jpeg"}],"author":"darka mazi","twitter_card":"summary_large_image","twitter_creator":"@DarkaMaziLatini","twitter_site":"@DarkaMaziLatini","twitter_misc":{"Written by":"darka mazi","Est. reading time":"1 minute"},"schema":{"@context":"https:\/\/schema.org","@graph":[{"@type":"Article","@id":"https:\/\/darkamazi.info\/archives\/1031475#article","isPartOf":{"@id":"https:\/\/darkamazi.info\/archives\/1031475"},"author":{"name":"darka mazi","@id":"https:\/\/darkamazi.info\/#\/schema\/person\/5ad3e24553a0567993fa8ed4bd0a776c"},"headline":"Li M\u00eard\u00een\u00ea operasyon \u00fb qedexe: 3 kesan can\u00ea xwe ji dest dan","datePublished":"2022-07-28T17:50:33+00:00","mainEntityOfPage":{"@id":"https:\/\/darkamazi.info\/archives\/1031475"},"wordCount":163,"publisher":{"@id":"https:\/\/darkamazi.info\/#organization"},"image":{"@id":"https:\/\/darkamazi.info\/archives\/1031475#primaryimage"},"thumbnailUrl":"https:\/\/darkamazi.info\/file\/2022\/07\/candarma-pkk-merdin-operasyon.jpg","keywords":["sereke"],"articleSection":["Kurdistan"],"inLanguage":"en-US"},{"@type":"WebPage","@id":"https:\/\/darkamazi.info\/archives\/1031475","url":"https:\/\/darkamazi.info\/archives\/1031475","name":"Li M\u00eard\u00een\u00ea operasyon \u00fb qedexe: 3 kesan can\u00ea xwe ji dest dan - Darka Maz\u00ee","isPartOf":{"@id":"https:\/\/darkamazi.info\/#website"},"primaryImageOfPage":{"@id":"https:\/\/darkamazi.info\/archives\/1031475#primaryimage"},"image":{"@id":"https:\/\/darkamazi.info\/archives\/1031475#primaryimage"},"thumbnailUrl":"https:\/\/darkamazi.info\/file\/2022\/07\/candarma-pkk-merdin-operasyon.jpg","datePublished":"2022-07-28T17:50:33+00:00","breadcrumb":{"@id":"https:\/\/darkamazi.info\/archives\/1031475#breadcrumb"},"inLanguage":"en-US","potentialAction":[{"@type":"ReadAction","target":["https:\/\/darkamazi.info\/archives\/1031475"]}]},{"@type":"ImageObject","inLanguage":"en-US","@id":"https:\/\/darkamazi.info\/archives\/1031475#primaryimage","url":"https:\/\/darkamazi.info\/file\/2022\/07\/candarma-pkk-merdin-operasyon.jpg","contentUrl":"https:\/\/darkamazi.info\/file\/2022\/07\/candarma-pkk-merdin-operasyon.jpg","width":900,"height":497,"caption":"Li M\u00eard\u00een\u00ea operasyon \u00fb qedexe: 3 kesan can\u00ea xwe ji dest dan"},{"@type":"BreadcrumbList","@id":"https:\/\/darkamazi.info\/archives\/1031475#breadcrumb","itemListElement":[{"@type":"ListItem","position":1,"name":"Home","item":"https:\/\/darkamazi.info\/"},{"@type":"ListItem","position":2,"name":"Li M\u00eard\u00een\u00ea operasyon \u00fb qedexe: 3 kesan can\u00ea xwe ji dest dan"}]},{"@type":"WebSite","@id":"https:\/\/darkamazi.info\/#website","url":"https:\/\/darkamazi.info\/","name":"Darka Maz\u00ee","description":"P\u00eageha Zanyariy\u00ean Nebih\u00eest\u00ee","publisher":{"@id":"https:\/\/darkamazi.info\/#organization"},"potentialAction":[{"@type":"SearchAction","target":{"@type":"EntryPoint","urlTemplate":"https:\/\/darkamazi.info\/?s={search_term_string}"},"query-input":{"@type":"PropertyValueSpecification","valueRequired":true,"valueName":"search_term_string"}}],"inLanguage":"en-US"},{"@type":"Organization","@id":"https:\/\/darkamazi.info\/#organization","name":"Darka Maz\u00ee","url":"https:\/\/darkamazi.info\/","logo":{"@type":"ImageObject","inLanguage":"en-US","@id":"https:\/\/darkamazi.info\/#\/schema\/logo\/image\/","url":"https:\/\/darkamazi.info\/file\/2017\/12\/darka-mazi-logo.png","contentUrl":"https:\/\/darkamazi.info\/file\/2017\/12\/darka-mazi-logo.png","width":151,"height":75,"caption":"Darka Maz\u00ee"},"image":{"@id":"https:\/\/darkamazi.info\/#\/schema\/logo\/image\/"},"sameAs":["https:\/\/www.facebook.com\/DarMaziKurmanci","https:\/\/x.com\/DarkaMaziLatini","https:\/\/www.instagram.com\/darkamazi.kurmanci\/","https:\/\/www.youtube.com\/channel\/UCa5HkTdmI8U1qCUFuTw8B2g"]},{"@type":"Person","@id":"https:\/\/darkamazi.info\/#\/schema\/person\/5ad3e24553a0567993fa8ed4bd0a776c","name":"darka mazi","sameAs":["https:\/\/darkamazi.info\/"],"url":"https:\/\/darkamazi.info\/archives\/author\/kurdi"}]}},"_links":{"self":[{"href":"https:\/\/darkamazi.info\/funavuv\/wp\/v2\/posts\/1031475","targetHints":{"allow":["GET"]}}],"collection":[{"href":"https:\/\/darkamazi.info\/funavuv\/wp\/v2\/posts"}],"about":[{"href":"https:\/\/darkamazi.info\/funavuv\/wp\/v2\/types\/post"}],"author":[{"embeddable":true,"href":"https:\/\/darkamazi.info\/funavuv\/wp\/v2\/users\/2"}],"replies":[{"embeddable":true,"href":"https:\/\/darkamazi.info\/funavuv\/wp\/v2\/comments?post=1031475"}],"version-history":[{"count":0,"href":"https:\/\/darkamazi.info\/funavuv\/wp\/v2\/posts\/1031475\/revisions"}],"wp:featuredmedia":[{"embeddable":true,"href":"https:\/\/darkamazi.info\/funavuv\/wp\/v2\/media\/1031476"}],"wp:attachment":[{"href":"https:\/\/darkamazi.info\/funavuv\/wp\/v2\/media?parent=1031475"}],"wp:term":[{"taxonomy":"category","embeddable":true,"href":"https:\/\/darkamazi.info\/funavuv\/wp\/v2\/categories?post=1031475"},{"taxonomy":"post_tag","embeddable":true,"href":"https:\/\/darkamazi.info\/funavuv\/wp\/v2\/tags?post=1031475"}],"curies":[{"name":"wp","href":"https:\/\/api.w.org\/{rel}","templated":true}]}}