{"id":1031479,"date":"2022-07-30T11:01:22","date_gmt":"2022-07-30T08:01:22","guid":{"rendered":"https:\/\/darkamazi.info\/?p=1031479"},"modified":"2022-07-30T11:01:22","modified_gmt":"2022-07-30T08:01:22","slug":"li-bexdaye-xwepesander-gihistin-ber-deriye-devera-kesk","status":"publish","type":"post","link":"https:\/\/darkamazi.info\/archives\/1031479","title":{"rendered":"Li Bexday\u00ea xwep\u00ea\u015fander gih\u00ee\u015ftin ber deriy\u00ea Devera Kesk"},"content":{"rendered":"<h3 style=\"text-align: justify\"><span style=\"font-family: 'arial black', sans-serif\">\u00a0Xwep\u00ea\u015fander\u00ean al\u00eegir\u00ean Tevgera Sedir gih\u00ee\u015ftin ber deriy\u00ea Devera Kesk \u00fb hewl didin berbest\u00ean li ber der\u00ee rakin.<\/span><\/h3>\n<h3 style=\"text-align: justify\">xwep\u00ea\u015fander dixwazin t\u00eakevin Devera Kesk, di heman dem\u00ea de h\u00eaz\u00ean ewlehiy\u00ea derdora xwep\u00ea\u015fdanderan dorp\u00ea\u00e7 kirine.<\/h3>\n<h3 style=\"text-align: justify\">Al\u00eegir\u00ean Tevgera Sedir xwep\u00ea\u015fandana xwe didom\u00eenin \u00fb dixwazin, daxwaza R\u00eaber\u00ea Tevgera Sedir Muqteda Sedir were c\u00eebic\u00eekirin, ku daxwaz kirib\u00fb, kes\u00ea ku d\u00ea bibe serokwez\u00eer\u00ea n\u00fb, dib\u00ea kesek\u00ee gendel nebe \u00fb beriya niha nehatibe ceribandin.<\/h3>\n<h3 style=\"text-align: justify\">Xwep\u00ea\u015fander li ser w\u00ea yek\u00ea rijd in ku namzed\u00ea N\u00fbr\u00ee Malik\u00ee y\u00ea ji bo Serokwez\u00eeriya Iraq\u00ea Mihemed \u015eiya S\u00fbdan\u00ee were d\u00fbrxistin, \u00c7ar\u00e7oveya Hevahengiy\u00ea j\u00ee li ser namzedkirina S\u00fbdan\u00ee rijd e \u00fb heta niha daxwaza al\u00eegir\u00ean Sedir bi cih nekirine.<\/h3>\n","protected":false},"excerpt":{"rendered":"<p>\u00a0Xwep\u00ea\u015fander\u00ean al\u00eegir\u00ean Tevgera Sedir gih\u00ee\u015ftin ber deriy\u00ea Devera Kesk \u00fb hewl didin berbest\u00ean li ber der\u00ee rakin. xwep\u00ea\u015fander dixwazin t\u00eakevin Devera Kesk, di heman dem\u00ea de h\u00eaz\u00ean ewlehiy\u00ea derdora xwep\u00ea\u015fdanderan dorp\u00ea\u00e7 kirine. Al\u00eegir\u00ean Tevgera Sedir xwep\u00ea\u015fandana xwe didom\u00eenin \u00fb dixwazin, daxwaza R\u00eaber\u00ea Tevgera Sedir Muqteda Sedir were c\u00eebic\u00eekirin, ku daxwaz kirib\u00fb, kes\u00ea ku d\u00ea bibe [&hellip;]<\/p>\n","protected":false},"author":2,"featured_media":1031480,"comment_status":"closed","ping_status":"closed","sticky":false,"template":"","format":"standard","meta":{"footnotes":""},"categories":[31],"tags":[37],"class_list":["post-1031479","post","type-post","status-publish","format-standard","has-post-thumbnail","hentry","category-rojhelata-navin","tag-sereke"],"blocksy_meta":[],"seo_head":"<!-- This site is optimized with the Yoast SEO plugin v27.5 - https:\/\/yoast.com\/product\/yoast-seo-wordpress\/ -->\n<title>Li Bexday\u00ea xwep\u00ea\u015fander gih\u00ee\u015ftin ber deriy\u00ea Devera Kesk - Darka Maz\u00ee<\/title>\n<meta name=\"robots\" content=\"index, follow, max-snippet:-1, max-image-preview:large, max-video-preview:-1\" \/>\n<link rel=\"canonical\" href=\"https:\/\/darkamazi.info\/archives\/1031479\" \/>\n<meta property=\"og:locale\" content=\"en_US\" \/>\n<meta property=\"og:type\" content=\"article\" \/>\n<meta property=\"og:title\" content=\"Li Bexday\u00ea xwep\u00ea\u015fander gih\u00ee\u015ftin ber deriy\u00ea Devera Kesk - Darka Maz\u00ee\" \/>\n<meta property=\"og:description\" content=\"\u00a0Xwep\u00ea\u015fander\u00ean al\u00eegir\u00ean Tevgera Sedir gih\u00ee\u015ftin ber deriy\u00ea Devera Kesk \u00fb hewl didin berbest\u00ean li ber der\u00ee rakin. xwep\u00ea\u015fander dixwazin t\u00eakevin Devera Kesk, di heman dem\u00ea de h\u00eaz\u00ean ewlehiy\u00ea derdora xwep\u00ea\u015fdanderan dorp\u00ea\u00e7 kirine. Al\u00eegir\u00ean Tevgera Sedir xwep\u00ea\u015fandana xwe didom\u00eenin \u00fb dixwazin, daxwaza R\u00eaber\u00ea Tevgera Sedir Muqteda Sedir were c\u00eebic\u00eekirin, ku daxwaz kirib\u00fb, kes\u00ea ku d\u00ea bibe [&hellip;]\" \/>\n<meta property=\"og:url\" content=\"https:\/\/darkamazi.info\/archives\/1031479\" \/>\n<meta property=\"og:site_name\" content=\"Darka Maz\u00ee\" \/>\n<meta property=\"article:publisher\" content=\"https:\/\/www.facebook.com\/DarMaziKurmanci\" \/>\n<meta property=\"article:published_time\" content=\"2022-07-30T08:01:22+00:00\" \/>\n<meta property=\"og:image\" content=\"https:\/\/darkamazi.info\/file\/2022\/07\/muqteda-sedir-1.jpg\" \/>\n\t<meta property=\"og:image:width\" content=\"900\" \/>\n\t<meta property=\"og:image:height\" content=\"497\" \/>\n\t<meta property=\"og:image:type\" content=\"image\/jpeg\" \/>\n<meta name=\"author\" content=\"darka mazi\" \/>\n<meta name=\"twitter:card\" content=\"summary_large_image\" \/>\n<meta name=\"twitter:creator\" content=\"@DarkaMaziLatini\" \/>\n<meta name=\"twitter:site\" content=\"@DarkaMaziLatini\" \/>\n<meta name=\"twitter:label1\" content=\"Written by\" \/>\n\t<meta name=\"twitter:data1\" content=\"darka mazi\" \/>\n\t<meta name=\"twitter:label2\" content=\"Est. reading time\" \/>\n\t<meta name=\"twitter:data2\" content=\"1 minute\" \/>\n<script type=\"application\/ld+json\" class=\"seo-schema-graph\">{\"@context\":\"https:\\\/\\\/schema.org\",\"@graph\":[{\"@type\":\"Article\",\"@id\":\"https:\\\/\\\/darkamazi.info\\\/archives\\\/1031479#article\",\"isPartOf\":{\"@id\":\"https:\\\/\\\/darkamazi.info\\\/archives\\\/1031479\"},\"author\":{\"name\":\"darka mazi\",\"@id\":\"https:\\\/\\\/darkamazi.info\\\/#\\\/schema\\\/person\\\/5ad3e24553a0567993fa8ed4bd0a776c\"},\"headline\":\"Li Bexday\u00ea xwep\u00ea\u015fander gih\u00ee\u015ftin ber deriy\u00ea Devera Kesk\",\"datePublished\":\"2022-07-30T08:01:22+00:00\",\"mainEntityOfPage\":{\"@id\":\"https:\\\/\\\/darkamazi.info\\\/archives\\\/1031479\"},\"wordCount\":139,\"publisher\":{\"@id\":\"https:\\\/\\\/darkamazi.info\\\/#organization\"},\"image\":{\"@id\":\"https:\\\/\\\/darkamazi.info\\\/archives\\\/1031479#primaryimage\"},\"thumbnailUrl\":\"https:\\\/\\\/darkamazi.info\\\/darka-content\\\/uploads\\\/2022\\\/07\\\/muqteda-sedir-1.jpg\",\"keywords\":[\"sereke\"],\"articleSection\":[\"Rojhelata nav\u00een\"],\"inLanguage\":\"en-US\"},{\"@type\":\"WebPage\",\"@id\":\"https:\\\/\\\/darkamazi.info\\\/archives\\\/1031479\",\"url\":\"https:\\\/\\\/darkamazi.info\\\/archives\\\/1031479\",\"name\":\"Li Bexday\u00ea xwep\u00ea\u015fander gih\u00ee\u015ftin ber deriy\u00ea Devera Kesk - Darka Maz\u00ee\",\"isPartOf\":{\"@id\":\"https:\\\/\\\/darkamazi.info\\\/#website\"},\"primaryImageOfPage\":{\"@id\":\"https:\\\/\\\/darkamazi.info\\\/archives\\\/1031479#primaryimage\"},\"image\":{\"@id\":\"https:\\\/\\\/darkamazi.info\\\/archives\\\/1031479#primaryimage\"},\"thumbnailUrl\":\"https:\\\/\\\/darkamazi.info\\\/darka-content\\\/uploads\\\/2022\\\/07\\\/muqteda-sedir-1.jpg\",\"datePublished\":\"2022-07-30T08:01:22+00:00\",\"breadcrumb\":{\"@id\":\"https:\\\/\\\/darkamazi.info\\\/archives\\\/1031479#breadcrumb\"},\"inLanguage\":\"en-US\",\"potentialAction\":[{\"@type\":\"ReadAction\",\"target\":[\"https:\\\/\\\/darkamazi.info\\\/archives\\\/1031479\"]}]},{\"@type\":\"ImageObject\",\"inLanguage\":\"en-US\",\"@id\":\"https:\\\/\\\/darkamazi.info\\\/archives\\\/1031479#primaryimage\",\"url\":\"https:\\\/\\\/darkamazi.info\\\/darka-content\\\/uploads\\\/2022\\\/07\\\/muqteda-sedir-1.jpg\",\"contentUrl\":\"https:\\\/\\\/darkamazi.info\\\/darka-content\\\/uploads\\\/2022\\\/07\\\/muqteda-sedir-1.jpg\",\"width\":900,\"height\":497,\"caption\":\"Li Bexday\u00ea xwep\u00ea\u015fander gih\u00ee\u015ftin ber deriy\u00ea Devera Kesk\"},{\"@type\":\"BreadcrumbList\",\"@id\":\"https:\\\/\\\/darkamazi.info\\\/archives\\\/1031479#breadcrumb\",\"itemListElement\":[{\"@type\":\"ListItem\",\"position\":1,\"name\":\"Home\",\"item\":\"https:\\\/\\\/darkamazi.info\\\/\"},{\"@type\":\"ListItem\",\"position\":2,\"name\":\"Li Bexday\u00ea xwep\u00ea\u015fander gih\u00ee\u015ftin ber deriy\u00ea Devera Kesk\"}]},{\"@type\":\"WebSite\",\"@id\":\"https:\\\/\\\/darkamazi.info\\\/#website\",\"url\":\"https:\\\/\\\/darkamazi.info\\\/\",\"name\":\"Darka Maz\u00ee\",\"description\":\"P\u00eageha Zanyariy\u00ean Nebih\u00eest\u00ee\",\"publisher\":{\"@id\":\"https:\\\/\\\/darkamazi.info\\\/#organization\"},\"potentialAction\":[{\"@type\":\"SearchAction\",\"target\":{\"@type\":\"EntryPoint\",\"urlTemplate\":\"https:\\\/\\\/darkamazi.info\\\/?s={search_term_string}\"},\"query-input\":{\"@type\":\"PropertyValueSpecification\",\"valueRequired\":true,\"valueName\":\"search_term_string\"}}],\"inLanguage\":\"en-US\"},{\"@type\":\"Organization\",\"@id\":\"https:\\\/\\\/darkamazi.info\\\/#organization\",\"name\":\"Darka Maz\u00ee\",\"url\":\"https:\\\/\\\/darkamazi.info\\\/\",\"logo\":{\"@type\":\"ImageObject\",\"inLanguage\":\"en-US\",\"@id\":\"https:\\\/\\\/darkamazi.info\\\/#\\\/schema\\\/logo\\\/image\\\/\",\"url\":\"https:\\\/\\\/darkamazi.info\\\/darka-content\\\/uploads\\\/2017\\\/12\\\/darka-mazi-logo.png\",\"contentUrl\":\"https:\\\/\\\/darkamazi.info\\\/darka-content\\\/uploads\\\/2017\\\/12\\\/darka-mazi-logo.png\",\"width\":151,\"height\":75,\"caption\":\"Darka Maz\u00ee\"},\"image\":{\"@id\":\"https:\\\/\\\/darkamazi.info\\\/#\\\/schema\\\/logo\\\/image\\\/\"},\"sameAs\":[\"https:\\\/\\\/www.facebook.com\\\/DarMaziKurmanci\",\"https:\\\/\\\/x.com\\\/DarkaMaziLatini\",\"https:\\\/\\\/www.instagram.com\\\/darkamazi.kurmanci\\\/\",\"https:\\\/\\\/www.youtube.com\\\/channel\\\/UCa5HkTdmI8U1qCUFuTw8B2g\"]},{\"@type\":\"Person\",\"@id\":\"https:\\\/\\\/darkamazi.info\\\/#\\\/schema\\\/person\\\/5ad3e24553a0567993fa8ed4bd0a776c\",\"name\":\"darka mazi\",\"sameAs\":[\"https:\\\/\\\/darkamazi.info\\\/\"],\"url\":\"https:\\\/\\\/darkamazi.info\\\/archives\\\/author\\\/kurdi\"}]}<\/script>\n<!-- \/ Yoast SEO plugin. -->","seo_head_json":{"title":"Li Bexday\u00ea xwep\u00ea\u015fander gih\u00ee\u015ftin ber deriy\u00ea Devera Kesk - Darka Maz\u00ee","robots":{"index":"index","follow":"follow","max-snippet":"max-snippet:-1","max-image-preview":"max-image-preview:large","max-video-preview":"max-video-preview:-1"},"canonical":"https:\/\/darkamazi.info\/archives\/1031479","og_locale":"en_US","og_type":"article","og_title":"Li Bexday\u00ea xwep\u00ea\u015fander gih\u00ee\u015ftin ber deriy\u00ea Devera Kesk - Darka Maz\u00ee","og_description":"\u00a0Xwep\u00ea\u015fander\u00ean al\u00eegir\u00ean Tevgera Sedir gih\u00ee\u015ftin ber deriy\u00ea Devera Kesk \u00fb hewl didin berbest\u00ean li ber der\u00ee rakin. xwep\u00ea\u015fander dixwazin t\u00eakevin Devera Kesk, di heman dem\u00ea de h\u00eaz\u00ean ewlehiy\u00ea derdora xwep\u00ea\u015fdanderan dorp\u00ea\u00e7 kirine. Al\u00eegir\u00ean Tevgera Sedir xwep\u00ea\u015fandana xwe didom\u00eenin \u00fb dixwazin, daxwaza R\u00eaber\u00ea Tevgera Sedir Muqteda Sedir were c\u00eebic\u00eekirin, ku daxwaz kirib\u00fb, kes\u00ea ku d\u00ea bibe [&hellip;]","og_url":"https:\/\/darkamazi.info\/archives\/1031479","og_site_name":"Darka Maz\u00ee","article_publisher":"https:\/\/www.facebook.com\/DarMaziKurmanci","article_published_time":"2022-07-30T08:01:22+00:00","og_image":[{"width":900,"height":497,"url":"https:\/\/darkamazi.info\/file\/2022\/07\/muqteda-sedir-1.jpg","type":"image\/jpeg"}],"author":"darka mazi","twitter_card":"summary_large_image","twitter_creator":"@DarkaMaziLatini","twitter_site":"@DarkaMaziLatini","twitter_misc":{"Written by":"darka mazi","Est. reading time":"1 minute"},"schema":{"@context":"https:\/\/schema.org","@graph":[{"@type":"Article","@id":"https:\/\/darkamazi.info\/archives\/1031479#article","isPartOf":{"@id":"https:\/\/darkamazi.info\/archives\/1031479"},"author":{"name":"darka mazi","@id":"https:\/\/darkamazi.info\/#\/schema\/person\/5ad3e24553a0567993fa8ed4bd0a776c"},"headline":"Li Bexday\u00ea xwep\u00ea\u015fander gih\u00ee\u015ftin ber deriy\u00ea Devera Kesk","datePublished":"2022-07-30T08:01:22+00:00","mainEntityOfPage":{"@id":"https:\/\/darkamazi.info\/archives\/1031479"},"wordCount":139,"publisher":{"@id":"https:\/\/darkamazi.info\/#organization"},"image":{"@id":"https:\/\/darkamazi.info\/archives\/1031479#primaryimage"},"thumbnailUrl":"https:\/\/darkamazi.info\/file\/2022\/07\/muqteda-sedir-1.jpg","keywords":["sereke"],"articleSection":["Rojhelata nav\u00een"],"inLanguage":"en-US"},{"@type":"WebPage","@id":"https:\/\/darkamazi.info\/archives\/1031479","url":"https:\/\/darkamazi.info\/archives\/1031479","name":"Li Bexday\u00ea xwep\u00ea\u015fander gih\u00ee\u015ftin ber deriy\u00ea Devera Kesk - Darka Maz\u00ee","isPartOf":{"@id":"https:\/\/darkamazi.info\/#website"},"primaryImageOfPage":{"@id":"https:\/\/darkamazi.info\/archives\/1031479#primaryimage"},"image":{"@id":"https:\/\/darkamazi.info\/archives\/1031479#primaryimage"},"thumbnailUrl":"https:\/\/darkamazi.info\/file\/2022\/07\/muqteda-sedir-1.jpg","datePublished":"2022-07-30T08:01:22+00:00","breadcrumb":{"@id":"https:\/\/darkamazi.info\/archives\/1031479#breadcrumb"},"inLanguage":"en-US","potentialAction":[{"@type":"ReadAction","target":["https:\/\/darkamazi.info\/archives\/1031479"]}]},{"@type":"ImageObject","inLanguage":"en-US","@id":"https:\/\/darkamazi.info\/archives\/1031479#primaryimage","url":"https:\/\/darkamazi.info\/file\/2022\/07\/muqteda-sedir-1.jpg","contentUrl":"https:\/\/darkamazi.info\/file\/2022\/07\/muqteda-sedir-1.jpg","width":900,"height":497,"caption":"Li Bexday\u00ea xwep\u00ea\u015fander gih\u00ee\u015ftin ber deriy\u00ea Devera Kesk"},{"@type":"BreadcrumbList","@id":"https:\/\/darkamazi.info\/archives\/1031479#breadcrumb","itemListElement":[{"@type":"ListItem","position":1,"name":"Home","item":"https:\/\/darkamazi.info\/"},{"@type":"ListItem","position":2,"name":"Li Bexday\u00ea xwep\u00ea\u015fander gih\u00ee\u015ftin ber deriy\u00ea Devera Kesk"}]},{"@type":"WebSite","@id":"https:\/\/darkamazi.info\/#website","url":"https:\/\/darkamazi.info\/","name":"Darka Maz\u00ee","description":"P\u00eageha Zanyariy\u00ean Nebih\u00eest\u00ee","publisher":{"@id":"https:\/\/darkamazi.info\/#organization"},"potentialAction":[{"@type":"SearchAction","target":{"@type":"EntryPoint","urlTemplate":"https:\/\/darkamazi.info\/?s={search_term_string}"},"query-input":{"@type":"PropertyValueSpecification","valueRequired":true,"valueName":"search_term_string"}}],"inLanguage":"en-US"},{"@type":"Organization","@id":"https:\/\/darkamazi.info\/#organization","name":"Darka Maz\u00ee","url":"https:\/\/darkamazi.info\/","logo":{"@type":"ImageObject","inLanguage":"en-US","@id":"https:\/\/darkamazi.info\/#\/schema\/logo\/image\/","url":"https:\/\/darkamazi.info\/file\/2017\/12\/darka-mazi-logo.png","contentUrl":"https:\/\/darkamazi.info\/file\/2017\/12\/darka-mazi-logo.png","width":151,"height":75,"caption":"Darka Maz\u00ee"},"image":{"@id":"https:\/\/darkamazi.info\/#\/schema\/logo\/image\/"},"sameAs":["https:\/\/www.facebook.com\/DarMaziKurmanci","https:\/\/x.com\/DarkaMaziLatini","https:\/\/www.instagram.com\/darkamazi.kurmanci\/","https:\/\/www.youtube.com\/channel\/UCa5HkTdmI8U1qCUFuTw8B2g"]},{"@type":"Person","@id":"https:\/\/darkamazi.info\/#\/schema\/person\/5ad3e24553a0567993fa8ed4bd0a776c","name":"darka mazi","sameAs":["https:\/\/darkamazi.info\/"],"url":"https:\/\/darkamazi.info\/archives\/author\/kurdi"}]}},"_links":{"self":[{"href":"https:\/\/darkamazi.info\/funavuv\/wp\/v2\/posts\/1031479","targetHints":{"allow":["GET"]}}],"collection":[{"href":"https:\/\/darkamazi.info\/funavuv\/wp\/v2\/posts"}],"about":[{"href":"https:\/\/darkamazi.info\/funavuv\/wp\/v2\/types\/post"}],"author":[{"embeddable":true,"href":"https:\/\/darkamazi.info\/funavuv\/wp\/v2\/users\/2"}],"replies":[{"embeddable":true,"href":"https:\/\/darkamazi.info\/funavuv\/wp\/v2\/comments?post=1031479"}],"version-history":[{"count":0,"href":"https:\/\/darkamazi.info\/funavuv\/wp\/v2\/posts\/1031479\/revisions"}],"wp:featuredmedia":[{"embeddable":true,"href":"https:\/\/darkamazi.info\/funavuv\/wp\/v2\/media\/1031480"}],"wp:attachment":[{"href":"https:\/\/darkamazi.info\/funavuv\/wp\/v2\/media?parent=1031479"}],"wp:term":[{"taxonomy":"category","embeddable":true,"href":"https:\/\/darkamazi.info\/funavuv\/wp\/v2\/categories?post=1031479"},{"taxonomy":"post_tag","embeddable":true,"href":"https:\/\/darkamazi.info\/funavuv\/wp\/v2\/tags?post=1031479"}],"curies":[{"name":"wp","href":"https:\/\/api.w.org\/{rel}","templated":true}]}}