{"id":1031550,"date":"2022-08-02T13:00:31","date_gmt":"2022-08-02T10:00:31","guid":{"rendered":"https:\/\/darkamazi.info\/?p=1031550"},"modified":"2022-08-02T13:00:31","modified_gmt":"2022-08-02T10:00:31","slug":"li-amede-90-rojin-3-taxan-ava-vexwarine-nine","status":"publish","type":"post","link":"https:\/\/darkamazi.info\/archives\/1031550","title":{"rendered":"Li Amed\u00ea 90 rojin 3 taxan ava vexwarin\u00ea n\u00eene"},"content":{"rendered":"<h3 style=\"text-align: justify\"><span style=\"font-family: 'arial black', sans-serif\">Li nav\u00e7eya Sur\u00ea ser bi par\u00eazgeha Amed\u00ea ya Bakur\u00ea Kurdistan\u00ea li tax\u00ean Zeynikan, Zozinca Mezin \u00fb Ye\u015filli n\u00eaz\u00eeka 3 mehan ava vexwarin\u00ea n\u00eene \u00fb ligel ku n\u00ee\u015ftecih\u00ean taxan serl\u00eadana R\u00eaveberiya J\u00earxane \u00fb Av\u00ea (DISKI) ya gir\u00eaday\u00ee \u015faredariya par\u00eazgeh\u00ea kirine ti encam bi dest nexistine.<\/span><\/h3>\n<h3 style=\"text-align: justify\">Parlamentera HDP\u00ea ya Amed\u00ea Remziye Tosun li ser hesab\u00ea xwe y\u00ea Twitter\u00ea derbar\u00ea mijar\u00ea peyamek belav kir \u00fb got: \u201cLi Amed\u00ea 3 tax\u00ean gir\u00eaday\u00ee nav\u00e7eya Sur\u00ea 3 meh\u00ean b\u00ea av in. Ligel ku n\u00ee\u015ftecih\u00ean taxan di ser\u00ee de R\u00eaveberiya J\u00earxane \u00fb Av\u00ea ya Amed\u00ea (DISKI) \u00fb\u00a0\u00a0hem\u00fb saziy\u00ean peywend\u00eedar agahdar kirine l\u00ea ev 3 meh in ti \u00e7areseriyek nehatiye d\u00eetin. Em \u015fopdar\u00ea mijar\u00ea ne.\u201d<\/h3>\n<h3 style=\"text-align: justify\">Tosun ragihand ku derbar\u00ea mijar\u00ea de pirsyarnameyek bo Wez\u00eer\u00ea Navxwe \u00fb Wez\u00eer\u00ea \u00c7andin\u00ee \u00fb Daristan\u00ea p\u00ea\u015fk\u00ea\u015f kirine \u00fb bo pirsgir\u00eak b\u00ea \u00e7areserkirin d\u00ea prosey\u00ea bi \u015fop\u00eenin.<\/h3>\n<h3 style=\"text-align: justify\">Li gor gotina n\u00ee\u015ftecih\u00ean taxan ew bixwe ava vexwarin\u00ea peyda dikin \u00fb dervey\u00ee tax\u00ean wan li \u00e7end tax\u00ean din y\u00ean Sur\u00ea heman pirsgir\u00eak heye \u00fb boriy\u00ean j\u00earxaneya baj\u00ear j\u00ee li gelek cihan \u015fikestine \u00fb zerareke mezin d\u00eetine.<\/h3>\n<h3 style=\"text-align: justify\">Beriya \u00e7end rojan Parlamenter\u00ea HDP\u00ea Garo Paylan j\u00ee derbar\u00ea heman pirsgir\u00eak\u00ea ya li gund\u00ean nav\u00e7eya \u00c7erm\u00fbk\u00ea ya ser bi par\u00eazgeha Amed\u00ea pirsyarnameyek bo parlamentoya Tirkiy\u00ea p\u00ea\u015fk\u00ea\u015f kirib\u00fb.<\/h3>\n","protected":false},"excerpt":{"rendered":"<p>Li nav\u00e7eya Sur\u00ea ser bi par\u00eazgeha Amed\u00ea ya Bakur\u00ea Kurdistan\u00ea li tax\u00ean Zeynikan, Zozinca Mezin \u00fb Ye\u015filli n\u00eaz\u00eeka 3 mehan ava vexwarin\u00ea n\u00eene \u00fb ligel ku n\u00ee\u015ftecih\u00ean taxan serl\u00eadana R\u00eaveberiya J\u00earxane \u00fb Av\u00ea (DISKI) ya gir\u00eaday\u00ee \u015faredariya par\u00eazgeh\u00ea kirine ti encam bi dest nexistine. Parlamentera HDP\u00ea ya Amed\u00ea Remziye Tosun li ser hesab\u00ea xwe y\u00ea [&hellip;]<\/p>\n","protected":false},"author":2,"featured_media":1031551,"comment_status":"closed","ping_status":"closed","sticky":false,"template":"","format":"standard","meta":{"footnotes":""},"categories":[29],"tags":[37],"class_list":["post-1031550","post","type-post","status-publish","format-standard","has-post-thumbnail","hentry","category-kurdistan","tag-sereke"],"blocksy_meta":[],"seo_head":"<!-- This site is optimized with the Yoast SEO plugin v27.5 - https:\/\/yoast.com\/product\/yoast-seo-wordpress\/ -->\n<title>Li Amed\u00ea 90 rojin 3 taxan ava vexwarin\u00ea n\u00eene - Darka Maz\u00ee<\/title>\n<meta name=\"robots\" content=\"index, follow, max-snippet:-1, max-image-preview:large, max-video-preview:-1\" \/>\n<link rel=\"canonical\" href=\"https:\/\/darkamazi.info\/archives\/1031550\" \/>\n<meta property=\"og:locale\" content=\"en_US\" \/>\n<meta property=\"og:type\" content=\"article\" \/>\n<meta property=\"og:title\" content=\"Li Amed\u00ea 90 rojin 3 taxan ava vexwarin\u00ea n\u00eene - Darka Maz\u00ee\" \/>\n<meta property=\"og:description\" content=\"Li nav\u00e7eya Sur\u00ea ser bi par\u00eazgeha Amed\u00ea ya Bakur\u00ea Kurdistan\u00ea li tax\u00ean Zeynikan, Zozinca Mezin \u00fb Ye\u015filli n\u00eaz\u00eeka 3 mehan ava vexwarin\u00ea n\u00eene \u00fb ligel ku n\u00ee\u015ftecih\u00ean taxan serl\u00eadana R\u00eaveberiya J\u00earxane \u00fb Av\u00ea (DISKI) ya gir\u00eaday\u00ee \u015faredariya par\u00eazgeh\u00ea kirine ti encam bi dest nexistine. Parlamentera HDP\u00ea ya Amed\u00ea Remziye Tosun li ser hesab\u00ea xwe y\u00ea [&hellip;]\" \/>\n<meta property=\"og:url\" content=\"https:\/\/darkamazi.info\/archives\/1031550\" \/>\n<meta property=\"og:site_name\" content=\"Darka Maz\u00ee\" \/>\n<meta property=\"article:publisher\" content=\"https:\/\/www.facebook.com\/DarMaziKurmanci\" \/>\n<meta property=\"article:published_time\" content=\"2022-08-02T10:00:31+00:00\" \/>\n<meta property=\"og:image\" content=\"https:\/\/darkamazi.info\/file\/2022\/08\/diyarbekir-amed.jpg\" \/>\n\t<meta property=\"og:image:width\" content=\"900\" \/>\n\t<meta property=\"og:image:height\" content=\"497\" \/>\n\t<meta property=\"og:image:type\" content=\"image\/jpeg\" \/>\n<meta name=\"author\" content=\"darka mazi\" \/>\n<meta name=\"twitter:card\" content=\"summary_large_image\" \/>\n<meta name=\"twitter:creator\" content=\"@DarkaMaziLatini\" \/>\n<meta name=\"twitter:site\" content=\"@DarkaMaziLatini\" \/>\n<meta name=\"twitter:label1\" content=\"Written by\" \/>\n\t<meta name=\"twitter:data1\" content=\"darka mazi\" \/>\n\t<meta name=\"twitter:label2\" content=\"Est. reading time\" \/>\n\t<meta name=\"twitter:data2\" content=\"1 minute\" \/>\n<script type=\"application\/ld+json\" class=\"seo-schema-graph\">{\"@context\":\"https:\\\/\\\/schema.org\",\"@graph\":[{\"@type\":\"Article\",\"@id\":\"https:\\\/\\\/darkamazi.info\\\/archives\\\/1031550#article\",\"isPartOf\":{\"@id\":\"https:\\\/\\\/darkamazi.info\\\/archives\\\/1031550\"},\"author\":{\"name\":\"darka mazi\",\"@id\":\"https:\\\/\\\/darkamazi.info\\\/#\\\/schema\\\/person\\\/5ad3e24553a0567993fa8ed4bd0a776c\"},\"headline\":\"Li Amed\u00ea 90 rojin 3 taxan ava vexwarin\u00ea n\u00eene\",\"datePublished\":\"2022-08-02T10:00:31+00:00\",\"mainEntityOfPage\":{\"@id\":\"https:\\\/\\\/darkamazi.info\\\/archives\\\/1031550\"},\"wordCount\":236,\"publisher\":{\"@id\":\"https:\\\/\\\/darkamazi.info\\\/#organization\"},\"image\":{\"@id\":\"https:\\\/\\\/darkamazi.info\\\/archives\\\/1031550#primaryimage\"},\"thumbnailUrl\":\"https:\\\/\\\/darkamazi.info\\\/darka-content\\\/uploads\\\/2022\\\/08\\\/diyarbekir-amed.jpg\",\"keywords\":[\"sereke\"],\"articleSection\":[\"Kurdistan\"],\"inLanguage\":\"en-US\"},{\"@type\":\"WebPage\",\"@id\":\"https:\\\/\\\/darkamazi.info\\\/archives\\\/1031550\",\"url\":\"https:\\\/\\\/darkamazi.info\\\/archives\\\/1031550\",\"name\":\"Li Amed\u00ea 90 rojin 3 taxan ava vexwarin\u00ea n\u00eene - Darka Maz\u00ee\",\"isPartOf\":{\"@id\":\"https:\\\/\\\/darkamazi.info\\\/#website\"},\"primaryImageOfPage\":{\"@id\":\"https:\\\/\\\/darkamazi.info\\\/archives\\\/1031550#primaryimage\"},\"image\":{\"@id\":\"https:\\\/\\\/darkamazi.info\\\/archives\\\/1031550#primaryimage\"},\"thumbnailUrl\":\"https:\\\/\\\/darkamazi.info\\\/darka-content\\\/uploads\\\/2022\\\/08\\\/diyarbekir-amed.jpg\",\"datePublished\":\"2022-08-02T10:00:31+00:00\",\"breadcrumb\":{\"@id\":\"https:\\\/\\\/darkamazi.info\\\/archives\\\/1031550#breadcrumb\"},\"inLanguage\":\"en-US\",\"potentialAction\":[{\"@type\":\"ReadAction\",\"target\":[\"https:\\\/\\\/darkamazi.info\\\/archives\\\/1031550\"]}]},{\"@type\":\"ImageObject\",\"inLanguage\":\"en-US\",\"@id\":\"https:\\\/\\\/darkamazi.info\\\/archives\\\/1031550#primaryimage\",\"url\":\"https:\\\/\\\/darkamazi.info\\\/darka-content\\\/uploads\\\/2022\\\/08\\\/diyarbekir-amed.jpg\",\"contentUrl\":\"https:\\\/\\\/darkamazi.info\\\/darka-content\\\/uploads\\\/2022\\\/08\\\/diyarbekir-amed.jpg\",\"width\":900,\"height\":497,\"caption\":\"Li Amed\u00ea 90 rojin 3 taxan ava vexwarin\u00ea n\u00eene\"},{\"@type\":\"BreadcrumbList\",\"@id\":\"https:\\\/\\\/darkamazi.info\\\/archives\\\/1031550#breadcrumb\",\"itemListElement\":[{\"@type\":\"ListItem\",\"position\":1,\"name\":\"Home\",\"item\":\"https:\\\/\\\/darkamazi.info\\\/\"},{\"@type\":\"ListItem\",\"position\":2,\"name\":\"Li Amed\u00ea 90 rojin 3 taxan ava vexwarin\u00ea n\u00eene\"}]},{\"@type\":\"WebSite\",\"@id\":\"https:\\\/\\\/darkamazi.info\\\/#website\",\"url\":\"https:\\\/\\\/darkamazi.info\\\/\",\"name\":\"Darka Maz\u00ee\",\"description\":\"P\u00eageha Zanyariy\u00ean Nebih\u00eest\u00ee\",\"publisher\":{\"@id\":\"https:\\\/\\\/darkamazi.info\\\/#organization\"},\"potentialAction\":[{\"@type\":\"SearchAction\",\"target\":{\"@type\":\"EntryPoint\",\"urlTemplate\":\"https:\\\/\\\/darkamazi.info\\\/?s={search_term_string}\"},\"query-input\":{\"@type\":\"PropertyValueSpecification\",\"valueRequired\":true,\"valueName\":\"search_term_string\"}}],\"inLanguage\":\"en-US\"},{\"@type\":\"Organization\",\"@id\":\"https:\\\/\\\/darkamazi.info\\\/#organization\",\"name\":\"Darka Maz\u00ee\",\"url\":\"https:\\\/\\\/darkamazi.info\\\/\",\"logo\":{\"@type\":\"ImageObject\",\"inLanguage\":\"en-US\",\"@id\":\"https:\\\/\\\/darkamazi.info\\\/#\\\/schema\\\/logo\\\/image\\\/\",\"url\":\"https:\\\/\\\/darkamazi.info\\\/darka-content\\\/uploads\\\/2017\\\/12\\\/darka-mazi-logo.png\",\"contentUrl\":\"https:\\\/\\\/darkamazi.info\\\/darka-content\\\/uploads\\\/2017\\\/12\\\/darka-mazi-logo.png\",\"width\":151,\"height\":75,\"caption\":\"Darka Maz\u00ee\"},\"image\":{\"@id\":\"https:\\\/\\\/darkamazi.info\\\/#\\\/schema\\\/logo\\\/image\\\/\"},\"sameAs\":[\"https:\\\/\\\/www.facebook.com\\\/DarMaziKurmanci\",\"https:\\\/\\\/x.com\\\/DarkaMaziLatini\",\"https:\\\/\\\/www.instagram.com\\\/darkamazi.kurmanci\\\/\",\"https:\\\/\\\/www.youtube.com\\\/channel\\\/UCa5HkTdmI8U1qCUFuTw8B2g\"]},{\"@type\":\"Person\",\"@id\":\"https:\\\/\\\/darkamazi.info\\\/#\\\/schema\\\/person\\\/5ad3e24553a0567993fa8ed4bd0a776c\",\"name\":\"darka mazi\",\"sameAs\":[\"https:\\\/\\\/darkamazi.info\\\/\"],\"url\":\"https:\\\/\\\/darkamazi.info\\\/archives\\\/author\\\/kurdi\"}]}<\/script>\n<!-- \/ Yoast SEO plugin. -->","seo_head_json":{"title":"Li Amed\u00ea 90 rojin 3 taxan ava vexwarin\u00ea n\u00eene - Darka Maz\u00ee","robots":{"index":"index","follow":"follow","max-snippet":"max-snippet:-1","max-image-preview":"max-image-preview:large","max-video-preview":"max-video-preview:-1"},"canonical":"https:\/\/darkamazi.info\/archives\/1031550","og_locale":"en_US","og_type":"article","og_title":"Li Amed\u00ea 90 rojin 3 taxan ava vexwarin\u00ea n\u00eene - Darka Maz\u00ee","og_description":"Li nav\u00e7eya Sur\u00ea ser bi par\u00eazgeha Amed\u00ea ya Bakur\u00ea Kurdistan\u00ea li tax\u00ean Zeynikan, Zozinca Mezin \u00fb Ye\u015filli n\u00eaz\u00eeka 3 mehan ava vexwarin\u00ea n\u00eene \u00fb ligel ku n\u00ee\u015ftecih\u00ean taxan serl\u00eadana R\u00eaveberiya J\u00earxane \u00fb Av\u00ea (DISKI) ya gir\u00eaday\u00ee \u015faredariya par\u00eazgeh\u00ea kirine ti encam bi dest nexistine. Parlamentera HDP\u00ea ya Amed\u00ea Remziye Tosun li ser hesab\u00ea xwe y\u00ea [&hellip;]","og_url":"https:\/\/darkamazi.info\/archives\/1031550","og_site_name":"Darka Maz\u00ee","article_publisher":"https:\/\/www.facebook.com\/DarMaziKurmanci","article_published_time":"2022-08-02T10:00:31+00:00","og_image":[{"width":900,"height":497,"url":"https:\/\/darkamazi.info\/file\/2022\/08\/diyarbekir-amed.jpg","type":"image\/jpeg"}],"author":"darka mazi","twitter_card":"summary_large_image","twitter_creator":"@DarkaMaziLatini","twitter_site":"@DarkaMaziLatini","twitter_misc":{"Written by":"darka mazi","Est. reading time":"1 minute"},"schema":{"@context":"https:\/\/schema.org","@graph":[{"@type":"Article","@id":"https:\/\/darkamazi.info\/archives\/1031550#article","isPartOf":{"@id":"https:\/\/darkamazi.info\/archives\/1031550"},"author":{"name":"darka mazi","@id":"https:\/\/darkamazi.info\/#\/schema\/person\/5ad3e24553a0567993fa8ed4bd0a776c"},"headline":"Li Amed\u00ea 90 rojin 3 taxan ava vexwarin\u00ea n\u00eene","datePublished":"2022-08-02T10:00:31+00:00","mainEntityOfPage":{"@id":"https:\/\/darkamazi.info\/archives\/1031550"},"wordCount":236,"publisher":{"@id":"https:\/\/darkamazi.info\/#organization"},"image":{"@id":"https:\/\/darkamazi.info\/archives\/1031550#primaryimage"},"thumbnailUrl":"https:\/\/darkamazi.info\/file\/2022\/08\/diyarbekir-amed.jpg","keywords":["sereke"],"articleSection":["Kurdistan"],"inLanguage":"en-US"},{"@type":"WebPage","@id":"https:\/\/darkamazi.info\/archives\/1031550","url":"https:\/\/darkamazi.info\/archives\/1031550","name":"Li Amed\u00ea 90 rojin 3 taxan ava vexwarin\u00ea n\u00eene - Darka Maz\u00ee","isPartOf":{"@id":"https:\/\/darkamazi.info\/#website"},"primaryImageOfPage":{"@id":"https:\/\/darkamazi.info\/archives\/1031550#primaryimage"},"image":{"@id":"https:\/\/darkamazi.info\/archives\/1031550#primaryimage"},"thumbnailUrl":"https:\/\/darkamazi.info\/file\/2022\/08\/diyarbekir-amed.jpg","datePublished":"2022-08-02T10:00:31+00:00","breadcrumb":{"@id":"https:\/\/darkamazi.info\/archives\/1031550#breadcrumb"},"inLanguage":"en-US","potentialAction":[{"@type":"ReadAction","target":["https:\/\/darkamazi.info\/archives\/1031550"]}]},{"@type":"ImageObject","inLanguage":"en-US","@id":"https:\/\/darkamazi.info\/archives\/1031550#primaryimage","url":"https:\/\/darkamazi.info\/file\/2022\/08\/diyarbekir-amed.jpg","contentUrl":"https:\/\/darkamazi.info\/file\/2022\/08\/diyarbekir-amed.jpg","width":900,"height":497,"caption":"Li Amed\u00ea 90 rojin 3 taxan ava vexwarin\u00ea n\u00eene"},{"@type":"BreadcrumbList","@id":"https:\/\/darkamazi.info\/archives\/1031550#breadcrumb","itemListElement":[{"@type":"ListItem","position":1,"name":"Home","item":"https:\/\/darkamazi.info\/"},{"@type":"ListItem","position":2,"name":"Li Amed\u00ea 90 rojin 3 taxan ava vexwarin\u00ea n\u00eene"}]},{"@type":"WebSite","@id":"https:\/\/darkamazi.info\/#website","url":"https:\/\/darkamazi.info\/","name":"Darka Maz\u00ee","description":"P\u00eageha Zanyariy\u00ean Nebih\u00eest\u00ee","publisher":{"@id":"https:\/\/darkamazi.info\/#organization"},"potentialAction":[{"@type":"SearchAction","target":{"@type":"EntryPoint","urlTemplate":"https:\/\/darkamazi.info\/?s={search_term_string}"},"query-input":{"@type":"PropertyValueSpecification","valueRequired":true,"valueName":"search_term_string"}}],"inLanguage":"en-US"},{"@type":"Organization","@id":"https:\/\/darkamazi.info\/#organization","name":"Darka Maz\u00ee","url":"https:\/\/darkamazi.info\/","logo":{"@type":"ImageObject","inLanguage":"en-US","@id":"https:\/\/darkamazi.info\/#\/schema\/logo\/image\/","url":"https:\/\/darkamazi.info\/file\/2017\/12\/darka-mazi-logo.png","contentUrl":"https:\/\/darkamazi.info\/file\/2017\/12\/darka-mazi-logo.png","width":151,"height":75,"caption":"Darka Maz\u00ee"},"image":{"@id":"https:\/\/darkamazi.info\/#\/schema\/logo\/image\/"},"sameAs":["https:\/\/www.facebook.com\/DarMaziKurmanci","https:\/\/x.com\/DarkaMaziLatini","https:\/\/www.instagram.com\/darkamazi.kurmanci\/","https:\/\/www.youtube.com\/channel\/UCa5HkTdmI8U1qCUFuTw8B2g"]},{"@type":"Person","@id":"https:\/\/darkamazi.info\/#\/schema\/person\/5ad3e24553a0567993fa8ed4bd0a776c","name":"darka mazi","sameAs":["https:\/\/darkamazi.info\/"],"url":"https:\/\/darkamazi.info\/archives\/author\/kurdi"}]}},"_links":{"self":[{"href":"https:\/\/darkamazi.info\/funavuv\/wp\/v2\/posts\/1031550","targetHints":{"allow":["GET"]}}],"collection":[{"href":"https:\/\/darkamazi.info\/funavuv\/wp\/v2\/posts"}],"about":[{"href":"https:\/\/darkamazi.info\/funavuv\/wp\/v2\/types\/post"}],"author":[{"embeddable":true,"href":"https:\/\/darkamazi.info\/funavuv\/wp\/v2\/users\/2"}],"replies":[{"embeddable":true,"href":"https:\/\/darkamazi.info\/funavuv\/wp\/v2\/comments?post=1031550"}],"version-history":[{"count":0,"href":"https:\/\/darkamazi.info\/funavuv\/wp\/v2\/posts\/1031550\/revisions"}],"wp:featuredmedia":[{"embeddable":true,"href":"https:\/\/darkamazi.info\/funavuv\/wp\/v2\/media\/1031551"}],"wp:attachment":[{"href":"https:\/\/darkamazi.info\/funavuv\/wp\/v2\/media?parent=1031550"}],"wp:term":[{"taxonomy":"category","embeddable":true,"href":"https:\/\/darkamazi.info\/funavuv\/wp\/v2\/categories?post=1031550"},{"taxonomy":"post_tag","embeddable":true,"href":"https:\/\/darkamazi.info\/funavuv\/wp\/v2\/tags?post=1031550"}],"curies":[{"name":"wp","href":"https:\/\/api.w.org\/{rel}","templated":true}]}}