{"id":1031576,"date":"2022-08-03T16:29:46","date_gmt":"2022-08-03T13:29:46","guid":{"rendered":"https:\/\/darkamazi.info\/?p=1031576"},"modified":"2022-08-03T16:29:46","modified_gmt":"2022-08-03T13:29:46","slug":"amerika-daxwaza-cibicikirina-peymana-singale-dike","status":"publish","type":"post","link":"https:\/\/darkamazi.info\/archives\/1031576","title":{"rendered":"Amer\u00eeka daxwaza c\u00eebic\u00eekirina Peymana \u015eingal\u00ea dike"},"content":{"rendered":"<h3 style=\"text-align: justify\"><span style=\"font-family: 'arial black', sans-serif\">Balyoza Amer\u00eeka li Iraq\u00ea Alina Romanowski bang li aliy\u00ean siyas\u00ee y\u00ean Iraq\u00ea kir ku r\u00eakeftina \u015eingal\u00ea \u00fb yasaya rizgarkirina \u00cazdiyan ji dest\u00ea r\u00eaxistina teror\u00eest a DA\u015eI\u00ea p\u00eak b\u00eenin.<\/span><\/h3>\n<h3 style=\"text-align: justify\">Romanowski di Tw\u00eetter\u00ea de wiha got: &#8220;Em bang li hem\u00fb aliyan dikin ku Peymana \u015eengal\u00ea \u00fb yasaya rizgarkirina \u00cazidiyan ji dest\u00ea DAI\u015e\u00ea p\u00eak b\u00eenin.&#8221;<\/h3>\n<h3 style=\"text-align: justify\">Li 9 oktobera sala 2021, hik\u00fbmeta federal a \u00ceraq\u00ea \u00fb hik\u00fbmeta Ba\u015f\u00fbr\u00ea Kurdistan\u00ea \u00eelan kir ku peymana asay\u00ee kirina rew\u015fa \u015eingal\u00ea hat\u00eeye \u00eemze kirin, li gor\u00ee peyman\u00ea p\u00eaw\u00eeste PKK e m\u00eel\u00ee\u015fyay\u00ean gir\u00eaday w\u00ea ji \u015eingal\u00ea derkevin, l\u00ea bel\u00ea h\u00eajan ev y\u00eak p\u00eaknehat\u00eeye.<\/h3>\n<h3 style=\"text-align: justify\">Di ser dagirkirina \u015eengal\u00ea ya ji aliy\u00ea \u00e7etey\u00ean Dewleta \u00ceslam\u00ee ya Iraq \u00fb B\u00eelad \u015eam DAI\u015e\u00ea \u00fb qirkirina \u00cazdiyan ve 8 sal derbas b\u00fbn.<\/h3>\n<h3 style=\"text-align: justify\">Roja 13\/11\/2015 H\u00eaz\u00ean P\u00ea\u015fmergey\u00ean Kurdistan\u00ea di operasyoneke bi serpere\u015ftiya Serok Barzan\u00ee de \u015eingal ji dest\u00ea \u00e7ekdar\u00ean DAI\u015e\u00ea rizgar kirin.<\/h3>\n","protected":false},"excerpt":{"rendered":"<p>Balyoza Amer\u00eeka li Iraq\u00ea Alina Romanowski bang li aliy\u00ean siyas\u00ee y\u00ean Iraq\u00ea kir ku r\u00eakeftina \u015eingal\u00ea \u00fb yasaya rizgarkirina \u00cazdiyan ji dest\u00ea r\u00eaxistina teror\u00eest a DA\u015eI\u00ea p\u00eak b\u00eenin. Romanowski di Tw\u00eetter\u00ea de wiha got: &#8220;Em bang li hem\u00fb aliyan dikin ku Peymana \u015eengal\u00ea \u00fb yasaya rizgarkirina \u00cazidiyan ji dest\u00ea DAI\u015e\u00ea p\u00eak b\u00eenin.&#8221; Li 9 oktobera [&hellip;]<\/p>\n","protected":false},"author":2,"featured_media":1031577,"comment_status":"closed","ping_status":"closed","sticky":false,"template":"","format":"standard","meta":{"footnotes":""},"categories":[30],"tags":[37],"class_list":["post-1031576","post","type-post","status-publish","format-standard","has-post-thumbnail","hentry","category-cihan","tag-sereke"],"blocksy_meta":[],"seo_head":"<!-- This site is optimized with the Yoast SEO plugin v27.5 - https:\/\/yoast.com\/product\/yoast-seo-wordpress\/ -->\n<title>Amer\u00eeka daxwaza c\u00eebic\u00eekirina Peymana \u015eingal\u00ea dike - Darka Maz\u00ee<\/title>\n<meta name=\"robots\" content=\"index, follow, max-snippet:-1, max-image-preview:large, max-video-preview:-1\" \/>\n<link rel=\"canonical\" href=\"https:\/\/darkamazi.info\/archives\/1031576\" \/>\n<meta property=\"og:locale\" content=\"en_US\" \/>\n<meta property=\"og:type\" content=\"article\" \/>\n<meta property=\"og:title\" content=\"Amer\u00eeka daxwaza c\u00eebic\u00eekirina Peymana \u015eingal\u00ea dike - Darka Maz\u00ee\" \/>\n<meta property=\"og:description\" content=\"Balyoza Amer\u00eeka li Iraq\u00ea Alina Romanowski bang li aliy\u00ean siyas\u00ee y\u00ean Iraq\u00ea kir ku r\u00eakeftina \u015eingal\u00ea \u00fb yasaya rizgarkirina \u00cazdiyan ji dest\u00ea r\u00eaxistina teror\u00eest a DA\u015eI\u00ea p\u00eak b\u00eenin. Romanowski di Tw\u00eetter\u00ea de wiha got: &#8220;Em bang li hem\u00fb aliyan dikin ku Peymana \u015eengal\u00ea \u00fb yasaya rizgarkirina \u00cazidiyan ji dest\u00ea DAI\u015e\u00ea p\u00eak b\u00eenin.&#8221; Li 9 oktobera [&hellip;]\" \/>\n<meta property=\"og:url\" content=\"https:\/\/darkamazi.info\/archives\/1031576\" \/>\n<meta property=\"og:site_name\" content=\"Darka Maz\u00ee\" \/>\n<meta property=\"article:publisher\" content=\"https:\/\/www.facebook.com\/DarMaziKurmanci\" \/>\n<meta property=\"article:published_time\" content=\"2022-08-03T13:29:46+00:00\" \/>\n<meta property=\"og:image\" content=\"https:\/\/darkamazi.info\/file\/2022\/08\/Alina-Romanowski-sinjar-krg-2.jpg\" \/>\n\t<meta property=\"og:image:width\" content=\"900\" \/>\n\t<meta property=\"og:image:height\" content=\"497\" \/>\n\t<meta property=\"og:image:type\" content=\"image\/jpeg\" \/>\n<meta name=\"author\" content=\"darka mazi\" \/>\n<meta name=\"twitter:card\" content=\"summary_large_image\" \/>\n<meta name=\"twitter:creator\" content=\"@DarkaMaziLatini\" \/>\n<meta name=\"twitter:site\" content=\"@DarkaMaziLatini\" \/>\n<meta name=\"twitter:label1\" content=\"Written by\" \/>\n\t<meta name=\"twitter:data1\" content=\"darka mazi\" \/>\n\t<meta name=\"twitter:label2\" content=\"Est. reading time\" \/>\n\t<meta name=\"twitter:data2\" content=\"1 minute\" \/>\n<script type=\"application\/ld+json\" class=\"seo-schema-graph\">{\"@context\":\"https:\\\/\\\/schema.org\",\"@graph\":[{\"@type\":\"Article\",\"@id\":\"https:\\\/\\\/darkamazi.info\\\/archives\\\/1031576#article\",\"isPartOf\":{\"@id\":\"https:\\\/\\\/darkamazi.info\\\/archives\\\/1031576\"},\"author\":{\"name\":\"darka mazi\",\"@id\":\"https:\\\/\\\/darkamazi.info\\\/#\\\/schema\\\/person\\\/5ad3e24553a0567993fa8ed4bd0a776c\"},\"headline\":\"Amer\u00eeka daxwaza c\u00eebic\u00eekirina Peymana \u015eingal\u00ea dike\",\"datePublished\":\"2022-08-03T13:29:46+00:00\",\"mainEntityOfPage\":{\"@id\":\"https:\\\/\\\/darkamazi.info\\\/archives\\\/1031576\"},\"wordCount\":173,\"publisher\":{\"@id\":\"https:\\\/\\\/darkamazi.info\\\/#organization\"},\"image\":{\"@id\":\"https:\\\/\\\/darkamazi.info\\\/archives\\\/1031576#primaryimage\"},\"thumbnailUrl\":\"https:\\\/\\\/darkamazi.info\\\/darka-content\\\/uploads\\\/2022\\\/08\\\/Alina-Romanowski-sinjar-krg-2.jpg\",\"keywords\":[\"sereke\"],\"articleSection\":[\"C\u00eehan\"],\"inLanguage\":\"en-US\"},{\"@type\":\"WebPage\",\"@id\":\"https:\\\/\\\/darkamazi.info\\\/archives\\\/1031576\",\"url\":\"https:\\\/\\\/darkamazi.info\\\/archives\\\/1031576\",\"name\":\"Amer\u00eeka daxwaza c\u00eebic\u00eekirina Peymana \u015eingal\u00ea dike - Darka Maz\u00ee\",\"isPartOf\":{\"@id\":\"https:\\\/\\\/darkamazi.info\\\/#website\"},\"primaryImageOfPage\":{\"@id\":\"https:\\\/\\\/darkamazi.info\\\/archives\\\/1031576#primaryimage\"},\"image\":{\"@id\":\"https:\\\/\\\/darkamazi.info\\\/archives\\\/1031576#primaryimage\"},\"thumbnailUrl\":\"https:\\\/\\\/darkamazi.info\\\/darka-content\\\/uploads\\\/2022\\\/08\\\/Alina-Romanowski-sinjar-krg-2.jpg\",\"datePublished\":\"2022-08-03T13:29:46+00:00\",\"breadcrumb\":{\"@id\":\"https:\\\/\\\/darkamazi.info\\\/archives\\\/1031576#breadcrumb\"},\"inLanguage\":\"en-US\",\"potentialAction\":[{\"@type\":\"ReadAction\",\"target\":[\"https:\\\/\\\/darkamazi.info\\\/archives\\\/1031576\"]}]},{\"@type\":\"ImageObject\",\"inLanguage\":\"en-US\",\"@id\":\"https:\\\/\\\/darkamazi.info\\\/archives\\\/1031576#primaryimage\",\"url\":\"https:\\\/\\\/darkamazi.info\\\/darka-content\\\/uploads\\\/2022\\\/08\\\/Alina-Romanowski-sinjar-krg-2.jpg\",\"contentUrl\":\"https:\\\/\\\/darkamazi.info\\\/darka-content\\\/uploads\\\/2022\\\/08\\\/Alina-Romanowski-sinjar-krg-2.jpg\",\"width\":900,\"height\":497,\"caption\":\"Amer\u00eeka daxwaza c\u00eebic\u00eekirina Peymana \u015eingal\u00ea dike\"},{\"@type\":\"BreadcrumbList\",\"@id\":\"https:\\\/\\\/darkamazi.info\\\/archives\\\/1031576#breadcrumb\",\"itemListElement\":[{\"@type\":\"ListItem\",\"position\":1,\"name\":\"Home\",\"item\":\"https:\\\/\\\/darkamazi.info\\\/\"},{\"@type\":\"ListItem\",\"position\":2,\"name\":\"Amer\u00eeka daxwaza c\u00eebic\u00eekirina Peymana \u015eingal\u00ea dike\"}]},{\"@type\":\"WebSite\",\"@id\":\"https:\\\/\\\/darkamazi.info\\\/#website\",\"url\":\"https:\\\/\\\/darkamazi.info\\\/\",\"name\":\"Darka Maz\u00ee\",\"description\":\"P\u00eageha Zanyariy\u00ean Nebih\u00eest\u00ee\",\"publisher\":{\"@id\":\"https:\\\/\\\/darkamazi.info\\\/#organization\"},\"potentialAction\":[{\"@type\":\"SearchAction\",\"target\":{\"@type\":\"EntryPoint\",\"urlTemplate\":\"https:\\\/\\\/darkamazi.info\\\/?s={search_term_string}\"},\"query-input\":{\"@type\":\"PropertyValueSpecification\",\"valueRequired\":true,\"valueName\":\"search_term_string\"}}],\"inLanguage\":\"en-US\"},{\"@type\":\"Organization\",\"@id\":\"https:\\\/\\\/darkamazi.info\\\/#organization\",\"name\":\"Darka Maz\u00ee\",\"url\":\"https:\\\/\\\/darkamazi.info\\\/\",\"logo\":{\"@type\":\"ImageObject\",\"inLanguage\":\"en-US\",\"@id\":\"https:\\\/\\\/darkamazi.info\\\/#\\\/schema\\\/logo\\\/image\\\/\",\"url\":\"https:\\\/\\\/darkamazi.info\\\/darka-content\\\/uploads\\\/2017\\\/12\\\/darka-mazi-logo.png\",\"contentUrl\":\"https:\\\/\\\/darkamazi.info\\\/darka-content\\\/uploads\\\/2017\\\/12\\\/darka-mazi-logo.png\",\"width\":151,\"height\":75,\"caption\":\"Darka Maz\u00ee\"},\"image\":{\"@id\":\"https:\\\/\\\/darkamazi.info\\\/#\\\/schema\\\/logo\\\/image\\\/\"},\"sameAs\":[\"https:\\\/\\\/www.facebook.com\\\/DarMaziKurmanci\",\"https:\\\/\\\/x.com\\\/DarkaMaziLatini\",\"https:\\\/\\\/www.instagram.com\\\/darkamazi.kurmanci\\\/\",\"https:\\\/\\\/www.youtube.com\\\/channel\\\/UCa5HkTdmI8U1qCUFuTw8B2g\"]},{\"@type\":\"Person\",\"@id\":\"https:\\\/\\\/darkamazi.info\\\/#\\\/schema\\\/person\\\/5ad3e24553a0567993fa8ed4bd0a776c\",\"name\":\"darka mazi\",\"sameAs\":[\"https:\\\/\\\/darkamazi.info\\\/\"],\"url\":\"https:\\\/\\\/darkamazi.info\\\/archives\\\/author\\\/kurdi\"}]}<\/script>\n<!-- \/ Yoast SEO plugin. -->","seo_head_json":{"title":"Amer\u00eeka daxwaza c\u00eebic\u00eekirina Peymana \u015eingal\u00ea dike - Darka Maz\u00ee","robots":{"index":"index","follow":"follow","max-snippet":"max-snippet:-1","max-image-preview":"max-image-preview:large","max-video-preview":"max-video-preview:-1"},"canonical":"https:\/\/darkamazi.info\/archives\/1031576","og_locale":"en_US","og_type":"article","og_title":"Amer\u00eeka daxwaza c\u00eebic\u00eekirina Peymana \u015eingal\u00ea dike - Darka Maz\u00ee","og_description":"Balyoza Amer\u00eeka li Iraq\u00ea Alina Romanowski bang li aliy\u00ean siyas\u00ee y\u00ean Iraq\u00ea kir ku r\u00eakeftina \u015eingal\u00ea \u00fb yasaya rizgarkirina \u00cazdiyan ji dest\u00ea r\u00eaxistina teror\u00eest a DA\u015eI\u00ea p\u00eak b\u00eenin. Romanowski di Tw\u00eetter\u00ea de wiha got: &#8220;Em bang li hem\u00fb aliyan dikin ku Peymana \u015eengal\u00ea \u00fb yasaya rizgarkirina \u00cazidiyan ji dest\u00ea DAI\u015e\u00ea p\u00eak b\u00eenin.&#8221; Li 9 oktobera [&hellip;]","og_url":"https:\/\/darkamazi.info\/archives\/1031576","og_site_name":"Darka Maz\u00ee","article_publisher":"https:\/\/www.facebook.com\/DarMaziKurmanci","article_published_time":"2022-08-03T13:29:46+00:00","og_image":[{"width":900,"height":497,"url":"https:\/\/darkamazi.info\/file\/2022\/08\/Alina-Romanowski-sinjar-krg-2.jpg","type":"image\/jpeg"}],"author":"darka mazi","twitter_card":"summary_large_image","twitter_creator":"@DarkaMaziLatini","twitter_site":"@DarkaMaziLatini","twitter_misc":{"Written by":"darka mazi","Est. reading time":"1 minute"},"schema":{"@context":"https:\/\/schema.org","@graph":[{"@type":"Article","@id":"https:\/\/darkamazi.info\/archives\/1031576#article","isPartOf":{"@id":"https:\/\/darkamazi.info\/archives\/1031576"},"author":{"name":"darka mazi","@id":"https:\/\/darkamazi.info\/#\/schema\/person\/5ad3e24553a0567993fa8ed4bd0a776c"},"headline":"Amer\u00eeka daxwaza c\u00eebic\u00eekirina Peymana \u015eingal\u00ea dike","datePublished":"2022-08-03T13:29:46+00:00","mainEntityOfPage":{"@id":"https:\/\/darkamazi.info\/archives\/1031576"},"wordCount":173,"publisher":{"@id":"https:\/\/darkamazi.info\/#organization"},"image":{"@id":"https:\/\/darkamazi.info\/archives\/1031576#primaryimage"},"thumbnailUrl":"https:\/\/darkamazi.info\/file\/2022\/08\/Alina-Romanowski-sinjar-krg-2.jpg","keywords":["sereke"],"articleSection":["C\u00eehan"],"inLanguage":"en-US"},{"@type":"WebPage","@id":"https:\/\/darkamazi.info\/archives\/1031576","url":"https:\/\/darkamazi.info\/archives\/1031576","name":"Amer\u00eeka daxwaza c\u00eebic\u00eekirina Peymana \u015eingal\u00ea dike - Darka Maz\u00ee","isPartOf":{"@id":"https:\/\/darkamazi.info\/#website"},"primaryImageOfPage":{"@id":"https:\/\/darkamazi.info\/archives\/1031576#primaryimage"},"image":{"@id":"https:\/\/darkamazi.info\/archives\/1031576#primaryimage"},"thumbnailUrl":"https:\/\/darkamazi.info\/file\/2022\/08\/Alina-Romanowski-sinjar-krg-2.jpg","datePublished":"2022-08-03T13:29:46+00:00","breadcrumb":{"@id":"https:\/\/darkamazi.info\/archives\/1031576#breadcrumb"},"inLanguage":"en-US","potentialAction":[{"@type":"ReadAction","target":["https:\/\/darkamazi.info\/archives\/1031576"]}]},{"@type":"ImageObject","inLanguage":"en-US","@id":"https:\/\/darkamazi.info\/archives\/1031576#primaryimage","url":"https:\/\/darkamazi.info\/file\/2022\/08\/Alina-Romanowski-sinjar-krg-2.jpg","contentUrl":"https:\/\/darkamazi.info\/file\/2022\/08\/Alina-Romanowski-sinjar-krg-2.jpg","width":900,"height":497,"caption":"Amer\u00eeka daxwaza c\u00eebic\u00eekirina Peymana \u015eingal\u00ea dike"},{"@type":"BreadcrumbList","@id":"https:\/\/darkamazi.info\/archives\/1031576#breadcrumb","itemListElement":[{"@type":"ListItem","position":1,"name":"Home","item":"https:\/\/darkamazi.info\/"},{"@type":"ListItem","position":2,"name":"Amer\u00eeka daxwaza c\u00eebic\u00eekirina Peymana \u015eingal\u00ea dike"}]},{"@type":"WebSite","@id":"https:\/\/darkamazi.info\/#website","url":"https:\/\/darkamazi.info\/","name":"Darka Maz\u00ee","description":"P\u00eageha Zanyariy\u00ean Nebih\u00eest\u00ee","publisher":{"@id":"https:\/\/darkamazi.info\/#organization"},"potentialAction":[{"@type":"SearchAction","target":{"@type":"EntryPoint","urlTemplate":"https:\/\/darkamazi.info\/?s={search_term_string}"},"query-input":{"@type":"PropertyValueSpecification","valueRequired":true,"valueName":"search_term_string"}}],"inLanguage":"en-US"},{"@type":"Organization","@id":"https:\/\/darkamazi.info\/#organization","name":"Darka Maz\u00ee","url":"https:\/\/darkamazi.info\/","logo":{"@type":"ImageObject","inLanguage":"en-US","@id":"https:\/\/darkamazi.info\/#\/schema\/logo\/image\/","url":"https:\/\/darkamazi.info\/file\/2017\/12\/darka-mazi-logo.png","contentUrl":"https:\/\/darkamazi.info\/file\/2017\/12\/darka-mazi-logo.png","width":151,"height":75,"caption":"Darka Maz\u00ee"},"image":{"@id":"https:\/\/darkamazi.info\/#\/schema\/logo\/image\/"},"sameAs":["https:\/\/www.facebook.com\/DarMaziKurmanci","https:\/\/x.com\/DarkaMaziLatini","https:\/\/www.instagram.com\/darkamazi.kurmanci\/","https:\/\/www.youtube.com\/channel\/UCa5HkTdmI8U1qCUFuTw8B2g"]},{"@type":"Person","@id":"https:\/\/darkamazi.info\/#\/schema\/person\/5ad3e24553a0567993fa8ed4bd0a776c","name":"darka mazi","sameAs":["https:\/\/darkamazi.info\/"],"url":"https:\/\/darkamazi.info\/archives\/author\/kurdi"}]}},"_links":{"self":[{"href":"https:\/\/darkamazi.info\/funavuv\/wp\/v2\/posts\/1031576","targetHints":{"allow":["GET"]}}],"collection":[{"href":"https:\/\/darkamazi.info\/funavuv\/wp\/v2\/posts"}],"about":[{"href":"https:\/\/darkamazi.info\/funavuv\/wp\/v2\/types\/post"}],"author":[{"embeddable":true,"href":"https:\/\/darkamazi.info\/funavuv\/wp\/v2\/users\/2"}],"replies":[{"embeddable":true,"href":"https:\/\/darkamazi.info\/funavuv\/wp\/v2\/comments?post=1031576"}],"version-history":[{"count":0,"href":"https:\/\/darkamazi.info\/funavuv\/wp\/v2\/posts\/1031576\/revisions"}],"wp:featuredmedia":[{"embeddable":true,"href":"https:\/\/darkamazi.info\/funavuv\/wp\/v2\/media\/1031577"}],"wp:attachment":[{"href":"https:\/\/darkamazi.info\/funavuv\/wp\/v2\/media?parent=1031576"}],"wp:term":[{"taxonomy":"category","embeddable":true,"href":"https:\/\/darkamazi.info\/funavuv\/wp\/v2\/categories?post=1031576"},{"taxonomy":"post_tag","embeddable":true,"href":"https:\/\/darkamazi.info\/funavuv\/wp\/v2\/tags?post=1031576"}],"curies":[{"name":"wp","href":"https:\/\/api.w.org\/{rel}","templated":true}]}}