{"id":1031595,"date":"2022-08-03T19:10:04","date_gmt":"2022-08-03T16:10:04","guid":{"rendered":"https:\/\/darkamazi.info\/?p=1031595"},"modified":"2022-08-03T19:10:04","modified_gmt":"2022-08-03T16:10:04","slug":"ji-ber-cekdaren-pkke-gunden-seladze-hatin-bombebaran-kirin","status":"publish","type":"post","link":"https:\/\/darkamazi.info\/archives\/1031595","title":{"rendered":"Ji ber \u00e7ekdar\u00ean PKK\u2019\u00ea gund\u00ean \u015e\u00ealadz\u00ea hatin bombebaran kirin"},"content":{"rendered":"<h3 style=\"text-align: justify\"><span style=\"font-family: 'arial black', sans-serif\">\u00c7ekdar\u00ean PKK\u2019\u00ea li \u015e\u00ealadz\u00ea baregaya Le\u015fkir\u00ea Tirkiy\u00ea armanc kir \u00fb pi\u015ft re reviyan \u00fb xwe di nava gund\u00ean w\u00ea dever\u00ea de ve\u015fart.<\/span><\/h3>\n<h3 style=\"text-align: justify\">\u00cavara \u00eero roja \u00c7ar\u015fem\u00ee, \u00e7ekdar\u00ean PKK\u2019\u00ea li gund\u00ean derdora \u015e\u00ealadz\u00ea baregeha Le\u015fkir\u00ea Tirkiy\u00ea bi mo\u015fekek\u00ee hedef kir \u00fb pi\u015ftre reviyan \u00fb xwe di nava siv\u00eelan de ve\u015fart, ji ber v\u00ea yek\u00ea j\u00ee le\u015fkir\u00ea Tirkiy\u00ea c\u00eeh\u00ea guman l\u00ea t\u00ea kirin li wir baregeha wan hatibe hedef girtin topbaran kir.<\/h3>\n<h3 style=\"text-align: justify\">Yek ji welatiy\u00ean \u015e\u00ealadz\u00ea ku ji ber parastina can\u00ea xwe nexwest nav\u00ea w\u00ee were e\u015fkere kirin ji Darka Maz\u00ee re ragihand, \u00e7ekdar\u00ean PKK\u2019\u00ea ji aliy\u00ea gund\u00ean Z\u00eabariya ve ku dikevin n\u00eaz\u00ee \u015e\u00ealadz\u00ea baregeh\u00ea Le\u015fkir\u00ea Tirkiy\u00ea li S\u00eeriy\u00ea hedef girt \u00fb pi\u015ftre reviyan, pi\u015ft\u00ee v\u00ea \u00ear\u00ee\u015f\u00ea leskir\u00ea Tirkiy\u00ea derdora gundan hedef girtin \u00fb niha deng\u00ea balefir\u00ean ke\u015ff\u00ea y\u00ean dewleta Tirkiy\u00ea j\u00ee t\u00ea bih\u00eestin, ev yek j\u00ee b\u00fbye sedema dirustb\u00fbna tirs\u00ea li cem welatiyan.<\/h3>\n<h3 style=\"text-align: justify\">Ev \u015f\u00eaniy\u00ea \u015e\u00ealadz\u00ea dib\u00eaje, her kes dizane merema PKK\u2019\u00ea ji van provokasyona \u00e7\u00eeye, her kes dizane pi\u015ft\u00ee ku PKK\u2019\u00ea \u00e7iyay\u00ea Kurejar tesl\u00eem\u00ee dewleta Tirkiy\u00ea kir\u00ee, niha dixwaze bi van provakasyon\u00ean xwe \u015fer\u00ea xwe y\u00ea sexte bi dewleta Tirkiy\u00ea re b\u00eene nava gund \u00fb bajar\u00ean ba\u015f\u00fbr de, PKK\u2019e b\u00fbye pira derbasb\u00fbna le\u015fkir\u00ea Tirkiy\u00ea ji boy dag\u00eerkirina Kurdistan\u00ea.<\/h3>\n<h3 style=\"text-align: justify\">Her wiha tekez kir, ger PKK\u2019e dixwaze \u00ear\u00ee\u015f\u00ee baregeh\u00ean Tirkiy\u00ea bike, bila bi\u00e7e \u00fb baregeh\u00ean Tirkiy\u00ea y\u00ean li ser xaka Bakur\u00ea Kurdistan\u00ea hedef bigre, ne ku were ba\u015f\u00fbr \u00fb bibe sedema zirar gihandin bi gel\u00ea ba\u015f\u00fbr, li bakur ewqas baregeh\u00ean le\u015fkir\u00ee y\u00ean Tirkiy\u00ea hene ku ger bixwaze \u00ear\u00ee\u015f\u00ee wan bike dikare her roj \u00ear\u00ee\u015fek\u00ea p\u00eakb\u00eene, l\u00ea PKK\u2019e v\u00ea yek\u00ea nake, \u00fb her kes ba\u015f dizane \u00e7ima PKK\u2019e bi v\u00ee awa tev digere, ew dixwaze ba\u015f\u00fbr j\u00ee tesl\u00eem\u00ee Tirkiy\u00ea bike \u00fb statuya Her\u00eama Kurdistan\u00ea ji nav bibe.<\/h3>\n","protected":false},"excerpt":{"rendered":"<p>\u00c7ekdar\u00ean PKK\u2019\u00ea li \u015e\u00ealadz\u00ea baregaya Le\u015fkir\u00ea Tirkiy\u00ea armanc kir \u00fb pi\u015ft re reviyan \u00fb xwe di nava gund\u00ean w\u00ea dever\u00ea de ve\u015fart. \u00cavara \u00eero roja \u00c7ar\u015fem\u00ee, \u00e7ekdar\u00ean PKK\u2019\u00ea li gund\u00ean derdora \u015e\u00ealadz\u00ea baregeha Le\u015fkir\u00ea Tirkiy\u00ea bi mo\u015fekek\u00ee hedef kir \u00fb pi\u015ftre reviyan \u00fb xwe di nava siv\u00eelan de ve\u015fart, ji ber v\u00ea yek\u00ea j\u00ee le\u015fkir\u00ea [&hellip;]<\/p>\n","protected":false},"author":2,"featured_media":1031597,"comment_status":"closed","ping_status":"closed","sticky":false,"template":"","format":"standard","meta":{"footnotes":""},"categories":[29],"tags":[37],"class_list":["post-1031595","post","type-post","status-publish","format-standard","has-post-thumbnail","hentry","category-kurdistan","tag-sereke"],"blocksy_meta":[],"seo_head":"<!-- This site is optimized with the Yoast SEO plugin v27.5 - https:\/\/yoast.com\/product\/yoast-seo-wordpress\/ -->\n<title>Ji ber \u00e7ekdar\u00ean PKK\u2019\u00ea gund\u00ean \u015e\u00ealadz\u00ea hatin bombebaran kirin - Darka Maz\u00ee<\/title>\n<meta name=\"robots\" content=\"index, follow, max-snippet:-1, max-image-preview:large, max-video-preview:-1\" \/>\n<link rel=\"canonical\" href=\"https:\/\/darkamazi.info\/archives\/1031595\" \/>\n<meta property=\"og:locale\" content=\"en_US\" \/>\n<meta property=\"og:type\" content=\"article\" \/>\n<meta property=\"og:title\" content=\"Ji ber \u00e7ekdar\u00ean PKK\u2019\u00ea gund\u00ean \u015e\u00ealadz\u00ea hatin bombebaran kirin - Darka Maz\u00ee\" \/>\n<meta property=\"og:description\" content=\"\u00c7ekdar\u00ean PKK\u2019\u00ea li \u015e\u00ealadz\u00ea baregaya Le\u015fkir\u00ea Tirkiy\u00ea armanc kir \u00fb pi\u015ft re reviyan \u00fb xwe di nava gund\u00ean w\u00ea dever\u00ea de ve\u015fart. \u00cavara \u00eero roja \u00c7ar\u015fem\u00ee, \u00e7ekdar\u00ean PKK\u2019\u00ea li gund\u00ean derdora \u015e\u00ealadz\u00ea baregeha Le\u015fkir\u00ea Tirkiy\u00ea bi mo\u015fekek\u00ee hedef kir \u00fb pi\u015ftre reviyan \u00fb xwe di nava siv\u00eelan de ve\u015fart, ji ber v\u00ea yek\u00ea j\u00ee le\u015fkir\u00ea [&hellip;]\" \/>\n<meta property=\"og:url\" content=\"https:\/\/darkamazi.info\/archives\/1031595\" \/>\n<meta property=\"og:site_name\" content=\"Darka Maz\u00ee\" \/>\n<meta property=\"article:publisher\" content=\"https:\/\/www.facebook.com\/DarMaziKurmanci\" \/>\n<meta property=\"article:published_time\" content=\"2022-08-03T16:10:04+00:00\" \/>\n<meta property=\"og:image\" content=\"https:\/\/darkamazi.info\/file\/2022\/08\/shiladiz-darkamazi.jpg\" \/>\n\t<meta property=\"og:image:width\" content=\"900\" \/>\n\t<meta property=\"og:image:height\" content=\"497\" \/>\n\t<meta property=\"og:image:type\" content=\"image\/jpeg\" \/>\n<meta name=\"author\" content=\"darka mazi\" \/>\n<meta name=\"twitter:card\" content=\"summary_large_image\" \/>\n<meta name=\"twitter:creator\" content=\"@DarkaMaziLatini\" \/>\n<meta name=\"twitter:site\" content=\"@DarkaMaziLatini\" \/>\n<meta name=\"twitter:label1\" content=\"Written by\" \/>\n\t<meta name=\"twitter:data1\" content=\"darka mazi\" \/>\n\t<meta name=\"twitter:label2\" content=\"Est. reading time\" \/>\n\t<meta name=\"twitter:data2\" content=\"2 minutes\" \/>\n<script type=\"application\/ld+json\" class=\"seo-schema-graph\">{\"@context\":\"https:\\\/\\\/schema.org\",\"@graph\":[{\"@type\":\"Article\",\"@id\":\"https:\\\/\\\/darkamazi.info\\\/archives\\\/1031595#article\",\"isPartOf\":{\"@id\":\"https:\\\/\\\/darkamazi.info\\\/archives\\\/1031595\"},\"author\":{\"name\":\"darka mazi\",\"@id\":\"https:\\\/\\\/darkamazi.info\\\/#\\\/schema\\\/person\\\/5ad3e24553a0567993fa8ed4bd0a776c\"},\"headline\":\"Ji ber \u00e7ekdar\u00ean PKK\u2019\u00ea gund\u00ean \u015e\u00ealadz\u00ea hatin bombebaran kirin\",\"datePublished\":\"2022-08-03T16:10:04+00:00\",\"mainEntityOfPage\":{\"@id\":\"https:\\\/\\\/darkamazi.info\\\/archives\\\/1031595\"},\"wordCount\":345,\"publisher\":{\"@id\":\"https:\\\/\\\/darkamazi.info\\\/#organization\"},\"image\":{\"@id\":\"https:\\\/\\\/darkamazi.info\\\/archives\\\/1031595#primaryimage\"},\"thumbnailUrl\":\"https:\\\/\\\/darkamazi.info\\\/darka-content\\\/uploads\\\/2022\\\/08\\\/shiladiz-darkamazi.jpg\",\"keywords\":[\"sereke\"],\"articleSection\":[\"Kurdistan\"],\"inLanguage\":\"en-US\"},{\"@type\":\"WebPage\",\"@id\":\"https:\\\/\\\/darkamazi.info\\\/archives\\\/1031595\",\"url\":\"https:\\\/\\\/darkamazi.info\\\/archives\\\/1031595\",\"name\":\"Ji ber \u00e7ekdar\u00ean PKK\u2019\u00ea gund\u00ean \u015e\u00ealadz\u00ea hatin bombebaran kirin - Darka Maz\u00ee\",\"isPartOf\":{\"@id\":\"https:\\\/\\\/darkamazi.info\\\/#website\"},\"primaryImageOfPage\":{\"@id\":\"https:\\\/\\\/darkamazi.info\\\/archives\\\/1031595#primaryimage\"},\"image\":{\"@id\":\"https:\\\/\\\/darkamazi.info\\\/archives\\\/1031595#primaryimage\"},\"thumbnailUrl\":\"https:\\\/\\\/darkamazi.info\\\/darka-content\\\/uploads\\\/2022\\\/08\\\/shiladiz-darkamazi.jpg\",\"datePublished\":\"2022-08-03T16:10:04+00:00\",\"breadcrumb\":{\"@id\":\"https:\\\/\\\/darkamazi.info\\\/archives\\\/1031595#breadcrumb\"},\"inLanguage\":\"en-US\",\"potentialAction\":[{\"@type\":\"ReadAction\",\"target\":[\"https:\\\/\\\/darkamazi.info\\\/archives\\\/1031595\"]}]},{\"@type\":\"ImageObject\",\"inLanguage\":\"en-US\",\"@id\":\"https:\\\/\\\/darkamazi.info\\\/archives\\\/1031595#primaryimage\",\"url\":\"https:\\\/\\\/darkamazi.info\\\/darka-content\\\/uploads\\\/2022\\\/08\\\/shiladiz-darkamazi.jpg\",\"contentUrl\":\"https:\\\/\\\/darkamazi.info\\\/darka-content\\\/uploads\\\/2022\\\/08\\\/shiladiz-darkamazi.jpg\",\"width\":900,\"height\":497,\"caption\":\"Ji ber \u00e7ekdar\u00ean PKK\u2019\u00ea gund\u00ean \u015e\u00ealadz\u00ea hatin bombebaran kirin\"},{\"@type\":\"BreadcrumbList\",\"@id\":\"https:\\\/\\\/darkamazi.info\\\/archives\\\/1031595#breadcrumb\",\"itemListElement\":[{\"@type\":\"ListItem\",\"position\":1,\"name\":\"Home\",\"item\":\"https:\\\/\\\/darkamazi.info\\\/\"},{\"@type\":\"ListItem\",\"position\":2,\"name\":\"Ji ber \u00e7ekdar\u00ean PKK\u2019\u00ea gund\u00ean \u015e\u00ealadz\u00ea hatin bombebaran kirin\"}]},{\"@type\":\"WebSite\",\"@id\":\"https:\\\/\\\/darkamazi.info\\\/#website\",\"url\":\"https:\\\/\\\/darkamazi.info\\\/\",\"name\":\"Darka Maz\u00ee\",\"description\":\"P\u00eageha Zanyariy\u00ean Nebih\u00eest\u00ee\",\"publisher\":{\"@id\":\"https:\\\/\\\/darkamazi.info\\\/#organization\"},\"potentialAction\":[{\"@type\":\"SearchAction\",\"target\":{\"@type\":\"EntryPoint\",\"urlTemplate\":\"https:\\\/\\\/darkamazi.info\\\/?s={search_term_string}\"},\"query-input\":{\"@type\":\"PropertyValueSpecification\",\"valueRequired\":true,\"valueName\":\"search_term_string\"}}],\"inLanguage\":\"en-US\"},{\"@type\":\"Organization\",\"@id\":\"https:\\\/\\\/darkamazi.info\\\/#organization\",\"name\":\"Darka Maz\u00ee\",\"url\":\"https:\\\/\\\/darkamazi.info\\\/\",\"logo\":{\"@type\":\"ImageObject\",\"inLanguage\":\"en-US\",\"@id\":\"https:\\\/\\\/darkamazi.info\\\/#\\\/schema\\\/logo\\\/image\\\/\",\"url\":\"https:\\\/\\\/darkamazi.info\\\/darka-content\\\/uploads\\\/2017\\\/12\\\/darka-mazi-logo.png\",\"contentUrl\":\"https:\\\/\\\/darkamazi.info\\\/darka-content\\\/uploads\\\/2017\\\/12\\\/darka-mazi-logo.png\",\"width\":151,\"height\":75,\"caption\":\"Darka Maz\u00ee\"},\"image\":{\"@id\":\"https:\\\/\\\/darkamazi.info\\\/#\\\/schema\\\/logo\\\/image\\\/\"},\"sameAs\":[\"https:\\\/\\\/www.facebook.com\\\/DarMaziKurmanci\",\"https:\\\/\\\/x.com\\\/DarkaMaziLatini\",\"https:\\\/\\\/www.instagram.com\\\/darkamazi.kurmanci\\\/\",\"https:\\\/\\\/www.youtube.com\\\/channel\\\/UCa5HkTdmI8U1qCUFuTw8B2g\"]},{\"@type\":\"Person\",\"@id\":\"https:\\\/\\\/darkamazi.info\\\/#\\\/schema\\\/person\\\/5ad3e24553a0567993fa8ed4bd0a776c\",\"name\":\"darka mazi\",\"sameAs\":[\"https:\\\/\\\/darkamazi.info\\\/\"],\"url\":\"https:\\\/\\\/darkamazi.info\\\/archives\\\/author\\\/kurdi\"}]}<\/script>\n<!-- \/ Yoast SEO plugin. -->","seo_head_json":{"title":"Ji ber \u00e7ekdar\u00ean PKK\u2019\u00ea gund\u00ean \u015e\u00ealadz\u00ea hatin bombebaran kirin - Darka Maz\u00ee","robots":{"index":"index","follow":"follow","max-snippet":"max-snippet:-1","max-image-preview":"max-image-preview:large","max-video-preview":"max-video-preview:-1"},"canonical":"https:\/\/darkamazi.info\/archives\/1031595","og_locale":"en_US","og_type":"article","og_title":"Ji ber \u00e7ekdar\u00ean PKK\u2019\u00ea gund\u00ean \u015e\u00ealadz\u00ea hatin bombebaran kirin - Darka Maz\u00ee","og_description":"\u00c7ekdar\u00ean PKK\u2019\u00ea li \u015e\u00ealadz\u00ea baregaya Le\u015fkir\u00ea Tirkiy\u00ea armanc kir \u00fb pi\u015ft re reviyan \u00fb xwe di nava gund\u00ean w\u00ea dever\u00ea de ve\u015fart. \u00cavara \u00eero roja \u00c7ar\u015fem\u00ee, \u00e7ekdar\u00ean PKK\u2019\u00ea li gund\u00ean derdora \u015e\u00ealadz\u00ea baregeha Le\u015fkir\u00ea Tirkiy\u00ea bi mo\u015fekek\u00ee hedef kir \u00fb pi\u015ftre reviyan \u00fb xwe di nava siv\u00eelan de ve\u015fart, ji ber v\u00ea yek\u00ea j\u00ee le\u015fkir\u00ea [&hellip;]","og_url":"https:\/\/darkamazi.info\/archives\/1031595","og_site_name":"Darka Maz\u00ee","article_publisher":"https:\/\/www.facebook.com\/DarMaziKurmanci","article_published_time":"2022-08-03T16:10:04+00:00","og_image":[{"width":900,"height":497,"url":"https:\/\/darkamazi.info\/file\/2022\/08\/shiladiz-darkamazi.jpg","type":"image\/jpeg"}],"author":"darka mazi","twitter_card":"summary_large_image","twitter_creator":"@DarkaMaziLatini","twitter_site":"@DarkaMaziLatini","twitter_misc":{"Written by":"darka mazi","Est. reading time":"2 minutes"},"schema":{"@context":"https:\/\/schema.org","@graph":[{"@type":"Article","@id":"https:\/\/darkamazi.info\/archives\/1031595#article","isPartOf":{"@id":"https:\/\/darkamazi.info\/archives\/1031595"},"author":{"name":"darka mazi","@id":"https:\/\/darkamazi.info\/#\/schema\/person\/5ad3e24553a0567993fa8ed4bd0a776c"},"headline":"Ji ber \u00e7ekdar\u00ean PKK\u2019\u00ea gund\u00ean \u015e\u00ealadz\u00ea hatin bombebaran kirin","datePublished":"2022-08-03T16:10:04+00:00","mainEntityOfPage":{"@id":"https:\/\/darkamazi.info\/archives\/1031595"},"wordCount":345,"publisher":{"@id":"https:\/\/darkamazi.info\/#organization"},"image":{"@id":"https:\/\/darkamazi.info\/archives\/1031595#primaryimage"},"thumbnailUrl":"https:\/\/darkamazi.info\/file\/2022\/08\/shiladiz-darkamazi.jpg","keywords":["sereke"],"articleSection":["Kurdistan"],"inLanguage":"en-US"},{"@type":"WebPage","@id":"https:\/\/darkamazi.info\/archives\/1031595","url":"https:\/\/darkamazi.info\/archives\/1031595","name":"Ji ber \u00e7ekdar\u00ean PKK\u2019\u00ea gund\u00ean \u015e\u00ealadz\u00ea hatin bombebaran kirin - Darka Maz\u00ee","isPartOf":{"@id":"https:\/\/darkamazi.info\/#website"},"primaryImageOfPage":{"@id":"https:\/\/darkamazi.info\/archives\/1031595#primaryimage"},"image":{"@id":"https:\/\/darkamazi.info\/archives\/1031595#primaryimage"},"thumbnailUrl":"https:\/\/darkamazi.info\/file\/2022\/08\/shiladiz-darkamazi.jpg","datePublished":"2022-08-03T16:10:04+00:00","breadcrumb":{"@id":"https:\/\/darkamazi.info\/archives\/1031595#breadcrumb"},"inLanguage":"en-US","potentialAction":[{"@type":"ReadAction","target":["https:\/\/darkamazi.info\/archives\/1031595"]}]},{"@type":"ImageObject","inLanguage":"en-US","@id":"https:\/\/darkamazi.info\/archives\/1031595#primaryimage","url":"https:\/\/darkamazi.info\/file\/2022\/08\/shiladiz-darkamazi.jpg","contentUrl":"https:\/\/darkamazi.info\/file\/2022\/08\/shiladiz-darkamazi.jpg","width":900,"height":497,"caption":"Ji ber \u00e7ekdar\u00ean PKK\u2019\u00ea gund\u00ean \u015e\u00ealadz\u00ea hatin bombebaran kirin"},{"@type":"BreadcrumbList","@id":"https:\/\/darkamazi.info\/archives\/1031595#breadcrumb","itemListElement":[{"@type":"ListItem","position":1,"name":"Home","item":"https:\/\/darkamazi.info\/"},{"@type":"ListItem","position":2,"name":"Ji ber \u00e7ekdar\u00ean PKK\u2019\u00ea gund\u00ean \u015e\u00ealadz\u00ea hatin bombebaran kirin"}]},{"@type":"WebSite","@id":"https:\/\/darkamazi.info\/#website","url":"https:\/\/darkamazi.info\/","name":"Darka Maz\u00ee","description":"P\u00eageha Zanyariy\u00ean Nebih\u00eest\u00ee","publisher":{"@id":"https:\/\/darkamazi.info\/#organization"},"potentialAction":[{"@type":"SearchAction","target":{"@type":"EntryPoint","urlTemplate":"https:\/\/darkamazi.info\/?s={search_term_string}"},"query-input":{"@type":"PropertyValueSpecification","valueRequired":true,"valueName":"search_term_string"}}],"inLanguage":"en-US"},{"@type":"Organization","@id":"https:\/\/darkamazi.info\/#organization","name":"Darka Maz\u00ee","url":"https:\/\/darkamazi.info\/","logo":{"@type":"ImageObject","inLanguage":"en-US","@id":"https:\/\/darkamazi.info\/#\/schema\/logo\/image\/","url":"https:\/\/darkamazi.info\/file\/2017\/12\/darka-mazi-logo.png","contentUrl":"https:\/\/darkamazi.info\/file\/2017\/12\/darka-mazi-logo.png","width":151,"height":75,"caption":"Darka Maz\u00ee"},"image":{"@id":"https:\/\/darkamazi.info\/#\/schema\/logo\/image\/"},"sameAs":["https:\/\/www.facebook.com\/DarMaziKurmanci","https:\/\/x.com\/DarkaMaziLatini","https:\/\/www.instagram.com\/darkamazi.kurmanci\/","https:\/\/www.youtube.com\/channel\/UCa5HkTdmI8U1qCUFuTw8B2g"]},{"@type":"Person","@id":"https:\/\/darkamazi.info\/#\/schema\/person\/5ad3e24553a0567993fa8ed4bd0a776c","name":"darka mazi","sameAs":["https:\/\/darkamazi.info\/"],"url":"https:\/\/darkamazi.info\/archives\/author\/kurdi"}]}},"_links":{"self":[{"href":"https:\/\/darkamazi.info\/funavuv\/wp\/v2\/posts\/1031595","targetHints":{"allow":["GET"]}}],"collection":[{"href":"https:\/\/darkamazi.info\/funavuv\/wp\/v2\/posts"}],"about":[{"href":"https:\/\/darkamazi.info\/funavuv\/wp\/v2\/types\/post"}],"author":[{"embeddable":true,"href":"https:\/\/darkamazi.info\/funavuv\/wp\/v2\/users\/2"}],"replies":[{"embeddable":true,"href":"https:\/\/darkamazi.info\/funavuv\/wp\/v2\/comments?post=1031595"}],"version-history":[{"count":0,"href":"https:\/\/darkamazi.info\/funavuv\/wp\/v2\/posts\/1031595\/revisions"}],"wp:featuredmedia":[{"embeddable":true,"href":"https:\/\/darkamazi.info\/funavuv\/wp\/v2\/media\/1031597"}],"wp:attachment":[{"href":"https:\/\/darkamazi.info\/funavuv\/wp\/v2\/media?parent=1031595"}],"wp:term":[{"taxonomy":"category","embeddable":true,"href":"https:\/\/darkamazi.info\/funavuv\/wp\/v2\/categories?post=1031595"},{"taxonomy":"post_tag","embeddable":true,"href":"https:\/\/darkamazi.info\/funavuv\/wp\/v2\/tags?post=1031595"}],"curies":[{"name":"wp","href":"https:\/\/api.w.org\/{rel}","templated":true}]}}