{"id":1031617,"date":"2022-12-03T18:50:51","date_gmt":"2022-12-03T15:50:51","guid":{"rendered":"https:\/\/darkamazi.info\/?p=1031617"},"modified":"2022-12-20T14:55:31","modified_gmt":"2022-12-20T11:55:31","slug":"saxe-partiya-ebdullah-pkk-li-kurdistana-suri-besa-seyemin","status":"publish","type":"post","link":"https:\/\/darkamazi.info\/archives\/1031617","title":{"rendered":"\u015eaxa Partiya Ebdulla \u00abPKK\u2019\u00ea\u00bb li Kurdistana S\u00fbriy\u00ea &#8211; \u00ab2\u00bb"},"content":{"rendered":"<div class=\"wpb-content-wrapper\"><p>[darkamazi_row][darkamazi_column][darkamazi_video link=&#8221;https:\/\/www.youtube.com\/watch?v=tEuACYfeZKE&#8221; align=&#8221;center&#8221;][darkamazi_column_text]<\/p>\n<ul>\n<li>\n<h3><span style=\"font-family: 'arial black', sans-serif; color: #0000ff;\">Maher Hasan<\/span><\/h3>\n<\/li>\n<\/ul>\n<h3 style=\"text-align: justify;\"><span style=\"font-family: 'arial black', sans-serif;\">Em d\u00ea \u00e7end r\u00fbpelan ji diyaloga niv\u00eeskar Neb\u00eel Melhem ya ku bi Ebdulla Ocelan re kir\u00ee \u00fb di pirt\u00fbka xwe ya bi nav\u00ea (Heft rojan bi Apo re- <strong>\u0633\u0628\u0639\u0629<\/strong>\u00a0<strong>\u0627\u064a\u0627\u0645<\/strong>\u00a0<strong>\u0645\u0639<\/strong>\u00a0<strong>\u0627\u0628\u0648<\/strong>) parve bikin, ji ber ku Ocelan heb\u00fbna Kurdistana S\u00fbriya \u00eenkar dike \u00fb gel\u00ea kurd weke kemeneteweyek li S\u00fbriy\u00ea n\u00ee\u015fan dide ku ji ber zilma Osmaniyan \u00fb ji ber \u015fer \u00fb pev\u00e7\u00fbnan reviyane S\u00fbriy\u00ea.<\/span><\/h3>\n<h3 style=\"text-align: justify;\">Ev t\u00eakist ji pirt\u00fbka Neb\u00eel Melhem weke belge ji bo xwendevana ye \u00fb ez d\u00ea werg\u00earme ser ziman\u00ea kurd\u00ee da ku ti kesek \u00eed\u00eea neke ku em b\u00eabextiyan li Ebdullah dikin yan j\u00ee gotin\u00ean nerast bi d\u00fbv w\u00ee ve vedib\u00eaj\u00een.<\/h3>\n<h3 style=\"text-align: justify;\"><span style=\"font-family: 'arial black', sans-serif; color: #8c0b0b;\">Ebdullah Ocelan di r\u00fbpela 167-168an de wisa dib\u00eaje :<\/span><\/h3>\n<h3 style=\"text-align: justify;\">Ji bo S\u00fbriy\u00ea j\u00ee piraniya kurdan ji Bakur\u00ea Kurdistan\u00ea ko\u00e7ber b\u00fbne, hin kes gotina Kurdistana S\u00fbriy\u00ea derdixin p\u00ea\u015f, l\u00ea ez dib\u00eenim ku ev gotin neraste, ev p\u00ea\u015fniyar ne duriste \u00fb ne t\u00eageheke raste, nav\u00ea rast ewe ku em ji wan re b\u00eajin kurd\u00ean S\u00fbriy\u00ea. Ev kese (Mebesta w\u00ee ji kurd\u00ean S\u00fbriy\u00ea) di encama be\u015fdarb\u00fbna serhildan\u00ean li dij\u00ee dewleta Tirk da ji ber zilma Osmaniyan reviyane \u00fb hatine S\u00fbriy\u00ea.<\/h3>\n<h3 style=\"text-align: justify;\">Ebdullah berdewam dike \u00fb di r\u00fbpela 168-an de dib\u00eaje: heger em li d\u00eeroka ber\u00ee 150 salan tema\u015fe bikin, w\u00ea bib\u00een\u00een ew ji ber t\u00eak\u00e7\u00fbna raper\u00eena xwe ya dij\u00ee dewleta tirk ko\u00e7ber b\u00fbne \u00fb li S\u00fbr\u00eey\u00ea bi cih b\u00fbn. \u00db be\u015fek ji wan j\u00ee ji ber hejariy\u00ea \u00fb feq\u00eeriy\u00ea reviyane, gelek li dever\u00ean \u00e7iyay\u00ea y\u00ean m\u00eena Efr\u00een\u00ea bi cih b\u00fbn ku \u00eero ji \u00e7iya re dib\u00eajin \u00e7iyay\u00ea Kurmanc. Min hinek l\u00eakol\u00een kirin \u00fb min da diyarkirin ku ew ji Tirkiy\u00ea hatine. Hinek ber\u00ee sed salan hatine \u00fb hinek ber\u00ee dused salan, l\u00ea di encam de her ji Tirkiy\u00ea reviyane. Ermen \u00fb \u015eerkes j\u00ee hatine, heya be\u015fek ji Ereb\u00ean Antakiya. Ev hem\u00ee ji ber zilma Osmaniyan reviyane \u00fb b\u00fbne k\u00eamneteweyek (be\u015fek her\u00ee k\u00eam ji netew\u00ean ku di dewleta S\u00fbr\u00eey\u00ea de ne). Bila em b\u00eajin tevger\u00ean wan ji bo per\u00e7eb\u00fbna S\u00fbriy\u00ea dixebitin, berav\u00eaj\u00ee v\u00ea yek\u00ea, heb\u00fbna wan di S\u00fbriy\u00ea de gelek xizmetan bi xwe re t\u00eane. Ez nikarim li ser tu kesan biaxivim, l\u00ea ez dizanim ku Kurd ji Tirkiy\u00ea hatine. \u00db dema ez hatim meydan\u00ea, min got div\u00ea kampanyaya ber bi ba\u015f\u00fbr ve were rawestandin \u00fb ji bo kampanyaya bakur amadekar\u00ee b\u00ean kirin. (Wateya gotina Ebdullah li vir eve ku: Kurdistana S\u00fbr\u00eey\u00ea tune bike.)<\/h3>\n<h3 style=\"text-align: justify;\">Niv\u00eeskar Neb\u00eel pirsan didom\u00eene \u00fb dib\u00eaje li vir mebesta te \u00e7iye?<\/h3>\n<h3 style=\"text-align: justify;\">Ebdullah bersiv\u00ea dide \u00fb dib\u00eaje: min got kampanyaya ber bi ba\u015f\u00fbr ve raweste \u00fb ko\u00e7beriya ber bi bakur ve dest p\u00ea bike, di v\u00ee war\u00ee de me dest bi xebatek d\u00fbr \u00fb dir\u00eaj kir, \u00fb me kurd\u00ean S\u00fbriy\u00ea ber bi \u00e7iyayan r\u00eakirin, ber bi bakur ve ji cih\u00ea ku j\u00ea hatib\u00fbn \u00fb ez bawer dikim ku dewleta S\u00fbriy\u00ea bi v\u00ea yek\u00ea raz\u00eeye.<\/h3>\n<h3>Ebdullah Ocelan di hevpeyv\u00eena di gel Neb\u00eel dib\u00eaje, min ba\u015f l\u00eakol\u00eenkiriye, \u00fb kurdistan li S\u00fbr\u00ee tune ye, l\u00ea ka da em bersiva Ocelan \u00fb hevalbend\u00ean w\u00ee ji \u00e7avnebar \u00fb zikre\u015fan bidin.<\/h3>\n<h3 style=\"text-align: justify;\">Devera Hisi\u00e7e ber\u00ee ku s\u00eenor \u00fb tix\u00fbp\u00ea navbera Tirkiye \u00fb S\u00fbr\u00ee de b\u00ea dan\u00een bi ser Amed\u00ea ve b\u00fb, \u00fb Amed ne bajarek\u00ee di dewleta S\u00fbriye de ye \u00fb z\u00eadetir\u00ee milyonek kurd li Hisi\u00e7e dij\u00een, ji bil\u00ee p\u00eakhatey\u00ean din, wek Ereb, Suryan, Keldan\u00ee \u00fb ermen\u00ee.<\/h3>\n<h3 style=\"text-align: justify;\">Bajar\u00ea \u201cD\u00earik\u201d, \u00e7ima Ereb\u00ean Baas bi nav\u00ea n\u00fb \u201cEl-Malikiye\u201d da nenas\u00een?\u00a0li gor biryarnameya 346-24 Adara 1957, e\u015fkere ye ji bo berevaj\u00eekirin \u00fb jinavbirina ziman\u00ea kurd\u00ee \u201cD\u00earik\u201d hate bikaran\u00een, her wisa ku li \u015f\u00fbna \u201cCil Axa\u201dj\u00ee \u201cCewadiya\u201d bi nav kirin \u00a0\u00fb \u201cGir\u00ea Ko\u00e7era\u201d j\u00ee kirin \u201cYarbiyah\u201d \u00fb nav\u00ea 150 gund\u00ean gir\u00eaday\u00ee devera D\u00earik guhartine Ereb\u00ee.<\/h3>\n<h3 style=\"text-align: justify;\">Bajar\u00ea \u201cTirbespiy\u00ea\u201d j\u00ee du caran hatiye erebkirin.\u00a0Cara yekem b\u00fb ku nav\u00ea w\u00ea bi ziman\u00ea Ereb\u00ee hate wergerandin, lewra b\u00fb \u201cQebr El-Beyd\u201d, v\u00ea yek\u00ea dil\u00ea dijmin h\u00eenignekir, lewra di navbera xwe de li hev kirin ku nav\u00ea n\u00fb y\u00ea baj\u00ear bibe \u201cEl-Qehtaniye\u201c li ser nav\u00ea bav \u00fb kal\u00ean wan \u201cQehtan\u201d.<\/h3>\n<h3 style=\"text-align: justify;\">Bajar\u00ea Qami\u015flo n\u00fbjen e, ji aliy\u00ea Fransiyan ve hatiye avakirin, \u00fb Kurd\u00ean ku Qami\u015flo li ser erd\u00ean wan hat avakirin, navkirina tax\u00ean Bajar li ser nav\u00ea wa ye m\u00eena Qid\u00fbrbek(Qedr\u00ee Beg), \u00fb piran\u00eeya Qami\u015flo ku Kurd in .<\/h3>\n<h3 style=\"text-align: justify;\">Am\u00fbd\u00ea, he\u015ft k\u00eelometreyan li rojava ji Ork\u00ea\u015f\/Tel Mozan, paytexta H\u00fbriyan d\u00fbr e, H\u00fbr\u00ee j\u00ee Kurd in \u00fb zikre\u015f v\u00ea yek\u00ea nab\u00eajin? bajar\u00ea Am\u00fbd\u00ea ku d\u00eeroka w\u00ee vedigere sedsalan \u00fb yek ji arkeoloj\u00eek \u00ean baj\u00ear, Gir\u00ea navdar (\u015eermola)ye ku ne ji d\u00fbr \u00fb ne n\u00eaz\u00eek ve tu ti\u015ft\u00ean w\u00ea bi Ereb\u00ee tune ye, li vir h\u00eajay\u00ee gotin\u00ea ye ku Gir\u00ea Am\u00fbd\u00ea li gor\u00ee peymana Fransa-Tirkiy\u00ea a li ser s\u00eenor, bi ser Tirkiye ve \u00e7\u00fb, \u00fb r\u00eaya ku Am\u00fbd\u00ea bi M\u00eard\u00een\u00ea ve gir\u00eadide j\u00ee ji ber s\u00eenor nema hat bi karan\u00een. T\u00ea zan\u00een ku ev r\u00ea heta niha j\u00ee di nav Xelk\u00ean Am\u00fbd\u00ea de bi nav\u00ea Riya Baj\u00ear t\u00ea naskirin \u00fb gelek r\u00ea\u00e7\u00ean din j\u00ee hene bi nav\u00ea:<\/h3>\n<h3 style=\"text-align: justify;\">Riya Dar\u00ea. \u00a0Ango r\u00eaya Dar\u00ee, ku ber\u00ea di navbera Am\u00fbd\u00ea \u00fb gund\u00ea Dar\u00ee de gir\u00eadide, ku bi bermahiy\u00ean d\u00eerok\u00ee y\u00ean kevnar navdar e, \u00eero j\u00ee di encama par\u00e7eb\u00fbna devera me li nav s\u00eenor\u00ea Tirkiy\u00ea de ye. \u00a0H\u00eajaye gotin\u00ea ku R\u00eayek ku Am\u00fbd\u00ea bi \u015eam\u00ea ve gir\u00eadide tune b\u00fb, Bel\u00ea \u00e7awa Ebdulleh \u00fb ereb\u00ean Baas ev bajar kirin ereb\u00ee? \u00a0Dirb\u00easiy\u00ea di navbera S\u00fbriy\u00ea \u00fb Tirkiy\u00ea de b\u00fb du be\u015f \u00fb xelk\u00ea her\u00eam\u00ea j\u00ea re dib\u00eajin Dirb\u00easiya Serxet\u00ea \u00a0\u00fb binxet\u00ea. Nav\u00ea Dirb\u00easiy\u00ea b\u00fb li gor r\u00eakeftina x\u00eazkirina s\u00eenor li aliy\u00ea Tirkiye \u00fb S\u00fbr\u00ee ye. \u00a0\u00db ji e\u015f\u00eer\u00ean kurdan y\u00ean her\u00ee kevin li bajar K\u00eeke ne.<\/h3>\n<h3 style=\"text-align: justify;\">Ser\u00ea Kany\u00ea ku ereban ew kirin \u201cRas al-A\u00een\u201d. herwiha nav\u00e7ey\u00ea navdar Tell Halaf j\u00ee heye, ku kevne\u015fopiy\u00ean kevnar li devera kurda behsa paytexta m\u00eetanniyan wa\u015fokan\u00ee dike. \u00a0Gelo Ebdulleh \u00fb ereb \u00e7i li ser d\u00eeroka M\u00eetaniyan( bav \u00fb bap\u00eer\u00ean kurdan) dizanin heye dib\u00eaje sed salek di \u015f\u00fbn de kurd hatine v\u00ea dever\u00ea?<\/h3>\n<h3 style=\"text-align: justify;\">Koban\u00ee nav\u00ea xwe ji nav\u00ea kampaniya alman\u00ee girtiye ku di sala 1912an de xeta tir\u00ean\u00ea damezrandib\u00fb, ango beriya ragihandina serxweb\u00fbna dewleta S\u00fbriy\u00ea, (dewleta s\u00fbr\u00ee cara yekem serxweb\u00fbna xwe Di 1930an ragihandin)<br \/>\nPirsa me ew e, \u00e7awa kurd beriya d\u00eeroka S\u00fbriy\u00ea ko\u00e7ber\u00ee S\u00fbriy\u00ea \u00fb bajar\u00ea Koban\u00ee b\u00fbn? L\u00ea ereban di \u00e7ar\u00e7oveya siyaseta erebkirin\u00ea ya li ser her\u00eam\u00ean kurdan de ew bajar j\u00ee kirin bi nav\u00ea Eyn el-Ereb.<\/h3>\n<h3 style=\"text-align: justify;\">Nav\u00ea Efr\u00een\u00ea li ser \u00e7em\u00ea Efr\u00een\u00ea ye. \u00a0Ber\u00ea ji aliy\u00ea r\u00eaveber\u00ee ve gir\u00eaday\u00ee Kil\u00ees\u00ea b\u00fb, navenda dadweriy\u00ea, ku di \u00e7ar\u00e7oveya peymana Fransa-Tirkiy\u00ea de ji aliy\u00ea Tirkiy\u00ea ve di bin per\u00e7eb\u00fbn\u00ea de ma. \u00a0Di serdema desthilatdariya Fransay\u00ea de li gor\u00ee biryara jimara a 33-an ya 4\u00ea \u00celona 1922an nav\u00e7eyeke n\u00fb bi nav\u00ea Kurdbax, bi ereb\u00ee \u201cCebel El-Kurd\u201c hat avakirin.<\/h3>\n<h3 style=\"text-align: justify;\">Em vegerin sala 1930, dema ku Kurdan daxwaznameyek p\u00ea\u015fk\u00ea\u015f\u00ee Kom\u00eeseriya Bilind a Fransa kirin ku ji bo Kurdan stat\u00fbyeke taybet wek her\u00eam\u00ean din \u00ean S\u00fbriy\u00ea b\u00ea day\u00een, \u00fb ev daxwaz di panzdeh\u00ea n\u00eesana 1930 de li Of\u00eesa Kom\u00eeseriya Bilind hate tomarkirin, bi jimara 6501. Ev belgeya Kurdistana S\u00fbriy\u00ea ye.<br \/>\nLi gor v\u00ea yek\u00ea, gelo \u00e7awa kurd\u00ean S\u00fbr\u00ee nexwed\u00ee warin \u00fb daxwaza stat\u00fbyeke taybet wek her\u00eam\u00ean din \u00ean S\u00fbriy\u00ea dikin?<\/h3>\n<h3 style=\"text-align: justify;\">Ev Gotar bi taybet bo Darka Mazi ye<\/h3>\n<p><img loading=\"lazy\" decoding=\"async\" width=\"946\" height=\"1374\" class=\"aligncenter darka-image-1031618 size-full\" src=\"https:\/\/darkamazi.info\/file\/2022\/08\/image0.jpeg\" alt=\"\" srcset=\"https:\/\/darkamazi.info\/file\/2022\/08\/image0.jpeg 946w, https:\/\/darkamazi.info\/file\/2022\/08\/image0-207x300.jpeg 207w, https:\/\/darkamazi.info\/file\/2022\/08\/image0-705x1024.jpeg 705w, https:\/\/darkamazi.info\/file\/2022\/08\/image0-768x1115.jpeg 768w\" sizes=\"auto, (max-width: 946px) 100vw, 946px\" \/><\/p>\n<p>[\/darkamazi_column_text][\/darkamazi_column][\/darkamazi_row][darkamazi_row css=&#8221;.darkamazi_custom_1623771386013{padding-bottom: 10px !important;}&#8221;][darkamazi_column][mpc_alert preset=&#8221;mpc_preset_24&#8243; icon=&#8221;eti eti_link&#8221; icon_color=&#8221;#ffffff&#8221; icon_size=&#8221;30&#8243; icon_background_color=&#8221;#df5461&#8243; icon_padding_divider=&#8221;true&#8221; icon_padding_css=&#8221;padding-top:25px;padding-right:25px;padding-bottom:25px;padding-left:25px;&#8221; font_preset=&#8221;mpc_preset_13&#8243; font_color=&#8221;#ffffff&#8221; font_size=&#8221;20&#8243; font_transform=&#8221;none&#8221; font_align=&#8221;center&#8221; content_padding_divider=&#8221;true&#8221; content_padding_css=&#8221;padding-top:10px;padding-right:15px;padding-bottom:0px;padding-left:15px;&#8221; background_type=&#8221;gradient&#8221; background_gradient=&#8221;#d14945||#e5825e||0;100||90||linear&#8221; border_divider=&#8221;true&#8221; border_css=&#8221;border-top:0px;border-right:0px;border-bottom:3px;border-left:0px;border-color:#bc3a5d;border-style:solid;border-radius:5px;&#8221; padding_divider=&#8221;true&#8221; margin_divider=&#8221;true&#8221; margin_css=&#8221;margin-bottom:10px;&#8221;]<\/p>\n<h4 style=\"direction: rtl; text-align: center;\"><span style=\"font-size: 18pt;\"><a href=\"https:\/\/darkamazi.info\/archives\/1031361\"><span style=\"font-family: 'arial black', sans-serif; color: #ffffff;\">Ji bo xwendina be\u015fa 1 kil\u00eek bike<\/span><\/a><\/span><\/h4>\n<p>[\/mpc_alert][mpc_alert preset=&#8221;mpc_preset_24&#8243; icon=&#8221;eti eti_link&#8221; icon_color=&#8221;#ffffff&#8221; icon_size=&#8221;30&#8243; icon_background_color=&#8221;#df5461&#8243; icon_padding_divider=&#8221;true&#8221; icon_padding_css=&#8221;padding-top:25px;padding-right:25px;padding-bottom:25px;padding-left:25px;&#8221; font_preset=&#8221;mpc_preset_13&#8243; font_color=&#8221;#ffffff&#8221; font_size=&#8221;20&#8243; font_transform=&#8221;none&#8221; font_align=&#8221;center&#8221; content_padding_divider=&#8221;true&#8221; content_padding_css=&#8221;padding-top:10px;padding-right:15px;padding-bottom:0px;padding-left:15px;&#8221; background_type=&#8221;gradient&#8221; background_gradient=&#8221;#d14945||#e5825e||0;100||90||linear&#8221; border_divider=&#8221;true&#8221; border_css=&#8221;border-top:0px;border-right:0px;border-bottom:3px;border-left:0px;border-color:#bc3a5d;border-style:solid;border-radius:5px;&#8221; padding_divider=&#8221;true&#8221; margin_divider=&#8221;true&#8221; margin_css=&#8221;margin-bottom:10px;&#8221;]<\/p>\n<h4 style=\"direction: rtl; text-align: center;\"><span style=\"font-size: 18pt;\"><a href=\"https:\/\/darkamazi.info\/archives\/1031927\"><span style=\"font-family: 'arial black', sans-serif; color: #ffffff;\">Ji bo xwendina be\u015fa 3 kil\u00eek bike<\/span><\/a><\/span><\/h4>\n<p>[\/mpc_alert][\/darkamazi_column][\/darkamazi_row]<\/p>\n<\/div>","protected":false},"excerpt":{"rendered":"<p>[darkamazi_row][darkamazi_column][darkamazi_video link=&#8221;https:\/\/www.youtube.com\/watch?v=tEuACYfeZKE&#8221; align=&#8221;center&#8221;][darkamazi_column_text] Maher Hasan Em d\u00ea \u00e7end r\u00fbpelan ji diyaloga niv\u00eeskar Neb\u00eel Melhem ya ku bi Ebdulla Ocelan re kir\u00ee \u00fb di pirt\u00fbka xwe ya bi nav\u00ea (Heft rojan bi Apo re- \u0633\u0628\u0639\u0629\u00a0\u0627\u064a\u0627\u0645\u00a0\u0645\u0639\u00a0\u0627\u0628\u0648) parve bikin, ji ber ku Ocelan heb\u00fbna Kurdistana S\u00fbriya \u00eenkar dike \u00fb gel\u00ea kurd weke kemeneteweyek li S\u00fbriy\u00ea n\u00ee\u015fan dide ku [&hellip;]<\/p>\n","protected":false},"author":2,"featured_media":1032124,"comment_status":"closed","ping_status":"closed","sticky":false,"template":"epic_custom_post_template-1006382","format":"video","meta":{"footnotes":""},"categories":[28,65],"tags":[80,37],"class_list":["post-1031617","post","type-post","status-publish","format-video","has-post-thumbnail","hentry","category-nerin","category-vidiyo","tag-mahir-hesen","tag-sereke","post_format-post-format-video"],"blocksy_meta":[],"seo_head":"<!-- This site is optimized with the Yoast SEO plugin v27.5 - https:\/\/yoast.com\/product\/yoast-seo-wordpress\/ -->\n<title>\u015eaxa Partiya Ebdulla \u00abPKK\u2019\u00ea\u00bb li Kurdistana S\u00fbriy\u00ea - \u00ab2\u00bb - Darka Maz\u00ee<\/title>\n<meta name=\"robots\" content=\"index, follow, max-snippet:-1, max-image-preview:large, max-video-preview:-1\" \/>\n<link rel=\"canonical\" href=\"https:\/\/darkamazi.info\/archives\/1031617\" \/>\n<meta property=\"og:locale\" content=\"en_US\" \/>\n<meta property=\"og:type\" content=\"article\" \/>\n<meta property=\"og:title\" content=\"\u015eaxa Partiya Ebdulla \u00abPKK\u2019\u00ea\u00bb li Kurdistana S\u00fbriy\u00ea - \u00ab2\u00bb - Darka Maz\u00ee\" \/>\n<meta property=\"og:description\" content=\"[darkamazi_row][darkamazi_column][darkamazi_video link=&#8221;https:\/\/www.youtube.com\/watch?v=tEuACYfeZKE&#8221; align=&#8221;center&#8221;][darkamazi_column_text] Maher Hasan Em d\u00ea \u00e7end r\u00fbpelan ji diyaloga niv\u00eeskar Neb\u00eel Melhem ya ku bi Ebdulla Ocelan re kir\u00ee \u00fb di pirt\u00fbka xwe ya bi nav\u00ea (Heft rojan bi Apo re- \u0633\u0628\u0639\u0629\u00a0\u0627\u064a\u0627\u0645\u00a0\u0645\u0639\u00a0\u0627\u0628\u0648) parve bikin, ji ber ku Ocelan heb\u00fbna Kurdistana S\u00fbriya \u00eenkar dike \u00fb gel\u00ea kurd weke kemeneteweyek li S\u00fbriy\u00ea n\u00ee\u015fan dide ku [&hellip;]\" \/>\n<meta property=\"og:url\" content=\"https:\/\/darkamazi.info\/archives\/1031617\" \/>\n<meta property=\"og:site_name\" content=\"Darka Maz\u00ee\" \/>\n<meta property=\"article:publisher\" content=\"https:\/\/www.facebook.com\/DarMaziKurmanci\" \/>\n<meta property=\"article:published_time\" content=\"2022-12-03T15:50:51+00:00\" \/>\n<meta property=\"article:modified_time\" content=\"2022-12-20T11:55:31+00:00\" \/>\n<meta property=\"og:image\" content=\"https:\/\/darkamazi.info\/file\/2022\/07\/pyd-pkk-rojava-2.jpg\" \/>\n\t<meta property=\"og:image:width\" content=\"900\" \/>\n\t<meta property=\"og:image:height\" content=\"497\" \/>\n\t<meta property=\"og:image:type\" content=\"image\/jpeg\" \/>\n<meta name=\"author\" content=\"darka mazi\" \/>\n<meta name=\"twitter:card\" content=\"summary_large_image\" \/>\n<meta name=\"twitter:creator\" content=\"@DarkaMaziLatini\" \/>\n<meta name=\"twitter:site\" content=\"@DarkaMaziLatini\" \/>\n<meta name=\"twitter:label1\" content=\"Written by\" \/>\n\t<meta name=\"twitter:data1\" content=\"darka mazi\" \/>\n\t<meta name=\"twitter:label2\" content=\"Est. reading time\" \/>\n\t<meta name=\"twitter:data2\" content=\"6 minutes\" \/>\n<script type=\"application\/ld+json\" class=\"seo-schema-graph\">{\"@context\":\"https:\\\/\\\/schema.org\",\"@graph\":[{\"@type\":\"Article\",\"@id\":\"https:\\\/\\\/darkamazi.info\\\/archives\\\/1031617#article\",\"isPartOf\":{\"@id\":\"https:\\\/\\\/darkamazi.info\\\/archives\\\/1031617\"},\"author\":{\"name\":\"darka mazi\",\"@id\":\"https:\\\/\\\/darkamazi.info\\\/#\\\/schema\\\/person\\\/5ad3e24553a0567993fa8ed4bd0a776c\"},\"headline\":\"\u015eaxa Partiya Ebdulla \u00abPKK\u2019\u00ea\u00bb li Kurdistana S\u00fbriy\u00ea &#8211; \u00ab2\u00bb\",\"datePublished\":\"2022-12-03T15:50:51+00:00\",\"dateModified\":\"2022-12-20T11:55:31+00:00\",\"mainEntityOfPage\":{\"@id\":\"https:\\\/\\\/darkamazi.info\\\/archives\\\/1031617\"},\"wordCount\":1612,\"publisher\":{\"@id\":\"https:\\\/\\\/darkamazi.info\\\/#organization\"},\"image\":{\"@id\":\"https:\\\/\\\/darkamazi.info\\\/archives\\\/1031617#primaryimage\"},\"thumbnailUrl\":\"https:\\\/\\\/darkamazi.info\\\/darka-content\\\/uploads\\\/2022\\\/07\\\/pyd-pkk-rojava-2.jpg\",\"keywords\":[\"Mahir Hesen\",\"sereke\"],\"articleSection\":[\"Ner\u00een\",\"V\u00eed\u00eeyo\"],\"inLanguage\":\"en-US\"},{\"@type\":\"WebPage\",\"@id\":\"https:\\\/\\\/darkamazi.info\\\/archives\\\/1031617\",\"url\":\"https:\\\/\\\/darkamazi.info\\\/archives\\\/1031617\",\"name\":\"\u015eaxa Partiya Ebdulla \u00abPKK\u2019\u00ea\u00bb li Kurdistana S\u00fbriy\u00ea - \u00ab2\u00bb - Darka Maz\u00ee\",\"isPartOf\":{\"@id\":\"https:\\\/\\\/darkamazi.info\\\/#website\"},\"primaryImageOfPage\":{\"@id\":\"https:\\\/\\\/darkamazi.info\\\/archives\\\/1031617#primaryimage\"},\"image\":{\"@id\":\"https:\\\/\\\/darkamazi.info\\\/archives\\\/1031617#primaryimage\"},\"thumbnailUrl\":\"https:\\\/\\\/darkamazi.info\\\/darka-content\\\/uploads\\\/2022\\\/07\\\/pyd-pkk-rojava-2.jpg\",\"datePublished\":\"2022-12-03T15:50:51+00:00\",\"dateModified\":\"2022-12-20T11:55:31+00:00\",\"breadcrumb\":{\"@id\":\"https:\\\/\\\/darkamazi.info\\\/archives\\\/1031617#breadcrumb\"},\"inLanguage\":\"en-US\",\"potentialAction\":[{\"@type\":\"ReadAction\",\"target\":[\"https:\\\/\\\/darkamazi.info\\\/archives\\\/1031617\"]}]},{\"@type\":\"ImageObject\",\"inLanguage\":\"en-US\",\"@id\":\"https:\\\/\\\/darkamazi.info\\\/archives\\\/1031617#primaryimage\",\"url\":\"https:\\\/\\\/darkamazi.info\\\/darka-content\\\/uploads\\\/2022\\\/07\\\/pyd-pkk-rojava-2.jpg\",\"contentUrl\":\"https:\\\/\\\/darkamazi.info\\\/darka-content\\\/uploads\\\/2022\\\/07\\\/pyd-pkk-rojava-2.jpg\",\"width\":900,\"height\":497,\"caption\":\"pyd-pkk-rojava-2\"},{\"@type\":\"BreadcrumbList\",\"@id\":\"https:\\\/\\\/darkamazi.info\\\/archives\\\/1031617#breadcrumb\",\"itemListElement\":[{\"@type\":\"ListItem\",\"position\":1,\"name\":\"Home\",\"item\":\"https:\\\/\\\/darkamazi.info\\\/\"},{\"@type\":\"ListItem\",\"position\":2,\"name\":\"\u015eaxa Partiya Ebdulla \u00abPKK\u2019\u00ea\u00bb li Kurdistana S\u00fbriy\u00ea &#8211; \u00ab2\u00bb\"}]},{\"@type\":\"WebSite\",\"@id\":\"https:\\\/\\\/darkamazi.info\\\/#website\",\"url\":\"https:\\\/\\\/darkamazi.info\\\/\",\"name\":\"Darka Maz\u00ee\",\"description\":\"P\u00eageha Zanyariy\u00ean Nebih\u00eest\u00ee\",\"publisher\":{\"@id\":\"https:\\\/\\\/darkamazi.info\\\/#organization\"},\"potentialAction\":[{\"@type\":\"SearchAction\",\"target\":{\"@type\":\"EntryPoint\",\"urlTemplate\":\"https:\\\/\\\/darkamazi.info\\\/?s={search_term_string}\"},\"query-input\":{\"@type\":\"PropertyValueSpecification\",\"valueRequired\":true,\"valueName\":\"search_term_string\"}}],\"inLanguage\":\"en-US\"},{\"@type\":\"Organization\",\"@id\":\"https:\\\/\\\/darkamazi.info\\\/#organization\",\"name\":\"Darka Maz\u00ee\",\"url\":\"https:\\\/\\\/darkamazi.info\\\/\",\"logo\":{\"@type\":\"ImageObject\",\"inLanguage\":\"en-US\",\"@id\":\"https:\\\/\\\/darkamazi.info\\\/#\\\/schema\\\/logo\\\/image\\\/\",\"url\":\"https:\\\/\\\/darkamazi.info\\\/darka-content\\\/uploads\\\/2017\\\/12\\\/darka-mazi-logo.png\",\"contentUrl\":\"https:\\\/\\\/darkamazi.info\\\/darka-content\\\/uploads\\\/2017\\\/12\\\/darka-mazi-logo.png\",\"width\":151,\"height\":75,\"caption\":\"Darka Maz\u00ee\"},\"image\":{\"@id\":\"https:\\\/\\\/darkamazi.info\\\/#\\\/schema\\\/logo\\\/image\\\/\"},\"sameAs\":[\"https:\\\/\\\/www.facebook.com\\\/DarMaziKurmanci\",\"https:\\\/\\\/x.com\\\/DarkaMaziLatini\",\"https:\\\/\\\/www.instagram.com\\\/darkamazi.kurmanci\\\/\",\"https:\\\/\\\/www.youtube.com\\\/channel\\\/UCa5HkTdmI8U1qCUFuTw8B2g\"]},{\"@type\":\"Person\",\"@id\":\"https:\\\/\\\/darkamazi.info\\\/#\\\/schema\\\/person\\\/5ad3e24553a0567993fa8ed4bd0a776c\",\"name\":\"darka mazi\",\"sameAs\":[\"https:\\\/\\\/darkamazi.info\\\/\"],\"url\":\"https:\\\/\\\/darkamazi.info\\\/archives\\\/author\\\/kurdi\"}]}<\/script>\n<!-- \/ Yoast SEO plugin. -->","seo_head_json":{"title":"\u015eaxa Partiya Ebdulla \u00abPKK\u2019\u00ea\u00bb li Kurdistana S\u00fbriy\u00ea - \u00ab2\u00bb - Darka Maz\u00ee","robots":{"index":"index","follow":"follow","max-snippet":"max-snippet:-1","max-image-preview":"max-image-preview:large","max-video-preview":"max-video-preview:-1"},"canonical":"https:\/\/darkamazi.info\/archives\/1031617","og_locale":"en_US","og_type":"article","og_title":"\u015eaxa Partiya Ebdulla \u00abPKK\u2019\u00ea\u00bb li Kurdistana S\u00fbriy\u00ea - \u00ab2\u00bb - Darka Maz\u00ee","og_description":"[darkamazi_row][darkamazi_column][darkamazi_video link=&#8221;https:\/\/www.youtube.com\/watch?v=tEuACYfeZKE&#8221; align=&#8221;center&#8221;][darkamazi_column_text] Maher Hasan Em d\u00ea \u00e7end r\u00fbpelan ji diyaloga niv\u00eeskar Neb\u00eel Melhem ya ku bi Ebdulla Ocelan re kir\u00ee \u00fb di pirt\u00fbka xwe ya bi nav\u00ea (Heft rojan bi Apo re- \u0633\u0628\u0639\u0629\u00a0\u0627\u064a\u0627\u0645\u00a0\u0645\u0639\u00a0\u0627\u0628\u0648) parve bikin, ji ber ku Ocelan heb\u00fbna Kurdistana S\u00fbriya \u00eenkar dike \u00fb gel\u00ea kurd weke kemeneteweyek li S\u00fbriy\u00ea n\u00ee\u015fan dide ku [&hellip;]","og_url":"https:\/\/darkamazi.info\/archives\/1031617","og_site_name":"Darka Maz\u00ee","article_publisher":"https:\/\/www.facebook.com\/DarMaziKurmanci","article_published_time":"2022-12-03T15:50:51+00:00","article_modified_time":"2022-12-20T11:55:31+00:00","og_image":[{"width":900,"height":497,"url":"https:\/\/darkamazi.info\/file\/2022\/07\/pyd-pkk-rojava-2.jpg","type":"image\/jpeg"}],"author":"darka mazi","twitter_card":"summary_large_image","twitter_creator":"@DarkaMaziLatini","twitter_site":"@DarkaMaziLatini","twitter_misc":{"Written by":"darka mazi","Est. reading time":"6 minutes"},"schema":{"@context":"https:\/\/schema.org","@graph":[{"@type":"Article","@id":"https:\/\/darkamazi.info\/archives\/1031617#article","isPartOf":{"@id":"https:\/\/darkamazi.info\/archives\/1031617"},"author":{"name":"darka mazi","@id":"https:\/\/darkamazi.info\/#\/schema\/person\/5ad3e24553a0567993fa8ed4bd0a776c"},"headline":"\u015eaxa Partiya Ebdulla \u00abPKK\u2019\u00ea\u00bb li Kurdistana S\u00fbriy\u00ea &#8211; \u00ab2\u00bb","datePublished":"2022-12-03T15:50:51+00:00","dateModified":"2022-12-20T11:55:31+00:00","mainEntityOfPage":{"@id":"https:\/\/darkamazi.info\/archives\/1031617"},"wordCount":1612,"publisher":{"@id":"https:\/\/darkamazi.info\/#organization"},"image":{"@id":"https:\/\/darkamazi.info\/archives\/1031617#primaryimage"},"thumbnailUrl":"https:\/\/darkamazi.info\/file\/2022\/07\/pyd-pkk-rojava-2.jpg","keywords":["Mahir Hesen","sereke"],"articleSection":["Ner\u00een","V\u00eed\u00eeyo"],"inLanguage":"en-US"},{"@type":"WebPage","@id":"https:\/\/darkamazi.info\/archives\/1031617","url":"https:\/\/darkamazi.info\/archives\/1031617","name":"\u015eaxa Partiya Ebdulla \u00abPKK\u2019\u00ea\u00bb li Kurdistana S\u00fbriy\u00ea - \u00ab2\u00bb - Darka Maz\u00ee","isPartOf":{"@id":"https:\/\/darkamazi.info\/#website"},"primaryImageOfPage":{"@id":"https:\/\/darkamazi.info\/archives\/1031617#primaryimage"},"image":{"@id":"https:\/\/darkamazi.info\/archives\/1031617#primaryimage"},"thumbnailUrl":"https:\/\/darkamazi.info\/file\/2022\/07\/pyd-pkk-rojava-2.jpg","datePublished":"2022-12-03T15:50:51+00:00","dateModified":"2022-12-20T11:55:31+00:00","breadcrumb":{"@id":"https:\/\/darkamazi.info\/archives\/1031617#breadcrumb"},"inLanguage":"en-US","potentialAction":[{"@type":"ReadAction","target":["https:\/\/darkamazi.info\/archives\/1031617"]}]},{"@type":"ImageObject","inLanguage":"en-US","@id":"https:\/\/darkamazi.info\/archives\/1031617#primaryimage","url":"https:\/\/darkamazi.info\/file\/2022\/07\/pyd-pkk-rojava-2.jpg","contentUrl":"https:\/\/darkamazi.info\/file\/2022\/07\/pyd-pkk-rojava-2.jpg","width":900,"height":497,"caption":"pyd-pkk-rojava-2"},{"@type":"BreadcrumbList","@id":"https:\/\/darkamazi.info\/archives\/1031617#breadcrumb","itemListElement":[{"@type":"ListItem","position":1,"name":"Home","item":"https:\/\/darkamazi.info\/"},{"@type":"ListItem","position":2,"name":"\u015eaxa Partiya Ebdulla \u00abPKK\u2019\u00ea\u00bb li Kurdistana S\u00fbriy\u00ea &#8211; \u00ab2\u00bb"}]},{"@type":"WebSite","@id":"https:\/\/darkamazi.info\/#website","url":"https:\/\/darkamazi.info\/","name":"Darka Maz\u00ee","description":"P\u00eageha Zanyariy\u00ean Nebih\u00eest\u00ee","publisher":{"@id":"https:\/\/darkamazi.info\/#organization"},"potentialAction":[{"@type":"SearchAction","target":{"@type":"EntryPoint","urlTemplate":"https:\/\/darkamazi.info\/?s={search_term_string}"},"query-input":{"@type":"PropertyValueSpecification","valueRequired":true,"valueName":"search_term_string"}}],"inLanguage":"en-US"},{"@type":"Organization","@id":"https:\/\/darkamazi.info\/#organization","name":"Darka Maz\u00ee","url":"https:\/\/darkamazi.info\/","logo":{"@type":"ImageObject","inLanguage":"en-US","@id":"https:\/\/darkamazi.info\/#\/schema\/logo\/image\/","url":"https:\/\/darkamazi.info\/file\/2017\/12\/darka-mazi-logo.png","contentUrl":"https:\/\/darkamazi.info\/file\/2017\/12\/darka-mazi-logo.png","width":151,"height":75,"caption":"Darka Maz\u00ee"},"image":{"@id":"https:\/\/darkamazi.info\/#\/schema\/logo\/image\/"},"sameAs":["https:\/\/www.facebook.com\/DarMaziKurmanci","https:\/\/x.com\/DarkaMaziLatini","https:\/\/www.instagram.com\/darkamazi.kurmanci\/","https:\/\/www.youtube.com\/channel\/UCa5HkTdmI8U1qCUFuTw8B2g"]},{"@type":"Person","@id":"https:\/\/darkamazi.info\/#\/schema\/person\/5ad3e24553a0567993fa8ed4bd0a776c","name":"darka mazi","sameAs":["https:\/\/darkamazi.info\/"],"url":"https:\/\/darkamazi.info\/archives\/author\/kurdi"}]}},"_links":{"self":[{"href":"https:\/\/darkamazi.info\/funavuv\/wp\/v2\/posts\/1031617","targetHints":{"allow":["GET"]}}],"collection":[{"href":"https:\/\/darkamazi.info\/funavuv\/wp\/v2\/posts"}],"about":[{"href":"https:\/\/darkamazi.info\/funavuv\/wp\/v2\/types\/post"}],"author":[{"embeddable":true,"href":"https:\/\/darkamazi.info\/funavuv\/wp\/v2\/users\/2"}],"replies":[{"embeddable":true,"href":"https:\/\/darkamazi.info\/funavuv\/wp\/v2\/comments?post=1031617"}],"version-history":[{"count":0,"href":"https:\/\/darkamazi.info\/funavuv\/wp\/v2\/posts\/1031617\/revisions"}],"wp:featuredmedia":[{"embeddable":true,"href":"https:\/\/darkamazi.info\/funavuv\/wp\/v2\/media\/1032124"}],"wp:attachment":[{"href":"https:\/\/darkamazi.info\/funavuv\/wp\/v2\/media?parent=1031617"}],"wp:term":[{"taxonomy":"category","embeddable":true,"href":"https:\/\/darkamazi.info\/funavuv\/wp\/v2\/categories?post=1031617"},{"taxonomy":"post_tag","embeddable":true,"href":"https:\/\/darkamazi.info\/funavuv\/wp\/v2\/tags?post=1031617"}],"curies":[{"name":"wp","href":"https:\/\/api.w.org\/{rel}","templated":true}]}}