{"id":1031628,"date":"2022-08-06T12:52:51","date_gmt":"2022-08-06T09:52:51","guid":{"rendered":"https:\/\/darkamazi.info\/?p=1031628"},"modified":"2022-08-06T12:52:51","modified_gmt":"2022-08-06T09:52:51","slug":"li-heremen-sinori-leskereki-tirk-hate-kustin","status":"publish","type":"post","link":"https:\/\/darkamazi.info\/archives\/1031628","title":{"rendered":"Li her\u00eam\u00ean s\u00eenor\u00ee le\u015fkerek\u00ee tirk hate ku\u015ftin"},"content":{"rendered":"<h3 style=\"text-align: justify\"><span style=\"font-family: 'arial black', sans-serif\">Wezareta Berevaniya Tirkiy\u00ea ragihand, li nav\u00e7ey\u00ean s\u00eenor\u00eey\u00ean Her\u00eama Kurdistan\u00ea \u00fb Bakur\u00ea Kurdistan\u00ea di \u015fer\u00ea ligel PKK\u2019\u00ea de le\u015fkerek hatiye ku\u015ftin.<\/span><\/h3>\n<h3 style=\"text-align: justify\">Di daxuyaniya wezareta berevaniya Tirkiy\u00ea de hat ragihandin ku li her\u00eama operasyona Pence-Kil\u00eed\u00ea de di pev\u00e7\u00fbna bi PKK\u2019\u00eeyan re le\u015fker\u00ea bi nav\u00ea Re\u015fad Erg\u00een jiyana xwe ji dest da.<\/h3>\n<h3 style=\"text-align: justify\">Her \u00e7end\u00ee wezareta berevaniya Tirkiy\u00ea nav\u00ea devera ku ew serbaz t\u00eade hatye ku\u015ftin e\u015fkere nekir, l\u00ea li gor agahiyan, duh li \u00e7end gund\u00ean nav\u00e7eya Am\u00eadiy\u00ea \u015fer \u00fb pev\u00e7\u00fbn di navbera art\u00ea\u015fa Tirkiy\u00ea \u00fb \u00e7ekdar\u00ean PKK\u00ea de derketiye.<\/h3>\n<h3 style=\"text-align: justify\">Wezareta berevaniya Tirkiy\u00ea ragihand, di encama gulebaran\u00ea de le\u015fker bir\u00eendar b\u00fb \u00fb rakirin nexwe\u015fxaney\u00ea, l\u00ea pi\u015ftre ji ber bir\u00een\u00ean xwe jiyana xwe ji dest da.<\/h3>\n<h3 style=\"text-align: justify\">Di 18\/4\/2022an de art\u00ea\u015fa Tirkiy\u00ea li dij\u00ee baregeh \u00fb sitrageh\u00ean PKK\u00ea y\u00ean li her\u00eam\u00ean Zap, Met\u00eena \u00fb ava\u015f\u00een\u00ea operasyoneke bejah\u00ee \u00fb as\u00eeman\u00ee bi nav\u00ea Pence-Kil\u00eed dest p\u00ea kir.<\/h3>\n","protected":false},"excerpt":{"rendered":"<p>Wezareta Berevaniya Tirkiy\u00ea ragihand, li nav\u00e7ey\u00ean s\u00eenor\u00eey\u00ean Her\u00eama Kurdistan\u00ea \u00fb Bakur\u00ea Kurdistan\u00ea di \u015fer\u00ea ligel PKK\u2019\u00ea de le\u015fkerek hatiye ku\u015ftin. Di daxuyaniya wezareta berevaniya Tirkiy\u00ea de hat ragihandin ku li her\u00eama operasyona Pence-Kil\u00eed\u00ea de di pev\u00e7\u00fbna bi PKK\u2019\u00eeyan re le\u015fker\u00ea bi nav\u00ea Re\u015fad Erg\u00een jiyana xwe ji dest da. Her \u00e7end\u00ee wezareta berevaniya Tirkiy\u00ea nav\u00ea [&hellip;]<\/p>\n","protected":false},"author":2,"featured_media":1031629,"comment_status":"closed","ping_status":"closed","sticky":false,"template":"","format":"standard","meta":{"footnotes":""},"categories":[29],"tags":[37],"class_list":["post-1031628","post","type-post","status-publish","format-standard","has-post-thumbnail","hentry","category-kurdistan","tag-sereke"],"blocksy_meta":[],"seo_head":"<!-- This site is optimized with the Yoast SEO plugin v27.5 - https:\/\/yoast.com\/product\/yoast-seo-wordpress\/ -->\n<title>Li her\u00eam\u00ean s\u00eenor\u00ee le\u015fkerek\u00ee tirk hate ku\u015ftin - Darka Maz\u00ee<\/title>\n<meta name=\"robots\" content=\"index, follow, max-snippet:-1, max-image-preview:large, max-video-preview:-1\" \/>\n<link rel=\"canonical\" href=\"https:\/\/darkamazi.info\/archives\/1031628\" \/>\n<meta property=\"og:locale\" content=\"en_US\" \/>\n<meta property=\"og:type\" content=\"article\" \/>\n<meta property=\"og:title\" content=\"Li her\u00eam\u00ean s\u00eenor\u00ee le\u015fkerek\u00ee tirk hate ku\u015ftin - Darka Maz\u00ee\" \/>\n<meta property=\"og:description\" content=\"Wezareta Berevaniya Tirkiy\u00ea ragihand, li nav\u00e7ey\u00ean s\u00eenor\u00eey\u00ean Her\u00eama Kurdistan\u00ea \u00fb Bakur\u00ea Kurdistan\u00ea di \u015fer\u00ea ligel PKK\u2019\u00ea de le\u015fkerek hatiye ku\u015ftin. Di daxuyaniya wezareta berevaniya Tirkiy\u00ea de hat ragihandin ku li her\u00eama operasyona Pence-Kil\u00eed\u00ea de di pev\u00e7\u00fbna bi PKK\u2019\u00eeyan re le\u015fker\u00ea bi nav\u00ea Re\u015fad Erg\u00een jiyana xwe ji dest da. Her \u00e7end\u00ee wezareta berevaniya Tirkiy\u00ea nav\u00ea [&hellip;]\" \/>\n<meta property=\"og:url\" content=\"https:\/\/darkamazi.info\/archives\/1031628\" \/>\n<meta property=\"og:site_name\" content=\"Darka Maz\u00ee\" \/>\n<meta property=\"article:publisher\" content=\"https:\/\/www.facebook.com\/DarMaziKurmanci\" \/>\n<meta property=\"article:published_time\" content=\"2022-08-06T09:52:51+00:00\" \/>\n<meta property=\"og:image\" content=\"https:\/\/darkamazi.info\/file\/2022\/08\/tirkiye-pence-qufil-oparasyon.jpg\" \/>\n\t<meta property=\"og:image:width\" content=\"900\" \/>\n\t<meta property=\"og:image:height\" content=\"497\" \/>\n\t<meta property=\"og:image:type\" content=\"image\/jpeg\" \/>\n<meta name=\"author\" content=\"darka mazi\" \/>\n<meta name=\"twitter:card\" content=\"summary_large_image\" \/>\n<meta name=\"twitter:creator\" content=\"@DarkaMaziLatini\" \/>\n<meta name=\"twitter:site\" content=\"@DarkaMaziLatini\" \/>\n<meta name=\"twitter:label1\" content=\"Written by\" \/>\n\t<meta name=\"twitter:data1\" content=\"darka mazi\" \/>\n\t<meta name=\"twitter:label2\" content=\"Est. reading time\" \/>\n\t<meta name=\"twitter:data2\" content=\"1 minute\" \/>\n<script type=\"application\/ld+json\" class=\"seo-schema-graph\">{\"@context\":\"https:\\\/\\\/schema.org\",\"@graph\":[{\"@type\":\"Article\",\"@id\":\"https:\\\/\\\/darkamazi.info\\\/archives\\\/1031628#article\",\"isPartOf\":{\"@id\":\"https:\\\/\\\/darkamazi.info\\\/archives\\\/1031628\"},\"author\":{\"name\":\"darka mazi\",\"@id\":\"https:\\\/\\\/darkamazi.info\\\/#\\\/schema\\\/person\\\/5ad3e24553a0567993fa8ed4bd0a776c\"},\"headline\":\"Li her\u00eam\u00ean s\u00eenor\u00ee le\u015fkerek\u00ee tirk hate ku\u015ftin\",\"datePublished\":\"2022-08-06T09:52:51+00:00\",\"mainEntityOfPage\":{\"@id\":\"https:\\\/\\\/darkamazi.info\\\/archives\\\/1031628\"},\"wordCount\":183,\"publisher\":{\"@id\":\"https:\\\/\\\/darkamazi.info\\\/#organization\"},\"image\":{\"@id\":\"https:\\\/\\\/darkamazi.info\\\/archives\\\/1031628#primaryimage\"},\"thumbnailUrl\":\"https:\\\/\\\/darkamazi.info\\\/darka-content\\\/uploads\\\/2022\\\/08\\\/tirkiye-pence-qufil-oparasyon.jpg\",\"keywords\":[\"sereke\"],\"articleSection\":[\"Kurdistan\"],\"inLanguage\":\"en-US\"},{\"@type\":\"WebPage\",\"@id\":\"https:\\\/\\\/darkamazi.info\\\/archives\\\/1031628\",\"url\":\"https:\\\/\\\/darkamazi.info\\\/archives\\\/1031628\",\"name\":\"Li her\u00eam\u00ean s\u00eenor\u00ee le\u015fkerek\u00ee tirk hate ku\u015ftin - Darka Maz\u00ee\",\"isPartOf\":{\"@id\":\"https:\\\/\\\/darkamazi.info\\\/#website\"},\"primaryImageOfPage\":{\"@id\":\"https:\\\/\\\/darkamazi.info\\\/archives\\\/1031628#primaryimage\"},\"image\":{\"@id\":\"https:\\\/\\\/darkamazi.info\\\/archives\\\/1031628#primaryimage\"},\"thumbnailUrl\":\"https:\\\/\\\/darkamazi.info\\\/darka-content\\\/uploads\\\/2022\\\/08\\\/tirkiye-pence-qufil-oparasyon.jpg\",\"datePublished\":\"2022-08-06T09:52:51+00:00\",\"breadcrumb\":{\"@id\":\"https:\\\/\\\/darkamazi.info\\\/archives\\\/1031628#breadcrumb\"},\"inLanguage\":\"en-US\",\"potentialAction\":[{\"@type\":\"ReadAction\",\"target\":[\"https:\\\/\\\/darkamazi.info\\\/archives\\\/1031628\"]}]},{\"@type\":\"ImageObject\",\"inLanguage\":\"en-US\",\"@id\":\"https:\\\/\\\/darkamazi.info\\\/archives\\\/1031628#primaryimage\",\"url\":\"https:\\\/\\\/darkamazi.info\\\/darka-content\\\/uploads\\\/2022\\\/08\\\/tirkiye-pence-qufil-oparasyon.jpg\",\"contentUrl\":\"https:\\\/\\\/darkamazi.info\\\/darka-content\\\/uploads\\\/2022\\\/08\\\/tirkiye-pence-qufil-oparasyon.jpg\",\"width\":900,\"height\":497,\"caption\":\"Li her\u00eam\u00ean s\u00eenor\u00ee le\u015fkerek\u00ee tirk hate ku\u015ftin\"},{\"@type\":\"BreadcrumbList\",\"@id\":\"https:\\\/\\\/darkamazi.info\\\/archives\\\/1031628#breadcrumb\",\"itemListElement\":[{\"@type\":\"ListItem\",\"position\":1,\"name\":\"Home\",\"item\":\"https:\\\/\\\/darkamazi.info\\\/\"},{\"@type\":\"ListItem\",\"position\":2,\"name\":\"Li her\u00eam\u00ean s\u00eenor\u00ee le\u015fkerek\u00ee tirk hate ku\u015ftin\"}]},{\"@type\":\"WebSite\",\"@id\":\"https:\\\/\\\/darkamazi.info\\\/#website\",\"url\":\"https:\\\/\\\/darkamazi.info\\\/\",\"name\":\"Darka Maz\u00ee\",\"description\":\"P\u00eageha Zanyariy\u00ean Nebih\u00eest\u00ee\",\"publisher\":{\"@id\":\"https:\\\/\\\/darkamazi.info\\\/#organization\"},\"potentialAction\":[{\"@type\":\"SearchAction\",\"target\":{\"@type\":\"EntryPoint\",\"urlTemplate\":\"https:\\\/\\\/darkamazi.info\\\/?s={search_term_string}\"},\"query-input\":{\"@type\":\"PropertyValueSpecification\",\"valueRequired\":true,\"valueName\":\"search_term_string\"}}],\"inLanguage\":\"en-US\"},{\"@type\":\"Organization\",\"@id\":\"https:\\\/\\\/darkamazi.info\\\/#organization\",\"name\":\"Darka Maz\u00ee\",\"url\":\"https:\\\/\\\/darkamazi.info\\\/\",\"logo\":{\"@type\":\"ImageObject\",\"inLanguage\":\"en-US\",\"@id\":\"https:\\\/\\\/darkamazi.info\\\/#\\\/schema\\\/logo\\\/image\\\/\",\"url\":\"https:\\\/\\\/darkamazi.info\\\/darka-content\\\/uploads\\\/2017\\\/12\\\/darka-mazi-logo.png\",\"contentUrl\":\"https:\\\/\\\/darkamazi.info\\\/darka-content\\\/uploads\\\/2017\\\/12\\\/darka-mazi-logo.png\",\"width\":151,\"height\":75,\"caption\":\"Darka Maz\u00ee\"},\"image\":{\"@id\":\"https:\\\/\\\/darkamazi.info\\\/#\\\/schema\\\/logo\\\/image\\\/\"},\"sameAs\":[\"https:\\\/\\\/www.facebook.com\\\/DarMaziKurmanci\",\"https:\\\/\\\/x.com\\\/DarkaMaziLatini\",\"https:\\\/\\\/www.instagram.com\\\/darkamazi.kurmanci\\\/\",\"https:\\\/\\\/www.youtube.com\\\/channel\\\/UCa5HkTdmI8U1qCUFuTw8B2g\"]},{\"@type\":\"Person\",\"@id\":\"https:\\\/\\\/darkamazi.info\\\/#\\\/schema\\\/person\\\/5ad3e24553a0567993fa8ed4bd0a776c\",\"name\":\"darka mazi\",\"sameAs\":[\"https:\\\/\\\/darkamazi.info\\\/\"],\"url\":\"https:\\\/\\\/darkamazi.info\\\/archives\\\/author\\\/kurdi\"}]}<\/script>\n<!-- \/ Yoast SEO plugin. -->","seo_head_json":{"title":"Li her\u00eam\u00ean s\u00eenor\u00ee le\u015fkerek\u00ee tirk hate ku\u015ftin - Darka Maz\u00ee","robots":{"index":"index","follow":"follow","max-snippet":"max-snippet:-1","max-image-preview":"max-image-preview:large","max-video-preview":"max-video-preview:-1"},"canonical":"https:\/\/darkamazi.info\/archives\/1031628","og_locale":"en_US","og_type":"article","og_title":"Li her\u00eam\u00ean s\u00eenor\u00ee le\u015fkerek\u00ee tirk hate ku\u015ftin - Darka Maz\u00ee","og_description":"Wezareta Berevaniya Tirkiy\u00ea ragihand, li nav\u00e7ey\u00ean s\u00eenor\u00eey\u00ean Her\u00eama Kurdistan\u00ea \u00fb Bakur\u00ea Kurdistan\u00ea di \u015fer\u00ea ligel PKK\u2019\u00ea de le\u015fkerek hatiye ku\u015ftin. Di daxuyaniya wezareta berevaniya Tirkiy\u00ea de hat ragihandin ku li her\u00eama operasyona Pence-Kil\u00eed\u00ea de di pev\u00e7\u00fbna bi PKK\u2019\u00eeyan re le\u015fker\u00ea bi nav\u00ea Re\u015fad Erg\u00een jiyana xwe ji dest da. Her \u00e7end\u00ee wezareta berevaniya Tirkiy\u00ea nav\u00ea [&hellip;]","og_url":"https:\/\/darkamazi.info\/archives\/1031628","og_site_name":"Darka Maz\u00ee","article_publisher":"https:\/\/www.facebook.com\/DarMaziKurmanci","article_published_time":"2022-08-06T09:52:51+00:00","og_image":[{"width":900,"height":497,"url":"https:\/\/darkamazi.info\/file\/2022\/08\/tirkiye-pence-qufil-oparasyon.jpg","type":"image\/jpeg"}],"author":"darka mazi","twitter_card":"summary_large_image","twitter_creator":"@DarkaMaziLatini","twitter_site":"@DarkaMaziLatini","twitter_misc":{"Written by":"darka mazi","Est. reading time":"1 minute"},"schema":{"@context":"https:\/\/schema.org","@graph":[{"@type":"Article","@id":"https:\/\/darkamazi.info\/archives\/1031628#article","isPartOf":{"@id":"https:\/\/darkamazi.info\/archives\/1031628"},"author":{"name":"darka mazi","@id":"https:\/\/darkamazi.info\/#\/schema\/person\/5ad3e24553a0567993fa8ed4bd0a776c"},"headline":"Li her\u00eam\u00ean s\u00eenor\u00ee le\u015fkerek\u00ee tirk hate ku\u015ftin","datePublished":"2022-08-06T09:52:51+00:00","mainEntityOfPage":{"@id":"https:\/\/darkamazi.info\/archives\/1031628"},"wordCount":183,"publisher":{"@id":"https:\/\/darkamazi.info\/#organization"},"image":{"@id":"https:\/\/darkamazi.info\/archives\/1031628#primaryimage"},"thumbnailUrl":"https:\/\/darkamazi.info\/file\/2022\/08\/tirkiye-pence-qufil-oparasyon.jpg","keywords":["sereke"],"articleSection":["Kurdistan"],"inLanguage":"en-US"},{"@type":"WebPage","@id":"https:\/\/darkamazi.info\/archives\/1031628","url":"https:\/\/darkamazi.info\/archives\/1031628","name":"Li her\u00eam\u00ean s\u00eenor\u00ee le\u015fkerek\u00ee tirk hate ku\u015ftin - Darka Maz\u00ee","isPartOf":{"@id":"https:\/\/darkamazi.info\/#website"},"primaryImageOfPage":{"@id":"https:\/\/darkamazi.info\/archives\/1031628#primaryimage"},"image":{"@id":"https:\/\/darkamazi.info\/archives\/1031628#primaryimage"},"thumbnailUrl":"https:\/\/darkamazi.info\/file\/2022\/08\/tirkiye-pence-qufil-oparasyon.jpg","datePublished":"2022-08-06T09:52:51+00:00","breadcrumb":{"@id":"https:\/\/darkamazi.info\/archives\/1031628#breadcrumb"},"inLanguage":"en-US","potentialAction":[{"@type":"ReadAction","target":["https:\/\/darkamazi.info\/archives\/1031628"]}]},{"@type":"ImageObject","inLanguage":"en-US","@id":"https:\/\/darkamazi.info\/archives\/1031628#primaryimage","url":"https:\/\/darkamazi.info\/file\/2022\/08\/tirkiye-pence-qufil-oparasyon.jpg","contentUrl":"https:\/\/darkamazi.info\/file\/2022\/08\/tirkiye-pence-qufil-oparasyon.jpg","width":900,"height":497,"caption":"Li her\u00eam\u00ean s\u00eenor\u00ee le\u015fkerek\u00ee tirk hate ku\u015ftin"},{"@type":"BreadcrumbList","@id":"https:\/\/darkamazi.info\/archives\/1031628#breadcrumb","itemListElement":[{"@type":"ListItem","position":1,"name":"Home","item":"https:\/\/darkamazi.info\/"},{"@type":"ListItem","position":2,"name":"Li her\u00eam\u00ean s\u00eenor\u00ee le\u015fkerek\u00ee tirk hate ku\u015ftin"}]},{"@type":"WebSite","@id":"https:\/\/darkamazi.info\/#website","url":"https:\/\/darkamazi.info\/","name":"Darka Maz\u00ee","description":"P\u00eageha Zanyariy\u00ean Nebih\u00eest\u00ee","publisher":{"@id":"https:\/\/darkamazi.info\/#organization"},"potentialAction":[{"@type":"SearchAction","target":{"@type":"EntryPoint","urlTemplate":"https:\/\/darkamazi.info\/?s={search_term_string}"},"query-input":{"@type":"PropertyValueSpecification","valueRequired":true,"valueName":"search_term_string"}}],"inLanguage":"en-US"},{"@type":"Organization","@id":"https:\/\/darkamazi.info\/#organization","name":"Darka Maz\u00ee","url":"https:\/\/darkamazi.info\/","logo":{"@type":"ImageObject","inLanguage":"en-US","@id":"https:\/\/darkamazi.info\/#\/schema\/logo\/image\/","url":"https:\/\/darkamazi.info\/file\/2017\/12\/darka-mazi-logo.png","contentUrl":"https:\/\/darkamazi.info\/file\/2017\/12\/darka-mazi-logo.png","width":151,"height":75,"caption":"Darka Maz\u00ee"},"image":{"@id":"https:\/\/darkamazi.info\/#\/schema\/logo\/image\/"},"sameAs":["https:\/\/www.facebook.com\/DarMaziKurmanci","https:\/\/x.com\/DarkaMaziLatini","https:\/\/www.instagram.com\/darkamazi.kurmanci\/","https:\/\/www.youtube.com\/channel\/UCa5HkTdmI8U1qCUFuTw8B2g"]},{"@type":"Person","@id":"https:\/\/darkamazi.info\/#\/schema\/person\/5ad3e24553a0567993fa8ed4bd0a776c","name":"darka mazi","sameAs":["https:\/\/darkamazi.info\/"],"url":"https:\/\/darkamazi.info\/archives\/author\/kurdi"}]}},"_links":{"self":[{"href":"https:\/\/darkamazi.info\/funavuv\/wp\/v2\/posts\/1031628","targetHints":{"allow":["GET"]}}],"collection":[{"href":"https:\/\/darkamazi.info\/funavuv\/wp\/v2\/posts"}],"about":[{"href":"https:\/\/darkamazi.info\/funavuv\/wp\/v2\/types\/post"}],"author":[{"embeddable":true,"href":"https:\/\/darkamazi.info\/funavuv\/wp\/v2\/users\/2"}],"replies":[{"embeddable":true,"href":"https:\/\/darkamazi.info\/funavuv\/wp\/v2\/comments?post=1031628"}],"version-history":[{"count":0,"href":"https:\/\/darkamazi.info\/funavuv\/wp\/v2\/posts\/1031628\/revisions"}],"wp:featuredmedia":[{"embeddable":true,"href":"https:\/\/darkamazi.info\/funavuv\/wp\/v2\/media\/1031629"}],"wp:attachment":[{"href":"https:\/\/darkamazi.info\/funavuv\/wp\/v2\/media?parent=1031628"}],"wp:term":[{"taxonomy":"category","embeddable":true,"href":"https:\/\/darkamazi.info\/funavuv\/wp\/v2\/categories?post=1031628"},{"taxonomy":"post_tag","embeddable":true,"href":"https:\/\/darkamazi.info\/funavuv\/wp\/v2\/tags?post=1031628"}],"curies":[{"name":"wp","href":"https:\/\/api.w.org\/{rel}","templated":true}]}}