{"id":1031668,"date":"2022-08-08T18:13:13","date_gmt":"2022-08-08T15:13:13","guid":{"rendered":"https:\/\/darkamazi.info\/?p=1031668"},"modified":"2022-08-08T18:13:13","modified_gmt":"2022-08-08T15:13:13","slug":"artesa-tirkiye-li-bedlise-operasyoneke-nu-da-destpekirin","status":"publish","type":"post","link":"https:\/\/darkamazi.info\/archives\/1031668","title":{"rendered":"Art\u00ea\u015fa Tirkiy\u00ea li Bedl\u00ees\u00ea operasyoneke n\u00fb da destp\u00eakirin"},"content":{"rendered":"<h3 style=\"text-align: justify\"><span style=\"font-family: 'arial black', sans-serif\">\u00a0Art\u00ea\u015fa Tirkiy\u00ea li Bedl\u00ees\u00ea y\u00ea Bakur\u00ea Kurdistan\u00ea li dij\u00ee PKK\u2019\u00ea dest bi operasyoneke n\u00fb kir.<\/span><\/h3>\n<h3 style=\"text-align: justify\">Wezareta Navxwe ya Tirkiy\u00ea di daxuyaniyek\u00ea de ragihand, li bajar\u00ea Bedl\u00ees\u00ea bi be\u015fdariya 520 endam\u00ean h\u00eaz\u00ean ewlehiy\u00ea, li dij\u00ee PKK\u2019\u00ea operasyoneke berfireh hat destp\u00eakirin.<\/h3>\n<h3 style=\"text-align: justify\">Wezareta Navxwe ya Tirkiy\u00ea diyar kir j\u00ee, di roja yekem a operasyon\u00ea de \u00e7ar stargeh\u00ean PKK\u2019\u00ea hatin tunekirin.<\/h3>\n<h3 style=\"text-align: justify\">Ev yek di demek\u00ea de ye, duh j\u00ee art\u00ea\u015fa Tirkiy\u00ea li \u00e7iyay\u00ea Bagok\u00ea ya M\u00eard\u00een\u00ea li dij\u00ee PKK\u2019\u00ea dest bi operasyoneke n\u00fb kirib\u00fb.<\/h3>\n<h3 style=\"text-align: justify\"><\/h3>\n","protected":false},"excerpt":{"rendered":"<p>\u00a0Art\u00ea\u015fa Tirkiy\u00ea li Bedl\u00ees\u00ea y\u00ea Bakur\u00ea Kurdistan\u00ea li dij\u00ee PKK\u2019\u00ea dest bi operasyoneke n\u00fb kir. Wezareta Navxwe ya Tirkiy\u00ea di daxuyaniyek\u00ea de ragihand, li bajar\u00ea Bedl\u00ees\u00ea bi be\u015fdariya 520 endam\u00ean h\u00eaz\u00ean ewlehiy\u00ea, li dij\u00ee PKK\u2019\u00ea operasyoneke berfireh hat destp\u00eakirin. Wezareta Navxwe ya Tirkiy\u00ea diyar kir j\u00ee, di roja yekem a operasyon\u00ea de \u00e7ar stargeh\u00ean PKK\u2019\u00ea [&hellip;]<\/p>\n","protected":false},"author":2,"featured_media":1031669,"comment_status":"closed","ping_status":"closed","sticky":false,"template":"","format":"standard","meta":{"footnotes":""},"categories":[29],"tags":[37],"class_list":["post-1031668","post","type-post","status-publish","format-standard","has-post-thumbnail","hentry","category-kurdistan","tag-sereke"],"blocksy_meta":[],"seo_head":"<!-- This site is optimized with the Yoast SEO plugin v27.5 - https:\/\/yoast.com\/product\/yoast-seo-wordpress\/ -->\n<title>Art\u00ea\u015fa Tirkiy\u00ea li Bedl\u00ees\u00ea operasyoneke n\u00fb da destp\u00eakirin - Darka Maz\u00ee<\/title>\n<meta name=\"robots\" content=\"index, follow, max-snippet:-1, max-image-preview:large, max-video-preview:-1\" \/>\n<link rel=\"canonical\" href=\"https:\/\/darkamazi.info\/archives\/1031668\" \/>\n<meta property=\"og:locale\" content=\"en_US\" \/>\n<meta property=\"og:type\" content=\"article\" \/>\n<meta property=\"og:title\" content=\"Art\u00ea\u015fa Tirkiy\u00ea li Bedl\u00ees\u00ea operasyoneke n\u00fb da destp\u00eakirin - Darka Maz\u00ee\" \/>\n<meta property=\"og:description\" content=\"\u00a0Art\u00ea\u015fa Tirkiy\u00ea li Bedl\u00ees\u00ea y\u00ea Bakur\u00ea Kurdistan\u00ea li dij\u00ee PKK\u2019\u00ea dest bi operasyoneke n\u00fb kir. Wezareta Navxwe ya Tirkiy\u00ea di daxuyaniyek\u00ea de ragihand, li bajar\u00ea Bedl\u00ees\u00ea bi be\u015fdariya 520 endam\u00ean h\u00eaz\u00ean ewlehiy\u00ea, li dij\u00ee PKK\u2019\u00ea operasyoneke berfireh hat destp\u00eakirin. Wezareta Navxwe ya Tirkiy\u00ea diyar kir j\u00ee, di roja yekem a operasyon\u00ea de \u00e7ar stargeh\u00ean PKK\u2019\u00ea [&hellip;]\" \/>\n<meta property=\"og:url\" content=\"https:\/\/darkamazi.info\/archives\/1031668\" \/>\n<meta property=\"og:site_name\" content=\"Darka Maz\u00ee\" \/>\n<meta property=\"article:publisher\" content=\"https:\/\/www.facebook.com\/DarMaziKurmanci\" \/>\n<meta property=\"article:published_time\" content=\"2022-08-08T15:13:13+00:00\" \/>\n<meta property=\"og:image\" content=\"https:\/\/darkamazi.info\/file\/2022\/08\/Artesa-Tirkiye.jpg\" \/>\n\t<meta property=\"og:image:width\" content=\"900\" \/>\n\t<meta property=\"og:image:height\" content=\"497\" \/>\n\t<meta property=\"og:image:type\" content=\"image\/jpeg\" \/>\n<meta name=\"author\" content=\"darka mazi\" \/>\n<meta name=\"twitter:card\" content=\"summary_large_image\" \/>\n<meta name=\"twitter:creator\" content=\"@DarkaMaziLatini\" \/>\n<meta name=\"twitter:site\" content=\"@DarkaMaziLatini\" \/>\n<meta name=\"twitter:label1\" content=\"Written by\" \/>\n\t<meta name=\"twitter:data1\" content=\"darka mazi\" \/>\n\t<meta name=\"twitter:label2\" content=\"Est. reading time\" \/>\n\t<meta name=\"twitter:data2\" content=\"1 minute\" \/>\n<script type=\"application\/ld+json\" class=\"seo-schema-graph\">{\"@context\":\"https:\\\/\\\/schema.org\",\"@graph\":[{\"@type\":\"Article\",\"@id\":\"https:\\\/\\\/darkamazi.info\\\/archives\\\/1031668#article\",\"isPartOf\":{\"@id\":\"https:\\\/\\\/darkamazi.info\\\/archives\\\/1031668\"},\"author\":{\"name\":\"darka mazi\",\"@id\":\"https:\\\/\\\/darkamazi.info\\\/#\\\/schema\\\/person\\\/5ad3e24553a0567993fa8ed4bd0a776c\"},\"headline\":\"Art\u00ea\u015fa Tirkiy\u00ea li Bedl\u00ees\u00ea operasyoneke n\u00fb da destp\u00eakirin\",\"datePublished\":\"2022-08-08T15:13:13+00:00\",\"mainEntityOfPage\":{\"@id\":\"https:\\\/\\\/darkamazi.info\\\/archives\\\/1031668\"},\"wordCount\":102,\"publisher\":{\"@id\":\"https:\\\/\\\/darkamazi.info\\\/#organization\"},\"image\":{\"@id\":\"https:\\\/\\\/darkamazi.info\\\/archives\\\/1031668#primaryimage\"},\"thumbnailUrl\":\"https:\\\/\\\/darkamazi.info\\\/darka-content\\\/uploads\\\/2022\\\/08\\\/Artesa-Tirkiye.jpg\",\"keywords\":[\"sereke\"],\"articleSection\":[\"Kurdistan\"],\"inLanguage\":\"en-US\"},{\"@type\":\"WebPage\",\"@id\":\"https:\\\/\\\/darkamazi.info\\\/archives\\\/1031668\",\"url\":\"https:\\\/\\\/darkamazi.info\\\/archives\\\/1031668\",\"name\":\"Art\u00ea\u015fa Tirkiy\u00ea li Bedl\u00ees\u00ea operasyoneke n\u00fb da destp\u00eakirin - Darka Maz\u00ee\",\"isPartOf\":{\"@id\":\"https:\\\/\\\/darkamazi.info\\\/#website\"},\"primaryImageOfPage\":{\"@id\":\"https:\\\/\\\/darkamazi.info\\\/archives\\\/1031668#primaryimage\"},\"image\":{\"@id\":\"https:\\\/\\\/darkamazi.info\\\/archives\\\/1031668#primaryimage\"},\"thumbnailUrl\":\"https:\\\/\\\/darkamazi.info\\\/darka-content\\\/uploads\\\/2022\\\/08\\\/Artesa-Tirkiye.jpg\",\"datePublished\":\"2022-08-08T15:13:13+00:00\",\"breadcrumb\":{\"@id\":\"https:\\\/\\\/darkamazi.info\\\/archives\\\/1031668#breadcrumb\"},\"inLanguage\":\"en-US\",\"potentialAction\":[{\"@type\":\"ReadAction\",\"target\":[\"https:\\\/\\\/darkamazi.info\\\/archives\\\/1031668\"]}]},{\"@type\":\"ImageObject\",\"inLanguage\":\"en-US\",\"@id\":\"https:\\\/\\\/darkamazi.info\\\/archives\\\/1031668#primaryimage\",\"url\":\"https:\\\/\\\/darkamazi.info\\\/darka-content\\\/uploads\\\/2022\\\/08\\\/Artesa-Tirkiye.jpg\",\"contentUrl\":\"https:\\\/\\\/darkamazi.info\\\/darka-content\\\/uploads\\\/2022\\\/08\\\/Artesa-Tirkiye.jpg\",\"width\":900,\"height\":497,\"caption\":\"Art\u00ea\u015fa Tirkiy\u00ea li Bedl\u00ees\u00ea operasyoneke n\u00fb da destp\u00eakirin\"},{\"@type\":\"BreadcrumbList\",\"@id\":\"https:\\\/\\\/darkamazi.info\\\/archives\\\/1031668#breadcrumb\",\"itemListElement\":[{\"@type\":\"ListItem\",\"position\":1,\"name\":\"Home\",\"item\":\"https:\\\/\\\/darkamazi.info\\\/\"},{\"@type\":\"ListItem\",\"position\":2,\"name\":\"Art\u00ea\u015fa Tirkiy\u00ea li Bedl\u00ees\u00ea operasyoneke n\u00fb da destp\u00eakirin\"}]},{\"@type\":\"WebSite\",\"@id\":\"https:\\\/\\\/darkamazi.info\\\/#website\",\"url\":\"https:\\\/\\\/darkamazi.info\\\/\",\"name\":\"Darka Maz\u00ee\",\"description\":\"P\u00eageha Zanyariy\u00ean Nebih\u00eest\u00ee\",\"publisher\":{\"@id\":\"https:\\\/\\\/darkamazi.info\\\/#organization\"},\"potentialAction\":[{\"@type\":\"SearchAction\",\"target\":{\"@type\":\"EntryPoint\",\"urlTemplate\":\"https:\\\/\\\/darkamazi.info\\\/?s={search_term_string}\"},\"query-input\":{\"@type\":\"PropertyValueSpecification\",\"valueRequired\":true,\"valueName\":\"search_term_string\"}}],\"inLanguage\":\"en-US\"},{\"@type\":\"Organization\",\"@id\":\"https:\\\/\\\/darkamazi.info\\\/#organization\",\"name\":\"Darka Maz\u00ee\",\"url\":\"https:\\\/\\\/darkamazi.info\\\/\",\"logo\":{\"@type\":\"ImageObject\",\"inLanguage\":\"en-US\",\"@id\":\"https:\\\/\\\/darkamazi.info\\\/#\\\/schema\\\/logo\\\/image\\\/\",\"url\":\"https:\\\/\\\/darkamazi.info\\\/darka-content\\\/uploads\\\/2017\\\/12\\\/darka-mazi-logo.png\",\"contentUrl\":\"https:\\\/\\\/darkamazi.info\\\/darka-content\\\/uploads\\\/2017\\\/12\\\/darka-mazi-logo.png\",\"width\":151,\"height\":75,\"caption\":\"Darka Maz\u00ee\"},\"image\":{\"@id\":\"https:\\\/\\\/darkamazi.info\\\/#\\\/schema\\\/logo\\\/image\\\/\"},\"sameAs\":[\"https:\\\/\\\/www.facebook.com\\\/DarMaziKurmanci\",\"https:\\\/\\\/x.com\\\/DarkaMaziLatini\",\"https:\\\/\\\/www.instagram.com\\\/darkamazi.kurmanci\\\/\",\"https:\\\/\\\/www.youtube.com\\\/channel\\\/UCa5HkTdmI8U1qCUFuTw8B2g\"]},{\"@type\":\"Person\",\"@id\":\"https:\\\/\\\/darkamazi.info\\\/#\\\/schema\\\/person\\\/5ad3e24553a0567993fa8ed4bd0a776c\",\"name\":\"darka mazi\",\"sameAs\":[\"https:\\\/\\\/darkamazi.info\\\/\"],\"url\":\"https:\\\/\\\/darkamazi.info\\\/archives\\\/author\\\/kurdi\"}]}<\/script>\n<!-- \/ Yoast SEO plugin. -->","seo_head_json":{"title":"Art\u00ea\u015fa Tirkiy\u00ea li Bedl\u00ees\u00ea operasyoneke n\u00fb da destp\u00eakirin - Darka Maz\u00ee","robots":{"index":"index","follow":"follow","max-snippet":"max-snippet:-1","max-image-preview":"max-image-preview:large","max-video-preview":"max-video-preview:-1"},"canonical":"https:\/\/darkamazi.info\/archives\/1031668","og_locale":"en_US","og_type":"article","og_title":"Art\u00ea\u015fa Tirkiy\u00ea li Bedl\u00ees\u00ea operasyoneke n\u00fb da destp\u00eakirin - Darka Maz\u00ee","og_description":"\u00a0Art\u00ea\u015fa Tirkiy\u00ea li Bedl\u00ees\u00ea y\u00ea Bakur\u00ea Kurdistan\u00ea li dij\u00ee PKK\u2019\u00ea dest bi operasyoneke n\u00fb kir. Wezareta Navxwe ya Tirkiy\u00ea di daxuyaniyek\u00ea de ragihand, li bajar\u00ea Bedl\u00ees\u00ea bi be\u015fdariya 520 endam\u00ean h\u00eaz\u00ean ewlehiy\u00ea, li dij\u00ee PKK\u2019\u00ea operasyoneke berfireh hat destp\u00eakirin. Wezareta Navxwe ya Tirkiy\u00ea diyar kir j\u00ee, di roja yekem a operasyon\u00ea de \u00e7ar stargeh\u00ean PKK\u2019\u00ea [&hellip;]","og_url":"https:\/\/darkamazi.info\/archives\/1031668","og_site_name":"Darka Maz\u00ee","article_publisher":"https:\/\/www.facebook.com\/DarMaziKurmanci","article_published_time":"2022-08-08T15:13:13+00:00","og_image":[{"width":900,"height":497,"url":"https:\/\/darkamazi.info\/file\/2022\/08\/Artesa-Tirkiye.jpg","type":"image\/jpeg"}],"author":"darka mazi","twitter_card":"summary_large_image","twitter_creator":"@DarkaMaziLatini","twitter_site":"@DarkaMaziLatini","twitter_misc":{"Written by":"darka mazi","Est. reading time":"1 minute"},"schema":{"@context":"https:\/\/schema.org","@graph":[{"@type":"Article","@id":"https:\/\/darkamazi.info\/archives\/1031668#article","isPartOf":{"@id":"https:\/\/darkamazi.info\/archives\/1031668"},"author":{"name":"darka mazi","@id":"https:\/\/darkamazi.info\/#\/schema\/person\/5ad3e24553a0567993fa8ed4bd0a776c"},"headline":"Art\u00ea\u015fa Tirkiy\u00ea li Bedl\u00ees\u00ea operasyoneke n\u00fb da destp\u00eakirin","datePublished":"2022-08-08T15:13:13+00:00","mainEntityOfPage":{"@id":"https:\/\/darkamazi.info\/archives\/1031668"},"wordCount":102,"publisher":{"@id":"https:\/\/darkamazi.info\/#organization"},"image":{"@id":"https:\/\/darkamazi.info\/archives\/1031668#primaryimage"},"thumbnailUrl":"https:\/\/darkamazi.info\/file\/2022\/08\/Artesa-Tirkiye.jpg","keywords":["sereke"],"articleSection":["Kurdistan"],"inLanguage":"en-US"},{"@type":"WebPage","@id":"https:\/\/darkamazi.info\/archives\/1031668","url":"https:\/\/darkamazi.info\/archives\/1031668","name":"Art\u00ea\u015fa Tirkiy\u00ea li Bedl\u00ees\u00ea operasyoneke n\u00fb da destp\u00eakirin - Darka Maz\u00ee","isPartOf":{"@id":"https:\/\/darkamazi.info\/#website"},"primaryImageOfPage":{"@id":"https:\/\/darkamazi.info\/archives\/1031668#primaryimage"},"image":{"@id":"https:\/\/darkamazi.info\/archives\/1031668#primaryimage"},"thumbnailUrl":"https:\/\/darkamazi.info\/file\/2022\/08\/Artesa-Tirkiye.jpg","datePublished":"2022-08-08T15:13:13+00:00","breadcrumb":{"@id":"https:\/\/darkamazi.info\/archives\/1031668#breadcrumb"},"inLanguage":"en-US","potentialAction":[{"@type":"ReadAction","target":["https:\/\/darkamazi.info\/archives\/1031668"]}]},{"@type":"ImageObject","inLanguage":"en-US","@id":"https:\/\/darkamazi.info\/archives\/1031668#primaryimage","url":"https:\/\/darkamazi.info\/file\/2022\/08\/Artesa-Tirkiye.jpg","contentUrl":"https:\/\/darkamazi.info\/file\/2022\/08\/Artesa-Tirkiye.jpg","width":900,"height":497,"caption":"Art\u00ea\u015fa Tirkiy\u00ea li Bedl\u00ees\u00ea operasyoneke n\u00fb da destp\u00eakirin"},{"@type":"BreadcrumbList","@id":"https:\/\/darkamazi.info\/archives\/1031668#breadcrumb","itemListElement":[{"@type":"ListItem","position":1,"name":"Home","item":"https:\/\/darkamazi.info\/"},{"@type":"ListItem","position":2,"name":"Art\u00ea\u015fa Tirkiy\u00ea li Bedl\u00ees\u00ea operasyoneke n\u00fb da destp\u00eakirin"}]},{"@type":"WebSite","@id":"https:\/\/darkamazi.info\/#website","url":"https:\/\/darkamazi.info\/","name":"Darka Maz\u00ee","description":"P\u00eageha Zanyariy\u00ean Nebih\u00eest\u00ee","publisher":{"@id":"https:\/\/darkamazi.info\/#organization"},"potentialAction":[{"@type":"SearchAction","target":{"@type":"EntryPoint","urlTemplate":"https:\/\/darkamazi.info\/?s={search_term_string}"},"query-input":{"@type":"PropertyValueSpecification","valueRequired":true,"valueName":"search_term_string"}}],"inLanguage":"en-US"},{"@type":"Organization","@id":"https:\/\/darkamazi.info\/#organization","name":"Darka Maz\u00ee","url":"https:\/\/darkamazi.info\/","logo":{"@type":"ImageObject","inLanguage":"en-US","@id":"https:\/\/darkamazi.info\/#\/schema\/logo\/image\/","url":"https:\/\/darkamazi.info\/file\/2017\/12\/darka-mazi-logo.png","contentUrl":"https:\/\/darkamazi.info\/file\/2017\/12\/darka-mazi-logo.png","width":151,"height":75,"caption":"Darka Maz\u00ee"},"image":{"@id":"https:\/\/darkamazi.info\/#\/schema\/logo\/image\/"},"sameAs":["https:\/\/www.facebook.com\/DarMaziKurmanci","https:\/\/x.com\/DarkaMaziLatini","https:\/\/www.instagram.com\/darkamazi.kurmanci\/","https:\/\/www.youtube.com\/channel\/UCa5HkTdmI8U1qCUFuTw8B2g"]},{"@type":"Person","@id":"https:\/\/darkamazi.info\/#\/schema\/person\/5ad3e24553a0567993fa8ed4bd0a776c","name":"darka mazi","sameAs":["https:\/\/darkamazi.info\/"],"url":"https:\/\/darkamazi.info\/archives\/author\/kurdi"}]}},"_links":{"self":[{"href":"https:\/\/darkamazi.info\/funavuv\/wp\/v2\/posts\/1031668","targetHints":{"allow":["GET"]}}],"collection":[{"href":"https:\/\/darkamazi.info\/funavuv\/wp\/v2\/posts"}],"about":[{"href":"https:\/\/darkamazi.info\/funavuv\/wp\/v2\/types\/post"}],"author":[{"embeddable":true,"href":"https:\/\/darkamazi.info\/funavuv\/wp\/v2\/users\/2"}],"replies":[{"embeddable":true,"href":"https:\/\/darkamazi.info\/funavuv\/wp\/v2\/comments?post=1031668"}],"version-history":[{"count":0,"href":"https:\/\/darkamazi.info\/funavuv\/wp\/v2\/posts\/1031668\/revisions"}],"wp:featuredmedia":[{"embeddable":true,"href":"https:\/\/darkamazi.info\/funavuv\/wp\/v2\/media\/1031669"}],"wp:attachment":[{"href":"https:\/\/darkamazi.info\/funavuv\/wp\/v2\/media?parent=1031668"}],"wp:term":[{"taxonomy":"category","embeddable":true,"href":"https:\/\/darkamazi.info\/funavuv\/wp\/v2\/categories?post=1031668"},{"taxonomy":"post_tag","embeddable":true,"href":"https:\/\/darkamazi.info\/funavuv\/wp\/v2\/tags?post=1031668"}],"curies":[{"name":"wp","href":"https:\/\/api.w.org\/{rel}","templated":true}]}}