{"id":1031740,"date":"2022-08-11T11:55:04","date_gmt":"2022-08-11T08:55:04","guid":{"rendered":"https:\/\/darkamazi.info\/?p=1031740"},"modified":"2022-08-11T11:55:04","modified_gmt":"2022-08-11T08:55:04","slug":"pkke-gerilayen-din-wenda-kirin","status":"publish","type":"post","link":"https:\/\/darkamazi.info\/archives\/1031740","title":{"rendered":"PKK\u00ea Ger\u00eelay\u00ean din wenda kirin"},"content":{"rendered":"<h3 style=\"text-align: justify\"><span style=\"font-family: 'arial black', sans-serif\">Hejmara ger\u00eelay\u00ean PKK\u00ea ku di \u015fer\u00ea duh de Li s\u00eenor\u00ea Colem\u00earg\u00ea ya Bakur\u00ea Kurdistan\u00ea, jiyana xwe ji dest dane, bo 6 kesan bilind b\u00fb.<\/span><\/h3>\n<h3 style=\"text-align: justify\"><span style=\"font-family: arial, helvetica, sans-serif\">Duh li bejahiya gundik\u00ea Anitos (Yoncali) ya li gund\u00ea Marinus (Kavakli) ya Colem\u00earg\u00ea di navbera PKK&#8217;\u00ea \u00a0\u00fb art\u00ea\u015fa Tirkiy\u00ea de \u015fer derketib\u00fb \u00fb hatib\u00fb ragihandin, ku di \u015fer \u00fb pev\u00e7\u00fbnan de 4 ger\u00eelayan jiyana xwe ji dest dane.<\/span><\/h3>\n<h3 style=\"text-align: justify\"><span style=\"font-family: arial, helvetica, sans-serif\">Derbar\u00ea \u015fer\u00ea li Colem\u00earg\u00ea de, Wez\u00eer\u00ea Navxwe y\u00ea Tirkiy\u00ea Suleyman Soylu li ser Tw\u00eetter\u00ea daxuyaniyek da \u00fb diyar kir ku hejmara endam\u00ean PKK&#8217;\u00ea y\u00ean jiyana xwe ji dest dane, bo 6 kesan z\u00eade b\u00fbye.<\/span><\/h3>\n<h3 style=\"text-align: justify\"><span style=\"font-family: arial, helvetica, sans-serif\">Heta niha di derbar\u00ea mijar\u00ea de ji aliy\u00ea PKK\u00ea ve ti daxuyaniyek nehatiye belavkirin.<\/span><\/h3>\n","protected":false},"excerpt":{"rendered":"<p>Hejmara ger\u00eelay\u00ean PKK\u00ea ku di \u015fer\u00ea duh de Li s\u00eenor\u00ea Colem\u00earg\u00ea ya Bakur\u00ea Kurdistan\u00ea, jiyana xwe ji dest dane, bo 6 kesan bilind b\u00fb. Duh li bejahiya gundik\u00ea Anitos (Yoncali) ya li gund\u00ea Marinus (Kavakli) ya Colem\u00earg\u00ea di navbera PKK&#8217;\u00ea \u00a0\u00fb art\u00ea\u015fa Tirkiy\u00ea de \u015fer derketib\u00fb \u00fb hatib\u00fb ragihandin, ku di \u015fer \u00fb pev\u00e7\u00fbnan de [&hellip;]<\/p>\n","protected":false},"author":2,"featured_media":1031741,"comment_status":"closed","ping_status":"closed","sticky":false,"template":"","format":"standard","meta":{"footnotes":""},"categories":[29],"tags":[37],"class_list":["post-1031740","post","type-post","status-publish","format-standard","has-post-thumbnail","hentry","category-kurdistan","tag-sereke"],"blocksy_meta":[],"seo_head":"<!-- This site is optimized with the Yoast SEO plugin v27.5 - https:\/\/yoast.com\/product\/yoast-seo-wordpress\/ -->\n<title>PKK\u00ea Ger\u00eelay\u00ean din wenda kirin - Darka Maz\u00ee<\/title>\n<meta name=\"robots\" content=\"index, follow, max-snippet:-1, max-image-preview:large, max-video-preview:-1\" \/>\n<link rel=\"canonical\" href=\"https:\/\/darkamazi.info\/archives\/1031740\" \/>\n<meta property=\"og:locale\" content=\"en_US\" \/>\n<meta property=\"og:type\" content=\"article\" \/>\n<meta property=\"og:title\" content=\"PKK\u00ea Ger\u00eelay\u00ean din wenda kirin - Darka Maz\u00ee\" \/>\n<meta property=\"og:description\" content=\"Hejmara ger\u00eelay\u00ean PKK\u00ea ku di \u015fer\u00ea duh de Li s\u00eenor\u00ea Colem\u00earg\u00ea ya Bakur\u00ea Kurdistan\u00ea, jiyana xwe ji dest dane, bo 6 kesan bilind b\u00fb. Duh li bejahiya gundik\u00ea Anitos (Yoncali) ya li gund\u00ea Marinus (Kavakli) ya Colem\u00earg\u00ea di navbera PKK&#8217;\u00ea \u00a0\u00fb art\u00ea\u015fa Tirkiy\u00ea de \u015fer derketib\u00fb \u00fb hatib\u00fb ragihandin, ku di \u015fer \u00fb pev\u00e7\u00fbnan de [&hellip;]\" \/>\n<meta property=\"og:url\" content=\"https:\/\/darkamazi.info\/archives\/1031740\" \/>\n<meta property=\"og:site_name\" content=\"Darka Maz\u00ee\" \/>\n<meta property=\"article:publisher\" content=\"https:\/\/www.facebook.com\/DarMaziKurmanci\" \/>\n<meta property=\"article:published_time\" content=\"2022-08-11T08:55:04+00:00\" \/>\n<meta property=\"og:image\" content=\"https:\/\/darkamazi.info\/file\/2022\/08\/pkk-colemerg-turkey-gerilla.jpg\" \/>\n\t<meta property=\"og:image:width\" content=\"900\" \/>\n\t<meta property=\"og:image:height\" content=\"497\" \/>\n\t<meta property=\"og:image:type\" content=\"image\/jpeg\" \/>\n<meta name=\"author\" content=\"darka mazi\" \/>\n<meta name=\"twitter:card\" content=\"summary_large_image\" \/>\n<meta name=\"twitter:creator\" content=\"@DarkaMaziLatini\" \/>\n<meta name=\"twitter:site\" content=\"@DarkaMaziLatini\" \/>\n<meta name=\"twitter:label1\" content=\"Written by\" \/>\n\t<meta name=\"twitter:data1\" content=\"darka mazi\" \/>\n\t<meta name=\"twitter:label2\" content=\"Est. reading time\" \/>\n\t<meta name=\"twitter:data2\" content=\"1 minute\" \/>\n<script type=\"application\/ld+json\" class=\"seo-schema-graph\">{\"@context\":\"https:\\\/\\\/schema.org\",\"@graph\":[{\"@type\":\"Article\",\"@id\":\"https:\\\/\\\/darkamazi.info\\\/archives\\\/1031740#article\",\"isPartOf\":{\"@id\":\"https:\\\/\\\/darkamazi.info\\\/archives\\\/1031740\"},\"author\":{\"name\":\"darka mazi\",\"@id\":\"https:\\\/\\\/darkamazi.info\\\/#\\\/schema\\\/person\\\/5ad3e24553a0567993fa8ed4bd0a776c\"},\"headline\":\"PKK\u00ea Ger\u00eelay\u00ean din wenda kirin\",\"datePublished\":\"2022-08-11T08:55:04+00:00\",\"mainEntityOfPage\":{\"@id\":\"https:\\\/\\\/darkamazi.info\\\/archives\\\/1031740\"},\"wordCount\":125,\"publisher\":{\"@id\":\"https:\\\/\\\/darkamazi.info\\\/#organization\"},\"image\":{\"@id\":\"https:\\\/\\\/darkamazi.info\\\/archives\\\/1031740#primaryimage\"},\"thumbnailUrl\":\"https:\\\/\\\/darkamazi.info\\\/darka-content\\\/uploads\\\/2022\\\/08\\\/pkk-colemerg-turkey-gerilla.jpg\",\"keywords\":[\"sereke\"],\"articleSection\":[\"Kurdistan\"],\"inLanguage\":\"en-US\"},{\"@type\":\"WebPage\",\"@id\":\"https:\\\/\\\/darkamazi.info\\\/archives\\\/1031740\",\"url\":\"https:\\\/\\\/darkamazi.info\\\/archives\\\/1031740\",\"name\":\"PKK\u00ea Ger\u00eelay\u00ean din wenda kirin - Darka Maz\u00ee\",\"isPartOf\":{\"@id\":\"https:\\\/\\\/darkamazi.info\\\/#website\"},\"primaryImageOfPage\":{\"@id\":\"https:\\\/\\\/darkamazi.info\\\/archives\\\/1031740#primaryimage\"},\"image\":{\"@id\":\"https:\\\/\\\/darkamazi.info\\\/archives\\\/1031740#primaryimage\"},\"thumbnailUrl\":\"https:\\\/\\\/darkamazi.info\\\/darka-content\\\/uploads\\\/2022\\\/08\\\/pkk-colemerg-turkey-gerilla.jpg\",\"datePublished\":\"2022-08-11T08:55:04+00:00\",\"breadcrumb\":{\"@id\":\"https:\\\/\\\/darkamazi.info\\\/archives\\\/1031740#breadcrumb\"},\"inLanguage\":\"en-US\",\"potentialAction\":[{\"@type\":\"ReadAction\",\"target\":[\"https:\\\/\\\/darkamazi.info\\\/archives\\\/1031740\"]}]},{\"@type\":\"ImageObject\",\"inLanguage\":\"en-US\",\"@id\":\"https:\\\/\\\/darkamazi.info\\\/archives\\\/1031740#primaryimage\",\"url\":\"https:\\\/\\\/darkamazi.info\\\/darka-content\\\/uploads\\\/2022\\\/08\\\/pkk-colemerg-turkey-gerilla.jpg\",\"contentUrl\":\"https:\\\/\\\/darkamazi.info\\\/darka-content\\\/uploads\\\/2022\\\/08\\\/pkk-colemerg-turkey-gerilla.jpg\",\"width\":900,\"height\":497,\"caption\":\"pkk-colemerg-turkey-gerilla\"},{\"@type\":\"BreadcrumbList\",\"@id\":\"https:\\\/\\\/darkamazi.info\\\/archives\\\/1031740#breadcrumb\",\"itemListElement\":[{\"@type\":\"ListItem\",\"position\":1,\"name\":\"Home\",\"item\":\"https:\\\/\\\/darkamazi.info\\\/\"},{\"@type\":\"ListItem\",\"position\":2,\"name\":\"PKK\u00ea Ger\u00eelay\u00ean din wenda kirin\"}]},{\"@type\":\"WebSite\",\"@id\":\"https:\\\/\\\/darkamazi.info\\\/#website\",\"url\":\"https:\\\/\\\/darkamazi.info\\\/\",\"name\":\"Darka Maz\u00ee\",\"description\":\"P\u00eageha Zanyariy\u00ean Nebih\u00eest\u00ee\",\"publisher\":{\"@id\":\"https:\\\/\\\/darkamazi.info\\\/#organization\"},\"potentialAction\":[{\"@type\":\"SearchAction\",\"target\":{\"@type\":\"EntryPoint\",\"urlTemplate\":\"https:\\\/\\\/darkamazi.info\\\/?s={search_term_string}\"},\"query-input\":{\"@type\":\"PropertyValueSpecification\",\"valueRequired\":true,\"valueName\":\"search_term_string\"}}],\"inLanguage\":\"en-US\"},{\"@type\":\"Organization\",\"@id\":\"https:\\\/\\\/darkamazi.info\\\/#organization\",\"name\":\"Darka Maz\u00ee\",\"url\":\"https:\\\/\\\/darkamazi.info\\\/\",\"logo\":{\"@type\":\"ImageObject\",\"inLanguage\":\"en-US\",\"@id\":\"https:\\\/\\\/darkamazi.info\\\/#\\\/schema\\\/logo\\\/image\\\/\",\"url\":\"https:\\\/\\\/darkamazi.info\\\/darka-content\\\/uploads\\\/2017\\\/12\\\/darka-mazi-logo.png\",\"contentUrl\":\"https:\\\/\\\/darkamazi.info\\\/darka-content\\\/uploads\\\/2017\\\/12\\\/darka-mazi-logo.png\",\"width\":151,\"height\":75,\"caption\":\"Darka Maz\u00ee\"},\"image\":{\"@id\":\"https:\\\/\\\/darkamazi.info\\\/#\\\/schema\\\/logo\\\/image\\\/\"},\"sameAs\":[\"https:\\\/\\\/www.facebook.com\\\/DarMaziKurmanci\",\"https:\\\/\\\/x.com\\\/DarkaMaziLatini\",\"https:\\\/\\\/www.instagram.com\\\/darkamazi.kurmanci\\\/\",\"https:\\\/\\\/www.youtube.com\\\/channel\\\/UCa5HkTdmI8U1qCUFuTw8B2g\"]},{\"@type\":\"Person\",\"@id\":\"https:\\\/\\\/darkamazi.info\\\/#\\\/schema\\\/person\\\/5ad3e24553a0567993fa8ed4bd0a776c\",\"name\":\"darka mazi\",\"sameAs\":[\"https:\\\/\\\/darkamazi.info\\\/\"],\"url\":\"https:\\\/\\\/darkamazi.info\\\/archives\\\/author\\\/kurdi\"}]}<\/script>\n<!-- \/ Yoast SEO plugin. -->","seo_head_json":{"title":"PKK\u00ea Ger\u00eelay\u00ean din wenda kirin - Darka Maz\u00ee","robots":{"index":"index","follow":"follow","max-snippet":"max-snippet:-1","max-image-preview":"max-image-preview:large","max-video-preview":"max-video-preview:-1"},"canonical":"https:\/\/darkamazi.info\/archives\/1031740","og_locale":"en_US","og_type":"article","og_title":"PKK\u00ea Ger\u00eelay\u00ean din wenda kirin - Darka Maz\u00ee","og_description":"Hejmara ger\u00eelay\u00ean PKK\u00ea ku di \u015fer\u00ea duh de Li s\u00eenor\u00ea Colem\u00earg\u00ea ya Bakur\u00ea Kurdistan\u00ea, jiyana xwe ji dest dane, bo 6 kesan bilind b\u00fb. Duh li bejahiya gundik\u00ea Anitos (Yoncali) ya li gund\u00ea Marinus (Kavakli) ya Colem\u00earg\u00ea di navbera PKK&#8217;\u00ea \u00a0\u00fb art\u00ea\u015fa Tirkiy\u00ea de \u015fer derketib\u00fb \u00fb hatib\u00fb ragihandin, ku di \u015fer \u00fb pev\u00e7\u00fbnan de [&hellip;]","og_url":"https:\/\/darkamazi.info\/archives\/1031740","og_site_name":"Darka Maz\u00ee","article_publisher":"https:\/\/www.facebook.com\/DarMaziKurmanci","article_published_time":"2022-08-11T08:55:04+00:00","og_image":[{"width":900,"height":497,"url":"https:\/\/darkamazi.info\/file\/2022\/08\/pkk-colemerg-turkey-gerilla.jpg","type":"image\/jpeg"}],"author":"darka mazi","twitter_card":"summary_large_image","twitter_creator":"@DarkaMaziLatini","twitter_site":"@DarkaMaziLatini","twitter_misc":{"Written by":"darka mazi","Est. reading time":"1 minute"},"schema":{"@context":"https:\/\/schema.org","@graph":[{"@type":"Article","@id":"https:\/\/darkamazi.info\/archives\/1031740#article","isPartOf":{"@id":"https:\/\/darkamazi.info\/archives\/1031740"},"author":{"name":"darka mazi","@id":"https:\/\/darkamazi.info\/#\/schema\/person\/5ad3e24553a0567993fa8ed4bd0a776c"},"headline":"PKK\u00ea Ger\u00eelay\u00ean din wenda kirin","datePublished":"2022-08-11T08:55:04+00:00","mainEntityOfPage":{"@id":"https:\/\/darkamazi.info\/archives\/1031740"},"wordCount":125,"publisher":{"@id":"https:\/\/darkamazi.info\/#organization"},"image":{"@id":"https:\/\/darkamazi.info\/archives\/1031740#primaryimage"},"thumbnailUrl":"https:\/\/darkamazi.info\/file\/2022\/08\/pkk-colemerg-turkey-gerilla.jpg","keywords":["sereke"],"articleSection":["Kurdistan"],"inLanguage":"en-US"},{"@type":"WebPage","@id":"https:\/\/darkamazi.info\/archives\/1031740","url":"https:\/\/darkamazi.info\/archives\/1031740","name":"PKK\u00ea Ger\u00eelay\u00ean din wenda kirin - Darka Maz\u00ee","isPartOf":{"@id":"https:\/\/darkamazi.info\/#website"},"primaryImageOfPage":{"@id":"https:\/\/darkamazi.info\/archives\/1031740#primaryimage"},"image":{"@id":"https:\/\/darkamazi.info\/archives\/1031740#primaryimage"},"thumbnailUrl":"https:\/\/darkamazi.info\/file\/2022\/08\/pkk-colemerg-turkey-gerilla.jpg","datePublished":"2022-08-11T08:55:04+00:00","breadcrumb":{"@id":"https:\/\/darkamazi.info\/archives\/1031740#breadcrumb"},"inLanguage":"en-US","potentialAction":[{"@type":"ReadAction","target":["https:\/\/darkamazi.info\/archives\/1031740"]}]},{"@type":"ImageObject","inLanguage":"en-US","@id":"https:\/\/darkamazi.info\/archives\/1031740#primaryimage","url":"https:\/\/darkamazi.info\/file\/2022\/08\/pkk-colemerg-turkey-gerilla.jpg","contentUrl":"https:\/\/darkamazi.info\/file\/2022\/08\/pkk-colemerg-turkey-gerilla.jpg","width":900,"height":497,"caption":"pkk-colemerg-turkey-gerilla"},{"@type":"BreadcrumbList","@id":"https:\/\/darkamazi.info\/archives\/1031740#breadcrumb","itemListElement":[{"@type":"ListItem","position":1,"name":"Home","item":"https:\/\/darkamazi.info\/"},{"@type":"ListItem","position":2,"name":"PKK\u00ea Ger\u00eelay\u00ean din wenda kirin"}]},{"@type":"WebSite","@id":"https:\/\/darkamazi.info\/#website","url":"https:\/\/darkamazi.info\/","name":"Darka Maz\u00ee","description":"P\u00eageha Zanyariy\u00ean Nebih\u00eest\u00ee","publisher":{"@id":"https:\/\/darkamazi.info\/#organization"},"potentialAction":[{"@type":"SearchAction","target":{"@type":"EntryPoint","urlTemplate":"https:\/\/darkamazi.info\/?s={search_term_string}"},"query-input":{"@type":"PropertyValueSpecification","valueRequired":true,"valueName":"search_term_string"}}],"inLanguage":"en-US"},{"@type":"Organization","@id":"https:\/\/darkamazi.info\/#organization","name":"Darka Maz\u00ee","url":"https:\/\/darkamazi.info\/","logo":{"@type":"ImageObject","inLanguage":"en-US","@id":"https:\/\/darkamazi.info\/#\/schema\/logo\/image\/","url":"https:\/\/darkamazi.info\/file\/2017\/12\/darka-mazi-logo.png","contentUrl":"https:\/\/darkamazi.info\/file\/2017\/12\/darka-mazi-logo.png","width":151,"height":75,"caption":"Darka Maz\u00ee"},"image":{"@id":"https:\/\/darkamazi.info\/#\/schema\/logo\/image\/"},"sameAs":["https:\/\/www.facebook.com\/DarMaziKurmanci","https:\/\/x.com\/DarkaMaziLatini","https:\/\/www.instagram.com\/darkamazi.kurmanci\/","https:\/\/www.youtube.com\/channel\/UCa5HkTdmI8U1qCUFuTw8B2g"]},{"@type":"Person","@id":"https:\/\/darkamazi.info\/#\/schema\/person\/5ad3e24553a0567993fa8ed4bd0a776c","name":"darka mazi","sameAs":["https:\/\/darkamazi.info\/"],"url":"https:\/\/darkamazi.info\/archives\/author\/kurdi"}]}},"_links":{"self":[{"href":"https:\/\/darkamazi.info\/funavuv\/wp\/v2\/posts\/1031740","targetHints":{"allow":["GET"]}}],"collection":[{"href":"https:\/\/darkamazi.info\/funavuv\/wp\/v2\/posts"}],"about":[{"href":"https:\/\/darkamazi.info\/funavuv\/wp\/v2\/types\/post"}],"author":[{"embeddable":true,"href":"https:\/\/darkamazi.info\/funavuv\/wp\/v2\/users\/2"}],"replies":[{"embeddable":true,"href":"https:\/\/darkamazi.info\/funavuv\/wp\/v2\/comments?post=1031740"}],"version-history":[{"count":0,"href":"https:\/\/darkamazi.info\/funavuv\/wp\/v2\/posts\/1031740\/revisions"}],"wp:featuredmedia":[{"embeddable":true,"href":"https:\/\/darkamazi.info\/funavuv\/wp\/v2\/media\/1031741"}],"wp:attachment":[{"href":"https:\/\/darkamazi.info\/funavuv\/wp\/v2\/media?parent=1031740"}],"wp:term":[{"taxonomy":"category","embeddable":true,"href":"https:\/\/darkamazi.info\/funavuv\/wp\/v2\/categories?post=1031740"},{"taxonomy":"post_tag","embeddable":true,"href":"https:\/\/darkamazi.info\/funavuv\/wp\/v2\/tags?post=1031740"}],"curies":[{"name":"wp","href":"https:\/\/api.w.org\/{rel}","templated":true}]}}