{"id":1031744,"date":"2022-08-11T13:19:20","date_gmt":"2022-08-11T10:19:20","guid":{"rendered":"https:\/\/darkamazi.info\/?p=1031744"},"modified":"2022-08-11T13:19:20","modified_gmt":"2022-08-11T10:19:20","slug":"rapirsiyek-%58-ji-dengderan-denge-xwe-nadin-erdogan","status":"publish","type":"post","link":"https:\/\/darkamazi.info\/archives\/1031744","title":{"rendered":"Rapirsiyek: %58 ji dengderan deng\u00ea xwe nadin Erdogan"},"content":{"rendered":"<h3 style=\"text-align: justify\"><span style=\"font-family: 'arial black', sans-serif\">Li gor rapirsiya daw\u00ee ya L\u00eakol\u00eena Yoneylem, ji %58 be\u015fdar\u00ean rapirsiy\u00ea gotine \u201cem qet deng\u00ea xwe nadin Erdogan\u201d \u00fb ji %63 j\u00ee gotine \u201cTirkiye ne ba\u015f t\u00ea bir\u00eavebirin\u201d<\/span><\/h3>\n<h3 style=\"text-align: justify\"><span style=\"font-family: arial, helvetica, sans-serif\">R\u00eavebera L\u00eakol\u00eena Yoneylem Derya Komurcu encam\u00ean rapirsiya daw\u00ee ya derbar\u00ea hilbijartin\u00ean 2023an y\u00ean Tirkiy\u00ea de e\u015fkere kir.<\/span><\/h3>\n<h3 style=\"text-align: justify\"><span style=\"font-family: arial, helvetica, sans-serif\">Li gor encam\u00ean rapirsiy\u00ea li ser pirsa \u201cDi hilbijartina 2023an de eger Erdogan careke din bibe berbij\u00ear\u00ea Serokkomariy\u00ea hun d\u00ea deng\u00ea xwe bidin an na.\u201d ji %58.4 be\u015fdaran gotine \u201cem qet nadin\u201d \u00fb ji %30.7 be\u015fdaran j\u00ee gotine \u201cEm d\u00ea deng\u00ea xwe bidin Erdogan\u201d. Herwiha ji %9.2 be\u015fdaran j\u00ee gotine \u201cem b\u00ea biryar in\u201d.<\/span><\/h3>\n<h3 style=\"text-align: justify\"><span style=\"font-family: arial, helvetica, sans-serif\">Derbar\u00ea pirsa \u201cTirkiye \u00e7awa t\u00ea bir\u00eavebirin\u201d de j\u00ee ji %63.7 be\u015fdaran gotine \u201cNe ba\u015f\u201d , ji %23.1 be\u015fdaran gotine \u201cBa\u015f\u201d \u00fb ji %12.4 be\u015fdaran j\u00ee gotine \u201cNe ba\u015f ne j\u00ee xirab\u201d t\u00ea bir\u00eavebirin. Herwiha ji %0.9 be\u015fdaran j\u00ee gotine \u201cEm nizanin\u201d.<\/span><\/h3>\n","protected":false},"excerpt":{"rendered":"<p>Li gor rapirsiya daw\u00ee ya L\u00eakol\u00eena Yoneylem, ji %58 be\u015fdar\u00ean rapirsiy\u00ea gotine \u201cem qet deng\u00ea xwe nadin Erdogan\u201d \u00fb ji %63 j\u00ee gotine \u201cTirkiye ne ba\u015f t\u00ea bir\u00eavebirin\u201d R\u00eavebera L\u00eakol\u00eena Yoneylem Derya Komurcu encam\u00ean rapirsiya daw\u00ee ya derbar\u00ea hilbijartin\u00ean 2023an y\u00ean Tirkiy\u00ea de e\u015fkere kir. Li gor encam\u00ean rapirsiy\u00ea li ser pirsa \u201cDi hilbijartina 2023an [&hellip;]<\/p>\n","protected":false},"author":2,"featured_media":1031745,"comment_status":"closed","ping_status":"closed","sticky":false,"template":"","format":"standard","meta":{"footnotes":""},"categories":[31],"tags":[37],"class_list":["post-1031744","post","type-post","status-publish","format-standard","has-post-thumbnail","hentry","category-rojhelata-navin","tag-sereke"],"blocksy_meta":[],"seo_head":"<!-- This site is optimized with the Yoast SEO plugin v27.5 - https:\/\/yoast.com\/product\/yoast-seo-wordpress\/ -->\n<title>Rapirsiyek: %58 ji dengderan deng\u00ea xwe nadin Erdogan - Darka Maz\u00ee<\/title>\n<meta name=\"robots\" content=\"index, follow, max-snippet:-1, max-image-preview:large, max-video-preview:-1\" \/>\n<link rel=\"canonical\" href=\"https:\/\/darkamazi.info\/archives\/1031744\" \/>\n<meta property=\"og:locale\" content=\"en_US\" \/>\n<meta property=\"og:type\" content=\"article\" \/>\n<meta property=\"og:title\" content=\"Rapirsiyek: %58 ji dengderan deng\u00ea xwe nadin Erdogan - Darka Maz\u00ee\" \/>\n<meta property=\"og:description\" content=\"Li gor rapirsiya daw\u00ee ya L\u00eakol\u00eena Yoneylem, ji %58 be\u015fdar\u00ean rapirsiy\u00ea gotine \u201cem qet deng\u00ea xwe nadin Erdogan\u201d \u00fb ji %63 j\u00ee gotine \u201cTirkiye ne ba\u015f t\u00ea bir\u00eavebirin\u201d R\u00eavebera L\u00eakol\u00eena Yoneylem Derya Komurcu encam\u00ean rapirsiya daw\u00ee ya derbar\u00ea hilbijartin\u00ean 2023an y\u00ean Tirkiy\u00ea de e\u015fkere kir. Li gor encam\u00ean rapirsiy\u00ea li ser pirsa \u201cDi hilbijartina 2023an [&hellip;]\" \/>\n<meta property=\"og:url\" content=\"https:\/\/darkamazi.info\/archives\/1031744\" \/>\n<meta property=\"og:site_name\" content=\"Darka Maz\u00ee\" \/>\n<meta property=\"article:publisher\" content=\"https:\/\/www.facebook.com\/DarMaziKurmanci\" \/>\n<meta property=\"article:published_time\" content=\"2022-08-11T10:19:20+00:00\" \/>\n<meta property=\"og:image\" content=\"https:\/\/darkamazi.info\/file\/2022\/08\/erdogan-turkey-election.jpg\" \/>\n\t<meta property=\"og:image:width\" content=\"900\" \/>\n\t<meta property=\"og:image:height\" content=\"497\" \/>\n\t<meta property=\"og:image:type\" content=\"image\/jpeg\" \/>\n<meta name=\"author\" content=\"darka mazi\" \/>\n<meta name=\"twitter:card\" content=\"summary_large_image\" \/>\n<meta name=\"twitter:creator\" content=\"@DarkaMaziLatini\" \/>\n<meta name=\"twitter:site\" content=\"@DarkaMaziLatini\" \/>\n<meta name=\"twitter:label1\" content=\"Written by\" \/>\n\t<meta name=\"twitter:data1\" content=\"darka mazi\" \/>\n\t<meta name=\"twitter:label2\" content=\"Est. reading time\" \/>\n\t<meta name=\"twitter:data2\" content=\"1 minute\" \/>\n<script type=\"application\/ld+json\" class=\"seo-schema-graph\">{\"@context\":\"https:\\\/\\\/schema.org\",\"@graph\":[{\"@type\":\"Article\",\"@id\":\"https:\\\/\\\/darkamazi.info\\\/archives\\\/1031744#article\",\"isPartOf\":{\"@id\":\"https:\\\/\\\/darkamazi.info\\\/archives\\\/1031744\"},\"author\":{\"name\":\"darka mazi\",\"@id\":\"https:\\\/\\\/darkamazi.info\\\/#\\\/schema\\\/person\\\/5ad3e24553a0567993fa8ed4bd0a776c\"},\"headline\":\"Rapirsiyek: %58 ji dengderan deng\u00ea xwe nadin Erdogan\",\"datePublished\":\"2022-08-11T10:19:20+00:00\",\"mainEntityOfPage\":{\"@id\":\"https:\\\/\\\/darkamazi.info\\\/archives\\\/1031744\"},\"wordCount\":157,\"publisher\":{\"@id\":\"https:\\\/\\\/darkamazi.info\\\/#organization\"},\"image\":{\"@id\":\"https:\\\/\\\/darkamazi.info\\\/archives\\\/1031744#primaryimage\"},\"thumbnailUrl\":\"https:\\\/\\\/darkamazi.info\\\/darka-content\\\/uploads\\\/2022\\\/08\\\/erdogan-turkey-election.jpg\",\"keywords\":[\"sereke\"],\"articleSection\":[\"Rojhelata nav\u00een\"],\"inLanguage\":\"en-US\"},{\"@type\":\"WebPage\",\"@id\":\"https:\\\/\\\/darkamazi.info\\\/archives\\\/1031744\",\"url\":\"https:\\\/\\\/darkamazi.info\\\/archives\\\/1031744\",\"name\":\"Rapirsiyek: %58 ji dengderan deng\u00ea xwe nadin Erdogan - Darka Maz\u00ee\",\"isPartOf\":{\"@id\":\"https:\\\/\\\/darkamazi.info\\\/#website\"},\"primaryImageOfPage\":{\"@id\":\"https:\\\/\\\/darkamazi.info\\\/archives\\\/1031744#primaryimage\"},\"image\":{\"@id\":\"https:\\\/\\\/darkamazi.info\\\/archives\\\/1031744#primaryimage\"},\"thumbnailUrl\":\"https:\\\/\\\/darkamazi.info\\\/darka-content\\\/uploads\\\/2022\\\/08\\\/erdogan-turkey-election.jpg\",\"datePublished\":\"2022-08-11T10:19:20+00:00\",\"breadcrumb\":{\"@id\":\"https:\\\/\\\/darkamazi.info\\\/archives\\\/1031744#breadcrumb\"},\"inLanguage\":\"en-US\",\"potentialAction\":[{\"@type\":\"ReadAction\",\"target\":[\"https:\\\/\\\/darkamazi.info\\\/archives\\\/1031744\"]}]},{\"@type\":\"ImageObject\",\"inLanguage\":\"en-US\",\"@id\":\"https:\\\/\\\/darkamazi.info\\\/archives\\\/1031744#primaryimage\",\"url\":\"https:\\\/\\\/darkamazi.info\\\/darka-content\\\/uploads\\\/2022\\\/08\\\/erdogan-turkey-election.jpg\",\"contentUrl\":\"https:\\\/\\\/darkamazi.info\\\/darka-content\\\/uploads\\\/2022\\\/08\\\/erdogan-turkey-election.jpg\",\"width\":900,\"height\":497,\"caption\":\"erdogan-turkey-election\"},{\"@type\":\"BreadcrumbList\",\"@id\":\"https:\\\/\\\/darkamazi.info\\\/archives\\\/1031744#breadcrumb\",\"itemListElement\":[{\"@type\":\"ListItem\",\"position\":1,\"name\":\"Home\",\"item\":\"https:\\\/\\\/darkamazi.info\\\/\"},{\"@type\":\"ListItem\",\"position\":2,\"name\":\"Rapirsiyek: %58 ji dengderan deng\u00ea xwe nadin Erdogan\"}]},{\"@type\":\"WebSite\",\"@id\":\"https:\\\/\\\/darkamazi.info\\\/#website\",\"url\":\"https:\\\/\\\/darkamazi.info\\\/\",\"name\":\"Darka Maz\u00ee\",\"description\":\"P\u00eageha Zanyariy\u00ean Nebih\u00eest\u00ee\",\"publisher\":{\"@id\":\"https:\\\/\\\/darkamazi.info\\\/#organization\"},\"potentialAction\":[{\"@type\":\"SearchAction\",\"target\":{\"@type\":\"EntryPoint\",\"urlTemplate\":\"https:\\\/\\\/darkamazi.info\\\/?s={search_term_string}\"},\"query-input\":{\"@type\":\"PropertyValueSpecification\",\"valueRequired\":true,\"valueName\":\"search_term_string\"}}],\"inLanguage\":\"en-US\"},{\"@type\":\"Organization\",\"@id\":\"https:\\\/\\\/darkamazi.info\\\/#organization\",\"name\":\"Darka Maz\u00ee\",\"url\":\"https:\\\/\\\/darkamazi.info\\\/\",\"logo\":{\"@type\":\"ImageObject\",\"inLanguage\":\"en-US\",\"@id\":\"https:\\\/\\\/darkamazi.info\\\/#\\\/schema\\\/logo\\\/image\\\/\",\"url\":\"https:\\\/\\\/darkamazi.info\\\/darka-content\\\/uploads\\\/2017\\\/12\\\/darka-mazi-logo.png\",\"contentUrl\":\"https:\\\/\\\/darkamazi.info\\\/darka-content\\\/uploads\\\/2017\\\/12\\\/darka-mazi-logo.png\",\"width\":151,\"height\":75,\"caption\":\"Darka Maz\u00ee\"},\"image\":{\"@id\":\"https:\\\/\\\/darkamazi.info\\\/#\\\/schema\\\/logo\\\/image\\\/\"},\"sameAs\":[\"https:\\\/\\\/www.facebook.com\\\/DarMaziKurmanci\",\"https:\\\/\\\/x.com\\\/DarkaMaziLatini\",\"https:\\\/\\\/www.instagram.com\\\/darkamazi.kurmanci\\\/\",\"https:\\\/\\\/www.youtube.com\\\/channel\\\/UCa5HkTdmI8U1qCUFuTw8B2g\"]},{\"@type\":\"Person\",\"@id\":\"https:\\\/\\\/darkamazi.info\\\/#\\\/schema\\\/person\\\/5ad3e24553a0567993fa8ed4bd0a776c\",\"name\":\"darka mazi\",\"sameAs\":[\"https:\\\/\\\/darkamazi.info\\\/\"],\"url\":\"https:\\\/\\\/darkamazi.info\\\/archives\\\/author\\\/kurdi\"}]}<\/script>\n<!-- \/ Yoast SEO plugin. -->","seo_head_json":{"title":"Rapirsiyek: %58 ji dengderan deng\u00ea xwe nadin Erdogan - Darka Maz\u00ee","robots":{"index":"index","follow":"follow","max-snippet":"max-snippet:-1","max-image-preview":"max-image-preview:large","max-video-preview":"max-video-preview:-1"},"canonical":"https:\/\/darkamazi.info\/archives\/1031744","og_locale":"en_US","og_type":"article","og_title":"Rapirsiyek: %58 ji dengderan deng\u00ea xwe nadin Erdogan - Darka Maz\u00ee","og_description":"Li gor rapirsiya daw\u00ee ya L\u00eakol\u00eena Yoneylem, ji %58 be\u015fdar\u00ean rapirsiy\u00ea gotine \u201cem qet deng\u00ea xwe nadin Erdogan\u201d \u00fb ji %63 j\u00ee gotine \u201cTirkiye ne ba\u015f t\u00ea bir\u00eavebirin\u201d R\u00eavebera L\u00eakol\u00eena Yoneylem Derya Komurcu encam\u00ean rapirsiya daw\u00ee ya derbar\u00ea hilbijartin\u00ean 2023an y\u00ean Tirkiy\u00ea de e\u015fkere kir. Li gor encam\u00ean rapirsiy\u00ea li ser pirsa \u201cDi hilbijartina 2023an [&hellip;]","og_url":"https:\/\/darkamazi.info\/archives\/1031744","og_site_name":"Darka Maz\u00ee","article_publisher":"https:\/\/www.facebook.com\/DarMaziKurmanci","article_published_time":"2022-08-11T10:19:20+00:00","og_image":[{"width":900,"height":497,"url":"https:\/\/darkamazi.info\/file\/2022\/08\/erdogan-turkey-election.jpg","type":"image\/jpeg"}],"author":"darka mazi","twitter_card":"summary_large_image","twitter_creator":"@DarkaMaziLatini","twitter_site":"@DarkaMaziLatini","twitter_misc":{"Written by":"darka mazi","Est. reading time":"1 minute"},"schema":{"@context":"https:\/\/schema.org","@graph":[{"@type":"Article","@id":"https:\/\/darkamazi.info\/archives\/1031744#article","isPartOf":{"@id":"https:\/\/darkamazi.info\/archives\/1031744"},"author":{"name":"darka mazi","@id":"https:\/\/darkamazi.info\/#\/schema\/person\/5ad3e24553a0567993fa8ed4bd0a776c"},"headline":"Rapirsiyek: %58 ji dengderan deng\u00ea xwe nadin Erdogan","datePublished":"2022-08-11T10:19:20+00:00","mainEntityOfPage":{"@id":"https:\/\/darkamazi.info\/archives\/1031744"},"wordCount":157,"publisher":{"@id":"https:\/\/darkamazi.info\/#organization"},"image":{"@id":"https:\/\/darkamazi.info\/archives\/1031744#primaryimage"},"thumbnailUrl":"https:\/\/darkamazi.info\/file\/2022\/08\/erdogan-turkey-election.jpg","keywords":["sereke"],"articleSection":["Rojhelata nav\u00een"],"inLanguage":"en-US"},{"@type":"WebPage","@id":"https:\/\/darkamazi.info\/archives\/1031744","url":"https:\/\/darkamazi.info\/archives\/1031744","name":"Rapirsiyek: %58 ji dengderan deng\u00ea xwe nadin Erdogan - Darka Maz\u00ee","isPartOf":{"@id":"https:\/\/darkamazi.info\/#website"},"primaryImageOfPage":{"@id":"https:\/\/darkamazi.info\/archives\/1031744#primaryimage"},"image":{"@id":"https:\/\/darkamazi.info\/archives\/1031744#primaryimage"},"thumbnailUrl":"https:\/\/darkamazi.info\/file\/2022\/08\/erdogan-turkey-election.jpg","datePublished":"2022-08-11T10:19:20+00:00","breadcrumb":{"@id":"https:\/\/darkamazi.info\/archives\/1031744#breadcrumb"},"inLanguage":"en-US","potentialAction":[{"@type":"ReadAction","target":["https:\/\/darkamazi.info\/archives\/1031744"]}]},{"@type":"ImageObject","inLanguage":"en-US","@id":"https:\/\/darkamazi.info\/archives\/1031744#primaryimage","url":"https:\/\/darkamazi.info\/file\/2022\/08\/erdogan-turkey-election.jpg","contentUrl":"https:\/\/darkamazi.info\/file\/2022\/08\/erdogan-turkey-election.jpg","width":900,"height":497,"caption":"erdogan-turkey-election"},{"@type":"BreadcrumbList","@id":"https:\/\/darkamazi.info\/archives\/1031744#breadcrumb","itemListElement":[{"@type":"ListItem","position":1,"name":"Home","item":"https:\/\/darkamazi.info\/"},{"@type":"ListItem","position":2,"name":"Rapirsiyek: %58 ji dengderan deng\u00ea xwe nadin Erdogan"}]},{"@type":"WebSite","@id":"https:\/\/darkamazi.info\/#website","url":"https:\/\/darkamazi.info\/","name":"Darka Maz\u00ee","description":"P\u00eageha Zanyariy\u00ean Nebih\u00eest\u00ee","publisher":{"@id":"https:\/\/darkamazi.info\/#organization"},"potentialAction":[{"@type":"SearchAction","target":{"@type":"EntryPoint","urlTemplate":"https:\/\/darkamazi.info\/?s={search_term_string}"},"query-input":{"@type":"PropertyValueSpecification","valueRequired":true,"valueName":"search_term_string"}}],"inLanguage":"en-US"},{"@type":"Organization","@id":"https:\/\/darkamazi.info\/#organization","name":"Darka Maz\u00ee","url":"https:\/\/darkamazi.info\/","logo":{"@type":"ImageObject","inLanguage":"en-US","@id":"https:\/\/darkamazi.info\/#\/schema\/logo\/image\/","url":"https:\/\/darkamazi.info\/file\/2017\/12\/darka-mazi-logo.png","contentUrl":"https:\/\/darkamazi.info\/file\/2017\/12\/darka-mazi-logo.png","width":151,"height":75,"caption":"Darka Maz\u00ee"},"image":{"@id":"https:\/\/darkamazi.info\/#\/schema\/logo\/image\/"},"sameAs":["https:\/\/www.facebook.com\/DarMaziKurmanci","https:\/\/x.com\/DarkaMaziLatini","https:\/\/www.instagram.com\/darkamazi.kurmanci\/","https:\/\/www.youtube.com\/channel\/UCa5HkTdmI8U1qCUFuTw8B2g"]},{"@type":"Person","@id":"https:\/\/darkamazi.info\/#\/schema\/person\/5ad3e24553a0567993fa8ed4bd0a776c","name":"darka mazi","sameAs":["https:\/\/darkamazi.info\/"],"url":"https:\/\/darkamazi.info\/archives\/author\/kurdi"}]}},"_links":{"self":[{"href":"https:\/\/darkamazi.info\/funavuv\/wp\/v2\/posts\/1031744","targetHints":{"allow":["GET"]}}],"collection":[{"href":"https:\/\/darkamazi.info\/funavuv\/wp\/v2\/posts"}],"about":[{"href":"https:\/\/darkamazi.info\/funavuv\/wp\/v2\/types\/post"}],"author":[{"embeddable":true,"href":"https:\/\/darkamazi.info\/funavuv\/wp\/v2\/users\/2"}],"replies":[{"embeddable":true,"href":"https:\/\/darkamazi.info\/funavuv\/wp\/v2\/comments?post=1031744"}],"version-history":[{"count":0,"href":"https:\/\/darkamazi.info\/funavuv\/wp\/v2\/posts\/1031744\/revisions"}],"wp:featuredmedia":[{"embeddable":true,"href":"https:\/\/darkamazi.info\/funavuv\/wp\/v2\/media\/1031745"}],"wp:attachment":[{"href":"https:\/\/darkamazi.info\/funavuv\/wp\/v2\/media?parent=1031744"}],"wp:term":[{"taxonomy":"category","embeddable":true,"href":"https:\/\/darkamazi.info\/funavuv\/wp\/v2\/categories?post=1031744"},{"taxonomy":"post_tag","embeddable":true,"href":"https:\/\/darkamazi.info\/funavuv\/wp\/v2\/tags?post=1031744"}],"curies":[{"name":"wp","href":"https:\/\/api.w.org\/{rel}","templated":true}]}}