{"id":1031753,"date":"2022-08-11T19:56:22","date_gmt":"2022-08-11T16:56:22","guid":{"rendered":"https:\/\/darkamazi.info\/?p=1031753"},"modified":"2022-08-11T19:56:22","modified_gmt":"2022-08-11T16:56:22","slug":"pkk-cima-diyar-kir-ku-rezan-cawid-li-rojava-jiyana-xwe-ji-dest-da-ye","status":"publish","type":"post","link":"https:\/\/darkamazi.info\/archives\/1031753","title":{"rendered":"PKK \u00e7ima d\u00eeyar kir ku R\u00eazan Caw\u00eed li Rojava jiyana xwe ji dest da ye"},"content":{"rendered":"<h3 style=\"text-align: justify\"><span style=\"font-family: 'arial black', sans-serif\">Duh Kom\u00eesyona Navxwey\u00ee ya R\u00eaveberiya Xweseriya Demokrat\u00eek a Her\u00eama Ciz\u00eer\u00ea ya Rojavay\u00ea Kurdistan\u00ea derbar\u00ea \u00ear\u00ee\u015fa daw\u00ee ya dron\u00ean dewleta Tirk de daxuyaniyek belav kir.<\/span><\/h3>\n<h3 style=\"text-align: justify\">Di daxuyaniy\u00ea de nav\u00ean kes\u00ean ku di \u00ear\u00ee\u015fa dron\u00ean dewleta Tirk de jiyana xwe ji dest dane hatin e\u015fkerekirin. Hat ragihandin ku yek ji wan r\u00eaveber\u00ea PJAK \u00ea Y\u00fbsif Mehm\u00fbd R\u00eaban\u00ee bi nav\u00ea kod R\u00eazan Caw\u00eed e. PKK \u00ea cara yekem nav\u00ea r\u00eaveberek\u00ee payebilind \u00ea li Rojava jiyana xwe ji dest da e\u015fkere kir. T\u00ea texm\u00eenkirin ku ev yek gir\u00eaday\u00ee k\u00ea\u015fey\u00ean R\u00eazan Caw\u00eed y\u00ean di nava PKK \u00ea de be. Ji ber ku R\u00eazan Caw\u00eed ji sala 2017\u00ea ve ji aliy\u00ea PKK \u00ea ve hatiye cezakirin \u00fb ji bo w\u00ee be\u015fdarb\u00fbna xebat\u00ean Rojhilat\u00ea Kurdistan\u00ea hatiye qedexekirin.<\/h3>\n<h3 style=\"text-align: center\"><span style=\"color: #8c0808;font-family: 'arial black', sans-serif\">R\u00eazan Caw\u00eed k\u00ee ye?<\/span><\/h3>\n<h3 style=\"text-align: justify\">R\u00eazan Caw\u00eed di sala 1979an de li Mehabad\u00ea ji dayik b\u00fbye \u00fb di sala 2003an de tevl\u00ee nava ref\u00ean PKK \u00ea b\u00fbye. Pi\u015ft\u00ee d\u00eetina perwerdeya \u015fervanan a n\u00fb, ji aliy\u00ea PKK \u00ea ve ji bo xebat\u00ean PJAK \u00ea t\u00ea \u015fandin. R\u00eazan Caw\u00eed ku bi Tirk\u00ee \u00fb Kurmanc\u00ee j\u00ee ba\u015f dizane, pi\u015ft\u00ee yekem\u00een kongreya damezrandina PJAK \u00ea bi salan e ku li Rojhilat\u00ea Kurdistan\u00ea tevl\u00ee xebat\u00ea dibe \u00fb heta sala 2013an li ser nav\u00ea PJAK \u00ea be\u015fdar\u00ee amadekar\u00eey\u00ean Kongreya Netewey\u00ee ya Kurd a li Hewl\u00ear\u00ea dibe. L\u00ea di dawiya sala 2016an de \u00e7areniv\u00eesa R\u00eazan Caw\u00eed t\u00ea guhertin \u00fb ji aliy\u00ea kord\u00eenasyona PKK \u00ea ve ji xebat\u00ean Rojhilat\u00ea Kurdistan\u00ea t\u00ea d\u00fbrxistin.<\/h3>\n<h3 style=\"text-align: center\"><span style=\"color: #8c0808;font-family: 'arial black', sans-serif\">R\u00eazan Caw\u00eed \u00e7ima hat desteser kirin?<\/span><\/h3>\n<h3 style=\"text-align: justify\">R\u00eazan Caw\u00eed bi \u00eed\u00eeaya ku d\u00ea dawiya sala 2016 \u00ea ji PKK \u00ea veqete t\u00ea girtin. Hat \u00eedd\u00eeakirin ku R\u00eazan Caw\u00eed p\u00eawendiya xwe bi Biryar Gabar re ku yek ji kesayet\u00ean serkirde y\u00ean PJAK \u00ea ye \u00fb ber\u00ea ji PKK \u00ea veqetiyab\u00fb heb\u00fbye \u00fb ji hinek mil\u00ees\u00ean ku li Qeladiz\u00ea dij\u00een re gotiye, ew\u00ea ji w\u00ea r\u00eaxistin\u00ea ango PKK derkeve. Tawanek din j\u00ee ew b\u00fb ku R\u00eazan Caw\u00eed bi Kadroyek jin re t\u00eakil\u00eey\u00ean ev\u00eendar\u00ee daniye. L\u00ea t\u00ea gotin ku yek ji sedem\u00ean sereke j\u00ee ew e ku R\u00eazan Caw\u00eed ji peyman\u00ean sala 2011\u00ea ya di navbera PKK \u00fb \u00ceran\u00ea de het\u00ee \u00e7\u00eakirin neraz\u00ee b\u00fb. Di navbera sal\u00ean 2011 \u00fb 2012 an de di navbera PKK \u00ea \u00fb \u00ceran\u00ea de lihevkirinek hate \u00e7\u00eakirin \u00fb PKK \u00ea l\u00fbtkey\u00ean \u00e7\u00eeyay\u00ea Qend\u00eel y\u00ean stratejik hem\u00fb radest\u00ee dewleta \u00ceran\u00ea kirin.<\/h3>\n<h3 style=\"text-align: justify\">Agahiy\u00ean ku dib\u00eajin R\u00eazan Caw\u00eed ji aliy\u00ea PKK \u00ea ve hatiye girtin, di navbera sal\u00ean 2016 \u00fb 2017an de di medyay\u00ea de cih digrin \u00fb di encama neraz\u00eeb\u00fbna raya gi\u015ft\u00ee ya Rojhilat\u00ea Kurdistan\u00ea, PKK \u00ea R\u00eazan Caw\u00eed ber dide \u00fb w\u00ee derdixe bernameyeke telev\u00eezyon\u00ee. Ji R\u00eazan Caw\u00eed t\u00ea xwestin ku di w\u00ea bernamey\u00ea de li dij\u00ee Her\u00eama Kurdistan\u00ea \u00fb PDK \u00ea axaftina bike.<\/h3>\n<h3 style=\"text-align: justify\">R\u00eazan Caw\u00eed pi\u015ft\u00ee w\u00ea heyam\u00ea ji bo xebat\u00ean Rojhilat nay\u00ea \u015fandin. Pi\u015ft\u00ee ku p\u00eavajoya bin\u00e7avkirin\u00ea qediya, li dibistana navend\u00ee a PKK \u00ea t\u00ea ragirtin. Di sala 2019an de ji bo xebat\u00ean HPG \u00ea t\u00ea tay\u00eenkirin. Di akademiy\u00ean perwerdey\u00ea y\u00ean HPG \u00ea de cih digire. L\u00ea R\u00eazan adapteb\u00fbna xebat\u00ean HPG \u00ea de zehmet\u00ee dik\u015f\u00eene, hav\u00eena 2020an w\u00ee di\u015f\u00eenin Rojava. R\u00eazan Caw\u00eed di nava desteya YPG \u00ea ya Rojava de be\u015fdar\u00ee xebat\u00ean perwerd\u00ea \u00fb hwd dibe.<\/h3>\n<h3 style=\"text-align: center\"><span style=\"color: #8c0808;font-family: 'arial black', sans-serif\">Dan\u00fbstandin\u00ean bi Emer\u00eeka re<\/span><\/h3>\n<h3 style=\"text-align: justify\">Ango R\u00eazan Caw\u00eed xebat\u00ean rojava dime\u015fand nek\u00fb xebat\u00ean Rojhilat. Herwiha navek\u00ee wek R\u00eazan Caw\u00eed ev demeke dir\u00eaje di medyay\u00ea de dernediket. Derdor\u00ean Rojhilat\u00ee dipirs\u00een ku R\u00eazan Caw\u00eed li ku ye \u00e7ima winda b\u00fbye \u00fb \u00e7ima di p\u00eavajoyek gir\u00eeng de ew ji bo xebat\u00ea rojhilat nehatiye erkdar kirin. Yan\u00ee PKK di mijara R\u00eazan Caw\u00eed de bin tomet\u00ea da b\u00fb \u00fb R\u00eazan ew demek dir\u00eaj b\u00fb dibin \u00e7avd\u00ear\u00eeya negatifa PKK \u00ea de b\u00fb.<\/h3>\n<h3 style=\"text-align: justify\">Ji ber v\u00ea sedem\u00ea dema ku R\u00eazan Caw\u00eed di encama \u00ear\u00ee\u015feke drone de jiyana xwe ji dest da, PKK \u00ea ew demildest a\u015fkere kir da ku\u00a0 p\u00ea\u015f\u00ee li \u015f\u00eerovey\u00ean c\u00fbda, bigire. Her wiha hat zan\u00een R\u00eazan Caw\u00eed li ser nav\u00ea PJAK \u00ea gelek caran bi h\u00eaz\u00ean Emer\u00eeka re hevd\u00eetin p\u00eak aniye. Derdor\u00ean siyas\u00ee diyar dikin ku dibe PKK ji v\u00ea b\u00fbyer\u00ea j\u00ee s\u00fbd werbigire.<\/h3>\n<h3 style=\"text-align: justify\">Y\u00fbsif R\u00eaban\u00ee bi nav\u00ea kod R\u00eazan Caw\u00eed di 6 \u00ea Tebax\u00ea de li Qami\u015flo her\u00eama Sina b\u00fb armanca drone \u00ean\u00a0 dagirker\u00ean Tirk \u00fb j\u00eeyana xwe ji dest da.<\/h3>\n","protected":false},"excerpt":{"rendered":"<p>Duh Kom\u00eesyona Navxwey\u00ee ya R\u00eaveberiya Xweseriya Demokrat\u00eek a Her\u00eama Ciz\u00eer\u00ea ya Rojavay\u00ea Kurdistan\u00ea derbar\u00ea \u00ear\u00ee\u015fa daw\u00ee ya dron\u00ean dewleta Tirk de daxuyaniyek belav kir. Di daxuyaniy\u00ea de nav\u00ean kes\u00ean ku di \u00ear\u00ee\u015fa dron\u00ean dewleta Tirk de jiyana xwe ji dest dane hatin e\u015fkerekirin. Hat ragihandin ku yek ji wan r\u00eaveber\u00ea PJAK \u00ea Y\u00fbsif Mehm\u00fbd R\u00eaban\u00ee [&hellip;]<\/p>\n","protected":false},"author":2,"featured_media":1031757,"comment_status":"closed","ping_status":"closed","sticky":false,"template":"","format":"standard","meta":{"footnotes":""},"categories":[29],"tags":[37],"class_list":["post-1031753","post","type-post","status-publish","format-standard","has-post-thumbnail","hentry","category-kurdistan","tag-sereke"],"blocksy_meta":[],"seo_head":"<!-- This site is optimized with the Yoast SEO plugin v27.5 - https:\/\/yoast.com\/product\/yoast-seo-wordpress\/ -->\n<title>PKK \u00e7ima d\u00eeyar kir ku R\u00eazan Caw\u00eed li Rojava jiyana xwe ji dest da ye - Darka Maz\u00ee<\/title>\n<meta name=\"robots\" content=\"index, follow, max-snippet:-1, max-image-preview:large, max-video-preview:-1\" \/>\n<link rel=\"canonical\" href=\"https:\/\/darkamazi.info\/archives\/1031753\" \/>\n<meta property=\"og:locale\" content=\"en_US\" \/>\n<meta property=\"og:type\" content=\"article\" \/>\n<meta property=\"og:title\" content=\"PKK \u00e7ima d\u00eeyar kir ku R\u00eazan Caw\u00eed li Rojava jiyana xwe ji dest da ye - Darka Maz\u00ee\" \/>\n<meta property=\"og:description\" content=\"Duh Kom\u00eesyona Navxwey\u00ee ya R\u00eaveberiya Xweseriya Demokrat\u00eek a Her\u00eama Ciz\u00eer\u00ea ya Rojavay\u00ea Kurdistan\u00ea derbar\u00ea \u00ear\u00ee\u015fa daw\u00ee ya dron\u00ean dewleta Tirk de daxuyaniyek belav kir. Di daxuyaniy\u00ea de nav\u00ean kes\u00ean ku di \u00ear\u00ee\u015fa dron\u00ean dewleta Tirk de jiyana xwe ji dest dane hatin e\u015fkerekirin. Hat ragihandin ku yek ji wan r\u00eaveber\u00ea PJAK \u00ea Y\u00fbsif Mehm\u00fbd R\u00eaban\u00ee [&hellip;]\" \/>\n<meta property=\"og:url\" content=\"https:\/\/darkamazi.info\/archives\/1031753\" \/>\n<meta property=\"og:site_name\" content=\"Darka Maz\u00ee\" \/>\n<meta property=\"article:publisher\" content=\"https:\/\/www.facebook.com\/DarMaziKurmanci\" \/>\n<meta property=\"article:published_time\" content=\"2022-08-11T16:56:22+00:00\" \/>\n<meta property=\"og:image\" content=\"https:\/\/darkamazi.info\/file\/2022\/08\/rezan-cavid-cavid-cawid-rezan-pkk-kck-pjak-2.jpg\" \/>\n\t<meta property=\"og:image:width\" content=\"900\" \/>\n\t<meta property=\"og:image:height\" content=\"497\" \/>\n\t<meta property=\"og:image:type\" content=\"image\/jpeg\" \/>\n<meta name=\"author\" content=\"darka mazi\" \/>\n<meta name=\"twitter:card\" content=\"summary_large_image\" \/>\n<meta name=\"twitter:creator\" content=\"@DarkaMaziLatini\" \/>\n<meta name=\"twitter:site\" content=\"@DarkaMaziLatini\" \/>\n<meta name=\"twitter:label1\" content=\"Written by\" \/>\n\t<meta name=\"twitter:data1\" content=\"darka mazi\" \/>\n\t<meta name=\"twitter:label2\" content=\"Est. reading time\" \/>\n\t<meta name=\"twitter:data2\" content=\"3 minutes\" \/>\n<script type=\"application\/ld+json\" class=\"seo-schema-graph\">{\"@context\":\"https:\\\/\\\/schema.org\",\"@graph\":[{\"@type\":\"Article\",\"@id\":\"https:\\\/\\\/darkamazi.info\\\/archives\\\/1031753#article\",\"isPartOf\":{\"@id\":\"https:\\\/\\\/darkamazi.info\\\/archives\\\/1031753\"},\"author\":{\"name\":\"darka mazi\",\"@id\":\"https:\\\/\\\/darkamazi.info\\\/#\\\/schema\\\/person\\\/5ad3e24553a0567993fa8ed4bd0a776c\"},\"headline\":\"PKK \u00e7ima d\u00eeyar kir ku R\u00eazan Caw\u00eed li Rojava jiyana xwe ji dest da ye\",\"datePublished\":\"2022-08-11T16:56:22+00:00\",\"mainEntityOfPage\":{\"@id\":\"https:\\\/\\\/darkamazi.info\\\/archives\\\/1031753\"},\"wordCount\":812,\"publisher\":{\"@id\":\"https:\\\/\\\/darkamazi.info\\\/#organization\"},\"image\":{\"@id\":\"https:\\\/\\\/darkamazi.info\\\/archives\\\/1031753#primaryimage\"},\"thumbnailUrl\":\"https:\\\/\\\/darkamazi.info\\\/darka-content\\\/uploads\\\/2022\\\/08\\\/rezan-cavid-cavid-cawid-rezan-pkk-kck-pjak-2.jpg\",\"keywords\":[\"sereke\"],\"articleSection\":[\"Kurdistan\"],\"inLanguage\":\"en-US\"},{\"@type\":\"WebPage\",\"@id\":\"https:\\\/\\\/darkamazi.info\\\/archives\\\/1031753\",\"url\":\"https:\\\/\\\/darkamazi.info\\\/archives\\\/1031753\",\"name\":\"PKK \u00e7ima d\u00eeyar kir ku R\u00eazan Caw\u00eed li Rojava jiyana xwe ji dest da ye - Darka Maz\u00ee\",\"isPartOf\":{\"@id\":\"https:\\\/\\\/darkamazi.info\\\/#website\"},\"primaryImageOfPage\":{\"@id\":\"https:\\\/\\\/darkamazi.info\\\/archives\\\/1031753#primaryimage\"},\"image\":{\"@id\":\"https:\\\/\\\/darkamazi.info\\\/archives\\\/1031753#primaryimage\"},\"thumbnailUrl\":\"https:\\\/\\\/darkamazi.info\\\/darka-content\\\/uploads\\\/2022\\\/08\\\/rezan-cavid-cavid-cawid-rezan-pkk-kck-pjak-2.jpg\",\"datePublished\":\"2022-08-11T16:56:22+00:00\",\"breadcrumb\":{\"@id\":\"https:\\\/\\\/darkamazi.info\\\/archives\\\/1031753#breadcrumb\"},\"inLanguage\":\"en-US\",\"potentialAction\":[{\"@type\":\"ReadAction\",\"target\":[\"https:\\\/\\\/darkamazi.info\\\/archives\\\/1031753\"]}]},{\"@type\":\"ImageObject\",\"inLanguage\":\"en-US\",\"@id\":\"https:\\\/\\\/darkamazi.info\\\/archives\\\/1031753#primaryimage\",\"url\":\"https:\\\/\\\/darkamazi.info\\\/darka-content\\\/uploads\\\/2022\\\/08\\\/rezan-cavid-cavid-cawid-rezan-pkk-kck-pjak-2.jpg\",\"contentUrl\":\"https:\\\/\\\/darkamazi.info\\\/darka-content\\\/uploads\\\/2022\\\/08\\\/rezan-cavid-cavid-cawid-rezan-pkk-kck-pjak-2.jpg\",\"width\":900,\"height\":497,\"caption\":\"PKK \u00e7ima d\u00eeyar kir ku R\u00eazan Caw\u00eed li Rojava jiyana xwe ji dest da ye\"},{\"@type\":\"BreadcrumbList\",\"@id\":\"https:\\\/\\\/darkamazi.info\\\/archives\\\/1031753#breadcrumb\",\"itemListElement\":[{\"@type\":\"ListItem\",\"position\":1,\"name\":\"Home\",\"item\":\"https:\\\/\\\/darkamazi.info\\\/\"},{\"@type\":\"ListItem\",\"position\":2,\"name\":\"PKK \u00e7ima d\u00eeyar kir ku R\u00eazan Caw\u00eed li Rojava jiyana xwe ji dest da ye\"}]},{\"@type\":\"WebSite\",\"@id\":\"https:\\\/\\\/darkamazi.info\\\/#website\",\"url\":\"https:\\\/\\\/darkamazi.info\\\/\",\"name\":\"Darka Maz\u00ee\",\"description\":\"P\u00eageha Zanyariy\u00ean Nebih\u00eest\u00ee\",\"publisher\":{\"@id\":\"https:\\\/\\\/darkamazi.info\\\/#organization\"},\"potentialAction\":[{\"@type\":\"SearchAction\",\"target\":{\"@type\":\"EntryPoint\",\"urlTemplate\":\"https:\\\/\\\/darkamazi.info\\\/?s={search_term_string}\"},\"query-input\":{\"@type\":\"PropertyValueSpecification\",\"valueRequired\":true,\"valueName\":\"search_term_string\"}}],\"inLanguage\":\"en-US\"},{\"@type\":\"Organization\",\"@id\":\"https:\\\/\\\/darkamazi.info\\\/#organization\",\"name\":\"Darka Maz\u00ee\",\"url\":\"https:\\\/\\\/darkamazi.info\\\/\",\"logo\":{\"@type\":\"ImageObject\",\"inLanguage\":\"en-US\",\"@id\":\"https:\\\/\\\/darkamazi.info\\\/#\\\/schema\\\/logo\\\/image\\\/\",\"url\":\"https:\\\/\\\/darkamazi.info\\\/darka-content\\\/uploads\\\/2017\\\/12\\\/darka-mazi-logo.png\",\"contentUrl\":\"https:\\\/\\\/darkamazi.info\\\/darka-content\\\/uploads\\\/2017\\\/12\\\/darka-mazi-logo.png\",\"width\":151,\"height\":75,\"caption\":\"Darka Maz\u00ee\"},\"image\":{\"@id\":\"https:\\\/\\\/darkamazi.info\\\/#\\\/schema\\\/logo\\\/image\\\/\"},\"sameAs\":[\"https:\\\/\\\/www.facebook.com\\\/DarMaziKurmanci\",\"https:\\\/\\\/x.com\\\/DarkaMaziLatini\",\"https:\\\/\\\/www.instagram.com\\\/darkamazi.kurmanci\\\/\",\"https:\\\/\\\/www.youtube.com\\\/channel\\\/UCa5HkTdmI8U1qCUFuTw8B2g\"]},{\"@type\":\"Person\",\"@id\":\"https:\\\/\\\/darkamazi.info\\\/#\\\/schema\\\/person\\\/5ad3e24553a0567993fa8ed4bd0a776c\",\"name\":\"darka mazi\",\"sameAs\":[\"https:\\\/\\\/darkamazi.info\\\/\"],\"url\":\"https:\\\/\\\/darkamazi.info\\\/archives\\\/author\\\/kurdi\"}]}<\/script>\n<!-- \/ Yoast SEO plugin. -->","seo_head_json":{"title":"PKK \u00e7ima d\u00eeyar kir ku R\u00eazan Caw\u00eed li Rojava jiyana xwe ji dest da ye - Darka Maz\u00ee","robots":{"index":"index","follow":"follow","max-snippet":"max-snippet:-1","max-image-preview":"max-image-preview:large","max-video-preview":"max-video-preview:-1"},"canonical":"https:\/\/darkamazi.info\/archives\/1031753","og_locale":"en_US","og_type":"article","og_title":"PKK \u00e7ima d\u00eeyar kir ku R\u00eazan Caw\u00eed li Rojava jiyana xwe ji dest da ye - Darka Maz\u00ee","og_description":"Duh Kom\u00eesyona Navxwey\u00ee ya R\u00eaveberiya Xweseriya Demokrat\u00eek a Her\u00eama Ciz\u00eer\u00ea ya Rojavay\u00ea Kurdistan\u00ea derbar\u00ea \u00ear\u00ee\u015fa daw\u00ee ya dron\u00ean dewleta Tirk de daxuyaniyek belav kir. Di daxuyaniy\u00ea de nav\u00ean kes\u00ean ku di \u00ear\u00ee\u015fa dron\u00ean dewleta Tirk de jiyana xwe ji dest dane hatin e\u015fkerekirin. Hat ragihandin ku yek ji wan r\u00eaveber\u00ea PJAK \u00ea Y\u00fbsif Mehm\u00fbd R\u00eaban\u00ee [&hellip;]","og_url":"https:\/\/darkamazi.info\/archives\/1031753","og_site_name":"Darka Maz\u00ee","article_publisher":"https:\/\/www.facebook.com\/DarMaziKurmanci","article_published_time":"2022-08-11T16:56:22+00:00","og_image":[{"width":900,"height":497,"url":"https:\/\/darkamazi.info\/file\/2022\/08\/rezan-cavid-cavid-cawid-rezan-pkk-kck-pjak-2.jpg","type":"image\/jpeg"}],"author":"darka mazi","twitter_card":"summary_large_image","twitter_creator":"@DarkaMaziLatini","twitter_site":"@DarkaMaziLatini","twitter_misc":{"Written by":"darka mazi","Est. reading time":"3 minutes"},"schema":{"@context":"https:\/\/schema.org","@graph":[{"@type":"Article","@id":"https:\/\/darkamazi.info\/archives\/1031753#article","isPartOf":{"@id":"https:\/\/darkamazi.info\/archives\/1031753"},"author":{"name":"darka mazi","@id":"https:\/\/darkamazi.info\/#\/schema\/person\/5ad3e24553a0567993fa8ed4bd0a776c"},"headline":"PKK \u00e7ima d\u00eeyar kir ku R\u00eazan Caw\u00eed li Rojava jiyana xwe ji dest da ye","datePublished":"2022-08-11T16:56:22+00:00","mainEntityOfPage":{"@id":"https:\/\/darkamazi.info\/archives\/1031753"},"wordCount":812,"publisher":{"@id":"https:\/\/darkamazi.info\/#organization"},"image":{"@id":"https:\/\/darkamazi.info\/archives\/1031753#primaryimage"},"thumbnailUrl":"https:\/\/darkamazi.info\/file\/2022\/08\/rezan-cavid-cavid-cawid-rezan-pkk-kck-pjak-2.jpg","keywords":["sereke"],"articleSection":["Kurdistan"],"inLanguage":"en-US"},{"@type":"WebPage","@id":"https:\/\/darkamazi.info\/archives\/1031753","url":"https:\/\/darkamazi.info\/archives\/1031753","name":"PKK \u00e7ima d\u00eeyar kir ku R\u00eazan Caw\u00eed li Rojava jiyana xwe ji dest da ye - Darka Maz\u00ee","isPartOf":{"@id":"https:\/\/darkamazi.info\/#website"},"primaryImageOfPage":{"@id":"https:\/\/darkamazi.info\/archives\/1031753#primaryimage"},"image":{"@id":"https:\/\/darkamazi.info\/archives\/1031753#primaryimage"},"thumbnailUrl":"https:\/\/darkamazi.info\/file\/2022\/08\/rezan-cavid-cavid-cawid-rezan-pkk-kck-pjak-2.jpg","datePublished":"2022-08-11T16:56:22+00:00","breadcrumb":{"@id":"https:\/\/darkamazi.info\/archives\/1031753#breadcrumb"},"inLanguage":"en-US","potentialAction":[{"@type":"ReadAction","target":["https:\/\/darkamazi.info\/archives\/1031753"]}]},{"@type":"ImageObject","inLanguage":"en-US","@id":"https:\/\/darkamazi.info\/archives\/1031753#primaryimage","url":"https:\/\/darkamazi.info\/file\/2022\/08\/rezan-cavid-cavid-cawid-rezan-pkk-kck-pjak-2.jpg","contentUrl":"https:\/\/darkamazi.info\/file\/2022\/08\/rezan-cavid-cavid-cawid-rezan-pkk-kck-pjak-2.jpg","width":900,"height":497,"caption":"PKK \u00e7ima d\u00eeyar kir ku R\u00eazan Caw\u00eed li Rojava jiyana xwe ji dest da ye"},{"@type":"BreadcrumbList","@id":"https:\/\/darkamazi.info\/archives\/1031753#breadcrumb","itemListElement":[{"@type":"ListItem","position":1,"name":"Home","item":"https:\/\/darkamazi.info\/"},{"@type":"ListItem","position":2,"name":"PKK \u00e7ima d\u00eeyar kir ku R\u00eazan Caw\u00eed li Rojava jiyana xwe ji dest da ye"}]},{"@type":"WebSite","@id":"https:\/\/darkamazi.info\/#website","url":"https:\/\/darkamazi.info\/","name":"Darka Maz\u00ee","description":"P\u00eageha Zanyariy\u00ean Nebih\u00eest\u00ee","publisher":{"@id":"https:\/\/darkamazi.info\/#organization"},"potentialAction":[{"@type":"SearchAction","target":{"@type":"EntryPoint","urlTemplate":"https:\/\/darkamazi.info\/?s={search_term_string}"},"query-input":{"@type":"PropertyValueSpecification","valueRequired":true,"valueName":"search_term_string"}}],"inLanguage":"en-US"},{"@type":"Organization","@id":"https:\/\/darkamazi.info\/#organization","name":"Darka Maz\u00ee","url":"https:\/\/darkamazi.info\/","logo":{"@type":"ImageObject","inLanguage":"en-US","@id":"https:\/\/darkamazi.info\/#\/schema\/logo\/image\/","url":"https:\/\/darkamazi.info\/file\/2017\/12\/darka-mazi-logo.png","contentUrl":"https:\/\/darkamazi.info\/file\/2017\/12\/darka-mazi-logo.png","width":151,"height":75,"caption":"Darka Maz\u00ee"},"image":{"@id":"https:\/\/darkamazi.info\/#\/schema\/logo\/image\/"},"sameAs":["https:\/\/www.facebook.com\/DarMaziKurmanci","https:\/\/x.com\/DarkaMaziLatini","https:\/\/www.instagram.com\/darkamazi.kurmanci\/","https:\/\/www.youtube.com\/channel\/UCa5HkTdmI8U1qCUFuTw8B2g"]},{"@type":"Person","@id":"https:\/\/darkamazi.info\/#\/schema\/person\/5ad3e24553a0567993fa8ed4bd0a776c","name":"darka mazi","sameAs":["https:\/\/darkamazi.info\/"],"url":"https:\/\/darkamazi.info\/archives\/author\/kurdi"}]}},"_links":{"self":[{"href":"https:\/\/darkamazi.info\/funavuv\/wp\/v2\/posts\/1031753","targetHints":{"allow":["GET"]}}],"collection":[{"href":"https:\/\/darkamazi.info\/funavuv\/wp\/v2\/posts"}],"about":[{"href":"https:\/\/darkamazi.info\/funavuv\/wp\/v2\/types\/post"}],"author":[{"embeddable":true,"href":"https:\/\/darkamazi.info\/funavuv\/wp\/v2\/users\/2"}],"replies":[{"embeddable":true,"href":"https:\/\/darkamazi.info\/funavuv\/wp\/v2\/comments?post=1031753"}],"version-history":[{"count":0,"href":"https:\/\/darkamazi.info\/funavuv\/wp\/v2\/posts\/1031753\/revisions"}],"wp:featuredmedia":[{"embeddable":true,"href":"https:\/\/darkamazi.info\/funavuv\/wp\/v2\/media\/1031757"}],"wp:attachment":[{"href":"https:\/\/darkamazi.info\/funavuv\/wp\/v2\/media?parent=1031753"}],"wp:term":[{"taxonomy":"category","embeddable":true,"href":"https:\/\/darkamazi.info\/funavuv\/wp\/v2\/categories?post=1031753"},{"taxonomy":"post_tag","embeddable":true,"href":"https:\/\/darkamazi.info\/funavuv\/wp\/v2\/tags?post=1031753"}],"curies":[{"name":"wp","href":"https:\/\/api.w.org\/{rel}","templated":true}]}}