{"id":1031824,"date":"2022-08-15T15:57:43","date_gmt":"2022-08-15T12:57:43","guid":{"rendered":"https:\/\/darkamazi.info\/?p=1031824"},"modified":"2022-08-15T15:57:43","modified_gmt":"2022-08-15T12:57:43","slug":"baregeha-hevpeymanan-li-tinife-rasti-eriseke-bi-dronan-hat","status":"publish","type":"post","link":"https:\/\/darkamazi.info\/archives\/1031824","title":{"rendered":"Baregeha Hevpeymanan li Tinif\u00ea rast\u00ee \u00ear\u00ee\u015feke bi dronan hat"},"content":{"rendered":"<h3 style=\"text-align: justify\"><span style=\"font-family: 'arial black', sans-serif\">Baregeha Hevpeymaniya Navdewlet\u00ee ya li dij\u00ee DAI\u015e\u00ea li Tinif\u00ea ya li s\u00eago\u015feya s\u00eenor\u00ee S\u00fbriye \u2013 Urdin \u2013 Iraq\u00ea rast\u00ee \u00ear\u00ee\u015feke bi dronan hat, b\u00eay\u00ee ku ti ziyan\u00ean can\u00ee derkevin.<\/span><\/h3>\n<h3 style=\"text-align: justify\">Hevpeymaniya Navdewlet\u00ee di daxuyaniyek\u00ea de ragihand, \u00eero dan\u00ea sib\u00ea bi hejmarek dronan \u00ear\u00ee\u015f li derdora baregeha Tinif\u00ea hate kirin.<\/h3>\n<h3 style=\"text-align: justify\">Diyar kir j\u00ee, dronek hate \u015fikandin, l\u00ea drone duyem di nava baregeh\u00ea de teqiya, b\u00eay\u00ee ku ti ziyan\u00ean can\u00ee \u00e7\u00eabibin.<\/h3>\n<h3 style=\"text-align: justify\">Fermandar\u00ea Erk\u00ean Hevbe\u015f \u00ean Hevpeymanan John Brennan got: \u201c\u00car\u00ee\u015f\u00ean bi v\u00ee reng\u00ee jiyana siv\u00eel\u00ean S\u00fbr\u00ee y\u00ean b\u00eaguneh dixe metirsiy\u00ea. Em \u00ea tedb\u00eer\u00ean guncaw ji bo parastina h\u00eaz\u00ean xwe bist\u00eenin.\u201d<\/h3>\n<h3 style=\"text-align: justify\">Baregeha le\u015fker\u00ee ya Tinif\u00ea, li s\u00eago\u015feya S\u00fbriye, Iraq \u00fb Urdin\u00ea dikeve \u00fb bi armanca r\u00fbbir\u00fbb\u00fbna DAI\u015e\u00ea, di sala 2014an de ji aliy\u00ea Hevpeymaniya Navdewlet\u00ee hatib\u00fb damezirandin \u00fb \u00e7ekdar\u00ean gr\u00fbpa Mexaw\u00eer El-Sewra ya opoz\u00eesyona S\u00fbriy\u00ea j\u00ee l\u00ea ne.<\/h3>\n<h3 style=\"text-align: justify\">P\u00ea\u015ftir j\u00ee ew baregeha Hevpeymanan rast\u00ee \u00ear\u00ee\u015fan hatib\u00fb. T\u00ea gotin j\u00ee, ew \u00ear\u00ee\u015f ji aliy\u00ea m\u00eel\u00ee\u015fyay\u00ean ser bi \u00ceran\u00ea ve y\u00ean li gund\u00ea El-Alayaniy\u00ea ne t\u00ea kirin ku ten\u00ea bi qas\u00ee 30 k.m d\u00fbr\u00ee baregeha Tinif\u00ea ye.<\/h3>\n","protected":false},"excerpt":{"rendered":"<p>Baregeha Hevpeymaniya Navdewlet\u00ee ya li dij\u00ee DAI\u015e\u00ea li Tinif\u00ea ya li s\u00eago\u015feya s\u00eenor\u00ee S\u00fbriye \u2013 Urdin \u2013 Iraq\u00ea rast\u00ee \u00ear\u00ee\u015feke bi dronan hat, b\u00eay\u00ee ku ti ziyan\u00ean can\u00ee derkevin. Hevpeymaniya Navdewlet\u00ee di daxuyaniyek\u00ea de ragihand, \u00eero dan\u00ea sib\u00ea bi hejmarek dronan \u00ear\u00ee\u015f li derdora baregeha Tinif\u00ea hate kirin. Diyar kir j\u00ee, dronek hate \u015fikandin, l\u00ea [&hellip;]<\/p>\n","protected":false},"author":2,"featured_media":1031825,"comment_status":"closed","ping_status":"closed","sticky":false,"template":"","format":"standard","meta":{"footnotes":""},"categories":[30],"tags":[37],"class_list":["post-1031824","post","type-post","status-publish","format-standard","has-post-thumbnail","hentry","category-cihan","tag-sereke"],"blocksy_meta":[],"seo_head":"<!-- This site is optimized with the Yoast SEO plugin v27.5 - https:\/\/yoast.com\/product\/yoast-seo-wordpress\/ -->\n<title>Baregeha Hevpeymanan li Tinif\u00ea rast\u00ee \u00ear\u00ee\u015feke bi dronan hat - Darka Maz\u00ee<\/title>\n<meta name=\"robots\" content=\"index, follow, max-snippet:-1, max-image-preview:large, max-video-preview:-1\" \/>\n<link rel=\"canonical\" href=\"https:\/\/darkamazi.info\/archives\/1031824\" \/>\n<meta property=\"og:locale\" content=\"en_US\" \/>\n<meta property=\"og:type\" content=\"article\" \/>\n<meta property=\"og:title\" content=\"Baregeha Hevpeymanan li Tinif\u00ea rast\u00ee \u00ear\u00ee\u015feke bi dronan hat - Darka Maz\u00ee\" \/>\n<meta property=\"og:description\" content=\"Baregeha Hevpeymaniya Navdewlet\u00ee ya li dij\u00ee DAI\u015e\u00ea li Tinif\u00ea ya li s\u00eago\u015feya s\u00eenor\u00ee S\u00fbriye \u2013 Urdin \u2013 Iraq\u00ea rast\u00ee \u00ear\u00ee\u015feke bi dronan hat, b\u00eay\u00ee ku ti ziyan\u00ean can\u00ee derkevin. Hevpeymaniya Navdewlet\u00ee di daxuyaniyek\u00ea de ragihand, \u00eero dan\u00ea sib\u00ea bi hejmarek dronan \u00ear\u00ee\u015f li derdora baregeha Tinif\u00ea hate kirin. Diyar kir j\u00ee, dronek hate \u015fikandin, l\u00ea [&hellip;]\" \/>\n<meta property=\"og:url\" content=\"https:\/\/darkamazi.info\/archives\/1031824\" \/>\n<meta property=\"og:site_name\" content=\"Darka Maz\u00ee\" \/>\n<meta property=\"article:publisher\" content=\"https:\/\/www.facebook.com\/DarMaziKurmanci\" \/>\n<meta property=\"article:published_time\" content=\"2022-08-15T12:57:43+00:00\" \/>\n<meta property=\"og:image\" content=\"https:\/\/darkamazi.info\/file\/2022\/08\/Tanf-iran-iraq-syria-isis-drone.jpg\" \/>\n\t<meta property=\"og:image:width\" content=\"900\" \/>\n\t<meta property=\"og:image:height\" content=\"497\" \/>\n\t<meta property=\"og:image:type\" content=\"image\/jpeg\" \/>\n<meta name=\"author\" content=\"darka mazi\" \/>\n<meta name=\"twitter:card\" content=\"summary_large_image\" \/>\n<meta name=\"twitter:creator\" content=\"@DarkaMaziLatini\" \/>\n<meta name=\"twitter:site\" content=\"@DarkaMaziLatini\" \/>\n<meta name=\"twitter:label1\" content=\"Written by\" \/>\n\t<meta name=\"twitter:data1\" content=\"darka mazi\" \/>\n\t<meta name=\"twitter:label2\" content=\"Est. reading time\" \/>\n\t<meta name=\"twitter:data2\" content=\"1 minute\" \/>\n<script type=\"application\/ld+json\" class=\"seo-schema-graph\">{\"@context\":\"https:\\\/\\\/schema.org\",\"@graph\":[{\"@type\":\"Article\",\"@id\":\"https:\\\/\\\/darkamazi.info\\\/archives\\\/1031824#article\",\"isPartOf\":{\"@id\":\"https:\\\/\\\/darkamazi.info\\\/archives\\\/1031824\"},\"author\":{\"name\":\"darka mazi\",\"@id\":\"https:\\\/\\\/darkamazi.info\\\/#\\\/schema\\\/person\\\/5ad3e24553a0567993fa8ed4bd0a776c\"},\"headline\":\"Baregeha Hevpeymanan li Tinif\u00ea rast\u00ee \u00ear\u00ee\u015feke bi dronan hat\",\"datePublished\":\"2022-08-15T12:57:43+00:00\",\"mainEntityOfPage\":{\"@id\":\"https:\\\/\\\/darkamazi.info\\\/archives\\\/1031824\"},\"wordCount\":215,\"publisher\":{\"@id\":\"https:\\\/\\\/darkamazi.info\\\/#organization\"},\"image\":{\"@id\":\"https:\\\/\\\/darkamazi.info\\\/archives\\\/1031824#primaryimage\"},\"thumbnailUrl\":\"https:\\\/\\\/darkamazi.info\\\/darka-content\\\/uploads\\\/2022\\\/08\\\/Tanf-iran-iraq-syria-isis-drone.jpg\",\"keywords\":[\"sereke\"],\"articleSection\":[\"C\u00eehan\"],\"inLanguage\":\"en-US\"},{\"@type\":\"WebPage\",\"@id\":\"https:\\\/\\\/darkamazi.info\\\/archives\\\/1031824\",\"url\":\"https:\\\/\\\/darkamazi.info\\\/archives\\\/1031824\",\"name\":\"Baregeha Hevpeymanan li Tinif\u00ea rast\u00ee \u00ear\u00ee\u015feke bi dronan hat - Darka Maz\u00ee\",\"isPartOf\":{\"@id\":\"https:\\\/\\\/darkamazi.info\\\/#website\"},\"primaryImageOfPage\":{\"@id\":\"https:\\\/\\\/darkamazi.info\\\/archives\\\/1031824#primaryimage\"},\"image\":{\"@id\":\"https:\\\/\\\/darkamazi.info\\\/archives\\\/1031824#primaryimage\"},\"thumbnailUrl\":\"https:\\\/\\\/darkamazi.info\\\/darka-content\\\/uploads\\\/2022\\\/08\\\/Tanf-iran-iraq-syria-isis-drone.jpg\",\"datePublished\":\"2022-08-15T12:57:43+00:00\",\"breadcrumb\":{\"@id\":\"https:\\\/\\\/darkamazi.info\\\/archives\\\/1031824#breadcrumb\"},\"inLanguage\":\"en-US\",\"potentialAction\":[{\"@type\":\"ReadAction\",\"target\":[\"https:\\\/\\\/darkamazi.info\\\/archives\\\/1031824\"]}]},{\"@type\":\"ImageObject\",\"inLanguage\":\"en-US\",\"@id\":\"https:\\\/\\\/darkamazi.info\\\/archives\\\/1031824#primaryimage\",\"url\":\"https:\\\/\\\/darkamazi.info\\\/darka-content\\\/uploads\\\/2022\\\/08\\\/Tanf-iran-iraq-syria-isis-drone.jpg\",\"contentUrl\":\"https:\\\/\\\/darkamazi.info\\\/darka-content\\\/uploads\\\/2022\\\/08\\\/Tanf-iran-iraq-syria-isis-drone.jpg\",\"width\":900,\"height\":497,\"caption\":\"Baregeha Hevpeymanan li Tinif\u00ea rast\u00ee \u00ear\u00ee\u015feke bi dronan hat\"},{\"@type\":\"BreadcrumbList\",\"@id\":\"https:\\\/\\\/darkamazi.info\\\/archives\\\/1031824#breadcrumb\",\"itemListElement\":[{\"@type\":\"ListItem\",\"position\":1,\"name\":\"Home\",\"item\":\"https:\\\/\\\/darkamazi.info\\\/\"},{\"@type\":\"ListItem\",\"position\":2,\"name\":\"Baregeha Hevpeymanan li Tinif\u00ea rast\u00ee \u00ear\u00ee\u015feke bi dronan hat\"}]},{\"@type\":\"WebSite\",\"@id\":\"https:\\\/\\\/darkamazi.info\\\/#website\",\"url\":\"https:\\\/\\\/darkamazi.info\\\/\",\"name\":\"Darka Maz\u00ee\",\"description\":\"P\u00eageha Zanyariy\u00ean Nebih\u00eest\u00ee\",\"publisher\":{\"@id\":\"https:\\\/\\\/darkamazi.info\\\/#organization\"},\"potentialAction\":[{\"@type\":\"SearchAction\",\"target\":{\"@type\":\"EntryPoint\",\"urlTemplate\":\"https:\\\/\\\/darkamazi.info\\\/?s={search_term_string}\"},\"query-input\":{\"@type\":\"PropertyValueSpecification\",\"valueRequired\":true,\"valueName\":\"search_term_string\"}}],\"inLanguage\":\"en-US\"},{\"@type\":\"Organization\",\"@id\":\"https:\\\/\\\/darkamazi.info\\\/#organization\",\"name\":\"Darka Maz\u00ee\",\"url\":\"https:\\\/\\\/darkamazi.info\\\/\",\"logo\":{\"@type\":\"ImageObject\",\"inLanguage\":\"en-US\",\"@id\":\"https:\\\/\\\/darkamazi.info\\\/#\\\/schema\\\/logo\\\/image\\\/\",\"url\":\"https:\\\/\\\/darkamazi.info\\\/darka-content\\\/uploads\\\/2017\\\/12\\\/darka-mazi-logo.png\",\"contentUrl\":\"https:\\\/\\\/darkamazi.info\\\/darka-content\\\/uploads\\\/2017\\\/12\\\/darka-mazi-logo.png\",\"width\":151,\"height\":75,\"caption\":\"Darka Maz\u00ee\"},\"image\":{\"@id\":\"https:\\\/\\\/darkamazi.info\\\/#\\\/schema\\\/logo\\\/image\\\/\"},\"sameAs\":[\"https:\\\/\\\/www.facebook.com\\\/DarMaziKurmanci\",\"https:\\\/\\\/x.com\\\/DarkaMaziLatini\",\"https:\\\/\\\/www.instagram.com\\\/darkamazi.kurmanci\\\/\",\"https:\\\/\\\/www.youtube.com\\\/channel\\\/UCa5HkTdmI8U1qCUFuTw8B2g\"]},{\"@type\":\"Person\",\"@id\":\"https:\\\/\\\/darkamazi.info\\\/#\\\/schema\\\/person\\\/5ad3e24553a0567993fa8ed4bd0a776c\",\"name\":\"darka mazi\",\"sameAs\":[\"https:\\\/\\\/darkamazi.info\\\/\"],\"url\":\"https:\\\/\\\/darkamazi.info\\\/archives\\\/author\\\/kurdi\"}]}<\/script>\n<!-- \/ Yoast SEO plugin. -->","seo_head_json":{"title":"Baregeha Hevpeymanan li Tinif\u00ea rast\u00ee \u00ear\u00ee\u015feke bi dronan hat - Darka Maz\u00ee","robots":{"index":"index","follow":"follow","max-snippet":"max-snippet:-1","max-image-preview":"max-image-preview:large","max-video-preview":"max-video-preview:-1"},"canonical":"https:\/\/darkamazi.info\/archives\/1031824","og_locale":"en_US","og_type":"article","og_title":"Baregeha Hevpeymanan li Tinif\u00ea rast\u00ee \u00ear\u00ee\u015feke bi dronan hat - Darka Maz\u00ee","og_description":"Baregeha Hevpeymaniya Navdewlet\u00ee ya li dij\u00ee DAI\u015e\u00ea li Tinif\u00ea ya li s\u00eago\u015feya s\u00eenor\u00ee S\u00fbriye \u2013 Urdin \u2013 Iraq\u00ea rast\u00ee \u00ear\u00ee\u015feke bi dronan hat, b\u00eay\u00ee ku ti ziyan\u00ean can\u00ee derkevin. Hevpeymaniya Navdewlet\u00ee di daxuyaniyek\u00ea de ragihand, \u00eero dan\u00ea sib\u00ea bi hejmarek dronan \u00ear\u00ee\u015f li derdora baregeha Tinif\u00ea hate kirin. Diyar kir j\u00ee, dronek hate \u015fikandin, l\u00ea [&hellip;]","og_url":"https:\/\/darkamazi.info\/archives\/1031824","og_site_name":"Darka Maz\u00ee","article_publisher":"https:\/\/www.facebook.com\/DarMaziKurmanci","article_published_time":"2022-08-15T12:57:43+00:00","og_image":[{"width":900,"height":497,"url":"https:\/\/darkamazi.info\/file\/2022\/08\/Tanf-iran-iraq-syria-isis-drone.jpg","type":"image\/jpeg"}],"author":"darka mazi","twitter_card":"summary_large_image","twitter_creator":"@DarkaMaziLatini","twitter_site":"@DarkaMaziLatini","twitter_misc":{"Written by":"darka mazi","Est. reading time":"1 minute"},"schema":{"@context":"https:\/\/schema.org","@graph":[{"@type":"Article","@id":"https:\/\/darkamazi.info\/archives\/1031824#article","isPartOf":{"@id":"https:\/\/darkamazi.info\/archives\/1031824"},"author":{"name":"darka mazi","@id":"https:\/\/darkamazi.info\/#\/schema\/person\/5ad3e24553a0567993fa8ed4bd0a776c"},"headline":"Baregeha Hevpeymanan li Tinif\u00ea rast\u00ee \u00ear\u00ee\u015feke bi dronan hat","datePublished":"2022-08-15T12:57:43+00:00","mainEntityOfPage":{"@id":"https:\/\/darkamazi.info\/archives\/1031824"},"wordCount":215,"publisher":{"@id":"https:\/\/darkamazi.info\/#organization"},"image":{"@id":"https:\/\/darkamazi.info\/archives\/1031824#primaryimage"},"thumbnailUrl":"https:\/\/darkamazi.info\/file\/2022\/08\/Tanf-iran-iraq-syria-isis-drone.jpg","keywords":["sereke"],"articleSection":["C\u00eehan"],"inLanguage":"en-US"},{"@type":"WebPage","@id":"https:\/\/darkamazi.info\/archives\/1031824","url":"https:\/\/darkamazi.info\/archives\/1031824","name":"Baregeha Hevpeymanan li Tinif\u00ea rast\u00ee \u00ear\u00ee\u015feke bi dronan hat - Darka Maz\u00ee","isPartOf":{"@id":"https:\/\/darkamazi.info\/#website"},"primaryImageOfPage":{"@id":"https:\/\/darkamazi.info\/archives\/1031824#primaryimage"},"image":{"@id":"https:\/\/darkamazi.info\/archives\/1031824#primaryimage"},"thumbnailUrl":"https:\/\/darkamazi.info\/file\/2022\/08\/Tanf-iran-iraq-syria-isis-drone.jpg","datePublished":"2022-08-15T12:57:43+00:00","breadcrumb":{"@id":"https:\/\/darkamazi.info\/archives\/1031824#breadcrumb"},"inLanguage":"en-US","potentialAction":[{"@type":"ReadAction","target":["https:\/\/darkamazi.info\/archives\/1031824"]}]},{"@type":"ImageObject","inLanguage":"en-US","@id":"https:\/\/darkamazi.info\/archives\/1031824#primaryimage","url":"https:\/\/darkamazi.info\/file\/2022\/08\/Tanf-iran-iraq-syria-isis-drone.jpg","contentUrl":"https:\/\/darkamazi.info\/file\/2022\/08\/Tanf-iran-iraq-syria-isis-drone.jpg","width":900,"height":497,"caption":"Baregeha Hevpeymanan li Tinif\u00ea rast\u00ee \u00ear\u00ee\u015feke bi dronan hat"},{"@type":"BreadcrumbList","@id":"https:\/\/darkamazi.info\/archives\/1031824#breadcrumb","itemListElement":[{"@type":"ListItem","position":1,"name":"Home","item":"https:\/\/darkamazi.info\/"},{"@type":"ListItem","position":2,"name":"Baregeha Hevpeymanan li Tinif\u00ea rast\u00ee \u00ear\u00ee\u015feke bi dronan hat"}]},{"@type":"WebSite","@id":"https:\/\/darkamazi.info\/#website","url":"https:\/\/darkamazi.info\/","name":"Darka Maz\u00ee","description":"P\u00eageha Zanyariy\u00ean Nebih\u00eest\u00ee","publisher":{"@id":"https:\/\/darkamazi.info\/#organization"},"potentialAction":[{"@type":"SearchAction","target":{"@type":"EntryPoint","urlTemplate":"https:\/\/darkamazi.info\/?s={search_term_string}"},"query-input":{"@type":"PropertyValueSpecification","valueRequired":true,"valueName":"search_term_string"}}],"inLanguage":"en-US"},{"@type":"Organization","@id":"https:\/\/darkamazi.info\/#organization","name":"Darka Maz\u00ee","url":"https:\/\/darkamazi.info\/","logo":{"@type":"ImageObject","inLanguage":"en-US","@id":"https:\/\/darkamazi.info\/#\/schema\/logo\/image\/","url":"https:\/\/darkamazi.info\/file\/2017\/12\/darka-mazi-logo.png","contentUrl":"https:\/\/darkamazi.info\/file\/2017\/12\/darka-mazi-logo.png","width":151,"height":75,"caption":"Darka Maz\u00ee"},"image":{"@id":"https:\/\/darkamazi.info\/#\/schema\/logo\/image\/"},"sameAs":["https:\/\/www.facebook.com\/DarMaziKurmanci","https:\/\/x.com\/DarkaMaziLatini","https:\/\/www.instagram.com\/darkamazi.kurmanci\/","https:\/\/www.youtube.com\/channel\/UCa5HkTdmI8U1qCUFuTw8B2g"]},{"@type":"Person","@id":"https:\/\/darkamazi.info\/#\/schema\/person\/5ad3e24553a0567993fa8ed4bd0a776c","name":"darka mazi","sameAs":["https:\/\/darkamazi.info\/"],"url":"https:\/\/darkamazi.info\/archives\/author\/kurdi"}]}},"_links":{"self":[{"href":"https:\/\/darkamazi.info\/funavuv\/wp\/v2\/posts\/1031824","targetHints":{"allow":["GET"]}}],"collection":[{"href":"https:\/\/darkamazi.info\/funavuv\/wp\/v2\/posts"}],"about":[{"href":"https:\/\/darkamazi.info\/funavuv\/wp\/v2\/types\/post"}],"author":[{"embeddable":true,"href":"https:\/\/darkamazi.info\/funavuv\/wp\/v2\/users\/2"}],"replies":[{"embeddable":true,"href":"https:\/\/darkamazi.info\/funavuv\/wp\/v2\/comments?post=1031824"}],"version-history":[{"count":0,"href":"https:\/\/darkamazi.info\/funavuv\/wp\/v2\/posts\/1031824\/revisions"}],"wp:featuredmedia":[{"embeddable":true,"href":"https:\/\/darkamazi.info\/funavuv\/wp\/v2\/media\/1031825"}],"wp:attachment":[{"href":"https:\/\/darkamazi.info\/funavuv\/wp\/v2\/media?parent=1031824"}],"wp:term":[{"taxonomy":"category","embeddable":true,"href":"https:\/\/darkamazi.info\/funavuv\/wp\/v2\/categories?post=1031824"},{"taxonomy":"post_tag","embeddable":true,"href":"https:\/\/darkamazi.info\/funavuv\/wp\/v2\/tags?post=1031824"}],"curies":[{"name":"wp","href":"https:\/\/api.w.org\/{rel}","templated":true}]}}