{"id":1031835,"date":"2022-08-16T10:14:38","date_gmt":"2022-08-16T07:14:38","guid":{"rendered":"https:\/\/darkamazi.info\/?p=1031835"},"modified":"2022-08-16T10:14:38","modified_gmt":"2022-08-16T07:14:38","slug":"hevseroke-hdpe-ye-colemerge-hat-girtin","status":"publish","type":"post","link":"https:\/\/darkamazi.info\/archives\/1031835","title":{"rendered":"Hevserok\u00ea HDP\u00ea y\u00ea Colem\u00earg\u00ea hat girtin"},"content":{"rendered":"<h3 style=\"text-align: justify\"><span style=\"font-family: 'arial black', sans-serif\">Hevserok\u00ea Bajarok\u00ea Navend\u00ee ya Bajar\u00ea Colem\u00earg\u00ea y\u00ea HDP\u00ea bi tohmeta al\u00eekar\u00eekirina PKK\u00ea hate girtin.<\/span><\/h3>\n<h3 style=\"text-align: justify\">H\u00eaz\u00ean ewlekariy\u00ea y\u00ean Tirkiy\u00ea roja 12\u00ea Tebax\u00ea, li bajar\u00ean wek\u00ee Diyarbekir, Colem\u00earg, Wan \u00fb Edeney\u00ea bi ser hejmarek malan de girtib\u00fbn \u00fb 13 kes desteser kirib\u00fbn.<\/h3>\n<h3 style=\"text-align: justify\">Di nava desteserkiriyan de Hevserok\u00ea Bajarok\u00ea Navend\u00ee ya Bajar\u00ea Colem\u00earg\u00ea y\u00ea Partiya Demokrat\u00eek a Gelan HDP\u00ea Hesen Ozek j\u00ee heb\u00fb \u00fb hat zan\u00een ku dadegh\u00ea di derheq\u00ea w\u00ee de biryara girtin\u00ea daye.<\/h3>\n<h3 style=\"text-align: justify\">R\u00eaxistina HDP ya Colem\u00earg\u00ea li ser hejmara xwe ya tora civak\u00ee \u201cTw\u00eetter\u201d ragiahnd, \u201cHevserok\u00ea me y\u00ea navend\u00ea Hasan Ozek ku ber\u00ee du rojan bi awayek\u00ee neyasay\u00ee hatib\u00fb desteserkirin, bi biryara dadgeh\u00ea hat girtin.\u201d<\/h3>\n","protected":false},"excerpt":{"rendered":"<p>Hevserok\u00ea Bajarok\u00ea Navend\u00ee ya Bajar\u00ea Colem\u00earg\u00ea y\u00ea HDP\u00ea bi tohmeta al\u00eekar\u00eekirina PKK\u00ea hate girtin. H\u00eaz\u00ean ewlekariy\u00ea y\u00ean Tirkiy\u00ea roja 12\u00ea Tebax\u00ea, li bajar\u00ean wek\u00ee Diyarbekir, Colem\u00earg, Wan \u00fb Edeney\u00ea bi ser hejmarek malan de girtib\u00fbn \u00fb 13 kes desteser kirib\u00fbn. Di nava desteserkiriyan de Hevserok\u00ea Bajarok\u00ea Navend\u00ee ya Bajar\u00ea Colem\u00earg\u00ea y\u00ea Partiya Demokrat\u00eek a Gelan [&hellip;]<\/p>\n","protected":false},"author":2,"featured_media":1031836,"comment_status":"closed","ping_status":"closed","sticky":false,"template":"","format":"standard","meta":{"footnotes":""},"categories":[29],"tags":[37],"class_list":["post-1031835","post","type-post","status-publish","format-standard","has-post-thumbnail","hentry","category-kurdistan","tag-sereke"],"blocksy_meta":[],"seo_head":"<!-- This site is optimized with the Yoast SEO plugin v27.5 - https:\/\/yoast.com\/product\/yoast-seo-wordpress\/ -->\n<title>Hevserok\u00ea HDP\u00ea y\u00ea Colem\u00earg\u00ea hat girtin - Darka Maz\u00ee<\/title>\n<meta name=\"robots\" content=\"index, follow, max-snippet:-1, max-image-preview:large, max-video-preview:-1\" \/>\n<link rel=\"canonical\" href=\"https:\/\/darkamazi.info\/archives\/1031835\" \/>\n<meta property=\"og:locale\" content=\"en_US\" \/>\n<meta property=\"og:type\" content=\"article\" \/>\n<meta property=\"og:title\" content=\"Hevserok\u00ea HDP\u00ea y\u00ea Colem\u00earg\u00ea hat girtin - Darka Maz\u00ee\" \/>\n<meta property=\"og:description\" content=\"Hevserok\u00ea Bajarok\u00ea Navend\u00ee ya Bajar\u00ea Colem\u00earg\u00ea y\u00ea HDP\u00ea bi tohmeta al\u00eekar\u00eekirina PKK\u00ea hate girtin. H\u00eaz\u00ean ewlekariy\u00ea y\u00ean Tirkiy\u00ea roja 12\u00ea Tebax\u00ea, li bajar\u00ean wek\u00ee Diyarbekir, Colem\u00earg, Wan \u00fb Edeney\u00ea bi ser hejmarek malan de girtib\u00fbn \u00fb 13 kes desteser kirib\u00fbn. Di nava desteserkiriyan de Hevserok\u00ea Bajarok\u00ea Navend\u00ee ya Bajar\u00ea Colem\u00earg\u00ea y\u00ea Partiya Demokrat\u00eek a Gelan [&hellip;]\" \/>\n<meta property=\"og:url\" content=\"https:\/\/darkamazi.info\/archives\/1031835\" \/>\n<meta property=\"og:site_name\" content=\"Darka Maz\u00ee\" \/>\n<meta property=\"article:publisher\" content=\"https:\/\/www.facebook.com\/DarMaziKurmanci\" \/>\n<meta property=\"article:published_time\" content=\"2022-08-16T07:14:38+00:00\" \/>\n<meta property=\"og:image\" content=\"https:\/\/darkamazi.info\/file\/2022\/08\/polis-diyarbekir-amed-kurdistan.jpg\" \/>\n\t<meta property=\"og:image:width\" content=\"900\" \/>\n\t<meta property=\"og:image:height\" content=\"497\" \/>\n\t<meta property=\"og:image:type\" content=\"image\/jpeg\" \/>\n<meta name=\"author\" content=\"darka mazi\" \/>\n<meta name=\"twitter:card\" content=\"summary_large_image\" \/>\n<meta name=\"twitter:creator\" content=\"@DarkaMaziLatini\" \/>\n<meta name=\"twitter:site\" content=\"@DarkaMaziLatini\" \/>\n<meta name=\"twitter:label1\" content=\"Written by\" \/>\n\t<meta name=\"twitter:data1\" content=\"darka mazi\" \/>\n\t<meta name=\"twitter:label2\" content=\"Est. reading time\" \/>\n\t<meta name=\"twitter:data2\" content=\"1 minute\" \/>\n<script type=\"application\/ld+json\" class=\"seo-schema-graph\">{\"@context\":\"https:\\\/\\\/schema.org\",\"@graph\":[{\"@type\":\"Article\",\"@id\":\"https:\\\/\\\/darkamazi.info\\\/archives\\\/1031835#article\",\"isPartOf\":{\"@id\":\"https:\\\/\\\/darkamazi.info\\\/archives\\\/1031835\"},\"author\":{\"name\":\"darka mazi\",\"@id\":\"https:\\\/\\\/darkamazi.info\\\/#\\\/schema\\\/person\\\/5ad3e24553a0567993fa8ed4bd0a776c\"},\"headline\":\"Hevserok\u00ea HDP\u00ea y\u00ea Colem\u00earg\u00ea hat girtin\",\"datePublished\":\"2022-08-16T07:14:38+00:00\",\"mainEntityOfPage\":{\"@id\":\"https:\\\/\\\/darkamazi.info\\\/archives\\\/1031835\"},\"wordCount\":123,\"publisher\":{\"@id\":\"https:\\\/\\\/darkamazi.info\\\/#organization\"},\"image\":{\"@id\":\"https:\\\/\\\/darkamazi.info\\\/archives\\\/1031835#primaryimage\"},\"thumbnailUrl\":\"https:\\\/\\\/darkamazi.info\\\/darka-content\\\/uploads\\\/2022\\\/08\\\/polis-diyarbekir-amed-kurdistan.jpg\",\"keywords\":[\"sereke\"],\"articleSection\":[\"Kurdistan\"],\"inLanguage\":\"en-US\"},{\"@type\":\"WebPage\",\"@id\":\"https:\\\/\\\/darkamazi.info\\\/archives\\\/1031835\",\"url\":\"https:\\\/\\\/darkamazi.info\\\/archives\\\/1031835\",\"name\":\"Hevserok\u00ea HDP\u00ea y\u00ea Colem\u00earg\u00ea hat girtin - Darka Maz\u00ee\",\"isPartOf\":{\"@id\":\"https:\\\/\\\/darkamazi.info\\\/#website\"},\"primaryImageOfPage\":{\"@id\":\"https:\\\/\\\/darkamazi.info\\\/archives\\\/1031835#primaryimage\"},\"image\":{\"@id\":\"https:\\\/\\\/darkamazi.info\\\/archives\\\/1031835#primaryimage\"},\"thumbnailUrl\":\"https:\\\/\\\/darkamazi.info\\\/darka-content\\\/uploads\\\/2022\\\/08\\\/polis-diyarbekir-amed-kurdistan.jpg\",\"datePublished\":\"2022-08-16T07:14:38+00:00\",\"breadcrumb\":{\"@id\":\"https:\\\/\\\/darkamazi.info\\\/archives\\\/1031835#breadcrumb\"},\"inLanguage\":\"en-US\",\"potentialAction\":[{\"@type\":\"ReadAction\",\"target\":[\"https:\\\/\\\/darkamazi.info\\\/archives\\\/1031835\"]}]},{\"@type\":\"ImageObject\",\"inLanguage\":\"en-US\",\"@id\":\"https:\\\/\\\/darkamazi.info\\\/archives\\\/1031835#primaryimage\",\"url\":\"https:\\\/\\\/darkamazi.info\\\/darka-content\\\/uploads\\\/2022\\\/08\\\/polis-diyarbekir-amed-kurdistan.jpg\",\"contentUrl\":\"https:\\\/\\\/darkamazi.info\\\/darka-content\\\/uploads\\\/2022\\\/08\\\/polis-diyarbekir-amed-kurdistan.jpg\",\"width\":900,\"height\":497,\"caption\":\"Hevserok\u00ea HDP\u00ea y\u00ea Colem\u00earg\u00ea hat girtin\"},{\"@type\":\"BreadcrumbList\",\"@id\":\"https:\\\/\\\/darkamazi.info\\\/archives\\\/1031835#breadcrumb\",\"itemListElement\":[{\"@type\":\"ListItem\",\"position\":1,\"name\":\"Home\",\"item\":\"https:\\\/\\\/darkamazi.info\\\/\"},{\"@type\":\"ListItem\",\"position\":2,\"name\":\"Hevserok\u00ea HDP\u00ea y\u00ea Colem\u00earg\u00ea hat girtin\"}]},{\"@type\":\"WebSite\",\"@id\":\"https:\\\/\\\/darkamazi.info\\\/#website\",\"url\":\"https:\\\/\\\/darkamazi.info\\\/\",\"name\":\"Darka Maz\u00ee\",\"description\":\"P\u00eageha Zanyariy\u00ean Nebih\u00eest\u00ee\",\"publisher\":{\"@id\":\"https:\\\/\\\/darkamazi.info\\\/#organization\"},\"potentialAction\":[{\"@type\":\"SearchAction\",\"target\":{\"@type\":\"EntryPoint\",\"urlTemplate\":\"https:\\\/\\\/darkamazi.info\\\/?s={search_term_string}\"},\"query-input\":{\"@type\":\"PropertyValueSpecification\",\"valueRequired\":true,\"valueName\":\"search_term_string\"}}],\"inLanguage\":\"en-US\"},{\"@type\":\"Organization\",\"@id\":\"https:\\\/\\\/darkamazi.info\\\/#organization\",\"name\":\"Darka Maz\u00ee\",\"url\":\"https:\\\/\\\/darkamazi.info\\\/\",\"logo\":{\"@type\":\"ImageObject\",\"inLanguage\":\"en-US\",\"@id\":\"https:\\\/\\\/darkamazi.info\\\/#\\\/schema\\\/logo\\\/image\\\/\",\"url\":\"https:\\\/\\\/darkamazi.info\\\/darka-content\\\/uploads\\\/2017\\\/12\\\/darka-mazi-logo.png\",\"contentUrl\":\"https:\\\/\\\/darkamazi.info\\\/darka-content\\\/uploads\\\/2017\\\/12\\\/darka-mazi-logo.png\",\"width\":151,\"height\":75,\"caption\":\"Darka Maz\u00ee\"},\"image\":{\"@id\":\"https:\\\/\\\/darkamazi.info\\\/#\\\/schema\\\/logo\\\/image\\\/\"},\"sameAs\":[\"https:\\\/\\\/www.facebook.com\\\/DarMaziKurmanci\",\"https:\\\/\\\/x.com\\\/DarkaMaziLatini\",\"https:\\\/\\\/www.instagram.com\\\/darkamazi.kurmanci\\\/\",\"https:\\\/\\\/www.youtube.com\\\/channel\\\/UCa5HkTdmI8U1qCUFuTw8B2g\"]},{\"@type\":\"Person\",\"@id\":\"https:\\\/\\\/darkamazi.info\\\/#\\\/schema\\\/person\\\/5ad3e24553a0567993fa8ed4bd0a776c\",\"name\":\"darka mazi\",\"sameAs\":[\"https:\\\/\\\/darkamazi.info\\\/\"],\"url\":\"https:\\\/\\\/darkamazi.info\\\/archives\\\/author\\\/kurdi\"}]}<\/script>\n<!-- \/ Yoast SEO plugin. -->","seo_head_json":{"title":"Hevserok\u00ea HDP\u00ea y\u00ea Colem\u00earg\u00ea hat girtin - Darka Maz\u00ee","robots":{"index":"index","follow":"follow","max-snippet":"max-snippet:-1","max-image-preview":"max-image-preview:large","max-video-preview":"max-video-preview:-1"},"canonical":"https:\/\/darkamazi.info\/archives\/1031835","og_locale":"en_US","og_type":"article","og_title":"Hevserok\u00ea HDP\u00ea y\u00ea Colem\u00earg\u00ea hat girtin - Darka Maz\u00ee","og_description":"Hevserok\u00ea Bajarok\u00ea Navend\u00ee ya Bajar\u00ea Colem\u00earg\u00ea y\u00ea HDP\u00ea bi tohmeta al\u00eekar\u00eekirina PKK\u00ea hate girtin. H\u00eaz\u00ean ewlekariy\u00ea y\u00ean Tirkiy\u00ea roja 12\u00ea Tebax\u00ea, li bajar\u00ean wek\u00ee Diyarbekir, Colem\u00earg, Wan \u00fb Edeney\u00ea bi ser hejmarek malan de girtib\u00fbn \u00fb 13 kes desteser kirib\u00fbn. Di nava desteserkiriyan de Hevserok\u00ea Bajarok\u00ea Navend\u00ee ya Bajar\u00ea Colem\u00earg\u00ea y\u00ea Partiya Demokrat\u00eek a Gelan [&hellip;]","og_url":"https:\/\/darkamazi.info\/archives\/1031835","og_site_name":"Darka Maz\u00ee","article_publisher":"https:\/\/www.facebook.com\/DarMaziKurmanci","article_published_time":"2022-08-16T07:14:38+00:00","og_image":[{"width":900,"height":497,"url":"https:\/\/darkamazi.info\/file\/2022\/08\/polis-diyarbekir-amed-kurdistan.jpg","type":"image\/jpeg"}],"author":"darka mazi","twitter_card":"summary_large_image","twitter_creator":"@DarkaMaziLatini","twitter_site":"@DarkaMaziLatini","twitter_misc":{"Written by":"darka mazi","Est. reading time":"1 minute"},"schema":{"@context":"https:\/\/schema.org","@graph":[{"@type":"Article","@id":"https:\/\/darkamazi.info\/archives\/1031835#article","isPartOf":{"@id":"https:\/\/darkamazi.info\/archives\/1031835"},"author":{"name":"darka mazi","@id":"https:\/\/darkamazi.info\/#\/schema\/person\/5ad3e24553a0567993fa8ed4bd0a776c"},"headline":"Hevserok\u00ea HDP\u00ea y\u00ea Colem\u00earg\u00ea hat girtin","datePublished":"2022-08-16T07:14:38+00:00","mainEntityOfPage":{"@id":"https:\/\/darkamazi.info\/archives\/1031835"},"wordCount":123,"publisher":{"@id":"https:\/\/darkamazi.info\/#organization"},"image":{"@id":"https:\/\/darkamazi.info\/archives\/1031835#primaryimage"},"thumbnailUrl":"https:\/\/darkamazi.info\/file\/2022\/08\/polis-diyarbekir-amed-kurdistan.jpg","keywords":["sereke"],"articleSection":["Kurdistan"],"inLanguage":"en-US"},{"@type":"WebPage","@id":"https:\/\/darkamazi.info\/archives\/1031835","url":"https:\/\/darkamazi.info\/archives\/1031835","name":"Hevserok\u00ea HDP\u00ea y\u00ea Colem\u00earg\u00ea hat girtin - Darka Maz\u00ee","isPartOf":{"@id":"https:\/\/darkamazi.info\/#website"},"primaryImageOfPage":{"@id":"https:\/\/darkamazi.info\/archives\/1031835#primaryimage"},"image":{"@id":"https:\/\/darkamazi.info\/archives\/1031835#primaryimage"},"thumbnailUrl":"https:\/\/darkamazi.info\/file\/2022\/08\/polis-diyarbekir-amed-kurdistan.jpg","datePublished":"2022-08-16T07:14:38+00:00","breadcrumb":{"@id":"https:\/\/darkamazi.info\/archives\/1031835#breadcrumb"},"inLanguage":"en-US","potentialAction":[{"@type":"ReadAction","target":["https:\/\/darkamazi.info\/archives\/1031835"]}]},{"@type":"ImageObject","inLanguage":"en-US","@id":"https:\/\/darkamazi.info\/archives\/1031835#primaryimage","url":"https:\/\/darkamazi.info\/file\/2022\/08\/polis-diyarbekir-amed-kurdistan.jpg","contentUrl":"https:\/\/darkamazi.info\/file\/2022\/08\/polis-diyarbekir-amed-kurdistan.jpg","width":900,"height":497,"caption":"Hevserok\u00ea HDP\u00ea y\u00ea Colem\u00earg\u00ea hat girtin"},{"@type":"BreadcrumbList","@id":"https:\/\/darkamazi.info\/archives\/1031835#breadcrumb","itemListElement":[{"@type":"ListItem","position":1,"name":"Home","item":"https:\/\/darkamazi.info\/"},{"@type":"ListItem","position":2,"name":"Hevserok\u00ea HDP\u00ea y\u00ea Colem\u00earg\u00ea hat girtin"}]},{"@type":"WebSite","@id":"https:\/\/darkamazi.info\/#website","url":"https:\/\/darkamazi.info\/","name":"Darka Maz\u00ee","description":"P\u00eageha Zanyariy\u00ean Nebih\u00eest\u00ee","publisher":{"@id":"https:\/\/darkamazi.info\/#organization"},"potentialAction":[{"@type":"SearchAction","target":{"@type":"EntryPoint","urlTemplate":"https:\/\/darkamazi.info\/?s={search_term_string}"},"query-input":{"@type":"PropertyValueSpecification","valueRequired":true,"valueName":"search_term_string"}}],"inLanguage":"en-US"},{"@type":"Organization","@id":"https:\/\/darkamazi.info\/#organization","name":"Darka Maz\u00ee","url":"https:\/\/darkamazi.info\/","logo":{"@type":"ImageObject","inLanguage":"en-US","@id":"https:\/\/darkamazi.info\/#\/schema\/logo\/image\/","url":"https:\/\/darkamazi.info\/file\/2017\/12\/darka-mazi-logo.png","contentUrl":"https:\/\/darkamazi.info\/file\/2017\/12\/darka-mazi-logo.png","width":151,"height":75,"caption":"Darka Maz\u00ee"},"image":{"@id":"https:\/\/darkamazi.info\/#\/schema\/logo\/image\/"},"sameAs":["https:\/\/www.facebook.com\/DarMaziKurmanci","https:\/\/x.com\/DarkaMaziLatini","https:\/\/www.instagram.com\/darkamazi.kurmanci\/","https:\/\/www.youtube.com\/channel\/UCa5HkTdmI8U1qCUFuTw8B2g"]},{"@type":"Person","@id":"https:\/\/darkamazi.info\/#\/schema\/person\/5ad3e24553a0567993fa8ed4bd0a776c","name":"darka mazi","sameAs":["https:\/\/darkamazi.info\/"],"url":"https:\/\/darkamazi.info\/archives\/author\/kurdi"}]}},"_links":{"self":[{"href":"https:\/\/darkamazi.info\/funavuv\/wp\/v2\/posts\/1031835","targetHints":{"allow":["GET"]}}],"collection":[{"href":"https:\/\/darkamazi.info\/funavuv\/wp\/v2\/posts"}],"about":[{"href":"https:\/\/darkamazi.info\/funavuv\/wp\/v2\/types\/post"}],"author":[{"embeddable":true,"href":"https:\/\/darkamazi.info\/funavuv\/wp\/v2\/users\/2"}],"replies":[{"embeddable":true,"href":"https:\/\/darkamazi.info\/funavuv\/wp\/v2\/comments?post=1031835"}],"version-history":[{"count":0,"href":"https:\/\/darkamazi.info\/funavuv\/wp\/v2\/posts\/1031835\/revisions"}],"wp:featuredmedia":[{"embeddable":true,"href":"https:\/\/darkamazi.info\/funavuv\/wp\/v2\/media\/1031836"}],"wp:attachment":[{"href":"https:\/\/darkamazi.info\/funavuv\/wp\/v2\/media?parent=1031835"}],"wp:term":[{"taxonomy":"category","embeddable":true,"href":"https:\/\/darkamazi.info\/funavuv\/wp\/v2\/categories?post=1031835"},{"taxonomy":"post_tag","embeddable":true,"href":"https:\/\/darkamazi.info\/funavuv\/wp\/v2\/tags?post=1031835"}],"curies":[{"name":"wp","href":"https:\/\/api.w.org\/{rel}","templated":true}]}}