{"id":1031907,"date":"2022-08-20T15:07:27","date_gmt":"2022-08-20T12:07:27","guid":{"rendered":"https:\/\/darkamazi.info\/?p=1031907"},"modified":"2022-08-20T17:41:42","modified_gmt":"2022-08-20T14:41:42","slug":"ji-partiya-karkeran-veqetiya-u-li-duhoke-hat-kustin","status":"publish","type":"post","link":"https:\/\/darkamazi.info\/archives\/1031907","title":{"rendered":"Ji Partiya karkeran veqetiya \u00fb li Duhok\u00ea hat ku\u015ftin"},"content":{"rendered":"<h3 style=\"text-align: justify\"><span style=\"font-family: 'arial black', sans-serif\">Hate h\u00eenb\u00fbn ku kes\u00ea duh li Duhok\u00ea di n\u00eev\u00ea r\u00ea de hat qetilkirin kesek b\u00fbye ku p\u00ea\u015f niha ji nava PKK&#8217;\u00ea derketiye. Herwiha j\u00eaderan da zan\u00een ku ev kes ji aliy\u00ea PKK\u2019\u00ea ve hatiye tehd\u00eedkirin.<\/span><\/h3>\n<h3 style=\"text-align: justify\"><span style=\"font-family: arial, helvetica, sans-serif\">Mihemed Aladin N\u00fbrett\u00een duh li navenda bajar\u00ea Duhok\u00ea dema ji texsiy\u00ea dadiket, bi 3 gulleyan hat qetilkirin. \u00c7avkaniy\u00ean ewlehiy\u00ea der bar\u00ea c\u00eenayeta ku r\u00fbday de hin agah\u00ee parve kirin.<\/span><\/h3>\n<h3 style=\"text-align: justify\"><span style=\"font-family: arial, helvetica, sans-serif\">Mihemmed Aladin N\u00fbrett\u00een \u00ea ji Bakur\u00ea Kurdistan\u00ea beriya demek\u00ea ji PKK&#8217;\u00ea derketb\u00fb \u00fb li Sil\u00eamaniy\u00ea dest bi jiyana xwe kirb\u00fb. L\u00ea pi\u015ftre ji aliy\u00ea PKK&#8217;\u00ea ve gef li w\u00ee hatin xwarin \u00fb ji ber v\u00ea yek\u00ea biryar da ku bajar\u00ea ku l\u00ea dij\u00ee biguhere. Ew ji bo wergirtina dest\u00fbra r\u00fbni\u015ftin\u00ea (\u00eeqam\u00ea) \u00e7\u00fbb\u00fb Duhok\u00ea.<\/span><\/h3>\n<h3 style=\"text-align: justify\"><span style=\"font-family: arial, helvetica, sans-serif\">Hate h\u00eenb\u00fbn ku N\u00fbrett\u00een\u00ea 39 sal\u00ee di ser\u00eel\u00eadana xweya ji bo wergirtina dest\u00fbra r\u00fbni\u015ftin\u00ea de diyar kiriye ku ew di temenek\u00ee bi\u00e7\u00fbk de ji aliy\u00ea PKK&#8217;\u00ea ve hatiye revandin \u00fb pi\u015ftre ew biriye \u00e7iy\u00ea, ew ji PKK&#8217;\u00ea veqetiyaye \u00fb hatiye Her\u00eama Kurdistan\u00ea.<\/span><\/h3>\n<h3 style=\"text-align: justify\"><span style=\"font-family: arial, helvetica, sans-serif\">Hate h\u00eenb\u00fbn ku qurban\u00ee li bazara Duhok\u00ea li taksiyek\u00ea siwar b\u00fbye, tawanbar\u00ea ku\u015ftin\u00ea bi wesayiteke din li pey w\u00ee hatiye \u00fb li n\u00eaz\u00eek\u00ee stad\u00eeyuma B\u00eera ya taxa Maltay\u00ea 3 gule berdane \u00fb di encam\u00ea de N\u00fbrett\u00een hatiye ku\u015ftin.<\/span><\/h3>\n<h3 style=\"text-align: justify\"><span style=\"font-family: arial, helvetica, sans-serif\">Hat diyarkirin ku Mihemmed Aladin N\u00fbrett\u00een\u00ea 39 sal\u00ee ji Bakur\u00ea Kurdistan\u00eaye.<\/span><\/h3>\n<h3 style=\"text-align: justify\"><span style=\"font-family: arial, helvetica, sans-serif\">Di d\u00eemen\u00ean kameraya ewlehiy\u00ea de r\u00fby\u00ea tawanbar\u00ea ku\u015ftin\u00ea bi zelal\u00ee t\u00ea d\u00eetin. Pi\u015ft\u00ee ku\u015ftina N\u00fbrett\u00een, gumanbar direve \u00fb \u015fopa w\u00ee winda dibe.<\/span><\/h3>\n<h3 style=\"text-align: justify\"><span style=\"font-family: arial, helvetica, sans-serif\">Rayedar\u00ean asay\u00ee\u015f\u00ea diyar kirin ku hem\u00fb r\u00eay\u00ean derketina baj\u00ear hatine girtin \u00fb \u015fens\u00ea rev\u00ea y\u00ea tawanbar n\u00eene bireve \u00fb gotin, &#8220;weke diyar dibe, gumanbar ne xelk\u00ea Her\u00eama Kurdistan\u00ea be.&#8221;<\/span><\/h3>\n<h3 style=\"text-align: justify\"><span style=\"font-family: arial, helvetica, sans-serif\">\u00c7av li PKK&#8217;\u00eaye<\/span><\/h3>\n<h3 style=\"text-align: justify\"><span style=\"font-family: arial, helvetica, sans-serif\">Tevgera PKK&#8217;\u00ea kadroy\u00ean ber\u00ea y\u00ean ku ji PKK\u2019\u00ea veqet\u00eene bi xay\u00een \u00eelan dike \u00fb tim\u00ee wan tac\u00eez dike. Dema ku PKK hinek kadroy\u00ean xwey\u00ean ber\u00ea dikuje, malbat\u00ean wan tehd\u00eed dike \u00fb bi ti awa r\u00ea bi wan nade ji \u00e7apemeniy\u00ea re rastiyan b\u00eajin. Heta niha gelek kes, bi taybet\u00ee j\u00ee kes\u00ean ku bi e\u015fkerey\u00ee PKK\u2019e rexne kir\u00een, ji aliy\u00ea PKK\u2019\u00ea ve hatine ku\u015ftin. Di nava kes\u00ean hatin qetilkirin de kes\u00ean payebilind\u00ean m\u00eena Kan\u00ee Yilmaz (Faysal Dunlac) j\u00ee heb\u00fbn ku tevl\u00ee qonaxa damezrandina PKK\u2019\u00ea j\u00ee b\u00fbne. Di 7&#8217;\u00ea Tebaxa 2014&#8217;an de \u015eore\u015f Bali\u00e7\u00ea ku bi malbat\u00ee tevl\u00ee nava PKK&#8217;\u00ea b\u00fbb\u00fb \u00fb pi\u015ftre ji PKK\u2019\u00ea qut b\u00fbb\u00fb, bi ke\u00e7a xwe Rew\u015fena 3 sal\u00ee re ji aliy\u00ea PKK\u2019\u00ea ve hat qetilkirin.<\/span><\/h3>\n","protected":false},"excerpt":{"rendered":"<p>Hate h\u00eenb\u00fbn ku kes\u00ea duh li Duhok\u00ea di n\u00eev\u00ea r\u00ea de hat qetilkirin kesek b\u00fbye ku p\u00ea\u015f niha ji nava PKK&#8217;\u00ea derketiye. Herwiha j\u00eaderan da zan\u00een ku ev kes ji aliy\u00ea PKK\u2019\u00ea ve hatiye tehd\u00eedkirin. Mihemed Aladin N\u00fbrett\u00een duh li navenda bajar\u00ea Duhok\u00ea dema ji texsiy\u00ea dadiket, bi 3 gulleyan hat qetilkirin. \u00c7avkaniy\u00ean ewlehiy\u00ea der [&hellip;]<\/p>\n","protected":false},"author":2,"featured_media":1031913,"comment_status":"closed","ping_status":"closed","sticky":false,"template":"","format":"standard","meta":{"footnotes":""},"categories":[29],"tags":[37],"class_list":["post-1031907","post","type-post","status-publish","format-standard","has-post-thumbnail","hentry","category-kurdistan","tag-sereke"],"blocksy_meta":[],"seo_head":"<!-- This site is optimized with the Yoast SEO plugin v27.5 - https:\/\/yoast.com\/product\/yoast-seo-wordpress\/ -->\n<title>Ji Partiya karkeran veqetiya \u00fb li Duhok\u00ea hat ku\u015ftin - Darka Maz\u00ee<\/title>\n<meta name=\"robots\" content=\"index, follow, max-snippet:-1, max-image-preview:large, max-video-preview:-1\" \/>\n<link rel=\"canonical\" href=\"https:\/\/darkamazi.info\/archives\/1031907\" \/>\n<meta property=\"og:locale\" content=\"en_US\" \/>\n<meta property=\"og:type\" content=\"article\" \/>\n<meta property=\"og:title\" content=\"Ji Partiya karkeran veqetiya \u00fb li Duhok\u00ea hat ku\u015ftin - Darka Maz\u00ee\" \/>\n<meta property=\"og:description\" content=\"Hate h\u00eenb\u00fbn ku kes\u00ea duh li Duhok\u00ea di n\u00eev\u00ea r\u00ea de hat qetilkirin kesek b\u00fbye ku p\u00ea\u015f niha ji nava PKK&#8217;\u00ea derketiye. Herwiha j\u00eaderan da zan\u00een ku ev kes ji aliy\u00ea PKK\u2019\u00ea ve hatiye tehd\u00eedkirin. Mihemed Aladin N\u00fbrett\u00een duh li navenda bajar\u00ea Duhok\u00ea dema ji texsiy\u00ea dadiket, bi 3 gulleyan hat qetilkirin. \u00c7avkaniy\u00ean ewlehiy\u00ea der [&hellip;]\" \/>\n<meta property=\"og:url\" content=\"https:\/\/darkamazi.info\/archives\/1031907\" \/>\n<meta property=\"og:site_name\" content=\"Darka Maz\u00ee\" \/>\n<meta property=\"article:publisher\" content=\"https:\/\/www.facebook.com\/DarMaziKurmanci\" \/>\n<meta property=\"article:published_time\" content=\"2022-08-20T12:07:27+00:00\" \/>\n<meta property=\"article:modified_time\" content=\"2022-08-20T14:41:42+00:00\" \/>\n<meta property=\"og:image\" content=\"https:\/\/darkamazi.info\/file\/2022\/08\/Muhammed-Alattin-Nurettin-adli-sahis-duhok-pkk-1.jpg\" \/>\n\t<meta property=\"og:image:width\" content=\"900\" \/>\n\t<meta property=\"og:image:height\" content=\"497\" \/>\n\t<meta property=\"og:image:type\" content=\"image\/jpeg\" \/>\n<meta name=\"author\" content=\"darka mazi\" \/>\n<meta name=\"twitter:card\" content=\"summary_large_image\" \/>\n<meta name=\"twitter:creator\" content=\"@DarkaMaziLatini\" \/>\n<meta name=\"twitter:site\" content=\"@DarkaMaziLatini\" \/>\n<meta name=\"twitter:label1\" content=\"Written by\" \/>\n\t<meta name=\"twitter:data1\" content=\"darka mazi\" \/>\n\t<meta name=\"twitter:label2\" content=\"Est. reading time\" \/>\n\t<meta name=\"twitter:data2\" content=\"2 minutes\" \/>\n<script type=\"application\/ld+json\" class=\"seo-schema-graph\">{\"@context\":\"https:\\\/\\\/schema.org\",\"@graph\":[{\"@type\":\"Article\",\"@id\":\"https:\\\/\\\/darkamazi.info\\\/archives\\\/1031907#article\",\"isPartOf\":{\"@id\":\"https:\\\/\\\/darkamazi.info\\\/archives\\\/1031907\"},\"author\":{\"name\":\"darka mazi\",\"@id\":\"https:\\\/\\\/darkamazi.info\\\/#\\\/schema\\\/person\\\/5ad3e24553a0567993fa8ed4bd0a776c\"},\"headline\":\"Ji Partiya karkeran veqetiya \u00fb li Duhok\u00ea hat ku\u015ftin\",\"datePublished\":\"2022-08-20T12:07:27+00:00\",\"dateModified\":\"2022-08-20T14:41:42+00:00\",\"mainEntityOfPage\":{\"@id\":\"https:\\\/\\\/darkamazi.info\\\/archives\\\/1031907\"},\"wordCount\":457,\"publisher\":{\"@id\":\"https:\\\/\\\/darkamazi.info\\\/#organization\"},\"image\":{\"@id\":\"https:\\\/\\\/darkamazi.info\\\/archives\\\/1031907#primaryimage\"},\"thumbnailUrl\":\"https:\\\/\\\/darkamazi.info\\\/darka-content\\\/uploads\\\/2022\\\/08\\\/Muhammed-Alattin-Nurettin-adli-sahis-duhok-pkk-1.jpg\",\"keywords\":[\"sereke\"],\"articleSection\":[\"Kurdistan\"],\"inLanguage\":\"en-US\"},{\"@type\":\"WebPage\",\"@id\":\"https:\\\/\\\/darkamazi.info\\\/archives\\\/1031907\",\"url\":\"https:\\\/\\\/darkamazi.info\\\/archives\\\/1031907\",\"name\":\"Ji Partiya karkeran veqetiya \u00fb li Duhok\u00ea hat ku\u015ftin - Darka Maz\u00ee\",\"isPartOf\":{\"@id\":\"https:\\\/\\\/darkamazi.info\\\/#website\"},\"primaryImageOfPage\":{\"@id\":\"https:\\\/\\\/darkamazi.info\\\/archives\\\/1031907#primaryimage\"},\"image\":{\"@id\":\"https:\\\/\\\/darkamazi.info\\\/archives\\\/1031907#primaryimage\"},\"thumbnailUrl\":\"https:\\\/\\\/darkamazi.info\\\/darka-content\\\/uploads\\\/2022\\\/08\\\/Muhammed-Alattin-Nurettin-adli-sahis-duhok-pkk-1.jpg\",\"datePublished\":\"2022-08-20T12:07:27+00:00\",\"dateModified\":\"2022-08-20T14:41:42+00:00\",\"breadcrumb\":{\"@id\":\"https:\\\/\\\/darkamazi.info\\\/archives\\\/1031907#breadcrumb\"},\"inLanguage\":\"en-US\",\"potentialAction\":[{\"@type\":\"ReadAction\",\"target\":[\"https:\\\/\\\/darkamazi.info\\\/archives\\\/1031907\"]}]},{\"@type\":\"ImageObject\",\"inLanguage\":\"en-US\",\"@id\":\"https:\\\/\\\/darkamazi.info\\\/archives\\\/1031907#primaryimage\",\"url\":\"https:\\\/\\\/darkamazi.info\\\/darka-content\\\/uploads\\\/2022\\\/08\\\/Muhammed-Alattin-Nurettin-adli-sahis-duhok-pkk-1.jpg\",\"contentUrl\":\"https:\\\/\\\/darkamazi.info\\\/darka-content\\\/uploads\\\/2022\\\/08\\\/Muhammed-Alattin-Nurettin-adli-sahis-duhok-pkk-1.jpg\",\"width\":900,\"height\":497,\"caption\":\"Muhammed Alattin Nurettin adl\u0131 \u015fah\u0131s-duhok-pkk (1)\"},{\"@type\":\"BreadcrumbList\",\"@id\":\"https:\\\/\\\/darkamazi.info\\\/archives\\\/1031907#breadcrumb\",\"itemListElement\":[{\"@type\":\"ListItem\",\"position\":1,\"name\":\"Home\",\"item\":\"https:\\\/\\\/darkamazi.info\\\/\"},{\"@type\":\"ListItem\",\"position\":2,\"name\":\"Ji Partiya karkeran veqetiya \u00fb li Duhok\u00ea hat ku\u015ftin\"}]},{\"@type\":\"WebSite\",\"@id\":\"https:\\\/\\\/darkamazi.info\\\/#website\",\"url\":\"https:\\\/\\\/darkamazi.info\\\/\",\"name\":\"Darka Maz\u00ee\",\"description\":\"P\u00eageha Zanyariy\u00ean Nebih\u00eest\u00ee\",\"publisher\":{\"@id\":\"https:\\\/\\\/darkamazi.info\\\/#organization\"},\"potentialAction\":[{\"@type\":\"SearchAction\",\"target\":{\"@type\":\"EntryPoint\",\"urlTemplate\":\"https:\\\/\\\/darkamazi.info\\\/?s={search_term_string}\"},\"query-input\":{\"@type\":\"PropertyValueSpecification\",\"valueRequired\":true,\"valueName\":\"search_term_string\"}}],\"inLanguage\":\"en-US\"},{\"@type\":\"Organization\",\"@id\":\"https:\\\/\\\/darkamazi.info\\\/#organization\",\"name\":\"Darka Maz\u00ee\",\"url\":\"https:\\\/\\\/darkamazi.info\\\/\",\"logo\":{\"@type\":\"ImageObject\",\"inLanguage\":\"en-US\",\"@id\":\"https:\\\/\\\/darkamazi.info\\\/#\\\/schema\\\/logo\\\/image\\\/\",\"url\":\"https:\\\/\\\/darkamazi.info\\\/darka-content\\\/uploads\\\/2017\\\/12\\\/darka-mazi-logo.png\",\"contentUrl\":\"https:\\\/\\\/darkamazi.info\\\/darka-content\\\/uploads\\\/2017\\\/12\\\/darka-mazi-logo.png\",\"width\":151,\"height\":75,\"caption\":\"Darka Maz\u00ee\"},\"image\":{\"@id\":\"https:\\\/\\\/darkamazi.info\\\/#\\\/schema\\\/logo\\\/image\\\/\"},\"sameAs\":[\"https:\\\/\\\/www.facebook.com\\\/DarMaziKurmanci\",\"https:\\\/\\\/x.com\\\/DarkaMaziLatini\",\"https:\\\/\\\/www.instagram.com\\\/darkamazi.kurmanci\\\/\",\"https:\\\/\\\/www.youtube.com\\\/channel\\\/UCa5HkTdmI8U1qCUFuTw8B2g\"]},{\"@type\":\"Person\",\"@id\":\"https:\\\/\\\/darkamazi.info\\\/#\\\/schema\\\/person\\\/5ad3e24553a0567993fa8ed4bd0a776c\",\"name\":\"darka mazi\",\"sameAs\":[\"https:\\\/\\\/darkamazi.info\\\/\"],\"url\":\"https:\\\/\\\/darkamazi.info\\\/archives\\\/author\\\/kurdi\"}]}<\/script>\n<!-- \/ Yoast SEO plugin. -->","seo_head_json":{"title":"Ji Partiya karkeran veqetiya \u00fb li Duhok\u00ea hat ku\u015ftin - Darka Maz\u00ee","robots":{"index":"index","follow":"follow","max-snippet":"max-snippet:-1","max-image-preview":"max-image-preview:large","max-video-preview":"max-video-preview:-1"},"canonical":"https:\/\/darkamazi.info\/archives\/1031907","og_locale":"en_US","og_type":"article","og_title":"Ji Partiya karkeran veqetiya \u00fb li Duhok\u00ea hat ku\u015ftin - Darka Maz\u00ee","og_description":"Hate h\u00eenb\u00fbn ku kes\u00ea duh li Duhok\u00ea di n\u00eev\u00ea r\u00ea de hat qetilkirin kesek b\u00fbye ku p\u00ea\u015f niha ji nava PKK&#8217;\u00ea derketiye. Herwiha j\u00eaderan da zan\u00een ku ev kes ji aliy\u00ea PKK\u2019\u00ea ve hatiye tehd\u00eedkirin. Mihemed Aladin N\u00fbrett\u00een duh li navenda bajar\u00ea Duhok\u00ea dema ji texsiy\u00ea dadiket, bi 3 gulleyan hat qetilkirin. \u00c7avkaniy\u00ean ewlehiy\u00ea der [&hellip;]","og_url":"https:\/\/darkamazi.info\/archives\/1031907","og_site_name":"Darka Maz\u00ee","article_publisher":"https:\/\/www.facebook.com\/DarMaziKurmanci","article_published_time":"2022-08-20T12:07:27+00:00","article_modified_time":"2022-08-20T14:41:42+00:00","og_image":[{"width":900,"height":497,"url":"https:\/\/darkamazi.info\/file\/2022\/08\/Muhammed-Alattin-Nurettin-adli-sahis-duhok-pkk-1.jpg","type":"image\/jpeg"}],"author":"darka mazi","twitter_card":"summary_large_image","twitter_creator":"@DarkaMaziLatini","twitter_site":"@DarkaMaziLatini","twitter_misc":{"Written by":"darka mazi","Est. reading time":"2 minutes"},"schema":{"@context":"https:\/\/schema.org","@graph":[{"@type":"Article","@id":"https:\/\/darkamazi.info\/archives\/1031907#article","isPartOf":{"@id":"https:\/\/darkamazi.info\/archives\/1031907"},"author":{"name":"darka mazi","@id":"https:\/\/darkamazi.info\/#\/schema\/person\/5ad3e24553a0567993fa8ed4bd0a776c"},"headline":"Ji Partiya karkeran veqetiya \u00fb li Duhok\u00ea hat ku\u015ftin","datePublished":"2022-08-20T12:07:27+00:00","dateModified":"2022-08-20T14:41:42+00:00","mainEntityOfPage":{"@id":"https:\/\/darkamazi.info\/archives\/1031907"},"wordCount":457,"publisher":{"@id":"https:\/\/darkamazi.info\/#organization"},"image":{"@id":"https:\/\/darkamazi.info\/archives\/1031907#primaryimage"},"thumbnailUrl":"https:\/\/darkamazi.info\/file\/2022\/08\/Muhammed-Alattin-Nurettin-adli-sahis-duhok-pkk-1.jpg","keywords":["sereke"],"articleSection":["Kurdistan"],"inLanguage":"en-US"},{"@type":"WebPage","@id":"https:\/\/darkamazi.info\/archives\/1031907","url":"https:\/\/darkamazi.info\/archives\/1031907","name":"Ji Partiya karkeran veqetiya \u00fb li Duhok\u00ea hat ku\u015ftin - Darka Maz\u00ee","isPartOf":{"@id":"https:\/\/darkamazi.info\/#website"},"primaryImageOfPage":{"@id":"https:\/\/darkamazi.info\/archives\/1031907#primaryimage"},"image":{"@id":"https:\/\/darkamazi.info\/archives\/1031907#primaryimage"},"thumbnailUrl":"https:\/\/darkamazi.info\/file\/2022\/08\/Muhammed-Alattin-Nurettin-adli-sahis-duhok-pkk-1.jpg","datePublished":"2022-08-20T12:07:27+00:00","dateModified":"2022-08-20T14:41:42+00:00","breadcrumb":{"@id":"https:\/\/darkamazi.info\/archives\/1031907#breadcrumb"},"inLanguage":"en-US","potentialAction":[{"@type":"ReadAction","target":["https:\/\/darkamazi.info\/archives\/1031907"]}]},{"@type":"ImageObject","inLanguage":"en-US","@id":"https:\/\/darkamazi.info\/archives\/1031907#primaryimage","url":"https:\/\/darkamazi.info\/file\/2022\/08\/Muhammed-Alattin-Nurettin-adli-sahis-duhok-pkk-1.jpg","contentUrl":"https:\/\/darkamazi.info\/file\/2022\/08\/Muhammed-Alattin-Nurettin-adli-sahis-duhok-pkk-1.jpg","width":900,"height":497,"caption":"Muhammed Alattin Nurettin adl\u0131 \u015fah\u0131s-duhok-pkk (1)"},{"@type":"BreadcrumbList","@id":"https:\/\/darkamazi.info\/archives\/1031907#breadcrumb","itemListElement":[{"@type":"ListItem","position":1,"name":"Home","item":"https:\/\/darkamazi.info\/"},{"@type":"ListItem","position":2,"name":"Ji Partiya karkeran veqetiya \u00fb li Duhok\u00ea hat ku\u015ftin"}]},{"@type":"WebSite","@id":"https:\/\/darkamazi.info\/#website","url":"https:\/\/darkamazi.info\/","name":"Darka Maz\u00ee","description":"P\u00eageha Zanyariy\u00ean Nebih\u00eest\u00ee","publisher":{"@id":"https:\/\/darkamazi.info\/#organization"},"potentialAction":[{"@type":"SearchAction","target":{"@type":"EntryPoint","urlTemplate":"https:\/\/darkamazi.info\/?s={search_term_string}"},"query-input":{"@type":"PropertyValueSpecification","valueRequired":true,"valueName":"search_term_string"}}],"inLanguage":"en-US"},{"@type":"Organization","@id":"https:\/\/darkamazi.info\/#organization","name":"Darka Maz\u00ee","url":"https:\/\/darkamazi.info\/","logo":{"@type":"ImageObject","inLanguage":"en-US","@id":"https:\/\/darkamazi.info\/#\/schema\/logo\/image\/","url":"https:\/\/darkamazi.info\/file\/2017\/12\/darka-mazi-logo.png","contentUrl":"https:\/\/darkamazi.info\/file\/2017\/12\/darka-mazi-logo.png","width":151,"height":75,"caption":"Darka Maz\u00ee"},"image":{"@id":"https:\/\/darkamazi.info\/#\/schema\/logo\/image\/"},"sameAs":["https:\/\/www.facebook.com\/DarMaziKurmanci","https:\/\/x.com\/DarkaMaziLatini","https:\/\/www.instagram.com\/darkamazi.kurmanci\/","https:\/\/www.youtube.com\/channel\/UCa5HkTdmI8U1qCUFuTw8B2g"]},{"@type":"Person","@id":"https:\/\/darkamazi.info\/#\/schema\/person\/5ad3e24553a0567993fa8ed4bd0a776c","name":"darka mazi","sameAs":["https:\/\/darkamazi.info\/"],"url":"https:\/\/darkamazi.info\/archives\/author\/kurdi"}]}},"_links":{"self":[{"href":"https:\/\/darkamazi.info\/funavuv\/wp\/v2\/posts\/1031907","targetHints":{"allow":["GET"]}}],"collection":[{"href":"https:\/\/darkamazi.info\/funavuv\/wp\/v2\/posts"}],"about":[{"href":"https:\/\/darkamazi.info\/funavuv\/wp\/v2\/types\/post"}],"author":[{"embeddable":true,"href":"https:\/\/darkamazi.info\/funavuv\/wp\/v2\/users\/2"}],"replies":[{"embeddable":true,"href":"https:\/\/darkamazi.info\/funavuv\/wp\/v2\/comments?post=1031907"}],"version-history":[{"count":0,"href":"https:\/\/darkamazi.info\/funavuv\/wp\/v2\/posts\/1031907\/revisions"}],"wp:featuredmedia":[{"embeddable":true,"href":"https:\/\/darkamazi.info\/funavuv\/wp\/v2\/media\/1031913"}],"wp:attachment":[{"href":"https:\/\/darkamazi.info\/funavuv\/wp\/v2\/media?parent=1031907"}],"wp:term":[{"taxonomy":"category","embeddable":true,"href":"https:\/\/darkamazi.info\/funavuv\/wp\/v2\/categories?post=1031907"},{"taxonomy":"post_tag","embeddable":true,"href":"https:\/\/darkamazi.info\/funavuv\/wp\/v2\/tags?post=1031907"}],"curies":[{"name":"wp","href":"https:\/\/api.w.org\/{rel}","templated":true}]}}