{"id":1032045,"date":"2022-08-27T11:36:01","date_gmt":"2022-08-27T08:36:01","guid":{"rendered":"https:\/\/darkamazi.info\/?p=1032045"},"modified":"2022-08-27T11:36:01","modified_gmt":"2022-08-27T08:36:01","slug":"li-bane-kolbereki-din-ji-aliye-hezen-irane-ve-hat-kustin","status":"publish","type":"post","link":"https:\/\/darkamazi.info\/archives\/1032045","title":{"rendered":"Li Bane kolberek\u00ee din ji aliy\u00ea h\u00eaz\u00ean \u00ceran\u00ea ve hat ku\u015ftin"},"content":{"rendered":"<h3 style=\"text-align: justify\"><span style=\"font-family: 'arial black', sans-serif\">Li nav\u00e7eya Bane ya Rojhilat\u00ea Kurdistan\u00ea kolberek\u00ee Kurd ji aliy\u00ea h\u00eaz\u00ean \u00ceran\u00ea ve hat ku\u015ftin.<\/span><\/h3>\n<h3 style=\"text-align: justify\">R\u00eaxistina Maf\u00ean Mirovan a \u201cHengaw\u201d belav kiriye, duh \u00een\u00ea 26\u00ea Tebaxa 2022yan kolberek\u00ee Kurd y\u00ea bi nav\u00ea R\u00eabwar Re\u015f\u00eed\u00ee bi teqeya rasterast a h\u00eaz\u00ean \u00ceran\u00ee hat ku\u015ftin.<\/h3>\n<h3 style=\"text-align: justify\">Herwiha ragihandiye, R\u00eabwar Re\u015f\u00eed\u00ee temen 30 sal\u00ee \u00fb xelk\u00ea gund\u00ea Qulyawa y\u00ea ser bi bajar\u00ea Bane ye \u00fb bav\u00ea du zarokan \u00fb hevj\u00eena w\u00ee j\u00ee ducan\u00ee ye.<\/h3>\n<h3 style=\"text-align: justify\">Li gor\u00ee amar\u00ean Hengaw, di nava 35 roj\u00ean bor\u00ee de, her\u00ee k\u00eam 5 kolber\u00ean Kurd li nav\u00e7eya Ban\u00ea ji aliy\u00ea h\u00eaz\u00ean \u00ceran\u00ee ve hatine ku\u015ftin.<\/h3>\n<h3 style=\"text-align: justify\">Xelk\u00ea nav\u00e7ey\u00ean s\u00eenor\u00ee y\u00ean Rojhilat\u00ea Kurdistan\u00ea ji ber hejariy\u00ea, ne\u00e7ar dibin ku kar\u00ea kolberiy\u00ea di navbera Ba\u015f\u00fbr \u00fb Rojhilat\u00ea Kurdistan\u00ea de di r\u00eay\u00ean dijwar re bikin, l\u00ea gelek caran j\u00ee rast\u00ee \u00ear\u00ee\u015f\u00ean h\u00eaz\u00ean \u00ceran\u00ea t\u00ean.<\/h3>\n","protected":false},"excerpt":{"rendered":"<p>Li nav\u00e7eya Bane ya Rojhilat\u00ea Kurdistan\u00ea kolberek\u00ee Kurd ji aliy\u00ea h\u00eaz\u00ean \u00ceran\u00ea ve hat ku\u015ftin. R\u00eaxistina Maf\u00ean Mirovan a \u201cHengaw\u201d belav kiriye, duh \u00een\u00ea 26\u00ea Tebaxa 2022yan kolberek\u00ee Kurd y\u00ea bi nav\u00ea R\u00eabwar Re\u015f\u00eed\u00ee bi teqeya rasterast a h\u00eaz\u00ean \u00ceran\u00ee hat ku\u015ftin. Herwiha ragihandiye, R\u00eabwar Re\u015f\u00eed\u00ee temen 30 sal\u00ee \u00fb xelk\u00ea gund\u00ea Qulyawa y\u00ea ser [&hellip;]<\/p>\n","protected":false},"author":2,"featured_media":1032046,"comment_status":"closed","ping_status":"closed","sticky":false,"template":"","format":"standard","meta":{"footnotes":""},"categories":[29],"tags":[37],"class_list":["post-1032045","post","type-post","status-publish","format-standard","has-post-thumbnail","hentry","category-kurdistan","tag-sereke"],"blocksy_meta":[],"seo_head":"<!-- This site is optimized with the Yoast SEO plugin v27.5 - https:\/\/yoast.com\/product\/yoast-seo-wordpress\/ -->\n<title>Li Bane kolberek\u00ee din ji aliy\u00ea h\u00eaz\u00ean \u00ceran\u00ea ve hat ku\u015ftin - Darka Maz\u00ee<\/title>\n<meta name=\"robots\" content=\"index, follow, max-snippet:-1, max-image-preview:large, max-video-preview:-1\" \/>\n<link rel=\"canonical\" href=\"https:\/\/darkamazi.info\/archives\/1032045\" \/>\n<meta property=\"og:locale\" content=\"en_US\" \/>\n<meta property=\"og:type\" content=\"article\" \/>\n<meta property=\"og:title\" content=\"Li Bane kolberek\u00ee din ji aliy\u00ea h\u00eaz\u00ean \u00ceran\u00ea ve hat ku\u015ftin - Darka Maz\u00ee\" \/>\n<meta property=\"og:description\" content=\"Li nav\u00e7eya Bane ya Rojhilat\u00ea Kurdistan\u00ea kolberek\u00ee Kurd ji aliy\u00ea h\u00eaz\u00ean \u00ceran\u00ea ve hat ku\u015ftin. R\u00eaxistina Maf\u00ean Mirovan a \u201cHengaw\u201d belav kiriye, duh \u00een\u00ea 26\u00ea Tebaxa 2022yan kolberek\u00ee Kurd y\u00ea bi nav\u00ea R\u00eabwar Re\u015f\u00eed\u00ee bi teqeya rasterast a h\u00eaz\u00ean \u00ceran\u00ee hat ku\u015ftin. Herwiha ragihandiye, R\u00eabwar Re\u015f\u00eed\u00ee temen 30 sal\u00ee \u00fb xelk\u00ea gund\u00ea Qulyawa y\u00ea ser [&hellip;]\" \/>\n<meta property=\"og:url\" content=\"https:\/\/darkamazi.info\/archives\/1032045\" \/>\n<meta property=\"og:site_name\" content=\"Darka Maz\u00ee\" \/>\n<meta property=\"article:publisher\" content=\"https:\/\/www.facebook.com\/DarMaziKurmanci\" \/>\n<meta property=\"article:published_time\" content=\"2022-08-27T08:36:01+00:00\" \/>\n<meta property=\"og:image\" content=\"https:\/\/darkamazi.info\/file\/2022\/08\/\u06a9\u06c6\u0644\u0628\u06d5\u0631-kolber-rojhilat.jpg\" \/>\n\t<meta property=\"og:image:width\" content=\"900\" \/>\n\t<meta property=\"og:image:height\" content=\"497\" \/>\n\t<meta property=\"og:image:type\" content=\"image\/jpeg\" \/>\n<meta name=\"author\" content=\"darka mazi\" \/>\n<meta name=\"twitter:card\" content=\"summary_large_image\" \/>\n<meta name=\"twitter:creator\" content=\"@DarkaMaziLatini\" \/>\n<meta name=\"twitter:site\" content=\"@DarkaMaziLatini\" \/>\n<meta name=\"twitter:label1\" content=\"Written by\" \/>\n\t<meta name=\"twitter:data1\" content=\"darka mazi\" \/>\n\t<meta name=\"twitter:label2\" content=\"Est. reading time\" \/>\n\t<meta name=\"twitter:data2\" content=\"1 minute\" \/>\n<script type=\"application\/ld+json\" class=\"seo-schema-graph\">{\"@context\":\"https:\\\/\\\/schema.org\",\"@graph\":[{\"@type\":\"Article\",\"@id\":\"https:\\\/\\\/darkamazi.info\\\/archives\\\/1032045#article\",\"isPartOf\":{\"@id\":\"https:\\\/\\\/darkamazi.info\\\/archives\\\/1032045\"},\"author\":{\"name\":\"darka mazi\",\"@id\":\"https:\\\/\\\/darkamazi.info\\\/#\\\/schema\\\/person\\\/5ad3e24553a0567993fa8ed4bd0a776c\"},\"headline\":\"Li Bane kolberek\u00ee din ji aliy\u00ea h\u00eaz\u00ean \u00ceran\u00ea ve hat ku\u015ftin\",\"datePublished\":\"2022-08-27T08:36:01+00:00\",\"mainEntityOfPage\":{\"@id\":\"https:\\\/\\\/darkamazi.info\\\/archives\\\/1032045\"},\"wordCount\":169,\"publisher\":{\"@id\":\"https:\\\/\\\/darkamazi.info\\\/#organization\"},\"image\":{\"@id\":\"https:\\\/\\\/darkamazi.info\\\/archives\\\/1032045#primaryimage\"},\"thumbnailUrl\":\"https:\\\/\\\/darkamazi.info\\\/darka-content\\\/uploads\\\/2022\\\/08\\\/\u06a9\u06c6\u0644\u0628\u06d5\u0631-kolber-rojhilat.jpg\",\"keywords\":[\"sereke\"],\"articleSection\":[\"Kurdistan\"],\"inLanguage\":\"en-US\"},{\"@type\":\"WebPage\",\"@id\":\"https:\\\/\\\/darkamazi.info\\\/archives\\\/1032045\",\"url\":\"https:\\\/\\\/darkamazi.info\\\/archives\\\/1032045\",\"name\":\"Li Bane kolberek\u00ee din ji aliy\u00ea h\u00eaz\u00ean \u00ceran\u00ea ve hat ku\u015ftin - Darka Maz\u00ee\",\"isPartOf\":{\"@id\":\"https:\\\/\\\/darkamazi.info\\\/#website\"},\"primaryImageOfPage\":{\"@id\":\"https:\\\/\\\/darkamazi.info\\\/archives\\\/1032045#primaryimage\"},\"image\":{\"@id\":\"https:\\\/\\\/darkamazi.info\\\/archives\\\/1032045#primaryimage\"},\"thumbnailUrl\":\"https:\\\/\\\/darkamazi.info\\\/darka-content\\\/uploads\\\/2022\\\/08\\\/\u06a9\u06c6\u0644\u0628\u06d5\u0631-kolber-rojhilat.jpg\",\"datePublished\":\"2022-08-27T08:36:01+00:00\",\"breadcrumb\":{\"@id\":\"https:\\\/\\\/darkamazi.info\\\/archives\\\/1032045#breadcrumb\"},\"inLanguage\":\"en-US\",\"potentialAction\":[{\"@type\":\"ReadAction\",\"target\":[\"https:\\\/\\\/darkamazi.info\\\/archives\\\/1032045\"]}]},{\"@type\":\"ImageObject\",\"inLanguage\":\"en-US\",\"@id\":\"https:\\\/\\\/darkamazi.info\\\/archives\\\/1032045#primaryimage\",\"url\":\"https:\\\/\\\/darkamazi.info\\\/darka-content\\\/uploads\\\/2022\\\/08\\\/\u06a9\u06c6\u0644\u0628\u06d5\u0631-kolber-rojhilat.jpg\",\"contentUrl\":\"https:\\\/\\\/darkamazi.info\\\/darka-content\\\/uploads\\\/2022\\\/08\\\/\u06a9\u06c6\u0644\u0628\u06d5\u0631-kolber-rojhilat.jpg\",\"width\":900,\"height\":497,\"caption\":\"Li Bane kolberek\u00ee din ji aliy\u00ea h\u00eaz\u00ean \u00ceran\u00ea ve hat ku\u015ftin\"},{\"@type\":\"BreadcrumbList\",\"@id\":\"https:\\\/\\\/darkamazi.info\\\/archives\\\/1032045#breadcrumb\",\"itemListElement\":[{\"@type\":\"ListItem\",\"position\":1,\"name\":\"Home\",\"item\":\"https:\\\/\\\/darkamazi.info\\\/\"},{\"@type\":\"ListItem\",\"position\":2,\"name\":\"Li Bane kolberek\u00ee din ji aliy\u00ea h\u00eaz\u00ean \u00ceran\u00ea ve hat ku\u015ftin\"}]},{\"@type\":\"WebSite\",\"@id\":\"https:\\\/\\\/darkamazi.info\\\/#website\",\"url\":\"https:\\\/\\\/darkamazi.info\\\/\",\"name\":\"Darka Maz\u00ee\",\"description\":\"P\u00eageha Zanyariy\u00ean Nebih\u00eest\u00ee\",\"publisher\":{\"@id\":\"https:\\\/\\\/darkamazi.info\\\/#organization\"},\"potentialAction\":[{\"@type\":\"SearchAction\",\"target\":{\"@type\":\"EntryPoint\",\"urlTemplate\":\"https:\\\/\\\/darkamazi.info\\\/?s={search_term_string}\"},\"query-input\":{\"@type\":\"PropertyValueSpecification\",\"valueRequired\":true,\"valueName\":\"search_term_string\"}}],\"inLanguage\":\"en-US\"},{\"@type\":\"Organization\",\"@id\":\"https:\\\/\\\/darkamazi.info\\\/#organization\",\"name\":\"Darka Maz\u00ee\",\"url\":\"https:\\\/\\\/darkamazi.info\\\/\",\"logo\":{\"@type\":\"ImageObject\",\"inLanguage\":\"en-US\",\"@id\":\"https:\\\/\\\/darkamazi.info\\\/#\\\/schema\\\/logo\\\/image\\\/\",\"url\":\"https:\\\/\\\/darkamazi.info\\\/darka-content\\\/uploads\\\/2017\\\/12\\\/darka-mazi-logo.png\",\"contentUrl\":\"https:\\\/\\\/darkamazi.info\\\/darka-content\\\/uploads\\\/2017\\\/12\\\/darka-mazi-logo.png\",\"width\":151,\"height\":75,\"caption\":\"Darka Maz\u00ee\"},\"image\":{\"@id\":\"https:\\\/\\\/darkamazi.info\\\/#\\\/schema\\\/logo\\\/image\\\/\"},\"sameAs\":[\"https:\\\/\\\/www.facebook.com\\\/DarMaziKurmanci\",\"https:\\\/\\\/x.com\\\/DarkaMaziLatini\",\"https:\\\/\\\/www.instagram.com\\\/darkamazi.kurmanci\\\/\",\"https:\\\/\\\/www.youtube.com\\\/channel\\\/UCa5HkTdmI8U1qCUFuTw8B2g\"]},{\"@type\":\"Person\",\"@id\":\"https:\\\/\\\/darkamazi.info\\\/#\\\/schema\\\/person\\\/5ad3e24553a0567993fa8ed4bd0a776c\",\"name\":\"darka mazi\",\"sameAs\":[\"https:\\\/\\\/darkamazi.info\\\/\"],\"url\":\"https:\\\/\\\/darkamazi.info\\\/archives\\\/author\\\/kurdi\"}]}<\/script>\n<!-- \/ Yoast SEO plugin. -->","seo_head_json":{"title":"Li Bane kolberek\u00ee din ji aliy\u00ea h\u00eaz\u00ean \u00ceran\u00ea ve hat ku\u015ftin - Darka Maz\u00ee","robots":{"index":"index","follow":"follow","max-snippet":"max-snippet:-1","max-image-preview":"max-image-preview:large","max-video-preview":"max-video-preview:-1"},"canonical":"https:\/\/darkamazi.info\/archives\/1032045","og_locale":"en_US","og_type":"article","og_title":"Li Bane kolberek\u00ee din ji aliy\u00ea h\u00eaz\u00ean \u00ceran\u00ea ve hat ku\u015ftin - Darka Maz\u00ee","og_description":"Li nav\u00e7eya Bane ya Rojhilat\u00ea Kurdistan\u00ea kolberek\u00ee Kurd ji aliy\u00ea h\u00eaz\u00ean \u00ceran\u00ea ve hat ku\u015ftin. R\u00eaxistina Maf\u00ean Mirovan a \u201cHengaw\u201d belav kiriye, duh \u00een\u00ea 26\u00ea Tebaxa 2022yan kolberek\u00ee Kurd y\u00ea bi nav\u00ea R\u00eabwar Re\u015f\u00eed\u00ee bi teqeya rasterast a h\u00eaz\u00ean \u00ceran\u00ee hat ku\u015ftin. Herwiha ragihandiye, R\u00eabwar Re\u015f\u00eed\u00ee temen 30 sal\u00ee \u00fb xelk\u00ea gund\u00ea Qulyawa y\u00ea ser [&hellip;]","og_url":"https:\/\/darkamazi.info\/archives\/1032045","og_site_name":"Darka Maz\u00ee","article_publisher":"https:\/\/www.facebook.com\/DarMaziKurmanci","article_published_time":"2022-08-27T08:36:01+00:00","og_image":[{"width":900,"height":497,"url":"https:\/\/darkamazi.info\/file\/2022\/08\/\u06a9\u06c6\u0644\u0628\u06d5\u0631-kolber-rojhilat.jpg","type":"image\/jpeg"}],"author":"darka mazi","twitter_card":"summary_large_image","twitter_creator":"@DarkaMaziLatini","twitter_site":"@DarkaMaziLatini","twitter_misc":{"Written by":"darka mazi","Est. reading time":"1 minute"},"schema":{"@context":"https:\/\/schema.org","@graph":[{"@type":"Article","@id":"https:\/\/darkamazi.info\/archives\/1032045#article","isPartOf":{"@id":"https:\/\/darkamazi.info\/archives\/1032045"},"author":{"name":"darka mazi","@id":"https:\/\/darkamazi.info\/#\/schema\/person\/5ad3e24553a0567993fa8ed4bd0a776c"},"headline":"Li Bane kolberek\u00ee din ji aliy\u00ea h\u00eaz\u00ean \u00ceran\u00ea ve hat ku\u015ftin","datePublished":"2022-08-27T08:36:01+00:00","mainEntityOfPage":{"@id":"https:\/\/darkamazi.info\/archives\/1032045"},"wordCount":169,"publisher":{"@id":"https:\/\/darkamazi.info\/#organization"},"image":{"@id":"https:\/\/darkamazi.info\/archives\/1032045#primaryimage"},"thumbnailUrl":"https:\/\/darkamazi.info\/file\/2022\/08\/\u06a9\u06c6\u0644\u0628\u06d5\u0631-kolber-rojhilat.jpg","keywords":["sereke"],"articleSection":["Kurdistan"],"inLanguage":"en-US"},{"@type":"WebPage","@id":"https:\/\/darkamazi.info\/archives\/1032045","url":"https:\/\/darkamazi.info\/archives\/1032045","name":"Li Bane kolberek\u00ee din ji aliy\u00ea h\u00eaz\u00ean \u00ceran\u00ea ve hat ku\u015ftin - Darka Maz\u00ee","isPartOf":{"@id":"https:\/\/darkamazi.info\/#website"},"primaryImageOfPage":{"@id":"https:\/\/darkamazi.info\/archives\/1032045#primaryimage"},"image":{"@id":"https:\/\/darkamazi.info\/archives\/1032045#primaryimage"},"thumbnailUrl":"https:\/\/darkamazi.info\/file\/2022\/08\/\u06a9\u06c6\u0644\u0628\u06d5\u0631-kolber-rojhilat.jpg","datePublished":"2022-08-27T08:36:01+00:00","breadcrumb":{"@id":"https:\/\/darkamazi.info\/archives\/1032045#breadcrumb"},"inLanguage":"en-US","potentialAction":[{"@type":"ReadAction","target":["https:\/\/darkamazi.info\/archives\/1032045"]}]},{"@type":"ImageObject","inLanguage":"en-US","@id":"https:\/\/darkamazi.info\/archives\/1032045#primaryimage","url":"https:\/\/darkamazi.info\/file\/2022\/08\/\u06a9\u06c6\u0644\u0628\u06d5\u0631-kolber-rojhilat.jpg","contentUrl":"https:\/\/darkamazi.info\/file\/2022\/08\/\u06a9\u06c6\u0644\u0628\u06d5\u0631-kolber-rojhilat.jpg","width":900,"height":497,"caption":"Li Bane kolberek\u00ee din ji aliy\u00ea h\u00eaz\u00ean \u00ceran\u00ea ve hat ku\u015ftin"},{"@type":"BreadcrumbList","@id":"https:\/\/darkamazi.info\/archives\/1032045#breadcrumb","itemListElement":[{"@type":"ListItem","position":1,"name":"Home","item":"https:\/\/darkamazi.info\/"},{"@type":"ListItem","position":2,"name":"Li Bane kolberek\u00ee din ji aliy\u00ea h\u00eaz\u00ean \u00ceran\u00ea ve hat ku\u015ftin"}]},{"@type":"WebSite","@id":"https:\/\/darkamazi.info\/#website","url":"https:\/\/darkamazi.info\/","name":"Darka Maz\u00ee","description":"P\u00eageha Zanyariy\u00ean Nebih\u00eest\u00ee","publisher":{"@id":"https:\/\/darkamazi.info\/#organization"},"potentialAction":[{"@type":"SearchAction","target":{"@type":"EntryPoint","urlTemplate":"https:\/\/darkamazi.info\/?s={search_term_string}"},"query-input":{"@type":"PropertyValueSpecification","valueRequired":true,"valueName":"search_term_string"}}],"inLanguage":"en-US"},{"@type":"Organization","@id":"https:\/\/darkamazi.info\/#organization","name":"Darka Maz\u00ee","url":"https:\/\/darkamazi.info\/","logo":{"@type":"ImageObject","inLanguage":"en-US","@id":"https:\/\/darkamazi.info\/#\/schema\/logo\/image\/","url":"https:\/\/darkamazi.info\/file\/2017\/12\/darka-mazi-logo.png","contentUrl":"https:\/\/darkamazi.info\/file\/2017\/12\/darka-mazi-logo.png","width":151,"height":75,"caption":"Darka Maz\u00ee"},"image":{"@id":"https:\/\/darkamazi.info\/#\/schema\/logo\/image\/"},"sameAs":["https:\/\/www.facebook.com\/DarMaziKurmanci","https:\/\/x.com\/DarkaMaziLatini","https:\/\/www.instagram.com\/darkamazi.kurmanci\/","https:\/\/www.youtube.com\/channel\/UCa5HkTdmI8U1qCUFuTw8B2g"]},{"@type":"Person","@id":"https:\/\/darkamazi.info\/#\/schema\/person\/5ad3e24553a0567993fa8ed4bd0a776c","name":"darka mazi","sameAs":["https:\/\/darkamazi.info\/"],"url":"https:\/\/darkamazi.info\/archives\/author\/kurdi"}]}},"_links":{"self":[{"href":"https:\/\/darkamazi.info\/funavuv\/wp\/v2\/posts\/1032045","targetHints":{"allow":["GET"]}}],"collection":[{"href":"https:\/\/darkamazi.info\/funavuv\/wp\/v2\/posts"}],"about":[{"href":"https:\/\/darkamazi.info\/funavuv\/wp\/v2\/types\/post"}],"author":[{"embeddable":true,"href":"https:\/\/darkamazi.info\/funavuv\/wp\/v2\/users\/2"}],"replies":[{"embeddable":true,"href":"https:\/\/darkamazi.info\/funavuv\/wp\/v2\/comments?post=1032045"}],"version-history":[{"count":0,"href":"https:\/\/darkamazi.info\/funavuv\/wp\/v2\/posts\/1032045\/revisions"}],"wp:featuredmedia":[{"embeddable":true,"href":"https:\/\/darkamazi.info\/funavuv\/wp\/v2\/media\/1032046"}],"wp:attachment":[{"href":"https:\/\/darkamazi.info\/funavuv\/wp\/v2\/media?parent=1032045"}],"wp:term":[{"taxonomy":"category","embeddable":true,"href":"https:\/\/darkamazi.info\/funavuv\/wp\/v2\/categories?post=1032045"},{"taxonomy":"post_tag","embeddable":true,"href":"https:\/\/darkamazi.info\/funavuv\/wp\/v2\/tags?post=1032045"}],"curies":[{"name":"wp","href":"https:\/\/api.w.org\/{rel}","templated":true}]}}