{"id":1032053,"date":"2022-08-27T18:24:57","date_gmt":"2022-08-27T15:24:57","guid":{"rendered":"https:\/\/darkamazi.info\/?p=1032053"},"modified":"2022-08-27T18:26:27","modified_gmt":"2022-08-27T15:26:27","slug":"hewildana-pkkeya-kustina-serok-barzani-bi-ser-neket","status":"publish","type":"post","link":"https:\/\/darkamazi.info\/archives\/1032053","title":{"rendered":"Hewla PKK\u00ea a terorkirina Serok Barzan\u00ee ser neket"},"content":{"rendered":"<h3 style=\"text-align: justify\"><span style=\"font-family: 'arial black', sans-serif\">Di be\u015fa nehem\u00eena pirt\u00fbka bi nav\u00ea Barzan\u00ee \u00fb Tevgera Rizgar\u00eexwaza Gel\u00ea Kurd ku ji aliy\u00ea Serok Barzan\u00ee ve hatiye niv\u00eesandin, behsa rola w\u00earankera PKK\u2019 li her\u00eama Kurdistan\u00ea hatiye kirin.<\/span><\/h3>\n<h3 style=\"text-align: justify\"><span style=\"font-family: arial, helvetica, sans-serif\">Serok Barzan\u00ee di v\u00ea be\u015fa pirt\u00fbka xwe de dinv\u00ees\u00eene, pirsgir\u00eaka PKK\u2019\u00ea ya sereke ewe ku xwe wek\u00ee c\u00eegir\u00ea hem\u00fb partiy\u00ean Kurdistan\u00ee dib\u00eene \u00fb ji bo berjewendiy\u00ean xwe her cure reftaran bi kar t\u00eene, pi\u015ft\u00ee serhildana 1991&#8217;an ji bo PKK\u2019\u00ea zehmet b\u00fb ku serkeftin\u00ean mezin\u00ean gel\u00ea kurd m\u00eaze bike.<\/span><\/h3>\n<h3 style=\"text-align: justify\"><span style=\"font-family: arial, helvetica, sans-serif\">Serok Barzan\u00ee di r\u00fbpela 193 a pirt\u00fbka xwe de dib\u00eaje, pi\u015ft\u00ee hilbijartin\u00ean 19\u00ea Gulana 1992an \u00fb damezrandina Hik\u00fbmeta Her\u00eama Kurdistan\u00ea, PKK\u2019\u00ea \u00e7end\u00een kes li Ewropay\u00ea kom kir \u00fb li dervey\u00ea Kurdistan\u00ea parlamento bi nav\u00ea \u201cKNK\u2019\u00ea\u201d ava kir, merema PKK\u2019\u00ea ji v\u00ea yek\u00ea bi ten\u00ea k\u00eam kirina senga parlamentoya yasay\u00ee \u00fb \u015fer\u00ee ya Kurdistan\u00ea b\u00fb \u00fb dest bi parvekirina propaganday\u00ean dij\u00ee Her\u00eama Kurdistan\u00ea kir. Di v\u00ea dijat\u00eekirina xwe de j\u00ee foksa wana sereke li ser PDK\u2019\u00ea b\u00fb. Ji ber ku w\u00ea dem\u00ea \u00fb pi\u015ftre j\u00ee PDK\u2019\u00ea weke astengeke mezin li ser r\u00eaya xwe dihesib\u00eenin.<\/span><\/h3>\n<h3 style=\"text-align: justify\"><span style=\"font-family: arial, helvetica, sans-serif\">Barzan\u00ee dib\u00eaje, raste ber\u00ea j\u00ee p\u00eawendiya wan bi PDK\u2019\u00ea re heb\u00fb, l\u00ea PKK\u2019e her kes\u00ea ku wek wan nefikire wek dijmin dihesib\u00eene, tev\u00ee ku t\u00eakilya wan p\u00ea re heb\u00fb j\u00ee. PKK\u2019\u00ea t\u00eakl\u00ee bi hin wlat\u00ean dije berjewendiy\u00ean Kurdistan\u00ea heb\u00fb. Hejmareka her\u00ee z\u00eade a r\u00eaveber\u00ean PKK\u2019\u00ea ne Kurd in. Ew tim di xizmeta Hik\u00fbmeta S\u00fbriy\u00ea de b\u00fbn \u00fb ferman \u00fb biryar\u00ean \u00eestixbarata S\u00fbriy\u00ea c\u00eebic\u00ee dikir. Me gelek hewl da ku destwerdan\u00ea di kar\u00fbbar\u00ean Her\u00eama Kurdistan\u00ea de nekin, bi devk\u00ee raz\u00ee b\u00fbn, l\u00ea bel\u00ea bi pirat\u00eek her ti\u015ft li dij\u00ee Kurdistan\u00ea dikir. Ya ku nekir\u00ee j\u00ee, ev b\u00fb ya ku nedikar\u00ee bike.\u00a0<\/span><\/h3>\n<h3 style=\"text-align: justify\"><span style=\"font-family: arial, helvetica, sans-serif\">Barzan\u00ee di be\u015feke din ya pirt\u00fbka xwe de amaje bi b\u00fbyereke dina d\u00eerok\u00ee kiriye \u00fb gotiye, di dema dan\u00fbstandin\u00ean ligel Bexday\u00ea de, hat\u00fb\u00e7\u00fbneke z\u00eade heb\u00fb, rojek\u00ee li dema civ\u00eena Bereya Kurdistan\u00ee li \u015eeqlawa xeber ji me re an\u00ee ku li geliy\u00ea M\u00eerawa teqe heye, pi\u015ft re derket kadroyek\u00ee le\u015fkir\u00ee y\u00ea YNK\u2019\u00ea y\u00ea bi nav\u00ea Tehs\u00een Kawan\u00ee, ji bo ku bizanibe \u00e7iye \u00fb y\u00ean teq\u00ea dikin k\u00eene, serdana cih\u00ea gulebaran\u00ea kirb\u00fb. Ev kadroy\u00ea YNK\u2019\u00ea \u00e7end\u00een caran bang\u00ee wan teqekeran dike l\u00ea kes berisva w\u00ee nade, w\u00ee j\u00ee teqe kirib\u00fb \u00fb hin kes ji teqekeran ku\u015ftib\u00fbn. Pa\u015f\u00ea Mam Celal ji min re got: \u201ct\u00ea b\u00eera te dema min b\u00fbyer ji te re got\u00ee?\u201d min got er\u00ea. W\u00ee got: &#8220;w\u00ea dem\u00ea min nexwest ji te re b\u00eajim. Ew yek\u00eeneyek PKK\u2019\u00ea b\u00fbn. Bi al\u00eekariya gr\u00fbpeke meya kurd\u00ee hatib\u00fbn ku we teror bikin.&#8221; min j\u00ea bawer kir ji ber ku ez dizanim ti\u015ft\u00ean wiha ji wan ne d\u00fbrin.<\/span><\/h3>\n","protected":false},"excerpt":{"rendered":"<p>Di be\u015fa nehem\u00eena pirt\u00fbka bi nav\u00ea Barzan\u00ee \u00fb Tevgera Rizgar\u00eexwaza Gel\u00ea Kurd ku ji aliy\u00ea Serok Barzan\u00ee ve hatiye niv\u00eesandin, behsa rola w\u00earankera PKK\u2019 li her\u00eama Kurdistan\u00ea hatiye kirin. Serok Barzan\u00ee di v\u00ea be\u015fa pirt\u00fbka xwe de dinv\u00ees\u00eene, pirsgir\u00eaka PKK\u2019\u00ea ya sereke ewe ku xwe wek\u00ee c\u00eegir\u00ea hem\u00fb partiy\u00ean Kurdistan\u00ee dib\u00eene \u00fb ji bo berjewendiy\u00ean [&hellip;]<\/p>\n","protected":false},"author":2,"featured_media":1032054,"comment_status":"closed","ping_status":"closed","sticky":false,"template":"","format":"standard","meta":{"footnotes":""},"categories":[29],"tags":[37],"class_list":["post-1032053","post","type-post","status-publish","format-standard","has-post-thumbnail","hentry","category-kurdistan","tag-sereke"],"blocksy_meta":[],"seo_head":"<!-- This site is optimized with the Yoast SEO plugin v27.5 - https:\/\/yoast.com\/product\/yoast-seo-wordpress\/ -->\n<title>Hewla PKK\u00ea a terorkirina Serok Barzan\u00ee ser neket - Darka Maz\u00ee<\/title>\n<meta name=\"robots\" content=\"index, follow, max-snippet:-1, max-image-preview:large, max-video-preview:-1\" \/>\n<link rel=\"canonical\" href=\"https:\/\/darkamazi.info\/archives\/1032053\" \/>\n<meta property=\"og:locale\" content=\"en_US\" \/>\n<meta property=\"og:type\" content=\"article\" \/>\n<meta property=\"og:title\" content=\"Hewla PKK\u00ea a terorkirina Serok Barzan\u00ee ser neket - Darka Maz\u00ee\" \/>\n<meta property=\"og:description\" content=\"Di be\u015fa nehem\u00eena pirt\u00fbka bi nav\u00ea Barzan\u00ee \u00fb Tevgera Rizgar\u00eexwaza Gel\u00ea Kurd ku ji aliy\u00ea Serok Barzan\u00ee ve hatiye niv\u00eesandin, behsa rola w\u00earankera PKK\u2019 li her\u00eama Kurdistan\u00ea hatiye kirin. Serok Barzan\u00ee di v\u00ea be\u015fa pirt\u00fbka xwe de dinv\u00ees\u00eene, pirsgir\u00eaka PKK\u2019\u00ea ya sereke ewe ku xwe wek\u00ee c\u00eegir\u00ea hem\u00fb partiy\u00ean Kurdistan\u00ee dib\u00eene \u00fb ji bo berjewendiy\u00ean [&hellip;]\" \/>\n<meta property=\"og:url\" content=\"https:\/\/darkamazi.info\/archives\/1032053\" \/>\n<meta property=\"og:site_name\" content=\"Darka Maz\u00ee\" \/>\n<meta property=\"article:publisher\" content=\"https:\/\/www.facebook.com\/DarMaziKurmanci\" \/>\n<meta property=\"article:published_time\" content=\"2022-08-27T15:24:57+00:00\" \/>\n<meta property=\"article:modified_time\" content=\"2022-08-27T15:26:27+00:00\" \/>\n<meta property=\"og:image\" content=\"https:\/\/darkamazi.info\/file\/2022\/08\/pertoka-barzani-pkk-shaqlawa-jala-talabani-info.jpg\" \/>\n\t<meta property=\"og:image:width\" content=\"900\" \/>\n\t<meta property=\"og:image:height\" content=\"497\" \/>\n\t<meta property=\"og:image:type\" content=\"image\/jpeg\" \/>\n<meta name=\"author\" content=\"darka mazi\" \/>\n<meta name=\"twitter:card\" content=\"summary_large_image\" \/>\n<meta name=\"twitter:creator\" content=\"@DarkaMaziLatini\" \/>\n<meta name=\"twitter:site\" content=\"@DarkaMaziLatini\" \/>\n<meta name=\"twitter:label1\" content=\"Written by\" \/>\n\t<meta name=\"twitter:data1\" content=\"darka mazi\" \/>\n\t<meta name=\"twitter:label2\" content=\"Est. reading time\" \/>\n\t<meta name=\"twitter:data2\" content=\"2 minutes\" \/>\n<script type=\"application\/ld+json\" class=\"seo-schema-graph\">{\"@context\":\"https:\\\/\\\/schema.org\",\"@graph\":[{\"@type\":\"Article\",\"@id\":\"https:\\\/\\\/darkamazi.info\\\/archives\\\/1032053#article\",\"isPartOf\":{\"@id\":\"https:\\\/\\\/darkamazi.info\\\/archives\\\/1032053\"},\"author\":{\"name\":\"darka mazi\",\"@id\":\"https:\\\/\\\/darkamazi.info\\\/#\\\/schema\\\/person\\\/5ad3e24553a0567993fa8ed4bd0a776c\"},\"headline\":\"Hewla PKK\u00ea a terorkirina Serok Barzan\u00ee ser neket\",\"datePublished\":\"2022-08-27T15:24:57+00:00\",\"dateModified\":\"2022-08-27T15:26:27+00:00\",\"mainEntityOfPage\":{\"@id\":\"https:\\\/\\\/darkamazi.info\\\/archives\\\/1032053\"},\"wordCount\":505,\"publisher\":{\"@id\":\"https:\\\/\\\/darkamazi.info\\\/#organization\"},\"image\":{\"@id\":\"https:\\\/\\\/darkamazi.info\\\/archives\\\/1032053#primaryimage\"},\"thumbnailUrl\":\"https:\\\/\\\/darkamazi.info\\\/darka-content\\\/uploads\\\/2022\\\/08\\\/pertoka-barzani-pkk-shaqlawa-jala-talabani-info.jpg\",\"keywords\":[\"sereke\"],\"articleSection\":[\"Kurdistan\"],\"inLanguage\":\"en-US\"},{\"@type\":\"WebPage\",\"@id\":\"https:\\\/\\\/darkamazi.info\\\/archives\\\/1032053\",\"url\":\"https:\\\/\\\/darkamazi.info\\\/archives\\\/1032053\",\"name\":\"Hewla PKK\u00ea a terorkirina Serok Barzan\u00ee ser neket - Darka Maz\u00ee\",\"isPartOf\":{\"@id\":\"https:\\\/\\\/darkamazi.info\\\/#website\"},\"primaryImageOfPage\":{\"@id\":\"https:\\\/\\\/darkamazi.info\\\/archives\\\/1032053#primaryimage\"},\"image\":{\"@id\":\"https:\\\/\\\/darkamazi.info\\\/archives\\\/1032053#primaryimage\"},\"thumbnailUrl\":\"https:\\\/\\\/darkamazi.info\\\/darka-content\\\/uploads\\\/2022\\\/08\\\/pertoka-barzani-pkk-shaqlawa-jala-talabani-info.jpg\",\"datePublished\":\"2022-08-27T15:24:57+00:00\",\"dateModified\":\"2022-08-27T15:26:27+00:00\",\"breadcrumb\":{\"@id\":\"https:\\\/\\\/darkamazi.info\\\/archives\\\/1032053#breadcrumb\"},\"inLanguage\":\"en-US\",\"potentialAction\":[{\"@type\":\"ReadAction\",\"target\":[\"https:\\\/\\\/darkamazi.info\\\/archives\\\/1032053\"]}]},{\"@type\":\"ImageObject\",\"inLanguage\":\"en-US\",\"@id\":\"https:\\\/\\\/darkamazi.info\\\/archives\\\/1032053#primaryimage\",\"url\":\"https:\\\/\\\/darkamazi.info\\\/darka-content\\\/uploads\\\/2022\\\/08\\\/pertoka-barzani-pkk-shaqlawa-jala-talabani-info.jpg\",\"contentUrl\":\"https:\\\/\\\/darkamazi.info\\\/darka-content\\\/uploads\\\/2022\\\/08\\\/pertoka-barzani-pkk-shaqlawa-jala-talabani-info.jpg\",\"width\":900,\"height\":497,\"caption\":\"pertoka-barzani-pkk-shaqlawa-jala-talabani---info\"},{\"@type\":\"BreadcrumbList\",\"@id\":\"https:\\\/\\\/darkamazi.info\\\/archives\\\/1032053#breadcrumb\",\"itemListElement\":[{\"@type\":\"ListItem\",\"position\":1,\"name\":\"Home\",\"item\":\"https:\\\/\\\/darkamazi.info\\\/\"},{\"@type\":\"ListItem\",\"position\":2,\"name\":\"Hewla PKK\u00ea a terorkirina Serok Barzan\u00ee ser neket\"}]},{\"@type\":\"WebSite\",\"@id\":\"https:\\\/\\\/darkamazi.info\\\/#website\",\"url\":\"https:\\\/\\\/darkamazi.info\\\/\",\"name\":\"Darka Maz\u00ee\",\"description\":\"P\u00eageha Zanyariy\u00ean Nebih\u00eest\u00ee\",\"publisher\":{\"@id\":\"https:\\\/\\\/darkamazi.info\\\/#organization\"},\"potentialAction\":[{\"@type\":\"SearchAction\",\"target\":{\"@type\":\"EntryPoint\",\"urlTemplate\":\"https:\\\/\\\/darkamazi.info\\\/?s={search_term_string}\"},\"query-input\":{\"@type\":\"PropertyValueSpecification\",\"valueRequired\":true,\"valueName\":\"search_term_string\"}}],\"inLanguage\":\"en-US\"},{\"@type\":\"Organization\",\"@id\":\"https:\\\/\\\/darkamazi.info\\\/#organization\",\"name\":\"Darka Maz\u00ee\",\"url\":\"https:\\\/\\\/darkamazi.info\\\/\",\"logo\":{\"@type\":\"ImageObject\",\"inLanguage\":\"en-US\",\"@id\":\"https:\\\/\\\/darkamazi.info\\\/#\\\/schema\\\/logo\\\/image\\\/\",\"url\":\"https:\\\/\\\/darkamazi.info\\\/darka-content\\\/uploads\\\/2017\\\/12\\\/darka-mazi-logo.png\",\"contentUrl\":\"https:\\\/\\\/darkamazi.info\\\/darka-content\\\/uploads\\\/2017\\\/12\\\/darka-mazi-logo.png\",\"width\":151,\"height\":75,\"caption\":\"Darka Maz\u00ee\"},\"image\":{\"@id\":\"https:\\\/\\\/darkamazi.info\\\/#\\\/schema\\\/logo\\\/image\\\/\"},\"sameAs\":[\"https:\\\/\\\/www.facebook.com\\\/DarMaziKurmanci\",\"https:\\\/\\\/x.com\\\/DarkaMaziLatini\",\"https:\\\/\\\/www.instagram.com\\\/darkamazi.kurmanci\\\/\",\"https:\\\/\\\/www.youtube.com\\\/channel\\\/UCa5HkTdmI8U1qCUFuTw8B2g\"]},{\"@type\":\"Person\",\"@id\":\"https:\\\/\\\/darkamazi.info\\\/#\\\/schema\\\/person\\\/5ad3e24553a0567993fa8ed4bd0a776c\",\"name\":\"darka mazi\",\"sameAs\":[\"https:\\\/\\\/darkamazi.info\\\/\"],\"url\":\"https:\\\/\\\/darkamazi.info\\\/archives\\\/author\\\/kurdi\"}]}<\/script>\n<!-- \/ Yoast SEO plugin. -->","seo_head_json":{"title":"Hewla PKK\u00ea a terorkirina Serok Barzan\u00ee ser neket - Darka Maz\u00ee","robots":{"index":"index","follow":"follow","max-snippet":"max-snippet:-1","max-image-preview":"max-image-preview:large","max-video-preview":"max-video-preview:-1"},"canonical":"https:\/\/darkamazi.info\/archives\/1032053","og_locale":"en_US","og_type":"article","og_title":"Hewla PKK\u00ea a terorkirina Serok Barzan\u00ee ser neket - Darka Maz\u00ee","og_description":"Di be\u015fa nehem\u00eena pirt\u00fbka bi nav\u00ea Barzan\u00ee \u00fb Tevgera Rizgar\u00eexwaza Gel\u00ea Kurd ku ji aliy\u00ea Serok Barzan\u00ee ve hatiye niv\u00eesandin, behsa rola w\u00earankera PKK\u2019 li her\u00eama Kurdistan\u00ea hatiye kirin. Serok Barzan\u00ee di v\u00ea be\u015fa pirt\u00fbka xwe de dinv\u00ees\u00eene, pirsgir\u00eaka PKK\u2019\u00ea ya sereke ewe ku xwe wek\u00ee c\u00eegir\u00ea hem\u00fb partiy\u00ean Kurdistan\u00ee dib\u00eene \u00fb ji bo berjewendiy\u00ean [&hellip;]","og_url":"https:\/\/darkamazi.info\/archives\/1032053","og_site_name":"Darka Maz\u00ee","article_publisher":"https:\/\/www.facebook.com\/DarMaziKurmanci","article_published_time":"2022-08-27T15:24:57+00:00","article_modified_time":"2022-08-27T15:26:27+00:00","og_image":[{"width":900,"height":497,"url":"https:\/\/darkamazi.info\/file\/2022\/08\/pertoka-barzani-pkk-shaqlawa-jala-talabani-info.jpg","type":"image\/jpeg"}],"author":"darka mazi","twitter_card":"summary_large_image","twitter_creator":"@DarkaMaziLatini","twitter_site":"@DarkaMaziLatini","twitter_misc":{"Written by":"darka mazi","Est. reading time":"2 minutes"},"schema":{"@context":"https:\/\/schema.org","@graph":[{"@type":"Article","@id":"https:\/\/darkamazi.info\/archives\/1032053#article","isPartOf":{"@id":"https:\/\/darkamazi.info\/archives\/1032053"},"author":{"name":"darka mazi","@id":"https:\/\/darkamazi.info\/#\/schema\/person\/5ad3e24553a0567993fa8ed4bd0a776c"},"headline":"Hewla PKK\u00ea a terorkirina Serok Barzan\u00ee ser neket","datePublished":"2022-08-27T15:24:57+00:00","dateModified":"2022-08-27T15:26:27+00:00","mainEntityOfPage":{"@id":"https:\/\/darkamazi.info\/archives\/1032053"},"wordCount":505,"publisher":{"@id":"https:\/\/darkamazi.info\/#organization"},"image":{"@id":"https:\/\/darkamazi.info\/archives\/1032053#primaryimage"},"thumbnailUrl":"https:\/\/darkamazi.info\/file\/2022\/08\/pertoka-barzani-pkk-shaqlawa-jala-talabani-info.jpg","keywords":["sereke"],"articleSection":["Kurdistan"],"inLanguage":"en-US"},{"@type":"WebPage","@id":"https:\/\/darkamazi.info\/archives\/1032053","url":"https:\/\/darkamazi.info\/archives\/1032053","name":"Hewla PKK\u00ea a terorkirina Serok Barzan\u00ee ser neket - Darka Maz\u00ee","isPartOf":{"@id":"https:\/\/darkamazi.info\/#website"},"primaryImageOfPage":{"@id":"https:\/\/darkamazi.info\/archives\/1032053#primaryimage"},"image":{"@id":"https:\/\/darkamazi.info\/archives\/1032053#primaryimage"},"thumbnailUrl":"https:\/\/darkamazi.info\/file\/2022\/08\/pertoka-barzani-pkk-shaqlawa-jala-talabani-info.jpg","datePublished":"2022-08-27T15:24:57+00:00","dateModified":"2022-08-27T15:26:27+00:00","breadcrumb":{"@id":"https:\/\/darkamazi.info\/archives\/1032053#breadcrumb"},"inLanguage":"en-US","potentialAction":[{"@type":"ReadAction","target":["https:\/\/darkamazi.info\/archives\/1032053"]}]},{"@type":"ImageObject","inLanguage":"en-US","@id":"https:\/\/darkamazi.info\/archives\/1032053#primaryimage","url":"https:\/\/darkamazi.info\/file\/2022\/08\/pertoka-barzani-pkk-shaqlawa-jala-talabani-info.jpg","contentUrl":"https:\/\/darkamazi.info\/file\/2022\/08\/pertoka-barzani-pkk-shaqlawa-jala-talabani-info.jpg","width":900,"height":497,"caption":"pertoka-barzani-pkk-shaqlawa-jala-talabani---info"},{"@type":"BreadcrumbList","@id":"https:\/\/darkamazi.info\/archives\/1032053#breadcrumb","itemListElement":[{"@type":"ListItem","position":1,"name":"Home","item":"https:\/\/darkamazi.info\/"},{"@type":"ListItem","position":2,"name":"Hewla PKK\u00ea a terorkirina Serok Barzan\u00ee ser neket"}]},{"@type":"WebSite","@id":"https:\/\/darkamazi.info\/#website","url":"https:\/\/darkamazi.info\/","name":"Darka Maz\u00ee","description":"P\u00eageha Zanyariy\u00ean Nebih\u00eest\u00ee","publisher":{"@id":"https:\/\/darkamazi.info\/#organization"},"potentialAction":[{"@type":"SearchAction","target":{"@type":"EntryPoint","urlTemplate":"https:\/\/darkamazi.info\/?s={search_term_string}"},"query-input":{"@type":"PropertyValueSpecification","valueRequired":true,"valueName":"search_term_string"}}],"inLanguage":"en-US"},{"@type":"Organization","@id":"https:\/\/darkamazi.info\/#organization","name":"Darka Maz\u00ee","url":"https:\/\/darkamazi.info\/","logo":{"@type":"ImageObject","inLanguage":"en-US","@id":"https:\/\/darkamazi.info\/#\/schema\/logo\/image\/","url":"https:\/\/darkamazi.info\/file\/2017\/12\/darka-mazi-logo.png","contentUrl":"https:\/\/darkamazi.info\/file\/2017\/12\/darka-mazi-logo.png","width":151,"height":75,"caption":"Darka Maz\u00ee"},"image":{"@id":"https:\/\/darkamazi.info\/#\/schema\/logo\/image\/"},"sameAs":["https:\/\/www.facebook.com\/DarMaziKurmanci","https:\/\/x.com\/DarkaMaziLatini","https:\/\/www.instagram.com\/darkamazi.kurmanci\/","https:\/\/www.youtube.com\/channel\/UCa5HkTdmI8U1qCUFuTw8B2g"]},{"@type":"Person","@id":"https:\/\/darkamazi.info\/#\/schema\/person\/5ad3e24553a0567993fa8ed4bd0a776c","name":"darka mazi","sameAs":["https:\/\/darkamazi.info\/"],"url":"https:\/\/darkamazi.info\/archives\/author\/kurdi"}]}},"_links":{"self":[{"href":"https:\/\/darkamazi.info\/funavuv\/wp\/v2\/posts\/1032053","targetHints":{"allow":["GET"]}}],"collection":[{"href":"https:\/\/darkamazi.info\/funavuv\/wp\/v2\/posts"}],"about":[{"href":"https:\/\/darkamazi.info\/funavuv\/wp\/v2\/types\/post"}],"author":[{"embeddable":true,"href":"https:\/\/darkamazi.info\/funavuv\/wp\/v2\/users\/2"}],"replies":[{"embeddable":true,"href":"https:\/\/darkamazi.info\/funavuv\/wp\/v2\/comments?post=1032053"}],"version-history":[{"count":0,"href":"https:\/\/darkamazi.info\/funavuv\/wp\/v2\/posts\/1032053\/revisions"}],"wp:featuredmedia":[{"embeddable":true,"href":"https:\/\/darkamazi.info\/funavuv\/wp\/v2\/media\/1032054"}],"wp:attachment":[{"href":"https:\/\/darkamazi.info\/funavuv\/wp\/v2\/media?parent=1032053"}],"wp:term":[{"taxonomy":"category","embeddable":true,"href":"https:\/\/darkamazi.info\/funavuv\/wp\/v2\/categories?post=1032053"},{"taxonomy":"post_tag","embeddable":true,"href":"https:\/\/darkamazi.info\/funavuv\/wp\/v2\/tags?post=1032053"}],"curies":[{"name":"wp","href":"https:\/\/api.w.org\/{rel}","templated":true}]}}