{"id":1032197,"date":"2022-08-30T18:55:15","date_gmt":"2022-08-30T15:55:15","guid":{"rendered":"https:\/\/darkamazi.info\/?p=1032197"},"modified":"2022-08-30T18:59:46","modified_gmt":"2022-08-30T15:59:46","slug":"aligiren-pkke-bi-molotofan-erisi-bargeha-partiya-heyder-seso-kirin","status":"publish","type":"post","link":"https:\/\/darkamazi.info\/archives\/1032197","title":{"rendered":"Al\u00eegir\u00ean PKK\u00ea bi Molotofan \u00ear\u00ee\u015f\u00ee bargeha partiya Heyder \u015ee\u015fo kirin"},"content":{"rendered":"<div style=\"width: 848px;\" class=\"darka-video\"><video class=\"darka-video-shortcode\" id=\"video-1032197-1\" width=\"848\" height=\"480\" poster=\"https:\/\/darkamazi.info\/file\/2022\/08\/Heyder-Seso-pkk-sinun-sinjar-molotof.jpg\" preload=\"metadata\" controls=\"controls\"><source type=\"video\/mp4\" src=\"https:\/\/darkamazi.info\/file\/2022\/08\/Sinun.mp4?_=1\" \/><a href=\"https:\/\/darkamazi.info\/file\/2022\/08\/Sinun.mp4\">https:\/\/darkamazi.info\/file\/2022\/08\/Sinun.mp4<\/a><\/video><\/div>\n<p>&nbsp;<\/p>\n<h3 style=\"text-align: justify\"><span style=\"font-family: 'arial black', sans-serif\">Bi dehan al\u00eegir\u00ean PKK\u00ea y\u00ean \u00cazd\u00ee \u00eero bi Molotof \u00fb keviran \u00ear\u00ee\u015f\u00ee baregeha Partiya \u00cazd\u00ee Demokrat\u00ee li nav\u00e7eya Sin\u00fbn\u00ea kirin.<\/span><\/h3>\n<h3 style=\"text-align: justify\"><span style=\"font-family: arial, helvetica, sans-serif\">\u00cero roja s\u00ea\u015fem\u00ee 30\/8\/2022\u00ea xwep\u00ea\u015fandanek li nav\u00e7eya Sin\u00fbn\u00ea ya gir\u00eaday\u00ee \u015eengal\u00ea hatb\u00fb organ\u00eeze kirin \u00fb t\u00ea de p\u00eatir\u00ee 70 jin \u00fb zarok \u00fb ciwan\u00ean \u00cazd\u00ee y\u00ean al\u00eegir\u00ean PKK\u00ea ku ji h\u00eala r\u00eaxistina Ciwan\u00ean \u015eore\u015fger ve hatb\u00fbn handan, \u00ear\u00ee\u015fa baregeha Partiya \u00cazd\u00ee Demokrat\u00ee kirin.<\/span><\/h3>\n<h3 style=\"text-align: justify\"><span style=\"font-family: arial, helvetica, sans-serif\">\u00c7avkaniy\u00ean p\u00eageha Darka Maz\u00ee e\u015fkere kir, di xwep\u00ea\u015fandan\u00ea de ku ber bi baregeha Partiya \u00cazd\u00ee Demokrat\u00ee ya Heyder \u015ee\u015fo ve \u00e7\u00fb, al\u00eegir\u00ean PKK\u00ea bi kevir \u00fb Molotofan \u00ear\u00ee\u015fa baregeha partiya navb\u00fbr kirin.<\/span><\/h3>\n<h3 style=\"text-align: justify\"><span style=\"font-family: arial, helvetica, sans-serif\">Her wiha destn\u00ee\u015fan kir, h\u00eaz\u00ean ewlekariy\u00ea y\u00ean nav\u00e7eya Sin\u00fbn\u00ea ku ji boy parastina xwep\u00ea\u015fandan\u00ea di erk de b\u00fbn, reviyane \u00fb ti bertek n\u00ee\u015fan\u00ee al\u00eegir\u00ean PKK\u00ea nedan y\u00ean ku bi Molotofan \u00ear\u00ee\u015fa baregeha partiya Heyder \u015ee\u015fo dikirin.<\/span><\/h3>\n<h3 style=\"text-align: justify\"><span style=\"font-family: arial, helvetica, sans-serif\">Her li gor\u00ee \u00e7avkaniy\u00ean p\u00eageha Darka Maz\u00ee, pa\u015f xwep\u00ea\u015fandan\u00ea \u015fere teqe li n\u00eavbera h\u00eaz\u00ean parastin \u00caz\u00eedxan\u00ea y\u00ean Heyder \u015ee\u015fo \u00fb \u00e7ekdar\u00ean PKK\u00ea de derketiye.<\/span><\/h3>\n","protected":false},"excerpt":{"rendered":"<p>&nbsp; Bi dehan al\u00eegir\u00ean PKK\u00ea y\u00ean \u00cazd\u00ee \u00eero bi Molotof \u00fb keviran \u00ear\u00ee\u015f\u00ee baregeha Partiya \u00cazd\u00ee Demokrat\u00ee li nav\u00e7eya Sin\u00fbn\u00ea kirin. \u00cero roja s\u00ea\u015fem\u00ee 30\/8\/2022\u00ea xwep\u00ea\u015fandanek li nav\u00e7eya Sin\u00fbn\u00ea ya gir\u00eaday\u00ee \u015eengal\u00ea hatb\u00fb organ\u00eeze kirin \u00fb t\u00ea de p\u00eatir\u00ee 70 jin \u00fb zarok \u00fb ciwan\u00ean \u00cazd\u00ee y\u00ean al\u00eegir\u00ean PKK\u00ea ku ji h\u00eala r\u00eaxistina Ciwan\u00ean \u015eore\u015fger [&hellip;]<\/p>\n","protected":false},"author":2,"featured_media":1032198,"comment_status":"closed","ping_status":"closed","sticky":false,"template":"epic_custom_post_template-1006382","format":"video","meta":{"footnotes":""},"categories":[29],"tags":[37],"class_list":["post-1032197","post","type-post","status-publish","format-video","has-post-thumbnail","hentry","category-kurdistan","tag-sereke","post_format-post-format-video"],"blocksy_meta":[],"seo_head":"<!-- This site is optimized with the Yoast SEO plugin v27.5 - https:\/\/yoast.com\/product\/yoast-seo-wordpress\/ -->\n<title>Al\u00eegir\u00ean PKK\u00ea bi Molotofan \u00ear\u00ee\u015f\u00ee bargeha partiya Heyder \u015ee\u015fo kirin - Darka Maz\u00ee<\/title>\n<meta name=\"robots\" content=\"index, follow, max-snippet:-1, max-image-preview:large, max-video-preview:-1\" \/>\n<link rel=\"canonical\" href=\"https:\/\/darkamazi.info\/archives\/1032197\" \/>\n<meta property=\"og:locale\" content=\"en_US\" \/>\n<meta property=\"og:type\" content=\"article\" \/>\n<meta property=\"og:title\" content=\"Al\u00eegir\u00ean PKK\u00ea bi Molotofan \u00ear\u00ee\u015f\u00ee bargeha partiya Heyder \u015ee\u015fo kirin - Darka Maz\u00ee\" \/>\n<meta property=\"og:description\" content=\"&nbsp; Bi dehan al\u00eegir\u00ean PKK\u00ea y\u00ean \u00cazd\u00ee \u00eero bi Molotof \u00fb keviran \u00ear\u00ee\u015f\u00ee baregeha Partiya \u00cazd\u00ee Demokrat\u00ee li nav\u00e7eya Sin\u00fbn\u00ea kirin. \u00cero roja s\u00ea\u015fem\u00ee 30\/8\/2022\u00ea xwep\u00ea\u015fandanek li nav\u00e7eya Sin\u00fbn\u00ea ya gir\u00eaday\u00ee \u015eengal\u00ea hatb\u00fb organ\u00eeze kirin \u00fb t\u00ea de p\u00eatir\u00ee 70 jin \u00fb zarok \u00fb ciwan\u00ean \u00cazd\u00ee y\u00ean al\u00eegir\u00ean PKK\u00ea ku ji h\u00eala r\u00eaxistina Ciwan\u00ean \u015eore\u015fger [&hellip;]\" \/>\n<meta property=\"og:url\" content=\"https:\/\/darkamazi.info\/archives\/1032197\" \/>\n<meta property=\"og:site_name\" content=\"Darka Maz\u00ee\" \/>\n<meta property=\"article:publisher\" content=\"https:\/\/www.facebook.com\/DarMaziKurmanci\" \/>\n<meta property=\"article:published_time\" content=\"2022-08-30T15:55:15+00:00\" \/>\n<meta property=\"article:modified_time\" content=\"2022-08-30T15:59:46+00:00\" \/>\n<meta property=\"og:image\" content=\"https:\/\/darkamazi.info\/file\/2022\/08\/Heyder-Seso-pkk-sinun-sinjar-molotof.jpg\" \/>\n\t<meta property=\"og:image:width\" content=\"900\" \/>\n\t<meta property=\"og:image:height\" content=\"497\" \/>\n\t<meta property=\"og:image:type\" content=\"image\/jpeg\" \/>\n<meta name=\"author\" content=\"darka mazi\" \/>\n<meta name=\"twitter:card\" content=\"summary_large_image\" \/>\n<meta name=\"twitter:creator\" content=\"@DarkaMaziLatini\" \/>\n<meta name=\"twitter:site\" content=\"@DarkaMaziLatini\" \/>\n<meta name=\"twitter:label1\" content=\"Written by\" \/>\n\t<meta name=\"twitter:data1\" content=\"darka mazi\" \/>\n\t<meta name=\"twitter:label2\" content=\"Est. reading time\" \/>\n\t<meta name=\"twitter:data2\" content=\"1 minute\" \/>\n<script type=\"application\/ld+json\" class=\"seo-schema-graph\">{\"@context\":\"https:\\\/\\\/schema.org\",\"@graph\":[{\"@type\":\"Article\",\"@id\":\"https:\\\/\\\/darkamazi.info\\\/archives\\\/1032197#article\",\"isPartOf\":{\"@id\":\"https:\\\/\\\/darkamazi.info\\\/archives\\\/1032197\"},\"author\":{\"name\":\"darka mazi\",\"@id\":\"https:\\\/\\\/darkamazi.info\\\/#\\\/schema\\\/person\\\/5ad3e24553a0567993fa8ed4bd0a776c\"},\"headline\":\"Al\u00eegir\u00ean PKK\u00ea bi Molotofan \u00ear\u00ee\u015f\u00ee bargeha partiya Heyder \u015ee\u015fo kirin\",\"datePublished\":\"2022-08-30T15:55:15+00:00\",\"dateModified\":\"2022-08-30T15:59:46+00:00\",\"mainEntityOfPage\":{\"@id\":\"https:\\\/\\\/darkamazi.info\\\/archives\\\/1032197\"},\"wordCount\":234,\"publisher\":{\"@id\":\"https:\\\/\\\/darkamazi.info\\\/#organization\"},\"image\":{\"@id\":\"https:\\\/\\\/darkamazi.info\\\/archives\\\/1032197#primaryimage\"},\"thumbnailUrl\":\"https:\\\/\\\/darkamazi.info\\\/darka-content\\\/uploads\\\/2022\\\/08\\\/Heyder-Seso-pkk-sinun-sinjar-molotof.jpg\",\"keywords\":[\"sereke\"],\"articleSection\":[\"Kurdistan\"],\"inLanguage\":\"en-US\"},{\"@type\":\"WebPage\",\"@id\":\"https:\\\/\\\/darkamazi.info\\\/archives\\\/1032197\",\"url\":\"https:\\\/\\\/darkamazi.info\\\/archives\\\/1032197\",\"name\":\"Al\u00eegir\u00ean PKK\u00ea bi Molotofan \u00ear\u00ee\u015f\u00ee bargeha partiya Heyder \u015ee\u015fo kirin - Darka Maz\u00ee\",\"isPartOf\":{\"@id\":\"https:\\\/\\\/darkamazi.info\\\/#website\"},\"primaryImageOfPage\":{\"@id\":\"https:\\\/\\\/darkamazi.info\\\/archives\\\/1032197#primaryimage\"},\"image\":{\"@id\":\"https:\\\/\\\/darkamazi.info\\\/archives\\\/1032197#primaryimage\"},\"thumbnailUrl\":\"https:\\\/\\\/darkamazi.info\\\/darka-content\\\/uploads\\\/2022\\\/08\\\/Heyder-Seso-pkk-sinun-sinjar-molotof.jpg\",\"datePublished\":\"2022-08-30T15:55:15+00:00\",\"dateModified\":\"2022-08-30T15:59:46+00:00\",\"breadcrumb\":{\"@id\":\"https:\\\/\\\/darkamazi.info\\\/archives\\\/1032197#breadcrumb\"},\"inLanguage\":\"en-US\",\"potentialAction\":[{\"@type\":\"ReadAction\",\"target\":[\"https:\\\/\\\/darkamazi.info\\\/archives\\\/1032197\"]}]},{\"@type\":\"ImageObject\",\"inLanguage\":\"en-US\",\"@id\":\"https:\\\/\\\/darkamazi.info\\\/archives\\\/1032197#primaryimage\",\"url\":\"https:\\\/\\\/darkamazi.info\\\/darka-content\\\/uploads\\\/2022\\\/08\\\/Heyder-Seso-pkk-sinun-sinjar-molotof.jpg\",\"contentUrl\":\"https:\\\/\\\/darkamazi.info\\\/darka-content\\\/uploads\\\/2022\\\/08\\\/Heyder-Seso-pkk-sinun-sinjar-molotof.jpg\",\"width\":900,\"height\":497,\"caption\":\"Heyder \u015ee\u015fo-pkk-sinun-sinjar-molotof\"},{\"@type\":\"BreadcrumbList\",\"@id\":\"https:\\\/\\\/darkamazi.info\\\/archives\\\/1032197#breadcrumb\",\"itemListElement\":[{\"@type\":\"ListItem\",\"position\":1,\"name\":\"Home\",\"item\":\"https:\\\/\\\/darkamazi.info\\\/\"},{\"@type\":\"ListItem\",\"position\":2,\"name\":\"Al\u00eegir\u00ean PKK\u00ea bi Molotofan \u00ear\u00ee\u015f\u00ee bargeha partiya Heyder \u015ee\u015fo kirin\"}]},{\"@type\":\"WebSite\",\"@id\":\"https:\\\/\\\/darkamazi.info\\\/#website\",\"url\":\"https:\\\/\\\/darkamazi.info\\\/\",\"name\":\"Darka Maz\u00ee\",\"description\":\"P\u00eageha Zanyariy\u00ean Nebih\u00eest\u00ee\",\"publisher\":{\"@id\":\"https:\\\/\\\/darkamazi.info\\\/#organization\"},\"potentialAction\":[{\"@type\":\"SearchAction\",\"target\":{\"@type\":\"EntryPoint\",\"urlTemplate\":\"https:\\\/\\\/darkamazi.info\\\/?s={search_term_string}\"},\"query-input\":{\"@type\":\"PropertyValueSpecification\",\"valueRequired\":true,\"valueName\":\"search_term_string\"}}],\"inLanguage\":\"en-US\"},{\"@type\":\"Organization\",\"@id\":\"https:\\\/\\\/darkamazi.info\\\/#organization\",\"name\":\"Darka Maz\u00ee\",\"url\":\"https:\\\/\\\/darkamazi.info\\\/\",\"logo\":{\"@type\":\"ImageObject\",\"inLanguage\":\"en-US\",\"@id\":\"https:\\\/\\\/darkamazi.info\\\/#\\\/schema\\\/logo\\\/image\\\/\",\"url\":\"https:\\\/\\\/darkamazi.info\\\/darka-content\\\/uploads\\\/2017\\\/12\\\/darka-mazi-logo.png\",\"contentUrl\":\"https:\\\/\\\/darkamazi.info\\\/darka-content\\\/uploads\\\/2017\\\/12\\\/darka-mazi-logo.png\",\"width\":151,\"height\":75,\"caption\":\"Darka Maz\u00ee\"},\"image\":{\"@id\":\"https:\\\/\\\/darkamazi.info\\\/#\\\/schema\\\/logo\\\/image\\\/\"},\"sameAs\":[\"https:\\\/\\\/www.facebook.com\\\/DarMaziKurmanci\",\"https:\\\/\\\/x.com\\\/DarkaMaziLatini\",\"https:\\\/\\\/www.instagram.com\\\/darkamazi.kurmanci\\\/\",\"https:\\\/\\\/www.youtube.com\\\/channel\\\/UCa5HkTdmI8U1qCUFuTw8B2g\"]},{\"@type\":\"Person\",\"@id\":\"https:\\\/\\\/darkamazi.info\\\/#\\\/schema\\\/person\\\/5ad3e24553a0567993fa8ed4bd0a776c\",\"name\":\"darka mazi\",\"sameAs\":[\"https:\\\/\\\/darkamazi.info\\\/\"],\"url\":\"https:\\\/\\\/darkamazi.info\\\/archives\\\/author\\\/kurdi\"}]}<\/script>\n<!-- \/ Yoast SEO plugin. -->","seo_head_json":{"title":"Al\u00eegir\u00ean PKK\u00ea bi Molotofan \u00ear\u00ee\u015f\u00ee bargeha partiya Heyder \u015ee\u015fo kirin - Darka Maz\u00ee","robots":{"index":"index","follow":"follow","max-snippet":"max-snippet:-1","max-image-preview":"max-image-preview:large","max-video-preview":"max-video-preview:-1"},"canonical":"https:\/\/darkamazi.info\/archives\/1032197","og_locale":"en_US","og_type":"article","og_title":"Al\u00eegir\u00ean PKK\u00ea bi Molotofan \u00ear\u00ee\u015f\u00ee bargeha partiya Heyder \u015ee\u015fo kirin - Darka Maz\u00ee","og_description":"&nbsp; Bi dehan al\u00eegir\u00ean PKK\u00ea y\u00ean \u00cazd\u00ee \u00eero bi Molotof \u00fb keviran \u00ear\u00ee\u015f\u00ee baregeha Partiya \u00cazd\u00ee Demokrat\u00ee li nav\u00e7eya Sin\u00fbn\u00ea kirin. \u00cero roja s\u00ea\u015fem\u00ee 30\/8\/2022\u00ea xwep\u00ea\u015fandanek li nav\u00e7eya Sin\u00fbn\u00ea ya gir\u00eaday\u00ee \u015eengal\u00ea hatb\u00fb organ\u00eeze kirin \u00fb t\u00ea de p\u00eatir\u00ee 70 jin \u00fb zarok \u00fb ciwan\u00ean \u00cazd\u00ee y\u00ean al\u00eegir\u00ean PKK\u00ea ku ji h\u00eala r\u00eaxistina Ciwan\u00ean \u015eore\u015fger [&hellip;]","og_url":"https:\/\/darkamazi.info\/archives\/1032197","og_site_name":"Darka Maz\u00ee","article_publisher":"https:\/\/www.facebook.com\/DarMaziKurmanci","article_published_time":"2022-08-30T15:55:15+00:00","article_modified_time":"2022-08-30T15:59:46+00:00","og_image":[{"width":900,"height":497,"url":"https:\/\/darkamazi.info\/file\/2022\/08\/Heyder-Seso-pkk-sinun-sinjar-molotof.jpg","type":"image\/jpeg"}],"author":"darka mazi","twitter_card":"summary_large_image","twitter_creator":"@DarkaMaziLatini","twitter_site":"@DarkaMaziLatini","twitter_misc":{"Written by":"darka mazi","Est. reading time":"1 minute"},"schema":{"@context":"https:\/\/schema.org","@graph":[{"@type":"Article","@id":"https:\/\/darkamazi.info\/archives\/1032197#article","isPartOf":{"@id":"https:\/\/darkamazi.info\/archives\/1032197"},"author":{"name":"darka mazi","@id":"https:\/\/darkamazi.info\/#\/schema\/person\/5ad3e24553a0567993fa8ed4bd0a776c"},"headline":"Al\u00eegir\u00ean PKK\u00ea bi Molotofan \u00ear\u00ee\u015f\u00ee bargeha partiya Heyder \u015ee\u015fo kirin","datePublished":"2022-08-30T15:55:15+00:00","dateModified":"2022-08-30T15:59:46+00:00","mainEntityOfPage":{"@id":"https:\/\/darkamazi.info\/archives\/1032197"},"wordCount":234,"publisher":{"@id":"https:\/\/darkamazi.info\/#organization"},"image":{"@id":"https:\/\/darkamazi.info\/archives\/1032197#primaryimage"},"thumbnailUrl":"https:\/\/darkamazi.info\/file\/2022\/08\/Heyder-Seso-pkk-sinun-sinjar-molotof.jpg","keywords":["sereke"],"articleSection":["Kurdistan"],"inLanguage":"en-US"},{"@type":"WebPage","@id":"https:\/\/darkamazi.info\/archives\/1032197","url":"https:\/\/darkamazi.info\/archives\/1032197","name":"Al\u00eegir\u00ean PKK\u00ea bi Molotofan \u00ear\u00ee\u015f\u00ee bargeha partiya Heyder \u015ee\u015fo kirin - Darka Maz\u00ee","isPartOf":{"@id":"https:\/\/darkamazi.info\/#website"},"primaryImageOfPage":{"@id":"https:\/\/darkamazi.info\/archives\/1032197#primaryimage"},"image":{"@id":"https:\/\/darkamazi.info\/archives\/1032197#primaryimage"},"thumbnailUrl":"https:\/\/darkamazi.info\/file\/2022\/08\/Heyder-Seso-pkk-sinun-sinjar-molotof.jpg","datePublished":"2022-08-30T15:55:15+00:00","dateModified":"2022-08-30T15:59:46+00:00","breadcrumb":{"@id":"https:\/\/darkamazi.info\/archives\/1032197#breadcrumb"},"inLanguage":"en-US","potentialAction":[{"@type":"ReadAction","target":["https:\/\/darkamazi.info\/archives\/1032197"]}]},{"@type":"ImageObject","inLanguage":"en-US","@id":"https:\/\/darkamazi.info\/archives\/1032197#primaryimage","url":"https:\/\/darkamazi.info\/file\/2022\/08\/Heyder-Seso-pkk-sinun-sinjar-molotof.jpg","contentUrl":"https:\/\/darkamazi.info\/file\/2022\/08\/Heyder-Seso-pkk-sinun-sinjar-molotof.jpg","width":900,"height":497,"caption":"Heyder \u015ee\u015fo-pkk-sinun-sinjar-molotof"},{"@type":"BreadcrumbList","@id":"https:\/\/darkamazi.info\/archives\/1032197#breadcrumb","itemListElement":[{"@type":"ListItem","position":1,"name":"Home","item":"https:\/\/darkamazi.info\/"},{"@type":"ListItem","position":2,"name":"Al\u00eegir\u00ean PKK\u00ea bi Molotofan \u00ear\u00ee\u015f\u00ee bargeha partiya Heyder \u015ee\u015fo kirin"}]},{"@type":"WebSite","@id":"https:\/\/darkamazi.info\/#website","url":"https:\/\/darkamazi.info\/","name":"Darka Maz\u00ee","description":"P\u00eageha Zanyariy\u00ean Nebih\u00eest\u00ee","publisher":{"@id":"https:\/\/darkamazi.info\/#organization"},"potentialAction":[{"@type":"SearchAction","target":{"@type":"EntryPoint","urlTemplate":"https:\/\/darkamazi.info\/?s={search_term_string}"},"query-input":{"@type":"PropertyValueSpecification","valueRequired":true,"valueName":"search_term_string"}}],"inLanguage":"en-US"},{"@type":"Organization","@id":"https:\/\/darkamazi.info\/#organization","name":"Darka Maz\u00ee","url":"https:\/\/darkamazi.info\/","logo":{"@type":"ImageObject","inLanguage":"en-US","@id":"https:\/\/darkamazi.info\/#\/schema\/logo\/image\/","url":"https:\/\/darkamazi.info\/file\/2017\/12\/darka-mazi-logo.png","contentUrl":"https:\/\/darkamazi.info\/file\/2017\/12\/darka-mazi-logo.png","width":151,"height":75,"caption":"Darka Maz\u00ee"},"image":{"@id":"https:\/\/darkamazi.info\/#\/schema\/logo\/image\/"},"sameAs":["https:\/\/www.facebook.com\/DarMaziKurmanci","https:\/\/x.com\/DarkaMaziLatini","https:\/\/www.instagram.com\/darkamazi.kurmanci\/","https:\/\/www.youtube.com\/channel\/UCa5HkTdmI8U1qCUFuTw8B2g"]},{"@type":"Person","@id":"https:\/\/darkamazi.info\/#\/schema\/person\/5ad3e24553a0567993fa8ed4bd0a776c","name":"darka mazi","sameAs":["https:\/\/darkamazi.info\/"],"url":"https:\/\/darkamazi.info\/archives\/author\/kurdi"}]}},"_links":{"self":[{"href":"https:\/\/darkamazi.info\/funavuv\/wp\/v2\/posts\/1032197","targetHints":{"allow":["GET"]}}],"collection":[{"href":"https:\/\/darkamazi.info\/funavuv\/wp\/v2\/posts"}],"about":[{"href":"https:\/\/darkamazi.info\/funavuv\/wp\/v2\/types\/post"}],"author":[{"embeddable":true,"href":"https:\/\/darkamazi.info\/funavuv\/wp\/v2\/users\/2"}],"replies":[{"embeddable":true,"href":"https:\/\/darkamazi.info\/funavuv\/wp\/v2\/comments?post=1032197"}],"version-history":[{"count":0,"href":"https:\/\/darkamazi.info\/funavuv\/wp\/v2\/posts\/1032197\/revisions"}],"wp:featuredmedia":[{"embeddable":true,"href":"https:\/\/darkamazi.info\/funavuv\/wp\/v2\/media\/1032198"}],"wp:attachment":[{"href":"https:\/\/darkamazi.info\/funavuv\/wp\/v2\/media?parent=1032197"}],"wp:term":[{"taxonomy":"category","embeddable":true,"href":"https:\/\/darkamazi.info\/funavuv\/wp\/v2\/categories?post=1032197"},{"taxonomy":"post_tag","embeddable":true,"href":"https:\/\/darkamazi.info\/funavuv\/wp\/v2\/tags?post=1032197"}],"curies":[{"name":"wp","href":"https:\/\/api.w.org\/{rel}","templated":true}]}}