{"id":1032315,"date":"2022-08-31T20:15:51","date_gmt":"2022-08-31T17:15:51","guid":{"rendered":"https:\/\/darkamazi.info\/?p=1032315"},"modified":"2023-09-10T15:31:33","modified_gmt":"2023-09-10T12:31:33","slug":"diroka-tekiliyen-pkke-u-akpe-u-qedera-bakure-kurdistane-besa-2","status":"publish","type":"post","link":"https:\/\/darkamazi.info\/archives\/1032315","title":{"rendered":"D\u00eeroka t\u00eakil\u00eey\u00ean PKK\u2019\u00ea \u00fb AKP\u2019\u00ea \u00fb Qedera Bakur\u00ea Kurdistan\u00ea &#8211; \u00ab2\u00bb"},"content":{"rendered":"<div class=\"wpb-content-wrapper\"><p>[darkamazi_row][darkamazi_column][darkamazi_column_text]<\/p>\n<h3 style=\"text-align: justify;\"><span style=\"font-family: 'arial black', sans-serif;\">Be\u015f\u00ea 2: Kadroy\u00ean PKK li \u00cemraliy\u00ea<\/span><\/h3>\n<h3 style=\"text-align: center;\"><span style=\"font-family: 'arial black', sans-serif; color: #8c0808;\">K\u00eejan kadroy\u00ean PKK\u2019\u00ea \u00e7\u00fbn \u00cemraliy\u00ea \u00fb k\u00ea dest\u00fbr da wan?<\/span><\/h3>\n<h3 style=\"text-align: justify;\">Di van meh\u00ean daw\u00ee de yek ji niv\u00eeskar\u00ean tirk Ehmet Nes\u00een di niv\u00eesek xwe de ev pirs kirib\u00fb: \u201cErdogan \u00e7end caran bi Evdila Ocalan re hevd\u00eetin kiriye?\u201d\u00a0 W\u00ee got ku ew\u00ea di p\u00ea\u015feroj\u00ea de b\u00eane ragihandin. Em maf\u00ea xwe y\u00ea bersivday\u00eena v\u00ea pirs\u00ea ve\u015fart\u00ee bih\u00ealin, em\u00ea v\u00ea pirs\u00ea bikin: \u201cSebr\u00ee Ok \u00e7end caran li \u00cemraliy\u00ea bi Evdila Ocelan re hevd\u00eetin p\u00eak aniye?\u201d.<\/h3>\n<h3 style=\"text-align: center;\"><span style=\"color: #8c0808; font-family: 'arial black', sans-serif;\">Bandora AKP\u2019\u00ea li ser \u00cemraliy\u00ea z\u00eade b\u00fbye<\/span><\/h3>\n<h3 style=\"text-align: justify;\">Pi\u015ft\u00ee qasid\u00ea Evdillah G\u00fbl di sala 2004an de \u00e7\u00fby\u00ee Qend\u00eel\u00ea t\u00eakiliy\u00ean AKP \u00ea \u00fb PKK \u00ea ava kirin, l\u00ea ji ber hindek sedeman p\u00eawendiya bi zehmet\u00ee j\u00ee berdewam kirin. Ji ber ku AKP di saziy\u00ean di nava dewlet\u00ea de, bi taybet\u00ee j\u00ee di navbera M\u00ceT \u00fb hik\u00fbmeta AKP \u00ea de bi cih b\u00fb, her ku lihevhatin z\u00eade b\u00fb, t\u00eakiliya AKP \u00ea ya bi \u00cemraliy\u00ea re ji ya art\u00ea\u015f\u00ea z\u00eadetir p\u00ea\u015f ket.<\/h3>\n<h3 style=\"text-align: justify;\">V\u00ea rew\u015f\u00ea r\u00ea ya t\u00eakiliy\u00ean AKP \u00ea y\u00ean bi PKK-Qend\u00eel\u00ea re j\u00ee guhert. Ji bo AKP \u00ea ku ji sala 2004 an heta 2006 an t\u00eakiliy\u00ean xwe y\u00ean li ser Qend\u00eel\u00ea bi qasid\u00ean xwe re didomand sekin \u00fb r\u00eayeke n\u00fb veb\u00fb. \u00cad\u00ee AKP \u00ea dikar\u00eeb\u00fb rasterast bi \u00cemraliy\u00ea re t\u00eakil\u00ee deyne. Li vir nav \u00fb erk\u00ea Sebr\u00ee Ok derdikeve p\u00ea\u015f. Sabr\u00ee Ok di t\u00eakiliy\u00ean PKK \u00fb dewleta Tirk de navek e ku div\u00ea mirov qed k\u00eam neb\u00eene.<\/h3>\n<h3 style=\"text-align: center;\"><span style=\"color: #8c0808; font-family: 'arial black', sans-serif;\">Rola Sabr\u00ee Ok ya ber\u00ea \u00e7i b\u00fb?<\/span><\/h3>\n<h3 style=\"text-align: justify;\">Sabr\u00ee Ok di sala 1985 an de di \u015ferek\u00ee li devera Garzan\u00ea bir\u00eendar b\u00fb \u00fb xwe radest\u00ee dewleta Tirk kir. Keseke ku heta sala 2005 an j\u00ee berpirs\u00ea PKK \u00ea y\u00ea girt\u00eegeh\u00ean Tirkiyey\u00ea b\u00fb \u00fb bi l\u00eakol\u00een\u00ean siyas\u00ee re eleqedar b\u00fb. Pirr balk\u00ea\u015fe ku dema ew di girt\u00eegeh\u00ea de b\u00fb, bi Evdila Ocelan re bi qas\u00ee ku li \u015eam\u00ea b\u00fb bi telefon\u00ea axiv\u00eeye. Di sala 1999 an de dema Ocalan \u00e7\u00fb \u00cemraliy\u00ea, dewlet\u00ea Sabr\u00ee Ok ji girt\u00eegeh\u00ea derxist \u00fb bi hel\u00eekoptereke taybet bir gel Ocelan. Bi kurtas\u00ee hem PKK \u00ea hem j\u00ee dewlet\u00ea helwesta Sabr\u00ee Ok di sal\u00ean 1990 \u00ee de pejirand \u00fb ew erkdar kir.<\/h3>\n<h3 style=\"text-align: justify;\">\u00ced\u00eeay\u00ean ku dib\u00eajin Sabr\u00ee Ok \u201cji bo dewleta Tirk dixebite\u201d hene. Di nava PKK \u00ea de j\u00ee y\u00ean wisa difikirin ne hindik in. L\u00eabel\u00ea, ev ne mijara niv\u00eesa me ye loma j\u00ee em ser nasekinin.<\/h3>\n<h3 style=\"text-align: center;\"><span style=\"color: #8c0808; font-family: 'arial black', sans-serif;\">Sabr\u00ee Ok li \u00cemraliy\u00ea ye<\/span><\/h3>\n<h3 style=\"text-align: justify;\">Pi\u015ft\u00ee ku Sabr\u00ee Ok di sala 2004 an de ji girt\u00eegeh\u00ea derket rast \u00e7\u00fb le\u015fker\u00eeya Tirkan \u00fb li wir M\u00eet bi w\u00ee re t\u00eakildar b\u00fb. W\u00ee di \u015fert \u00fb merc\u00ean dewlet\u00ea j\u00eare ava kirin de wek m\u00eavan le\u015fkeriya xwe kir. Pi\u015ft\u00ee le\u015fkeriy\u00ea, hevd\u00eetin\u00ean bi M\u00ceT \u00ea re z\u00eade dibin. M\u00ceT desp\u00eak\u00ea w\u00ee di\u015f\u00eene Qend\u00eel\u00ea \u00fb peyam\u00ea r\u00eadike. Bi kurtas\u00ee t\u00ea gotin, &#8220;Em di nava kar de ne, AKP w\u00ea pirsgir\u00eaka giran \u00e7areser bike, asteng\u00ee ji hol\u00ea rabin, em bi hev re bixebitin, Ocalan j\u00ee amade ye.&#8221; Sabr\u00ee Ok van peyaman di sala 2006 an de ji Qend\u00eel\u00ea re radigih\u00eene. Her wiha M\u00ceT soz dide ku hin PKK\u2019ey\u00ee d\u00ea karibin bi Ocalan re hevd\u00eetin\u00ea bikin. Yan\u00ee, ji bil\u00ee t\u00eakiliy\u00ean prosedur\u00ee \u00fb par\u00eazer\u00ean ferm\u00ee dervey\u00ee wan p\u00eawend\u00eeyan neferm\u00ee j\u00ee desp\u00ea dikin.<\/h3>\n<h3 style=\"text-align: justify;\">R\u00eaveberiya PKK \u00ea ya li Qend\u00eel\u00ea naxwaze Sabr\u00ee Ok di nava kadroy\u00ean PKK \u00ea y\u00ean ku bi\u00e7in \u00cemraliy\u00ea de cih bigire \u00fb nav\u00ean cuda p\u00ea\u015fniyar dike. L\u00ea dewleta Tirk \u00fb Ocalan li ser s\u00ea navan li hev kirin. Ehmet Tirk, Yuksel Genc (yek ji endam\u00ean yekem\u00een koma A\u015ftiy\u00ea ku di 1 \u00ea \u00celona 1999 an de ji \u00e7iya \u00e7\u00fbb\u00fb Tirkiyey\u00ea \u00fb li gel Ocalan li S\u00fbriyey\u00ea ma b\u00fb) \u00fb Sabr\u00ee Ok.<\/h3>\n<h3 style=\"text-align: justify;\">Ev her s\u00ea nav li Enqer\u00ea kom dibin. Dewlet p\u00ea\u015f\u00ee wan dibe Stenbol\u00ea \u00fb d\u00fb re j\u00ee dibe Bursay\u00ea. Ji van 3 kes ku 2 ji wan kadroy\u00ean PKK \u00ea ne \u00fb yek j\u00ee siyasetmedar di\u00e7in bi Ocelan re hevd\u00eetin dikin.<\/h3>\n<h3 style=\"text-align: center;\"><span style=\"color: #8c0808; font-family: 'arial black', sans-serif;\">Ocalan: &#8220;projeya me a Tirk\u00eeyeb\u00fbn\u00ea ne taktik e, stratej\u00eek e&#8221;<\/span><\/h3>\n<h3 style=\"text-align: justify;\">N\u00eeqa\u015fa li ser doza gel\u00ea Kurd ji cidd\u00eeyet\u00ea d\u00fbr b\u00eatir weke pirsgir\u00eaka nava malbat\u00ea di hat genge\u015fe kirin. Ocalan ji PKK \u00ea dixwaze ku baweriya xwe bi dewlet\u00ea b\u00eene. Dib\u00eaje, &#8220;Eger \u015fert \u00fb merc p\u00eak b\u00ean em \u00ea a\u015ftiyeke mezin p\u00eak b\u00eenin, ev a\u015ft\u00ee w\u00ea Tirkiyey\u00ea bike h\u00eaza sereke li Rojhilata Nav\u00een&#8221; hevd\u00eetin bi v\u00ee reng\u00ee t\u00ean me\u015fadin.<\/h3>\n<h3 style=\"text-align: justify;\">Pi\u015ft\u00ee v\u00ea hevd\u00eetin\u00ea Ocalan nameyek ji Qend\u00eel\u00ea re diniv\u00eese. Di namey\u00ea de bi kurtas\u00ee wiha dib\u00eaje: \u201cEz ji bo \u00e7areseriy\u00ea h\u00eav\u00eedar im, div\u00ea ji hik\u00fbmeta n\u00fb re derfet b\u00ea day\u00een, ya gir\u00eeng ew e ku li Tirkiyey\u00ea xwe bir\u00eaxistin bike, div\u00ea part\u00eeya siyas\u00ee li rojhilat\u00ea Firat\u00ea ten\u00ea neh\u00ea s\u00eenordar kirin, tirk\u00eeyeb\u00fbn ne taktik e, hik\u00fbmet\u00ea nexin nava tengas\u00ee y\u00ea, muzakere bila bidomin \u00fb w\u00ea agirbest v\u00ea dem\u00ea de bandorek er\u00ean\u00ee ava bike.\u201d<\/h3>\n<h3 style=\"text-align: justify;\">Ev civ\u00een di navbera M\u00ceT, PKK \u00fb AKP \u00ea de b\u00fb. Serokerkan\u00ea Tirk\u00eeya qeb\u00fbl nake ku ji civ\u00eeneke wiha gir\u00eeng b\u00eapar bie. Roja pi\u015ft\u00ee hevd\u00eetin\u00ea serokerkan \u00celker Ba\u015fbug li bajarok\u00ea Erc\u00ee\u015f \u00ea Wan\u00ea peyamek wiha da &#8221; heya ku teror\u00eestek j\u00ee mabe em\u00ea \u015fer\u00ea xwe berdewam bik\u00een\u201d L\u00ea bel\u00ea rexm\u00ea van gef\u00ean \u00celker Ba\u015fb\u00fbg j\u00ee di 1 \u00ea Cotmeha 2006 an de agirbest hat ragihandin.<\/h3>\n<h3 style=\"text-align: justify;\">Pi\u015ft\u00ee sala 2006 an \u00fb vir ve t\u00eakiliy\u00ean AKP-PKK \u00fb M\u00ceT \u00ea her ti\u015ft di bin r\u00eaveberiya Sabr\u00ee Ok de p\u00eak t\u00ea. Li ser xeta \u00cemral\u00ee-Enqere-Qend\u00eel\u00ea traf\u00eeka nameyan \u00fb n\u00fbneran pirr z\u00eade dibe.<\/h3>\n<h3 style=\"text-align: center;\"><span style=\"color: #8c0808; font-family: 'arial black', sans-serif;\">Gel \u00e7i difikir\u00ee?<\/span><\/h3>\n<h3 style=\"text-align: justify;\">Dema ev hem\u00fb didomin, telev\u00eezyon\u00ean PKK \u00ea y\u00ean li Bruksel\u00ea we\u015fan\u00ea dikin, bi gotin\u00ean \u201cDewleta Tirk r\u00ea li hevd\u00eetina bi Serok APO re digire\u201d raya gi\u015ft\u00ee tehr\u00eek dikir. W\u00ea dem\u00ea roj\u00ean \u00c7ar\u015fem\u00ea bi Ocalan re hevd\u00eetin dihatin kirin. Gava hevd\u00eetin w\u00ea roj\u00ea \u00e7en\u00ea ba PKK \u00ea roja p\u00eanc\u015fem\u00ea \u00e7end dayik \u00fb \u00e7end ciwan dadixistin ser \u015feqaman.<\/h3>\n<h3 style=\"text-align: justify;\">Gel\u00ea Kurd we difikir\u00ee ku bi salan li ser \u00cemraliy\u00ea tecr\u00eed heye, l\u00ea bi rast\u00ee hevd\u00eetin\u00ean gelek\u00ee gir\u00eeng di hatin kirin. Bo m\u00eenak; Di 12 \u00ea T\u00eermeha 2008 an de PKK \u00ea li Bakur\u00ea Kurdistan\u00ea \u00fb Ewropay\u00ea tam mehek\u00ea dewlet protesto dikir \u00fb di got ku por\u00ea Ocelan hatiye q\u00fbsandin. Di heman rojan de Sabr\u00ee Ok li Ewropay\u00ea namey\u00ean Ocalan ku n\u00fbner\u00ean M\u00ceT \u00ea ji w\u00ee re an\u00eene dixwend \u00fb bersiv di da. Di heman dem\u00ea de ji bo p\u00eavajoya Osloy\u00ea li ser xeta Qend\u00eel, Bruksel, Enqere \u00fb \u00cemraliy\u00ea traf\u00eeka muzakere y\u00ea heb\u00fb. Di rastiy\u00ea de her ku PKK \u00ea ji bo Ocalan gel dadixist kolanan, ti\u015ft\u00ean ku ser wan were nixumandin dihat me\u015fandin.<\/h3>\n<h3 style=\"text-align: justify;\">Ango ti\u015ftek\u00ee bi nav\u00ea \u201ctecr\u00eeda \u00cemraliy\u00ea\u201d ku bi salan e banga \u00e7alak\u00eey\u00ea li kurdan t\u00ea kirin, tune ye.<\/h3>\n<h3 style=\"text-align: justify;\">Di nava v\u00ea p\u00eavajoy\u00ea de PKK \u00ea xwe ji ti\u015ft\u00ea ku hik\u00fbmet\u00ea bixe nava tengav\u00eeyan de d\u00fbrxist, loma j\u00ee AKP e kar\u00ee h\u00ea rihetir xebat\u00ea serweriya xwe ya liser art\u00ea\u015f \u00fb abor\u00eey\u00ea, bime\u015f\u00eene. AKP e kar\u00ee rew\u015fenb\u00eer\u00ean ji zext\u00ean Kemal\u00eezm\u00ea b\u00eazar b\u00fbne li dora xwe kom bike. L\u00ea bel\u00ea layan\u00ean ku ev yeke weke meseleya man \u00fb neman\u00ea did\u00eetin j\u00ee heb\u00fbn.<\/h3>\n<h3 style=\"text-align: center;\"><span style=\"color: #8c0808; font-family: 'arial black', sans-serif;\">Yekem\u00een dijmin\u00ea hevpar \u00ea AKP \u00fb PKK \u00ea: Ergenekon<\/span><\/h3>\n<h3 style=\"text-align: justify;\">Z\u00eadeb\u00fbna xebat\u00ean AKP \u00fb Cemaet\u00ea y\u00ean di nava saziy\u00ean dewlet\u00ea de Kemal\u00eest, Ergenekonc\u00ee, endam\u00ean art\u00ea\u015f\u00ea y\u00ean ber\u00ea \u00fb hinek sermayedar b\u00eazar kiri b\u00fbn. Di navbera her du aliyan de aloz\u00ee z\u00eade di b\u00fb. Di T\u00eermeha 2007 an de bi girtina endam\u00ean Ergenekon\u00ea re AKP \u00fb Cemaet\u00ea p\u00eangavek dijwar av\u00eat. Di d\u00eeroka Tirkiyey\u00ea de cara ewil general\u00ean teqawitb\u00fby\u00ee \u00fb wez\u00eefedar \u00fb Serokerkan\u00ean art\u00ea\u015f\u00ea \u00ea di v\u00ea ast\u00ea de di hatin girtin. Ev j\u00ee weke r\u00fbbir\u00fbb\u00fbna Tirkiyey\u00ea ya bi rabird\u00fbya xwe re hat n\u00ee\u015fandan. Bi rast\u00ee, ew pev\u00e7\u00fbnek b\u00fb, di nava bask\u00ean dewlet\u00ea de.<\/h3>\n<h3 style=\"text-align: justify;\">\u00a0Yekem\u00een dijmin\u00ea hevpar \u00ea PKK \u00fb AKP \u00ea Ergenekon b\u00fb. Di v\u00ea operasyon\u00ea de PKK \u00ea di \u015fert \u00fb merc\u00ean agirbest\u00ea de pi\u015ftgir\u00ee da AKP \u00ea. Her \u00e7iqas PKK niha v\u00ea yek\u00ea qeb\u00fbl j\u00ee neke, l\u00ea ber\u00ea bi pi\u015ftgiriya xwe serbilind b\u00fb.<\/h3>\n<h3 style=\"text-align: justify;\">M\u00eenak Cem\u00eel Bayik di 13 \u00ea Tebaxa 2013 an de bi M\u00eethad Sancar \u00ea niha Hevserok\u00ea HDP \u00ea re hevpeyv\u00eenek \u00e7\u00eakir. Cem\u00eel Bayik di hevd\u00eetin\u00ea de t\u00eako\u015f\u00eena xwe ya hevpar a bi AKP \u00ea re li dij\u00ee Ergenekon\u00ea wiha nirxand: \u201cAstengiya her\u00ee mezin a li p\u00ea\u015fiya hewldan\u00ean \u00e7areseriy\u00ea y\u00ean ber\u00ea rej\u00eema \u015fer\u00ea taybet \u00fb p\u00eakhateya Ergenekon\u00ea b\u00fb. P\u00eangava her\u00ee gir\u00eeng a v\u00ea p\u00eakhatey\u00ea &#8216;Operasyona Zap\u00ea&#8217; ya di Sibata 2008 an de b\u00fb, yan\u00ee operasyona bejah\u00ee ya li dij\u00ee me b\u00fb. Ger ev operasyon bi seketiba, da AKP \u00ea j\u00ee tune bike. serneketina v\u00ea operasyon\u00ea ne ten\u00ea p\u00fb\u00e7b\u00fbna pol\u00eet\u00eekay\u00ean \u015fer pi\u015ftrast kir, di heman dem\u00ea de \u00eemkana tasfiyekirina Ergenekon\u00ea j\u00ee ava kir.&#8221;<\/h3>\n<h3 style=\"text-align: center;\"><span style=\"color: #8c0808; font-family: 'arial black', sans-serif;\">PKK pi\u015ftgir\u00ee dide gi\u015fpirs\u00eeya makezagon\u00ea<\/span><\/h3>\n<h3 style=\"text-align: justify;\">Tifaqa di navbera Erdogan-AKP \u00fb Fetullah-Cemaat de ji bo tasf\u00eeyekirina r\u00eaj\u00eema ber\u00ea \u00fb ji n\u00fbve li gor\u00ee xwe d\u00eezaynkirin a rej\u00eem\u00ea b\u00fb. Hereketa wan a daw\u00ee ew b\u00fb ku di sala 2010 an de guhertina makezagon\u00ea bixin gi\u015fpirs\u00eey\u00ea.<\/h3>\n<h3 style=\"text-align: center;\"><span style=\"color: #8c0808; font-family: 'arial black', sans-serif;\">Referand\u00fbma makezagon\u00ea \u00fb agirbesta ku p\u00eaw\u00eestiya AKP \u00ea p\u00ea hey\u00ee<\/span><\/h3>\n<h3 style=\"text-align: justify;\">Ber\u00ee gi\u015fpirs\u00eey\u00ea \u00fb pi\u015ft\u00ee gi\u015fpirs\u00eey\u00ea agirbest heb\u00fbn. Jixwe di 29 \u00ea Adara 2009 an de agirbestek p\u00eak hatib\u00fb. Kom\u00ean bi nav\u00ea kom\u00ean a\u015ftiy\u00ea bi cil \u00fb berg\u00ean ger\u00eela ji deriy\u00ea s\u00eenor \u00ea Xab\u00fbr\u00ea derbas\u00ee Bakur\u00ea Kurdistan\u00ea b\u00fbn \u00fb bajar bi bajar di geriyan.<\/h3>\n<h3 style=\"text-align: justify;\">V\u00ea p\u00eavajoy\u00ea h\u00eaviyek mezin di nav kurdan de \u00e7\u00eakir. AKP e \u00fb Erdogan di nava Kurdan de bi ve\u015fart\u00ee di hatin ecibandin. Weke ku &#8220;AKP partiya kurdan e&#8221; dihat d\u00eetin. W\u00eaneya ku her tim dihat x\u00eazkirin ev b\u00fb ku AKP bi rast\u00ee w\u00ea pirsgir\u00eaka Kurd \u00e7areser bike, l\u00ea hinek dest\u00ean ve\u015fart\u00ee nah\u00ealin. PKK \u00ea ji bo t\u00eakiliy\u00ean xwe y\u00ean siyas\u00ee ev t\u00eageh di civak\u00ea de afirand. Her gav we dida xuya kirin ku d\u00ea ti\u015ftek ba\u015f \u00e7\u00eabibe. L\u00ea bel\u00ea ti\u015ftek j\u00ee may\u00eende neb\u00fb. Li aliy\u00ea din kurdan di referand\u00fbma makezagon\u00ea de ji ber v\u00ea t\u00eageha ku PKK \u00ea \u00e7\u00eakiriye deng\u00ea \u2018er\u00ea\u2019 dan .<\/h3>\n<h3 style=\"text-align: justify;\">Referand\u00fbma makezagon\u00ea d\u00ea pergala dadweriya Tirkiyey\u00ea heta asteke mezin biguhere \u00fb li p\u00ea\u015fiya dubendiya AKP \u00fb Cemaet\u00ea tu asteng\u00ee nem\u00eene. V\u00ea referand\u00fbm\u00ea p\u00eavajoya \u00e7\u00fbna ber bi serokomar\u00eeya Erdogan vekir. PKK \u00ea j\u00ee bi agirbestan pi\u015ftgir\u00ee da v\u00ea p\u00eavajoy\u00ea. Referand\u00fbm di 12 \u00ea \u00celon\u00ea de hat kirin. L\u00ea beriya w\u00ea j\u00ee dan\u00fbstandin berdewam b\u00fbn.<\/h3>\n<h3 style=\"text-align: center;\"><span style=\"color: #8c0808; font-family: 'arial black', sans-serif;\">Muzakere berdewam b\u00fbn<\/span><\/h3>\n<h3 style=\"text-align: justify;\">Ocalan di 31 \u00ea Golan\u00ea de gotib\u00fb ku AKP e agirbestan nanirx\u00eene \u00fb \u015fert \u00fb merc\u00ean min ba\u015f nabin \u00fb xwe ji navber\u00ea veki\u015fiyaye. Roja din, di 1 \u00ea Hez\u00eeran\u00ea de, PKK \u00ea daxuyan\u00ee da ku ew p\u00eavajoya agirbest\u00ea ya ku ji 13 \u00ea N\u00eesana 2009 an \u00fb vir ve didome, bi daw\u00ee kiriye. Pev\u00e7\u00fbn d\u00ea dest p\u00ea bikin. Li pi\u015ft deriy\u00ean girt\u00ee muzakere di hatin kirin. Di navbera Sabr\u00ee Ok \u00fb Muste\u015far\u00ean M\u00eet \u00ea de hevd\u00eetin\u00ean germ p\u00eak hatin \u00fb lihev hatin. L\u00ea diviyab\u00fb kesek banga agirbest\u00ea li PKK \u00ea bike. Eger AKP \u00ea ev bang bikira, w\u00ea encamek ney\u00een\u00ee ji referand\u00fbm\u00ea derketa, loma j\u00ee ev bang nekir. Bi daxwaza AKP \u00ea \u00fb qeb\u00fblkirina \u00cemraliy\u00ea, r\u00eaxistin\u00ean PKK \u00ea DTK \u00fb BDP \u00ea \u00fb komek rew\u015fenb\u00eeran bangawaz\u00ee kirin \u00fb xwestin \u00e7ek b\u00ean b\u00eadengkirin.<\/h3>\n<h3 style=\"text-align: justify;\">Di encam\u00ea de 70 roj \u015f\u00fbnde PKK \u00ea bi daxuyaniyek\u00ea ragihand ku ew \u00ea di navbera 13 \u00ea Tebax\u00ea \u00fb 20 \u00ea \u00celon\u00ea de h\u00eaz\u00ean xwe y\u00ean \u00e7ekdar di poz\u00eesyona \u201cparastina pas\u00eef\u201d de bih\u00ealin. Bi v\u00ee away\u00ee referand\u00fbm di rew\u015feke b\u00ea pev\u00e7\u00fbn \u00fb aram de p\u00eak hat.<\/h3>\n<h3 style=\"text-align: center;\"><span style=\"color: #8c0808; font-family: 'arial black', sans-serif;\">Helwesta PKK \u00ea ya gi\u015ftpirs\u00eey\u00ea: Bel\u00ea ya ve\u015fart\u00ee<\/span><\/h3>\n<h3 style=\"text-align: justify;\">PKK nexwest bi e\u015fkerey\u00ee bib\u00eaje er\u00ea. Helwesta wan ya derbar\u00ea referand\u00fbm\u00ea boykot b\u00fb. L\u00ea boykot dihat wateya \u201cBel\u00ea\u201d. Mirad Qarayilan di hevpeyv\u00eena xwe ya w\u00ea dem\u00ea ya bi ANF \u00ea re diyar kirib\u00fb ku biryara agirbest\u00ea ji bo &#8216;er\u00ea&#8217; \u015fansek e \u00fb got, &#8220;Eger me di v\u00ea dem\u00ea de \u015fer\u00ea parastin\u00ea bi bandor bidomanda, referand\u00fbm\u00ea de misoger da y\u00ean di bejin \u201cbel\u00ea\u201d winda kin.&#8221;<\/h3>\n<h3 style=\"text-align: justify;\">Ji xeyn\u00ee v\u00ea, ger\u00eellay\u00ean PKK \u00ea bi awayek\u00ee vekir\u00ee tal\u00eemat\u00ea didin raya gi\u015ft\u00ee ku gi\u015ftpirs\u00eey\u00ea de deng\u00ea &#8216;er\u00ea&#8217; bidin\u00ee<\/h3>\n<h3 style=\"text-align: justify;\">Di encam\u00ea de li bajar\u00ean kurdan deng\u00ea \u201cer\u00ea\u201d bi ser ket. Ev j\u00ee al\u00eekar\u00eeyeke stratej\u00eek b\u00fb ku PKK \u00ea dab\u00fb AKP \u00ea.<\/h3>\n<p>[\/darkamazi_column_text][\/darkamazi_column][\/darkamazi_row][darkamazi_row css=&#8221;.darkamazi_custom_1623771386013{padding-bottom: 10px !important;}&#8221;][darkamazi_column][mpc_alert preset=&#8221;mpc_preset_24&#8243; icon=&#8221;eti eti_link&#8221; icon_color=&#8221;#ffffff&#8221; icon_size=&#8221;30&#8243; icon_background_color=&#8221;#df5461&#8243; icon_padding_divider=&#8221;true&#8221; icon_padding_css=&#8221;padding-top:25px;padding-right:25px;padding-bottom:25px;padding-left:25px;&#8221; font_preset=&#8221;mpc_preset_13&#8243; font_color=&#8221;#ffffff&#8221; font_size=&#8221;20&#8243; font_transform=&#8221;none&#8221; font_align=&#8221;center&#8221; content_padding_divider=&#8221;true&#8221; content_padding_css=&#8221;padding-top:10px;padding-right:15px;padding-bottom:0px;padding-left:15px;&#8221; background_type=&#8221;gradient&#8221; background_gradient=&#8221;#d14945||#e5825e||0;100||90||linear&#8221; border_divider=&#8221;true&#8221; border_css=&#8221;border-top:0px;border-right:0px;border-bottom:3px;border-left:0px;border-color:#bc3a5d;border-style:solid;border-radius:5px;&#8221; padding_divider=&#8221;true&#8221; margin_divider=&#8221;true&#8221; margin_css=&#8221;margin-bottom:10px;&#8221;]<\/p>\n<h4 style=\"direction: rtl; text-align: center;\"><span style=\"font-size: 18pt;\"><a href=\"https:\/\/darkamazi.info\/archives\/1032073\"><span style=\"font-family: 'arial black', sans-serif; color: #ffffff;\">Ji bo xwendina be\u015fa 1 kil\u00eek bike<\/span><\/a><\/span><\/h4>\n<p>[\/mpc_alert][mpc_alert preset=&#8221;mpc_preset_24&#8243; icon=&#8221;eti eti_link&#8221; icon_color=&#8221;#ffffff&#8221; icon_size=&#8221;30&#8243; icon_background_color=&#8221;#df5461&#8243; icon_padding_divider=&#8221;true&#8221; icon_padding_css=&#8221;padding-top:25px;padding-right:25px;padding-bottom:25px;padding-left:25px;&#8221; font_preset=&#8221;mpc_preset_13&#8243; font_color=&#8221;#ffffff&#8221; font_size=&#8221;20&#8243; font_transform=&#8221;none&#8221; font_align=&#8221;center&#8221; content_padding_divider=&#8221;true&#8221; content_padding_css=&#8221;padding-top:10px;padding-right:15px;padding-bottom:0px;padding-left:15px;&#8221; background_type=&#8221;gradient&#8221; background_gradient=&#8221;#d14945||#e5825e||0;100||90||linear&#8221; border_divider=&#8221;true&#8221; border_css=&#8221;border-top:0px;border-right:0px;border-bottom:3px;border-left:0px;border-color:#bc3a5d;border-style:solid;border-radius:5px;&#8221; padding_divider=&#8221;true&#8221; margin_divider=&#8221;true&#8221; margin_css=&#8221;margin-bottom:10px;&#8221;]<\/p>\n<h4 style=\"direction: rtl; text-align: center;\"><span style=\"font-size: 18pt;\"><a href=\"https:\/\/darkamazi.info\/archives\/1032573\"><span style=\"font-family: 'arial black', sans-serif; color: #ffffff;\">Ji bo xwendina be\u015fa 3 kil\u00eek bike<\/span><\/a><\/span><\/h4>\n<p>[\/mpc_alert][\/darkamazi_column][\/darkamazi_row]<\/p>\n<\/div>","protected":false},"excerpt":{"rendered":"<p>[darkamazi_row][darkamazi_column][darkamazi_column_text] Be\u015f\u00ea 2: Kadroy\u00ean PKK li \u00cemraliy\u00ea K\u00eejan kadroy\u00ean PKK\u2019\u00ea \u00e7\u00fbn \u00cemraliy\u00ea \u00fb k\u00ea dest\u00fbr da wan? Di van meh\u00ean daw\u00ee de yek ji niv\u00eeskar\u00ean tirk Ehmet Nes\u00een di niv\u00eesek xwe de ev pirs kirib\u00fb: \u201cErdogan \u00e7end caran bi Evdila Ocalan re hevd\u00eetin kiriye?\u201d\u00a0 W\u00ee got ku ew\u00ea di p\u00ea\u015feroj\u00ea de b\u00eane ragihandin. Em maf\u00ea [&hellip;]<\/p>\n","protected":false},"author":2,"featured_media":1032568,"comment_status":"closed","ping_status":"closed","sticky":false,"template":"","format":"standard","meta":{"footnotes":""},"categories":[68],"tags":[37],"class_list":["post-1032315","post","type-post","status-publish","format-standard","has-post-thumbnail","hentry","category-analiz","tag-sereke"],"blocksy_meta":[],"seo_head":"<!-- This site is optimized with the Yoast SEO plugin v27.5 - https:\/\/yoast.com\/product\/yoast-seo-wordpress\/ -->\n<title>D\u00eeroka t\u00eakil\u00eey\u00ean PKK\u2019\u00ea \u00fb AKP\u2019\u00ea \u00fb Qedera Bakur\u00ea Kurdistan\u00ea - \u00ab2\u00bb - Darka Maz\u00ee<\/title>\n<meta name=\"robots\" content=\"index, follow, max-snippet:-1, max-image-preview:large, max-video-preview:-1\" \/>\n<link rel=\"canonical\" href=\"https:\/\/darkamazi.info\/archives\/1032315\" \/>\n<meta property=\"og:locale\" content=\"en_US\" \/>\n<meta property=\"og:type\" content=\"article\" \/>\n<meta property=\"og:title\" content=\"D\u00eeroka t\u00eakil\u00eey\u00ean PKK\u2019\u00ea \u00fb AKP\u2019\u00ea \u00fb Qedera Bakur\u00ea Kurdistan\u00ea - \u00ab2\u00bb - Darka Maz\u00ee\" \/>\n<meta property=\"og:description\" content=\"[darkamazi_row][darkamazi_column][darkamazi_column_text] Be\u015f\u00ea 2: Kadroy\u00ean PKK li \u00cemraliy\u00ea K\u00eejan kadroy\u00ean PKK\u2019\u00ea \u00e7\u00fbn \u00cemraliy\u00ea \u00fb k\u00ea dest\u00fbr da wan? Di van meh\u00ean daw\u00ee de yek ji niv\u00eeskar\u00ean tirk Ehmet Nes\u00een di niv\u00eesek xwe de ev pirs kirib\u00fb: \u201cErdogan \u00e7end caran bi Evdila Ocalan re hevd\u00eetin kiriye?\u201d\u00a0 W\u00ee got ku ew\u00ea di p\u00ea\u015feroj\u00ea de b\u00eane ragihandin. Em maf\u00ea [&hellip;]\" \/>\n<meta property=\"og:url\" content=\"https:\/\/darkamazi.info\/archives\/1032315\" \/>\n<meta property=\"og:site_name\" content=\"Darka Maz\u00ee\" \/>\n<meta property=\"article:publisher\" content=\"https:\/\/www.facebook.com\/DarMaziKurmanci\" \/>\n<meta property=\"article:published_time\" content=\"2022-08-31T17:15:51+00:00\" \/>\n<meta property=\"article:modified_time\" content=\"2023-09-10T12:31:33+00:00\" \/>\n<meta property=\"og:image\" content=\"https:\/\/darkamazi.info\/file\/2022\/08\/pkk-akp-2.jpg\" \/>\n\t<meta property=\"og:image:width\" content=\"900\" \/>\n\t<meta property=\"og:image:height\" content=\"497\" \/>\n\t<meta property=\"og:image:type\" content=\"image\/jpeg\" \/>\n<meta name=\"author\" content=\"darka mazi\" \/>\n<meta name=\"twitter:card\" content=\"summary_large_image\" \/>\n<meta name=\"twitter:creator\" content=\"@DarkaMaziLatini\" \/>\n<meta name=\"twitter:site\" content=\"@DarkaMaziLatini\" \/>\n<meta name=\"twitter:label1\" content=\"Written by\" \/>\n\t<meta name=\"twitter:data1\" content=\"darka mazi\" \/>\n\t<meta name=\"twitter:label2\" content=\"Est. reading time\" \/>\n\t<meta name=\"twitter:data2\" content=\"9 minutes\" \/>\n<script type=\"application\/ld+json\" class=\"seo-schema-graph\">{\"@context\":\"https:\\\/\\\/schema.org\",\"@graph\":[{\"@type\":\"Article\",\"@id\":\"https:\\\/\\\/darkamazi.info\\\/archives\\\/1032315#article\",\"isPartOf\":{\"@id\":\"https:\\\/\\\/darkamazi.info\\\/archives\\\/1032315\"},\"author\":{\"name\":\"darka mazi\",\"@id\":\"https:\\\/\\\/darkamazi.info\\\/#\\\/schema\\\/person\\\/5ad3e24553a0567993fa8ed4bd0a776c\"},\"headline\":\"D\u00eeroka t\u00eakil\u00eey\u00ean PKK\u2019\u00ea \u00fb AKP\u2019\u00ea \u00fb Qedera Bakur\u00ea Kurdistan\u00ea &#8211; \u00ab2\u00bb\",\"datePublished\":\"2022-08-31T17:15:51+00:00\",\"dateModified\":\"2023-09-10T12:31:33+00:00\",\"mainEntityOfPage\":{\"@id\":\"https:\\\/\\\/darkamazi.info\\\/archives\\\/1032315\"},\"wordCount\":2416,\"publisher\":{\"@id\":\"https:\\\/\\\/darkamazi.info\\\/#organization\"},\"image\":{\"@id\":\"https:\\\/\\\/darkamazi.info\\\/archives\\\/1032315#primaryimage\"},\"thumbnailUrl\":\"https:\\\/\\\/darkamazi.info\\\/darka-content\\\/uploads\\\/2022\\\/08\\\/pkk-akp-2.jpg\",\"keywords\":[\"sereke\"],\"articleSection\":[\"Anal\u00eez\"],\"inLanguage\":\"en-US\"},{\"@type\":\"WebPage\",\"@id\":\"https:\\\/\\\/darkamazi.info\\\/archives\\\/1032315\",\"url\":\"https:\\\/\\\/darkamazi.info\\\/archives\\\/1032315\",\"name\":\"D\u00eeroka t\u00eakil\u00eey\u00ean PKK\u2019\u00ea \u00fb AKP\u2019\u00ea \u00fb Qedera Bakur\u00ea Kurdistan\u00ea - \u00ab2\u00bb - Darka Maz\u00ee\",\"isPartOf\":{\"@id\":\"https:\\\/\\\/darkamazi.info\\\/#website\"},\"primaryImageOfPage\":{\"@id\":\"https:\\\/\\\/darkamazi.info\\\/archives\\\/1032315#primaryimage\"},\"image\":{\"@id\":\"https:\\\/\\\/darkamazi.info\\\/archives\\\/1032315#primaryimage\"},\"thumbnailUrl\":\"https:\\\/\\\/darkamazi.info\\\/darka-content\\\/uploads\\\/2022\\\/08\\\/pkk-akp-2.jpg\",\"datePublished\":\"2022-08-31T17:15:51+00:00\",\"dateModified\":\"2023-09-10T12:31:33+00:00\",\"breadcrumb\":{\"@id\":\"https:\\\/\\\/darkamazi.info\\\/archives\\\/1032315#breadcrumb\"},\"inLanguage\":\"en-US\",\"potentialAction\":[{\"@type\":\"ReadAction\",\"target\":[\"https:\\\/\\\/darkamazi.info\\\/archives\\\/1032315\"]}]},{\"@type\":\"ImageObject\",\"inLanguage\":\"en-US\",\"@id\":\"https:\\\/\\\/darkamazi.info\\\/archives\\\/1032315#primaryimage\",\"url\":\"https:\\\/\\\/darkamazi.info\\\/darka-content\\\/uploads\\\/2022\\\/08\\\/pkk-akp-2.jpg\",\"contentUrl\":\"https:\\\/\\\/darkamazi.info\\\/darka-content\\\/uploads\\\/2022\\\/08\\\/pkk-akp-2.jpg\",\"width\":900,\"height\":497,\"caption\":\"D\u00eeroka t\u00eakil\u00eey\u00ean PKK\u2019\u00ea \u00fb AKP\u2019\u00ea \u00fb Qedera Bakur\u00ea Kurdistan\u00ea - \u00ab2\u00bb\"},{\"@type\":\"BreadcrumbList\",\"@id\":\"https:\\\/\\\/darkamazi.info\\\/archives\\\/1032315#breadcrumb\",\"itemListElement\":[{\"@type\":\"ListItem\",\"position\":1,\"name\":\"Home\",\"item\":\"https:\\\/\\\/darkamazi.info\\\/\"},{\"@type\":\"ListItem\",\"position\":2,\"name\":\"D\u00eeroka t\u00eakil\u00eey\u00ean PKK\u2019\u00ea \u00fb AKP\u2019\u00ea \u00fb Qedera Bakur\u00ea Kurdistan\u00ea &#8211; \u00ab2\u00bb\"}]},{\"@type\":\"WebSite\",\"@id\":\"https:\\\/\\\/darkamazi.info\\\/#website\",\"url\":\"https:\\\/\\\/darkamazi.info\\\/\",\"name\":\"Darka Maz\u00ee\",\"description\":\"P\u00eageha Zanyariy\u00ean Nebih\u00eest\u00ee\",\"publisher\":{\"@id\":\"https:\\\/\\\/darkamazi.info\\\/#organization\"},\"potentialAction\":[{\"@type\":\"SearchAction\",\"target\":{\"@type\":\"EntryPoint\",\"urlTemplate\":\"https:\\\/\\\/darkamazi.info\\\/?s={search_term_string}\"},\"query-input\":{\"@type\":\"PropertyValueSpecification\",\"valueRequired\":true,\"valueName\":\"search_term_string\"}}],\"inLanguage\":\"en-US\"},{\"@type\":\"Organization\",\"@id\":\"https:\\\/\\\/darkamazi.info\\\/#organization\",\"name\":\"Darka Maz\u00ee\",\"url\":\"https:\\\/\\\/darkamazi.info\\\/\",\"logo\":{\"@type\":\"ImageObject\",\"inLanguage\":\"en-US\",\"@id\":\"https:\\\/\\\/darkamazi.info\\\/#\\\/schema\\\/logo\\\/image\\\/\",\"url\":\"https:\\\/\\\/darkamazi.info\\\/darka-content\\\/uploads\\\/2017\\\/12\\\/darka-mazi-logo.png\",\"contentUrl\":\"https:\\\/\\\/darkamazi.info\\\/darka-content\\\/uploads\\\/2017\\\/12\\\/darka-mazi-logo.png\",\"width\":151,\"height\":75,\"caption\":\"Darka Maz\u00ee\"},\"image\":{\"@id\":\"https:\\\/\\\/darkamazi.info\\\/#\\\/schema\\\/logo\\\/image\\\/\"},\"sameAs\":[\"https:\\\/\\\/www.facebook.com\\\/DarMaziKurmanci\",\"https:\\\/\\\/x.com\\\/DarkaMaziLatini\",\"https:\\\/\\\/www.instagram.com\\\/darkamazi.kurmanci\\\/\",\"https:\\\/\\\/www.youtube.com\\\/channel\\\/UCa5HkTdmI8U1qCUFuTw8B2g\"]},{\"@type\":\"Person\",\"@id\":\"https:\\\/\\\/darkamazi.info\\\/#\\\/schema\\\/person\\\/5ad3e24553a0567993fa8ed4bd0a776c\",\"name\":\"darka mazi\",\"sameAs\":[\"https:\\\/\\\/darkamazi.info\\\/\"],\"url\":\"https:\\\/\\\/darkamazi.info\\\/archives\\\/author\\\/kurdi\"}]}<\/script>\n<!-- \/ Yoast SEO plugin. -->","seo_head_json":{"title":"D\u00eeroka t\u00eakil\u00eey\u00ean PKK\u2019\u00ea \u00fb AKP\u2019\u00ea \u00fb Qedera Bakur\u00ea Kurdistan\u00ea - \u00ab2\u00bb - Darka Maz\u00ee","robots":{"index":"index","follow":"follow","max-snippet":"max-snippet:-1","max-image-preview":"max-image-preview:large","max-video-preview":"max-video-preview:-1"},"canonical":"https:\/\/darkamazi.info\/archives\/1032315","og_locale":"en_US","og_type":"article","og_title":"D\u00eeroka t\u00eakil\u00eey\u00ean PKK\u2019\u00ea \u00fb AKP\u2019\u00ea \u00fb Qedera Bakur\u00ea Kurdistan\u00ea - \u00ab2\u00bb - Darka Maz\u00ee","og_description":"[darkamazi_row][darkamazi_column][darkamazi_column_text] Be\u015f\u00ea 2: Kadroy\u00ean PKK li \u00cemraliy\u00ea K\u00eejan kadroy\u00ean PKK\u2019\u00ea \u00e7\u00fbn \u00cemraliy\u00ea \u00fb k\u00ea dest\u00fbr da wan? Di van meh\u00ean daw\u00ee de yek ji niv\u00eeskar\u00ean tirk Ehmet Nes\u00een di niv\u00eesek xwe de ev pirs kirib\u00fb: \u201cErdogan \u00e7end caran bi Evdila Ocalan re hevd\u00eetin kiriye?\u201d\u00a0 W\u00ee got ku ew\u00ea di p\u00ea\u015feroj\u00ea de b\u00eane ragihandin. Em maf\u00ea [&hellip;]","og_url":"https:\/\/darkamazi.info\/archives\/1032315","og_site_name":"Darka Maz\u00ee","article_publisher":"https:\/\/www.facebook.com\/DarMaziKurmanci","article_published_time":"2022-08-31T17:15:51+00:00","article_modified_time":"2023-09-10T12:31:33+00:00","og_image":[{"width":900,"height":497,"url":"https:\/\/darkamazi.info\/file\/2022\/08\/pkk-akp-2.jpg","type":"image\/jpeg"}],"author":"darka mazi","twitter_card":"summary_large_image","twitter_creator":"@DarkaMaziLatini","twitter_site":"@DarkaMaziLatini","twitter_misc":{"Written by":"darka mazi","Est. reading time":"9 minutes"},"schema":{"@context":"https:\/\/schema.org","@graph":[{"@type":"Article","@id":"https:\/\/darkamazi.info\/archives\/1032315#article","isPartOf":{"@id":"https:\/\/darkamazi.info\/archives\/1032315"},"author":{"name":"darka mazi","@id":"https:\/\/darkamazi.info\/#\/schema\/person\/5ad3e24553a0567993fa8ed4bd0a776c"},"headline":"D\u00eeroka t\u00eakil\u00eey\u00ean PKK\u2019\u00ea \u00fb AKP\u2019\u00ea \u00fb Qedera Bakur\u00ea Kurdistan\u00ea &#8211; \u00ab2\u00bb","datePublished":"2022-08-31T17:15:51+00:00","dateModified":"2023-09-10T12:31:33+00:00","mainEntityOfPage":{"@id":"https:\/\/darkamazi.info\/archives\/1032315"},"wordCount":2416,"publisher":{"@id":"https:\/\/darkamazi.info\/#organization"},"image":{"@id":"https:\/\/darkamazi.info\/archives\/1032315#primaryimage"},"thumbnailUrl":"https:\/\/darkamazi.info\/file\/2022\/08\/pkk-akp-2.jpg","keywords":["sereke"],"articleSection":["Anal\u00eez"],"inLanguage":"en-US"},{"@type":"WebPage","@id":"https:\/\/darkamazi.info\/archives\/1032315","url":"https:\/\/darkamazi.info\/archives\/1032315","name":"D\u00eeroka t\u00eakil\u00eey\u00ean PKK\u2019\u00ea \u00fb AKP\u2019\u00ea \u00fb Qedera Bakur\u00ea Kurdistan\u00ea - \u00ab2\u00bb - Darka Maz\u00ee","isPartOf":{"@id":"https:\/\/darkamazi.info\/#website"},"primaryImageOfPage":{"@id":"https:\/\/darkamazi.info\/archives\/1032315#primaryimage"},"image":{"@id":"https:\/\/darkamazi.info\/archives\/1032315#primaryimage"},"thumbnailUrl":"https:\/\/darkamazi.info\/file\/2022\/08\/pkk-akp-2.jpg","datePublished":"2022-08-31T17:15:51+00:00","dateModified":"2023-09-10T12:31:33+00:00","breadcrumb":{"@id":"https:\/\/darkamazi.info\/archives\/1032315#breadcrumb"},"inLanguage":"en-US","potentialAction":[{"@type":"ReadAction","target":["https:\/\/darkamazi.info\/archives\/1032315"]}]},{"@type":"ImageObject","inLanguage":"en-US","@id":"https:\/\/darkamazi.info\/archives\/1032315#primaryimage","url":"https:\/\/darkamazi.info\/file\/2022\/08\/pkk-akp-2.jpg","contentUrl":"https:\/\/darkamazi.info\/file\/2022\/08\/pkk-akp-2.jpg","width":900,"height":497,"caption":"D\u00eeroka t\u00eakil\u00eey\u00ean PKK\u2019\u00ea \u00fb AKP\u2019\u00ea \u00fb Qedera Bakur\u00ea Kurdistan\u00ea - \u00ab2\u00bb"},{"@type":"BreadcrumbList","@id":"https:\/\/darkamazi.info\/archives\/1032315#breadcrumb","itemListElement":[{"@type":"ListItem","position":1,"name":"Home","item":"https:\/\/darkamazi.info\/"},{"@type":"ListItem","position":2,"name":"D\u00eeroka t\u00eakil\u00eey\u00ean PKK\u2019\u00ea \u00fb AKP\u2019\u00ea \u00fb Qedera Bakur\u00ea Kurdistan\u00ea &#8211; \u00ab2\u00bb"}]},{"@type":"WebSite","@id":"https:\/\/darkamazi.info\/#website","url":"https:\/\/darkamazi.info\/","name":"Darka Maz\u00ee","description":"P\u00eageha Zanyariy\u00ean Nebih\u00eest\u00ee","publisher":{"@id":"https:\/\/darkamazi.info\/#organization"},"potentialAction":[{"@type":"SearchAction","target":{"@type":"EntryPoint","urlTemplate":"https:\/\/darkamazi.info\/?s={search_term_string}"},"query-input":{"@type":"PropertyValueSpecification","valueRequired":true,"valueName":"search_term_string"}}],"inLanguage":"en-US"},{"@type":"Organization","@id":"https:\/\/darkamazi.info\/#organization","name":"Darka Maz\u00ee","url":"https:\/\/darkamazi.info\/","logo":{"@type":"ImageObject","inLanguage":"en-US","@id":"https:\/\/darkamazi.info\/#\/schema\/logo\/image\/","url":"https:\/\/darkamazi.info\/file\/2017\/12\/darka-mazi-logo.png","contentUrl":"https:\/\/darkamazi.info\/file\/2017\/12\/darka-mazi-logo.png","width":151,"height":75,"caption":"Darka Maz\u00ee"},"image":{"@id":"https:\/\/darkamazi.info\/#\/schema\/logo\/image\/"},"sameAs":["https:\/\/www.facebook.com\/DarMaziKurmanci","https:\/\/x.com\/DarkaMaziLatini","https:\/\/www.instagram.com\/darkamazi.kurmanci\/","https:\/\/www.youtube.com\/channel\/UCa5HkTdmI8U1qCUFuTw8B2g"]},{"@type":"Person","@id":"https:\/\/darkamazi.info\/#\/schema\/person\/5ad3e24553a0567993fa8ed4bd0a776c","name":"darka mazi","sameAs":["https:\/\/darkamazi.info\/"],"url":"https:\/\/darkamazi.info\/archives\/author\/kurdi"}]}},"_links":{"self":[{"href":"https:\/\/darkamazi.info\/funavuv\/wp\/v2\/posts\/1032315","targetHints":{"allow":["GET"]}}],"collection":[{"href":"https:\/\/darkamazi.info\/funavuv\/wp\/v2\/posts"}],"about":[{"href":"https:\/\/darkamazi.info\/funavuv\/wp\/v2\/types\/post"}],"author":[{"embeddable":true,"href":"https:\/\/darkamazi.info\/funavuv\/wp\/v2\/users\/2"}],"replies":[{"embeddable":true,"href":"https:\/\/darkamazi.info\/funavuv\/wp\/v2\/comments?post=1032315"}],"version-history":[{"count":0,"href":"https:\/\/darkamazi.info\/funavuv\/wp\/v2\/posts\/1032315\/revisions"}],"wp:featuredmedia":[{"embeddable":true,"href":"https:\/\/darkamazi.info\/funavuv\/wp\/v2\/media\/1032568"}],"wp:attachment":[{"href":"https:\/\/darkamazi.info\/funavuv\/wp\/v2\/media?parent=1032315"}],"wp:term":[{"taxonomy":"category","embeddable":true,"href":"https:\/\/darkamazi.info\/funavuv\/wp\/v2\/categories?post=1032315"},{"taxonomy":"post_tag","embeddable":true,"href":"https:\/\/darkamazi.info\/funavuv\/wp\/v2\/tags?post=1032315"}],"curies":[{"name":"wp","href":"https:\/\/api.w.org\/{rel}","templated":true}]}}