{"id":1032327,"date":"2022-09-01T14:29:32","date_gmt":"2022-09-01T11:29:32","guid":{"rendered":"https:\/\/darkamazi.info\/?p=1032327"},"modified":"2022-09-01T14:38:16","modified_gmt":"2022-09-01T11:38:16","slug":"gergerlioglu-dive-pkk-tekez-dev-ji-cekan-berde","status":"publish","type":"post","link":"https:\/\/darkamazi.info\/archives\/1032327","title":{"rendered":"Gergerl\u00eeoglu: Div\u00ea PKK tekez dev ji \u00e7ekan berde"},"content":{"rendered":"<h3 style=\"text-align: justify\"><span style=\"font-family: 'arial black', sans-serif\">Parlamenter\u00ea HDP&#8217;\u00ea Gergerl\u00eeogl\u00fb got, \u201cR\u00eaxistina ku pev\u00e7\u00fbnan didom\u00eene (PKK) div\u00ea tekez dest ji \u00e7ekan berde \u00fb div\u00ea di 1&#8217;\u00ea \u00celon\u00ea Roja A\u015ftiy\u00ea de em pirsgir\u00eak\u00ean xwe li Parlamentoy\u00ea \u00e7areser bikin\u201d.<\/span><\/h3>\n<h3 style=\"text-align: justify\"><span style=\"font-family: arial, helvetica, sans-serif\">Parlamenter\u00ea HDP&#8217;\u00ea y\u00ea Kocaeliy\u00ea Omer Faruk Gergerl\u00eeoglu di civ\u00eena \u00e7apemeniy\u00ea ya li Parlamentoy\u00ea de bi b\u00eer xist ku \u00eero 1&#8217;\u00ea \u00celon\u00ea, Roja A\u015ftiy\u00ea ya C\u00eehan\u00ea ye \u00fb got ku div\u00ea mirovah\u00ee sal\u00ea carek\u00ea v\u00ea firsend\u00ea ji dest nede.<\/span><\/h3>\n<h3 style=\"text-align: justify\"><span style=\"font-family: arial, helvetica, sans-serif\">Gergerl\u00eeoglu diyar kir, li c\u00eehan\u00ea dibe ku di navbera civak \u00fb kesan de pirsgir\u00eak \u00fb \u015fer hebin, l\u00ea armanca mirovahiy\u00ea her tim gihi\u015ftina a\u015ftiy\u00ea b\u00fbye.<\/span><\/h3>\n<h3 style=\"text-align: justify\"><span style=\"font-family: arial, helvetica, sans-serif\">Gergerl\u00eeogl\u00fb destn\u00ee\u015fan kir ku mirov ji \u015fer\u00ean c\u00eehan\u00ea \u00fb nakokiy\u00ean her\u00eam\u00ee gelek zirar\u00ea dib\u00eenin \u00fb got: \u201cEm dizanin ku li Tirkiyey\u00ea ji ber cudahiy\u00ean ol\u00ee \u00fb etn\u00eek\u00ee pirsgir\u00eak \u00fb nakok\u00ee hene. Li ku der\u00ea pirsgir\u00eak hebin, a\u015ft\u00ee l\u00ea tune ye, div\u00ea \u00e7areser\u00ee hebe. Di 1&#8217;\u00ea \u00celon\u00ea Roja A\u015ftiy\u00ea de em careke din dib\u00eajin ku div\u00ea di z\u00fbtir\u00een dem de pev\u00e7\u00fbn\u00ean ji ber pirsgir\u00eaka Kurd derketine bi daw\u00ee bibin\u201d.<\/span><\/h3>\n<h3 style=\"text-align: justify\"><span style=\"font-family: arial, helvetica, sans-serif\">Gergerl\u00eeoglu diyar kir, div\u00ea r\u00eaxistin\u00ean ku tevl\u00ee \u015fer\u00ea \u00e7ekdar\u00ee dibin, tekez \u00e7ek\u00ean xwe deynin \u00fb got: \u201cR\u00eaxistina ku pev\u00e7\u00fbn\u00ea didom\u00eene, PKK div\u00ea di 1\u2019\u00ea \u00celon\u00ea Roja A\u015ftiy\u00ea de bi temam\u00ee \u00e7ekan deyne \u00fb div\u00ea em pirsgir\u00eak\u00ean xwe li parlamentoy\u00ea \u00e7areser bikin. Pev\u00e7\u00fbn, mirin \u00fb xw\u00een k\u00ear\u00ee ti kes\u00ee nay\u00ea. Em niha di demek\u00ea de ne ku div\u00ea \u00e7areser\u00ee b\u00ea d\u00eetin\u201d.<\/span><\/h3>\n<p>https:\/\/twitter.com\/i\/broadcasts\/1lPJqBElvdQxb?ref_src=twsrc%5Etfw%7Ctwcamp%5Etweetembed%7Ctwterm%5E1565249018233606147%7Ctwgr%5E15e686757733f38cdbed7f48ee836a9247d437a8%7Ctwcon%5Es1_&#038;ref_url=https%3A%2F%2Fwww.rudaw.net%2Fkurmanci%2Fmiddleeast%2Fturkey%2F010920222<\/p>\n","protected":false},"excerpt":{"rendered":"<p>Parlamenter\u00ea HDP&#8217;\u00ea Gergerl\u00eeogl\u00fb got, \u201cR\u00eaxistina ku pev\u00e7\u00fbnan didom\u00eene (PKK) div\u00ea tekez dest ji \u00e7ekan berde \u00fb div\u00ea di 1&#8217;\u00ea \u00celon\u00ea Roja A\u015ftiy\u00ea de em pirsgir\u00eak\u00ean xwe li Parlamentoy\u00ea \u00e7areser bikin\u201d. Parlamenter\u00ea HDP&#8217;\u00ea y\u00ea Kocaeliy\u00ea Omer Faruk Gergerl\u00eeoglu di civ\u00eena \u00e7apemeniy\u00ea ya li Parlamentoy\u00ea de bi b\u00eer xist ku \u00eero 1&#8217;\u00ea \u00celon\u00ea, Roja A\u015ftiy\u00ea ya C\u00eehan\u00ea [&hellip;]<\/p>\n","protected":false},"author":2,"featured_media":1032328,"comment_status":"closed","ping_status":"closed","sticky":false,"template":"","format":"standard","meta":{"footnotes":""},"categories":[29],"tags":[37],"class_list":["post-1032327","post","type-post","status-publish","format-standard","has-post-thumbnail","hentry","category-kurdistan","tag-sereke"],"blocksy_meta":[],"seo_head":"<!-- This site is optimized with the Yoast SEO plugin v27.5 - https:\/\/yoast.com\/product\/yoast-seo-wordpress\/ -->\n<title>Gergerl\u00eeoglu: Div\u00ea PKK tekez dev ji \u00e7ekan berde - Darka Maz\u00ee<\/title>\n<meta name=\"robots\" content=\"index, follow, max-snippet:-1, max-image-preview:large, max-video-preview:-1\" \/>\n<link rel=\"canonical\" href=\"https:\/\/darkamazi.info\/archives\/1032327\" \/>\n<meta property=\"og:locale\" content=\"en_US\" \/>\n<meta property=\"og:type\" content=\"article\" \/>\n<meta property=\"og:title\" content=\"Gergerl\u00eeoglu: Div\u00ea PKK tekez dev ji \u00e7ekan berde - Darka Maz\u00ee\" \/>\n<meta property=\"og:description\" content=\"Parlamenter\u00ea HDP&#8217;\u00ea Gergerl\u00eeogl\u00fb got, \u201cR\u00eaxistina ku pev\u00e7\u00fbnan didom\u00eene (PKK) div\u00ea tekez dest ji \u00e7ekan berde \u00fb div\u00ea di 1&#8217;\u00ea \u00celon\u00ea Roja A\u015ftiy\u00ea de em pirsgir\u00eak\u00ean xwe li Parlamentoy\u00ea \u00e7areser bikin\u201d. Parlamenter\u00ea HDP&#8217;\u00ea y\u00ea Kocaeliy\u00ea Omer Faruk Gergerl\u00eeoglu di civ\u00eena \u00e7apemeniy\u00ea ya li Parlamentoy\u00ea de bi b\u00eer xist ku \u00eero 1&#8217;\u00ea \u00celon\u00ea, Roja A\u015ftiy\u00ea ya C\u00eehan\u00ea [&hellip;]\" \/>\n<meta property=\"og:url\" content=\"https:\/\/darkamazi.info\/archives\/1032327\" \/>\n<meta property=\"og:site_name\" content=\"Darka Maz\u00ee\" \/>\n<meta property=\"article:publisher\" content=\"https:\/\/www.facebook.com\/DarMaziKurmanci\" \/>\n<meta property=\"article:published_time\" content=\"2022-09-01T11:29:32+00:00\" \/>\n<meta property=\"article:modified_time\" content=\"2022-09-01T11:38:16+00:00\" \/>\n<meta property=\"og:image\" content=\"https:\/\/darkamazi.info\/file\/2022\/09\/Gergerlioglu.jpg\" \/>\n\t<meta property=\"og:image:width\" content=\"900\" \/>\n\t<meta property=\"og:image:height\" content=\"497\" \/>\n\t<meta property=\"og:image:type\" content=\"image\/jpeg\" \/>\n<meta name=\"author\" content=\"darka mazi\" \/>\n<meta name=\"twitter:card\" content=\"summary_large_image\" \/>\n<meta name=\"twitter:creator\" content=\"@DarkaMaziLatini\" \/>\n<meta name=\"twitter:site\" content=\"@DarkaMaziLatini\" \/>\n<meta name=\"twitter:label1\" content=\"Written by\" \/>\n\t<meta name=\"twitter:data1\" content=\"darka mazi\" \/>\n\t<meta name=\"twitter:label2\" content=\"Est. reading time\" \/>\n\t<meta name=\"twitter:data2\" content=\"1 minute\" \/>\n<script type=\"application\/ld+json\" class=\"seo-schema-graph\">{\"@context\":\"https:\\\/\\\/schema.org\",\"@graph\":[{\"@type\":\"Article\",\"@id\":\"https:\\\/\\\/darkamazi.info\\\/archives\\\/1032327#article\",\"isPartOf\":{\"@id\":\"https:\\\/\\\/darkamazi.info\\\/archives\\\/1032327\"},\"author\":{\"name\":\"darka mazi\",\"@id\":\"https:\\\/\\\/darkamazi.info\\\/#\\\/schema\\\/person\\\/5ad3e24553a0567993fa8ed4bd0a776c\"},\"headline\":\"Gergerl\u00eeoglu: Div\u00ea PKK tekez dev ji \u00e7ekan berde\",\"datePublished\":\"2022-09-01T11:29:32+00:00\",\"dateModified\":\"2022-09-01T11:38:16+00:00\",\"mainEntityOfPage\":{\"@id\":\"https:\\\/\\\/darkamazi.info\\\/archives\\\/1032327\"},\"wordCount\":305,\"publisher\":{\"@id\":\"https:\\\/\\\/darkamazi.info\\\/#organization\"},\"image\":{\"@id\":\"https:\\\/\\\/darkamazi.info\\\/archives\\\/1032327#primaryimage\"},\"thumbnailUrl\":\"https:\\\/\\\/darkamazi.info\\\/darka-content\\\/uploads\\\/2022\\\/09\\\/Gergerlioglu.jpg\",\"keywords\":[\"sereke\"],\"articleSection\":[\"Kurdistan\"],\"inLanguage\":\"en-US\"},{\"@type\":\"WebPage\",\"@id\":\"https:\\\/\\\/darkamazi.info\\\/archives\\\/1032327\",\"url\":\"https:\\\/\\\/darkamazi.info\\\/archives\\\/1032327\",\"name\":\"Gergerl\u00eeoglu: Div\u00ea PKK tekez dev ji \u00e7ekan berde - Darka Maz\u00ee\",\"isPartOf\":{\"@id\":\"https:\\\/\\\/darkamazi.info\\\/#website\"},\"primaryImageOfPage\":{\"@id\":\"https:\\\/\\\/darkamazi.info\\\/archives\\\/1032327#primaryimage\"},\"image\":{\"@id\":\"https:\\\/\\\/darkamazi.info\\\/archives\\\/1032327#primaryimage\"},\"thumbnailUrl\":\"https:\\\/\\\/darkamazi.info\\\/darka-content\\\/uploads\\\/2022\\\/09\\\/Gergerlioglu.jpg\",\"datePublished\":\"2022-09-01T11:29:32+00:00\",\"dateModified\":\"2022-09-01T11:38:16+00:00\",\"breadcrumb\":{\"@id\":\"https:\\\/\\\/darkamazi.info\\\/archives\\\/1032327#breadcrumb\"},\"inLanguage\":\"en-US\",\"potentialAction\":[{\"@type\":\"ReadAction\",\"target\":[\"https:\\\/\\\/darkamazi.info\\\/archives\\\/1032327\"]}]},{\"@type\":\"ImageObject\",\"inLanguage\":\"en-US\",\"@id\":\"https:\\\/\\\/darkamazi.info\\\/archives\\\/1032327#primaryimage\",\"url\":\"https:\\\/\\\/darkamazi.info\\\/darka-content\\\/uploads\\\/2022\\\/09\\\/Gergerlioglu.jpg\",\"contentUrl\":\"https:\\\/\\\/darkamazi.info\\\/darka-content\\\/uploads\\\/2022\\\/09\\\/Gergerlioglu.jpg\",\"width\":900,\"height\":497,\"caption\":\"Gergerlioglu\"},{\"@type\":\"BreadcrumbList\",\"@id\":\"https:\\\/\\\/darkamazi.info\\\/archives\\\/1032327#breadcrumb\",\"itemListElement\":[{\"@type\":\"ListItem\",\"position\":1,\"name\":\"Home\",\"item\":\"https:\\\/\\\/darkamazi.info\\\/\"},{\"@type\":\"ListItem\",\"position\":2,\"name\":\"Gergerl\u00eeoglu: Div\u00ea PKK tekez dev ji \u00e7ekan berde\"}]},{\"@type\":\"WebSite\",\"@id\":\"https:\\\/\\\/darkamazi.info\\\/#website\",\"url\":\"https:\\\/\\\/darkamazi.info\\\/\",\"name\":\"Darka Maz\u00ee\",\"description\":\"P\u00eageha Zanyariy\u00ean Nebih\u00eest\u00ee\",\"publisher\":{\"@id\":\"https:\\\/\\\/darkamazi.info\\\/#organization\"},\"potentialAction\":[{\"@type\":\"SearchAction\",\"target\":{\"@type\":\"EntryPoint\",\"urlTemplate\":\"https:\\\/\\\/darkamazi.info\\\/?s={search_term_string}\"},\"query-input\":{\"@type\":\"PropertyValueSpecification\",\"valueRequired\":true,\"valueName\":\"search_term_string\"}}],\"inLanguage\":\"en-US\"},{\"@type\":\"Organization\",\"@id\":\"https:\\\/\\\/darkamazi.info\\\/#organization\",\"name\":\"Darka Maz\u00ee\",\"url\":\"https:\\\/\\\/darkamazi.info\\\/\",\"logo\":{\"@type\":\"ImageObject\",\"inLanguage\":\"en-US\",\"@id\":\"https:\\\/\\\/darkamazi.info\\\/#\\\/schema\\\/logo\\\/image\\\/\",\"url\":\"https:\\\/\\\/darkamazi.info\\\/darka-content\\\/uploads\\\/2017\\\/12\\\/darka-mazi-logo.png\",\"contentUrl\":\"https:\\\/\\\/darkamazi.info\\\/darka-content\\\/uploads\\\/2017\\\/12\\\/darka-mazi-logo.png\",\"width\":151,\"height\":75,\"caption\":\"Darka Maz\u00ee\"},\"image\":{\"@id\":\"https:\\\/\\\/darkamazi.info\\\/#\\\/schema\\\/logo\\\/image\\\/\"},\"sameAs\":[\"https:\\\/\\\/www.facebook.com\\\/DarMaziKurmanci\",\"https:\\\/\\\/x.com\\\/DarkaMaziLatini\",\"https:\\\/\\\/www.instagram.com\\\/darkamazi.kurmanci\\\/\",\"https:\\\/\\\/www.youtube.com\\\/channel\\\/UCa5HkTdmI8U1qCUFuTw8B2g\"]},{\"@type\":\"Person\",\"@id\":\"https:\\\/\\\/darkamazi.info\\\/#\\\/schema\\\/person\\\/5ad3e24553a0567993fa8ed4bd0a776c\",\"name\":\"darka mazi\",\"sameAs\":[\"https:\\\/\\\/darkamazi.info\\\/\"],\"url\":\"https:\\\/\\\/darkamazi.info\\\/archives\\\/author\\\/kurdi\"}]}<\/script>\n<!-- \/ Yoast SEO plugin. -->","seo_head_json":{"title":"Gergerl\u00eeoglu: Div\u00ea PKK tekez dev ji \u00e7ekan berde - Darka Maz\u00ee","robots":{"index":"index","follow":"follow","max-snippet":"max-snippet:-1","max-image-preview":"max-image-preview:large","max-video-preview":"max-video-preview:-1"},"canonical":"https:\/\/darkamazi.info\/archives\/1032327","og_locale":"en_US","og_type":"article","og_title":"Gergerl\u00eeoglu: Div\u00ea PKK tekez dev ji \u00e7ekan berde - Darka Maz\u00ee","og_description":"Parlamenter\u00ea HDP&#8217;\u00ea Gergerl\u00eeogl\u00fb got, \u201cR\u00eaxistina ku pev\u00e7\u00fbnan didom\u00eene (PKK) div\u00ea tekez dest ji \u00e7ekan berde \u00fb div\u00ea di 1&#8217;\u00ea \u00celon\u00ea Roja A\u015ftiy\u00ea de em pirsgir\u00eak\u00ean xwe li Parlamentoy\u00ea \u00e7areser bikin\u201d. Parlamenter\u00ea HDP&#8217;\u00ea y\u00ea Kocaeliy\u00ea Omer Faruk Gergerl\u00eeoglu di civ\u00eena \u00e7apemeniy\u00ea ya li Parlamentoy\u00ea de bi b\u00eer xist ku \u00eero 1&#8217;\u00ea \u00celon\u00ea, Roja A\u015ftiy\u00ea ya C\u00eehan\u00ea [&hellip;]","og_url":"https:\/\/darkamazi.info\/archives\/1032327","og_site_name":"Darka Maz\u00ee","article_publisher":"https:\/\/www.facebook.com\/DarMaziKurmanci","article_published_time":"2022-09-01T11:29:32+00:00","article_modified_time":"2022-09-01T11:38:16+00:00","og_image":[{"width":900,"height":497,"url":"https:\/\/darkamazi.info\/file\/2022\/09\/Gergerlioglu.jpg","type":"image\/jpeg"}],"author":"darka mazi","twitter_card":"summary_large_image","twitter_creator":"@DarkaMaziLatini","twitter_site":"@DarkaMaziLatini","twitter_misc":{"Written by":"darka mazi","Est. reading time":"1 minute"},"schema":{"@context":"https:\/\/schema.org","@graph":[{"@type":"Article","@id":"https:\/\/darkamazi.info\/archives\/1032327#article","isPartOf":{"@id":"https:\/\/darkamazi.info\/archives\/1032327"},"author":{"name":"darka mazi","@id":"https:\/\/darkamazi.info\/#\/schema\/person\/5ad3e24553a0567993fa8ed4bd0a776c"},"headline":"Gergerl\u00eeoglu: Div\u00ea PKK tekez dev ji \u00e7ekan berde","datePublished":"2022-09-01T11:29:32+00:00","dateModified":"2022-09-01T11:38:16+00:00","mainEntityOfPage":{"@id":"https:\/\/darkamazi.info\/archives\/1032327"},"wordCount":305,"publisher":{"@id":"https:\/\/darkamazi.info\/#organization"},"image":{"@id":"https:\/\/darkamazi.info\/archives\/1032327#primaryimage"},"thumbnailUrl":"https:\/\/darkamazi.info\/file\/2022\/09\/Gergerlioglu.jpg","keywords":["sereke"],"articleSection":["Kurdistan"],"inLanguage":"en-US"},{"@type":"WebPage","@id":"https:\/\/darkamazi.info\/archives\/1032327","url":"https:\/\/darkamazi.info\/archives\/1032327","name":"Gergerl\u00eeoglu: Div\u00ea PKK tekez dev ji \u00e7ekan berde - Darka Maz\u00ee","isPartOf":{"@id":"https:\/\/darkamazi.info\/#website"},"primaryImageOfPage":{"@id":"https:\/\/darkamazi.info\/archives\/1032327#primaryimage"},"image":{"@id":"https:\/\/darkamazi.info\/archives\/1032327#primaryimage"},"thumbnailUrl":"https:\/\/darkamazi.info\/file\/2022\/09\/Gergerlioglu.jpg","datePublished":"2022-09-01T11:29:32+00:00","dateModified":"2022-09-01T11:38:16+00:00","breadcrumb":{"@id":"https:\/\/darkamazi.info\/archives\/1032327#breadcrumb"},"inLanguage":"en-US","potentialAction":[{"@type":"ReadAction","target":["https:\/\/darkamazi.info\/archives\/1032327"]}]},{"@type":"ImageObject","inLanguage":"en-US","@id":"https:\/\/darkamazi.info\/archives\/1032327#primaryimage","url":"https:\/\/darkamazi.info\/file\/2022\/09\/Gergerlioglu.jpg","contentUrl":"https:\/\/darkamazi.info\/file\/2022\/09\/Gergerlioglu.jpg","width":900,"height":497,"caption":"Gergerlioglu"},{"@type":"BreadcrumbList","@id":"https:\/\/darkamazi.info\/archives\/1032327#breadcrumb","itemListElement":[{"@type":"ListItem","position":1,"name":"Home","item":"https:\/\/darkamazi.info\/"},{"@type":"ListItem","position":2,"name":"Gergerl\u00eeoglu: Div\u00ea PKK tekez dev ji \u00e7ekan berde"}]},{"@type":"WebSite","@id":"https:\/\/darkamazi.info\/#website","url":"https:\/\/darkamazi.info\/","name":"Darka Maz\u00ee","description":"P\u00eageha Zanyariy\u00ean Nebih\u00eest\u00ee","publisher":{"@id":"https:\/\/darkamazi.info\/#organization"},"potentialAction":[{"@type":"SearchAction","target":{"@type":"EntryPoint","urlTemplate":"https:\/\/darkamazi.info\/?s={search_term_string}"},"query-input":{"@type":"PropertyValueSpecification","valueRequired":true,"valueName":"search_term_string"}}],"inLanguage":"en-US"},{"@type":"Organization","@id":"https:\/\/darkamazi.info\/#organization","name":"Darka Maz\u00ee","url":"https:\/\/darkamazi.info\/","logo":{"@type":"ImageObject","inLanguage":"en-US","@id":"https:\/\/darkamazi.info\/#\/schema\/logo\/image\/","url":"https:\/\/darkamazi.info\/file\/2017\/12\/darka-mazi-logo.png","contentUrl":"https:\/\/darkamazi.info\/file\/2017\/12\/darka-mazi-logo.png","width":151,"height":75,"caption":"Darka Maz\u00ee"},"image":{"@id":"https:\/\/darkamazi.info\/#\/schema\/logo\/image\/"},"sameAs":["https:\/\/www.facebook.com\/DarMaziKurmanci","https:\/\/x.com\/DarkaMaziLatini","https:\/\/www.instagram.com\/darkamazi.kurmanci\/","https:\/\/www.youtube.com\/channel\/UCa5HkTdmI8U1qCUFuTw8B2g"]},{"@type":"Person","@id":"https:\/\/darkamazi.info\/#\/schema\/person\/5ad3e24553a0567993fa8ed4bd0a776c","name":"darka mazi","sameAs":["https:\/\/darkamazi.info\/"],"url":"https:\/\/darkamazi.info\/archives\/author\/kurdi"}]}},"_links":{"self":[{"href":"https:\/\/darkamazi.info\/funavuv\/wp\/v2\/posts\/1032327","targetHints":{"allow":["GET"]}}],"collection":[{"href":"https:\/\/darkamazi.info\/funavuv\/wp\/v2\/posts"}],"about":[{"href":"https:\/\/darkamazi.info\/funavuv\/wp\/v2\/types\/post"}],"author":[{"embeddable":true,"href":"https:\/\/darkamazi.info\/funavuv\/wp\/v2\/users\/2"}],"replies":[{"embeddable":true,"href":"https:\/\/darkamazi.info\/funavuv\/wp\/v2\/comments?post=1032327"}],"version-history":[{"count":0,"href":"https:\/\/darkamazi.info\/funavuv\/wp\/v2\/posts\/1032327\/revisions"}],"wp:featuredmedia":[{"embeddable":true,"href":"https:\/\/darkamazi.info\/funavuv\/wp\/v2\/media\/1032328"}],"wp:attachment":[{"href":"https:\/\/darkamazi.info\/funavuv\/wp\/v2\/media?parent=1032327"}],"wp:term":[{"taxonomy":"category","embeddable":true,"href":"https:\/\/darkamazi.info\/funavuv\/wp\/v2\/categories?post=1032327"},{"taxonomy":"post_tag","embeddable":true,"href":"https:\/\/darkamazi.info\/funavuv\/wp\/v2\/tags?post=1032327"}],"curies":[{"name":"wp","href":"https:\/\/api.w.org\/{rel}","templated":true}]}}