{"id":1032354,"date":"2022-09-03T12:18:50","date_gmt":"2022-09-03T09:18:50","guid":{"rendered":"https:\/\/darkamazi.info\/?p=1032354"},"modified":"2022-09-03T12:18:50","modified_gmt":"2022-09-03T09:18:50","slug":"li-duhoke-agir-li-kampeke-awareyen-singale-ket","status":"publish","type":"post","link":"https:\/\/darkamazi.info\/archives\/1032354","title":{"rendered":"Li Duhok\u00ea agir li kampeke awarey\u00ean \u015eingal\u00ea ket"},"content":{"rendered":"<h3 style=\"text-align: justify\"><span style=\"font-family: 'arial black', sans-serif\">Li nav\u00e7eya S\u00eam\u00eal a ser bi par\u00eazgeha Duhok\u00ea agir bi kampeke awarey\u00ean \u015eingal\u00ea ket \u00fb 12 \u00e7adir \u015fewit\u00een.<\/span><\/h3>\n<h3 style=\"text-align: justify\">Berpirs\u00ea T\u00eem\u00ean Agirkujiy\u00ea y\u00ea S\u00eam\u00eal ji K24\u00ea re ragihand, t\u00eem\u00ean wan kar\u00eene agir kontrol bikin ku 12 \u00e7adir \u015fewit\u00een \u00fb hem\u00fb kel\u00fbpel\u00ean nav \u00e7adiran jinav \u00e7\u00fbne, l\u00ea ziyan negih\u00ee\u015ftiye can\u00ea ti kes\u00ee.<\/h3>\n<h3 style=\"text-align: justify\">Li gor l\u00eakol\u00een\u00ean destp\u00eak\u00ea, elektr\u00eek b\u00fbye sedema \u015fewat\u00ea, ji ber ku s\u00eestema elektr\u00eek\u00ea ya li nav kamp\u00ea nehatiye r\u00eakxistin.<\/h3>\n<h3 style=\"text-align: justify\">Be\u015fek ji ni\u015fteciy\u00ean li nav kamp\u00ea behsa w\u00ea yek\u00ea dikin ku div\u00ea kampa wan were \u00e7akkirin \u00fb bi kerestey\u00ean b\u00eenasaziy\u00ea were \u00e7\u00eakirin, da ku b\u00fbyer\u00ean \u015fewata \u00e7adir\u00ean wan dubare nebin.<\/h3>\n","protected":false},"excerpt":{"rendered":"<p>Li nav\u00e7eya S\u00eam\u00eal a ser bi par\u00eazgeha Duhok\u00ea agir bi kampeke awarey\u00ean \u015eingal\u00ea ket \u00fb 12 \u00e7adir \u015fewit\u00een. Berpirs\u00ea T\u00eem\u00ean Agirkujiy\u00ea y\u00ea S\u00eam\u00eal ji K24\u00ea re ragihand, t\u00eem\u00ean wan kar\u00eene agir kontrol bikin ku 12 \u00e7adir \u015fewit\u00een \u00fb hem\u00fb kel\u00fbpel\u00ean nav \u00e7adiran jinav \u00e7\u00fbne, l\u00ea ziyan negih\u00ee\u015ftiye can\u00ea ti kes\u00ee. Li gor l\u00eakol\u00een\u00ean destp\u00eak\u00ea, elektr\u00eek [&hellip;]<\/p>\n","protected":false},"author":2,"featured_media":1032355,"comment_status":"closed","ping_status":"closed","sticky":false,"template":"","format":"standard","meta":{"footnotes":""},"categories":[29],"tags":[37],"class_list":["post-1032354","post","type-post","status-publish","format-standard","has-post-thumbnail","hentry","category-kurdistan","tag-sereke"],"blocksy_meta":[],"seo_head":"<!-- This site is optimized with the Yoast SEO plugin v27.5 - https:\/\/yoast.com\/product\/yoast-seo-wordpress\/ -->\n<title>Li Duhok\u00ea agir li kampeke awarey\u00ean \u015eingal\u00ea ket - Darka Maz\u00ee<\/title>\n<meta name=\"robots\" content=\"index, follow, max-snippet:-1, max-image-preview:large, max-video-preview:-1\" \/>\n<link rel=\"canonical\" href=\"https:\/\/darkamazi.info\/archives\/1032354\" \/>\n<meta property=\"og:locale\" content=\"en_US\" \/>\n<meta property=\"og:type\" content=\"article\" \/>\n<meta property=\"og:title\" content=\"Li Duhok\u00ea agir li kampeke awarey\u00ean \u015eingal\u00ea ket - Darka Maz\u00ee\" \/>\n<meta property=\"og:description\" content=\"Li nav\u00e7eya S\u00eam\u00eal a ser bi par\u00eazgeha Duhok\u00ea agir bi kampeke awarey\u00ean \u015eingal\u00ea ket \u00fb 12 \u00e7adir \u015fewit\u00een. Berpirs\u00ea T\u00eem\u00ean Agirkujiy\u00ea y\u00ea S\u00eam\u00eal ji K24\u00ea re ragihand, t\u00eem\u00ean wan kar\u00eene agir kontrol bikin ku 12 \u00e7adir \u015fewit\u00een \u00fb hem\u00fb kel\u00fbpel\u00ean nav \u00e7adiran jinav \u00e7\u00fbne, l\u00ea ziyan negih\u00ee\u015ftiye can\u00ea ti kes\u00ee. Li gor l\u00eakol\u00een\u00ean destp\u00eak\u00ea, elektr\u00eek [&hellip;]\" \/>\n<meta property=\"og:url\" content=\"https:\/\/darkamazi.info\/archives\/1032354\" \/>\n<meta property=\"og:site_name\" content=\"Darka Maz\u00ee\" \/>\n<meta property=\"article:publisher\" content=\"https:\/\/www.facebook.com\/DarMaziKurmanci\" \/>\n<meta property=\"article:published_time\" content=\"2022-09-03T09:18:50+00:00\" \/>\n<meta property=\"og:image\" content=\"https:\/\/darkamazi.info\/file\/2022\/09\/ezidi-kampa-menabera-semel-duhok-kurdistan.jpg\" \/>\n\t<meta property=\"og:image:width\" content=\"900\" \/>\n\t<meta property=\"og:image:height\" content=\"497\" \/>\n\t<meta property=\"og:image:type\" content=\"image\/jpeg\" \/>\n<meta name=\"author\" content=\"darka mazi\" \/>\n<meta name=\"twitter:card\" content=\"summary_large_image\" \/>\n<meta name=\"twitter:creator\" content=\"@DarkaMaziLatini\" \/>\n<meta name=\"twitter:site\" content=\"@DarkaMaziLatini\" \/>\n<meta name=\"twitter:label1\" content=\"Written by\" \/>\n\t<meta name=\"twitter:data1\" content=\"darka mazi\" \/>\n\t<meta name=\"twitter:label2\" content=\"Est. reading time\" \/>\n\t<meta name=\"twitter:data2\" content=\"1 minute\" \/>\n<script type=\"application\/ld+json\" class=\"seo-schema-graph\">{\"@context\":\"https:\\\/\\\/schema.org\",\"@graph\":[{\"@type\":\"Article\",\"@id\":\"https:\\\/\\\/darkamazi.info\\\/archives\\\/1032354#article\",\"isPartOf\":{\"@id\":\"https:\\\/\\\/darkamazi.info\\\/archives\\\/1032354\"},\"author\":{\"name\":\"darka mazi\",\"@id\":\"https:\\\/\\\/darkamazi.info\\\/#\\\/schema\\\/person\\\/5ad3e24553a0567993fa8ed4bd0a776c\"},\"headline\":\"Li Duhok\u00ea agir li kampeke awarey\u00ean \u015eingal\u00ea ket\",\"datePublished\":\"2022-09-03T09:18:50+00:00\",\"mainEntityOfPage\":{\"@id\":\"https:\\\/\\\/darkamazi.info\\\/archives\\\/1032354\"},\"wordCount\":137,\"publisher\":{\"@id\":\"https:\\\/\\\/darkamazi.info\\\/#organization\"},\"image\":{\"@id\":\"https:\\\/\\\/darkamazi.info\\\/archives\\\/1032354#primaryimage\"},\"thumbnailUrl\":\"https:\\\/\\\/darkamazi.info\\\/darka-content\\\/uploads\\\/2022\\\/09\\\/ezidi-kampa-menabera-semel-duhok-kurdistan.jpg\",\"keywords\":[\"sereke\"],\"articleSection\":[\"Kurdistan\"],\"inLanguage\":\"en-US\"},{\"@type\":\"WebPage\",\"@id\":\"https:\\\/\\\/darkamazi.info\\\/archives\\\/1032354\",\"url\":\"https:\\\/\\\/darkamazi.info\\\/archives\\\/1032354\",\"name\":\"Li Duhok\u00ea agir li kampeke awarey\u00ean \u015eingal\u00ea ket - Darka Maz\u00ee\",\"isPartOf\":{\"@id\":\"https:\\\/\\\/darkamazi.info\\\/#website\"},\"primaryImageOfPage\":{\"@id\":\"https:\\\/\\\/darkamazi.info\\\/archives\\\/1032354#primaryimage\"},\"image\":{\"@id\":\"https:\\\/\\\/darkamazi.info\\\/archives\\\/1032354#primaryimage\"},\"thumbnailUrl\":\"https:\\\/\\\/darkamazi.info\\\/darka-content\\\/uploads\\\/2022\\\/09\\\/ezidi-kampa-menabera-semel-duhok-kurdistan.jpg\",\"datePublished\":\"2022-09-03T09:18:50+00:00\",\"breadcrumb\":{\"@id\":\"https:\\\/\\\/darkamazi.info\\\/archives\\\/1032354#breadcrumb\"},\"inLanguage\":\"en-US\",\"potentialAction\":[{\"@type\":\"ReadAction\",\"target\":[\"https:\\\/\\\/darkamazi.info\\\/archives\\\/1032354\"]}]},{\"@type\":\"ImageObject\",\"inLanguage\":\"en-US\",\"@id\":\"https:\\\/\\\/darkamazi.info\\\/archives\\\/1032354#primaryimage\",\"url\":\"https:\\\/\\\/darkamazi.info\\\/darka-content\\\/uploads\\\/2022\\\/09\\\/ezidi-kampa-menabera-semel-duhok-kurdistan.jpg\",\"contentUrl\":\"https:\\\/\\\/darkamazi.info\\\/darka-content\\\/uploads\\\/2022\\\/09\\\/ezidi-kampa-menabera-semel-duhok-kurdistan.jpg\",\"width\":900,\"height\":497,\"caption\":\"Li Duhok\u00ea agir li kampeke awarey\u00ean \u015eingal\u00ea ket\"},{\"@type\":\"BreadcrumbList\",\"@id\":\"https:\\\/\\\/darkamazi.info\\\/archives\\\/1032354#breadcrumb\",\"itemListElement\":[{\"@type\":\"ListItem\",\"position\":1,\"name\":\"Home\",\"item\":\"https:\\\/\\\/darkamazi.info\\\/\"},{\"@type\":\"ListItem\",\"position\":2,\"name\":\"Li Duhok\u00ea agir li kampeke awarey\u00ean \u015eingal\u00ea ket\"}]},{\"@type\":\"WebSite\",\"@id\":\"https:\\\/\\\/darkamazi.info\\\/#website\",\"url\":\"https:\\\/\\\/darkamazi.info\\\/\",\"name\":\"Darka Maz\u00ee\",\"description\":\"P\u00eageha Zanyariy\u00ean Nebih\u00eest\u00ee\",\"publisher\":{\"@id\":\"https:\\\/\\\/darkamazi.info\\\/#organization\"},\"potentialAction\":[{\"@type\":\"SearchAction\",\"target\":{\"@type\":\"EntryPoint\",\"urlTemplate\":\"https:\\\/\\\/darkamazi.info\\\/?s={search_term_string}\"},\"query-input\":{\"@type\":\"PropertyValueSpecification\",\"valueRequired\":true,\"valueName\":\"search_term_string\"}}],\"inLanguage\":\"en-US\"},{\"@type\":\"Organization\",\"@id\":\"https:\\\/\\\/darkamazi.info\\\/#organization\",\"name\":\"Darka Maz\u00ee\",\"url\":\"https:\\\/\\\/darkamazi.info\\\/\",\"logo\":{\"@type\":\"ImageObject\",\"inLanguage\":\"en-US\",\"@id\":\"https:\\\/\\\/darkamazi.info\\\/#\\\/schema\\\/logo\\\/image\\\/\",\"url\":\"https:\\\/\\\/darkamazi.info\\\/darka-content\\\/uploads\\\/2017\\\/12\\\/darka-mazi-logo.png\",\"contentUrl\":\"https:\\\/\\\/darkamazi.info\\\/darka-content\\\/uploads\\\/2017\\\/12\\\/darka-mazi-logo.png\",\"width\":151,\"height\":75,\"caption\":\"Darka Maz\u00ee\"},\"image\":{\"@id\":\"https:\\\/\\\/darkamazi.info\\\/#\\\/schema\\\/logo\\\/image\\\/\"},\"sameAs\":[\"https:\\\/\\\/www.facebook.com\\\/DarMaziKurmanci\",\"https:\\\/\\\/x.com\\\/DarkaMaziLatini\",\"https:\\\/\\\/www.instagram.com\\\/darkamazi.kurmanci\\\/\",\"https:\\\/\\\/www.youtube.com\\\/channel\\\/UCa5HkTdmI8U1qCUFuTw8B2g\"]},{\"@type\":\"Person\",\"@id\":\"https:\\\/\\\/darkamazi.info\\\/#\\\/schema\\\/person\\\/5ad3e24553a0567993fa8ed4bd0a776c\",\"name\":\"darka mazi\",\"sameAs\":[\"https:\\\/\\\/darkamazi.info\\\/\"],\"url\":\"https:\\\/\\\/darkamazi.info\\\/archives\\\/author\\\/kurdi\"}]}<\/script>\n<!-- \/ Yoast SEO plugin. -->","seo_head_json":{"title":"Li Duhok\u00ea agir li kampeke awarey\u00ean \u015eingal\u00ea ket - Darka Maz\u00ee","robots":{"index":"index","follow":"follow","max-snippet":"max-snippet:-1","max-image-preview":"max-image-preview:large","max-video-preview":"max-video-preview:-1"},"canonical":"https:\/\/darkamazi.info\/archives\/1032354","og_locale":"en_US","og_type":"article","og_title":"Li Duhok\u00ea agir li kampeke awarey\u00ean \u015eingal\u00ea ket - Darka Maz\u00ee","og_description":"Li nav\u00e7eya S\u00eam\u00eal a ser bi par\u00eazgeha Duhok\u00ea agir bi kampeke awarey\u00ean \u015eingal\u00ea ket \u00fb 12 \u00e7adir \u015fewit\u00een. Berpirs\u00ea T\u00eem\u00ean Agirkujiy\u00ea y\u00ea S\u00eam\u00eal ji K24\u00ea re ragihand, t\u00eem\u00ean wan kar\u00eene agir kontrol bikin ku 12 \u00e7adir \u015fewit\u00een \u00fb hem\u00fb kel\u00fbpel\u00ean nav \u00e7adiran jinav \u00e7\u00fbne, l\u00ea ziyan negih\u00ee\u015ftiye can\u00ea ti kes\u00ee. Li gor l\u00eakol\u00een\u00ean destp\u00eak\u00ea, elektr\u00eek [&hellip;]","og_url":"https:\/\/darkamazi.info\/archives\/1032354","og_site_name":"Darka Maz\u00ee","article_publisher":"https:\/\/www.facebook.com\/DarMaziKurmanci","article_published_time":"2022-09-03T09:18:50+00:00","og_image":[{"width":900,"height":497,"url":"https:\/\/darkamazi.info\/file\/2022\/09\/ezidi-kampa-menabera-semel-duhok-kurdistan.jpg","type":"image\/jpeg"}],"author":"darka mazi","twitter_card":"summary_large_image","twitter_creator":"@DarkaMaziLatini","twitter_site":"@DarkaMaziLatini","twitter_misc":{"Written by":"darka mazi","Est. reading time":"1 minute"},"schema":{"@context":"https:\/\/schema.org","@graph":[{"@type":"Article","@id":"https:\/\/darkamazi.info\/archives\/1032354#article","isPartOf":{"@id":"https:\/\/darkamazi.info\/archives\/1032354"},"author":{"name":"darka mazi","@id":"https:\/\/darkamazi.info\/#\/schema\/person\/5ad3e24553a0567993fa8ed4bd0a776c"},"headline":"Li Duhok\u00ea agir li kampeke awarey\u00ean \u015eingal\u00ea ket","datePublished":"2022-09-03T09:18:50+00:00","mainEntityOfPage":{"@id":"https:\/\/darkamazi.info\/archives\/1032354"},"wordCount":137,"publisher":{"@id":"https:\/\/darkamazi.info\/#organization"},"image":{"@id":"https:\/\/darkamazi.info\/archives\/1032354#primaryimage"},"thumbnailUrl":"https:\/\/darkamazi.info\/file\/2022\/09\/ezidi-kampa-menabera-semel-duhok-kurdistan.jpg","keywords":["sereke"],"articleSection":["Kurdistan"],"inLanguage":"en-US"},{"@type":"WebPage","@id":"https:\/\/darkamazi.info\/archives\/1032354","url":"https:\/\/darkamazi.info\/archives\/1032354","name":"Li Duhok\u00ea agir li kampeke awarey\u00ean \u015eingal\u00ea ket - Darka Maz\u00ee","isPartOf":{"@id":"https:\/\/darkamazi.info\/#website"},"primaryImageOfPage":{"@id":"https:\/\/darkamazi.info\/archives\/1032354#primaryimage"},"image":{"@id":"https:\/\/darkamazi.info\/archives\/1032354#primaryimage"},"thumbnailUrl":"https:\/\/darkamazi.info\/file\/2022\/09\/ezidi-kampa-menabera-semel-duhok-kurdistan.jpg","datePublished":"2022-09-03T09:18:50+00:00","breadcrumb":{"@id":"https:\/\/darkamazi.info\/archives\/1032354#breadcrumb"},"inLanguage":"en-US","potentialAction":[{"@type":"ReadAction","target":["https:\/\/darkamazi.info\/archives\/1032354"]}]},{"@type":"ImageObject","inLanguage":"en-US","@id":"https:\/\/darkamazi.info\/archives\/1032354#primaryimage","url":"https:\/\/darkamazi.info\/file\/2022\/09\/ezidi-kampa-menabera-semel-duhok-kurdistan.jpg","contentUrl":"https:\/\/darkamazi.info\/file\/2022\/09\/ezidi-kampa-menabera-semel-duhok-kurdistan.jpg","width":900,"height":497,"caption":"Li Duhok\u00ea agir li kampeke awarey\u00ean \u015eingal\u00ea ket"},{"@type":"BreadcrumbList","@id":"https:\/\/darkamazi.info\/archives\/1032354#breadcrumb","itemListElement":[{"@type":"ListItem","position":1,"name":"Home","item":"https:\/\/darkamazi.info\/"},{"@type":"ListItem","position":2,"name":"Li Duhok\u00ea agir li kampeke awarey\u00ean \u015eingal\u00ea ket"}]},{"@type":"WebSite","@id":"https:\/\/darkamazi.info\/#website","url":"https:\/\/darkamazi.info\/","name":"Darka Maz\u00ee","description":"P\u00eageha Zanyariy\u00ean Nebih\u00eest\u00ee","publisher":{"@id":"https:\/\/darkamazi.info\/#organization"},"potentialAction":[{"@type":"SearchAction","target":{"@type":"EntryPoint","urlTemplate":"https:\/\/darkamazi.info\/?s={search_term_string}"},"query-input":{"@type":"PropertyValueSpecification","valueRequired":true,"valueName":"search_term_string"}}],"inLanguage":"en-US"},{"@type":"Organization","@id":"https:\/\/darkamazi.info\/#organization","name":"Darka Maz\u00ee","url":"https:\/\/darkamazi.info\/","logo":{"@type":"ImageObject","inLanguage":"en-US","@id":"https:\/\/darkamazi.info\/#\/schema\/logo\/image\/","url":"https:\/\/darkamazi.info\/file\/2017\/12\/darka-mazi-logo.png","contentUrl":"https:\/\/darkamazi.info\/file\/2017\/12\/darka-mazi-logo.png","width":151,"height":75,"caption":"Darka Maz\u00ee"},"image":{"@id":"https:\/\/darkamazi.info\/#\/schema\/logo\/image\/"},"sameAs":["https:\/\/www.facebook.com\/DarMaziKurmanci","https:\/\/x.com\/DarkaMaziLatini","https:\/\/www.instagram.com\/darkamazi.kurmanci\/","https:\/\/www.youtube.com\/channel\/UCa5HkTdmI8U1qCUFuTw8B2g"]},{"@type":"Person","@id":"https:\/\/darkamazi.info\/#\/schema\/person\/5ad3e24553a0567993fa8ed4bd0a776c","name":"darka mazi","sameAs":["https:\/\/darkamazi.info\/"],"url":"https:\/\/darkamazi.info\/archives\/author\/kurdi"}]}},"_links":{"self":[{"href":"https:\/\/darkamazi.info\/funavuv\/wp\/v2\/posts\/1032354","targetHints":{"allow":["GET"]}}],"collection":[{"href":"https:\/\/darkamazi.info\/funavuv\/wp\/v2\/posts"}],"about":[{"href":"https:\/\/darkamazi.info\/funavuv\/wp\/v2\/types\/post"}],"author":[{"embeddable":true,"href":"https:\/\/darkamazi.info\/funavuv\/wp\/v2\/users\/2"}],"replies":[{"embeddable":true,"href":"https:\/\/darkamazi.info\/funavuv\/wp\/v2\/comments?post=1032354"}],"version-history":[{"count":0,"href":"https:\/\/darkamazi.info\/funavuv\/wp\/v2\/posts\/1032354\/revisions"}],"wp:featuredmedia":[{"embeddable":true,"href":"https:\/\/darkamazi.info\/funavuv\/wp\/v2\/media\/1032355"}],"wp:attachment":[{"href":"https:\/\/darkamazi.info\/funavuv\/wp\/v2\/media?parent=1032354"}],"wp:term":[{"taxonomy":"category","embeddable":true,"href":"https:\/\/darkamazi.info\/funavuv\/wp\/v2\/categories?post=1032354"},{"taxonomy":"post_tag","embeddable":true,"href":"https:\/\/darkamazi.info\/funavuv\/wp\/v2\/tags?post=1032354"}],"curies":[{"name":"wp","href":"https:\/\/api.w.org\/{rel}","templated":true}]}}