{"id":1032369,"date":"2022-09-03T17:57:25","date_gmt":"2022-09-03T14:57:25","guid":{"rendered":"https:\/\/darkamazi.info\/?p=1032369"},"modified":"2022-09-03T17:57:25","modified_gmt":"2022-09-03T14:57:25","slug":"deriyeki-din-e-sinori-di-navbera-herema-kurdistane-u-irane-de-te-vekirin","status":"publish","type":"post","link":"https:\/\/darkamazi.info\/archives\/1032369","title":{"rendered":"Deriyek\u00ee din \u00ea s\u00eenor\u00ee di navbera Her\u00eama Kurdistan\u00ea \u00fb \u00ceran\u00ea de t\u00ea vekirin"},"content":{"rendered":"<h3 style=\"text-align: justify\"><span style=\"font-family: 'arial black', sans-serif\">Rayedar\u00ean Her\u00eama Kurdistan\u00ea \u00fb \u00ceran\u00ea di civ\u00een\u00ean her\u00ee daw\u00ee y\u00ean navbera wan de li hev kirin ku deriyek\u00ee din \u00ea s\u00eenor\u00ee li s\u00eenor\u00ea par\u00eazgeha Hewl\u00ear \u00fb \u00eedareya serbixwe ya Soran\u00ea, ku hevs\u00eenor\u00ea par\u00eazgeha Urmiy\u00ea ye, vekin.<\/span><\/h3>\n<h3 style=\"text-align: justify\"><span style=\"font-family: arial, helvetica, sans-serif\">Deriy\u00ea s\u00eenor\u00ee dikeve daristana K\u00eale\u015f\u00een a li devera Biradost a ser bi bajarok\u00ea S\u00eedekan li s\u00eenor\u00ea \u00cedareya Serbixwe ya Soran\u00ea, ku vekirina deriy\u00ea s\u00eenor\u00ee bandora rasterast li ser vejandina bazara s\u00eenor dike.<\/span><\/h3>\n<h3 style=\"text-align: justify\"><span style=\"font-family: arial, helvetica, sans-serif\">Roja 22y\u00ea Tebaxa 2022yan, \u015fandeke Komara \u00ceslam\u00ee ya \u00ceran\u00ea bi serokatiya Par\u00eazgar\u00ea Urmiy\u00ea Hemed Salih Mutem\u00eedyan bi r\u00eaya Deriy\u00ea S\u00eenor\u00ee y\u00ea Hac\u00ee Omeran gih\u00ee\u015fte Her\u00eama Kurdistan\u00ea, di w\u00ea serdan\u00ea de ligel Serokwez\u00eer\u00ea Her\u00eama Kurdistan\u00ea Mesr\u00fbr Barzan\u00ee civiya, herwiha hevd\u00eetin \u00fb got\u00fbb\u00eaj ligel hejmarek rayedar\u00ean \u00eedareya s\u00eenor\u00ea par\u00eazgeha Hewl\u00ear \u00fb \u00eedareya serbixwe ya Soran\u00ea encam dan, li ser w\u00ea yek\u00ea li hev kirin ku deriy\u00ea s\u00eenor\u00ee y\u00ea K\u00eale\u015f\u00een \u2013 \u015eino, bi ferm\u00ee were vekirin.<\/span><\/h3>\n<h3 style=\"text-align: justify\"><span style=\"font-family: arial, helvetica, sans-serif\">Deriy\u00ea S\u00eenor\u00ee y\u00ea K\u00eale\u015f\u00een \u2013 \u015eino, bi d\u00fbriya 76 k\u00eelometre dikeve bakur\u00ea rojhilat\u00ea navenda \u00eedareya serbixwe ya Soran\u00ea, dema were vekirin, pi\u015ft\u00ee Deriy\u00ea Navdewlet\u00ee y\u00ea Hac\u00ee Omeran dibe duyem\u00een deriy\u00ea navbera Her\u00eama Kurdistan\u00ea \u00fb \u00ceran\u00ea li s\u00eenor\u00ea \u00eedareya serbixwe ya Soran\u00ea.<\/span><\/h3>\n","protected":false},"excerpt":{"rendered":"<p>Rayedar\u00ean Her\u00eama Kurdistan\u00ea \u00fb \u00ceran\u00ea di civ\u00een\u00ean her\u00ee daw\u00ee y\u00ean navbera wan de li hev kirin ku deriyek\u00ee din \u00ea s\u00eenor\u00ee li s\u00eenor\u00ea par\u00eazgeha Hewl\u00ear \u00fb \u00eedareya serbixwe ya Soran\u00ea, ku hevs\u00eenor\u00ea par\u00eazgeha Urmiy\u00ea ye, vekin. Deriy\u00ea s\u00eenor\u00ee dikeve daristana K\u00eale\u015f\u00een a li devera Biradost a ser bi bajarok\u00ea S\u00eedekan li s\u00eenor\u00ea \u00cedareya Serbixwe ya [&hellip;]<\/p>\n","protected":false},"author":2,"featured_media":1032370,"comment_status":"closed","ping_status":"closed","sticky":false,"template":"","format":"standard","meta":{"footnotes":""},"categories":[29],"tags":[37],"class_list":["post-1032369","post","type-post","status-publish","format-standard","has-post-thumbnail","hentry","category-kurdistan","tag-sereke"],"blocksy_meta":[],"seo_head":"<!-- This site is optimized with the Yoast SEO plugin v27.5 - https:\/\/yoast.com\/product\/yoast-seo-wordpress\/ -->\n<title>Deriyek\u00ee din \u00ea s\u00eenor\u00ee di navbera Her\u00eama Kurdistan\u00ea \u00fb \u00ceran\u00ea de t\u00ea vekirin - Darka Maz\u00ee<\/title>\n<meta name=\"robots\" content=\"index, follow, max-snippet:-1, max-image-preview:large, max-video-preview:-1\" \/>\n<link rel=\"canonical\" href=\"https:\/\/darkamazi.info\/archives\/1032369\" \/>\n<meta property=\"og:locale\" content=\"en_US\" \/>\n<meta property=\"og:type\" content=\"article\" \/>\n<meta property=\"og:title\" content=\"Deriyek\u00ee din \u00ea s\u00eenor\u00ee di navbera Her\u00eama Kurdistan\u00ea \u00fb \u00ceran\u00ea de t\u00ea vekirin - Darka Maz\u00ee\" \/>\n<meta property=\"og:description\" content=\"Rayedar\u00ean Her\u00eama Kurdistan\u00ea \u00fb \u00ceran\u00ea di civ\u00een\u00ean her\u00ee daw\u00ee y\u00ean navbera wan de li hev kirin ku deriyek\u00ee din \u00ea s\u00eenor\u00ee li s\u00eenor\u00ea par\u00eazgeha Hewl\u00ear \u00fb \u00eedareya serbixwe ya Soran\u00ea, ku hevs\u00eenor\u00ea par\u00eazgeha Urmiy\u00ea ye, vekin. Deriy\u00ea s\u00eenor\u00ee dikeve daristana K\u00eale\u015f\u00een a li devera Biradost a ser bi bajarok\u00ea S\u00eedekan li s\u00eenor\u00ea \u00cedareya Serbixwe ya [&hellip;]\" \/>\n<meta property=\"og:url\" content=\"https:\/\/darkamazi.info\/archives\/1032369\" \/>\n<meta property=\"og:site_name\" content=\"Darka Maz\u00ee\" \/>\n<meta property=\"article:publisher\" content=\"https:\/\/www.facebook.com\/DarMaziKurmanci\" \/>\n<meta property=\"article:published_time\" content=\"2022-09-03T14:57:25+00:00\" \/>\n<meta property=\"og:image\" content=\"https:\/\/darkamazi.info\/file\/2022\/09\/kurdistan-iran-erbil-soran.jpg\" \/>\n\t<meta property=\"og:image:width\" content=\"900\" \/>\n\t<meta property=\"og:image:height\" content=\"497\" \/>\n\t<meta property=\"og:image:type\" content=\"image\/jpeg\" \/>\n<meta name=\"author\" content=\"darka mazi\" \/>\n<meta name=\"twitter:card\" content=\"summary_large_image\" \/>\n<meta name=\"twitter:creator\" content=\"@DarkaMaziLatini\" \/>\n<meta name=\"twitter:site\" content=\"@DarkaMaziLatini\" \/>\n<meta name=\"twitter:label1\" content=\"Written by\" \/>\n\t<meta name=\"twitter:data1\" content=\"darka mazi\" \/>\n\t<meta name=\"twitter:label2\" content=\"Est. reading time\" \/>\n\t<meta name=\"twitter:data2\" content=\"1 minute\" \/>\n<script type=\"application\/ld+json\" class=\"seo-schema-graph\">{\"@context\":\"https:\\\/\\\/schema.org\",\"@graph\":[{\"@type\":\"Article\",\"@id\":\"https:\\\/\\\/darkamazi.info\\\/archives\\\/1032369#article\",\"isPartOf\":{\"@id\":\"https:\\\/\\\/darkamazi.info\\\/archives\\\/1032369\"},\"author\":{\"name\":\"darka mazi\",\"@id\":\"https:\\\/\\\/darkamazi.info\\\/#\\\/schema\\\/person\\\/5ad3e24553a0567993fa8ed4bd0a776c\"},\"headline\":\"Deriyek\u00ee din \u00ea s\u00eenor\u00ee di navbera Her\u00eama Kurdistan\u00ea \u00fb \u00ceran\u00ea de t\u00ea vekirin\",\"datePublished\":\"2022-09-03T14:57:25+00:00\",\"mainEntityOfPage\":{\"@id\":\"https:\\\/\\\/darkamazi.info\\\/archives\\\/1032369\"},\"wordCount\":232,\"publisher\":{\"@id\":\"https:\\\/\\\/darkamazi.info\\\/#organization\"},\"image\":{\"@id\":\"https:\\\/\\\/darkamazi.info\\\/archives\\\/1032369#primaryimage\"},\"thumbnailUrl\":\"https:\\\/\\\/darkamazi.info\\\/darka-content\\\/uploads\\\/2022\\\/09\\\/kurdistan-iran-erbil-soran.jpg\",\"keywords\":[\"sereke\"],\"articleSection\":[\"Kurdistan\"],\"inLanguage\":\"en-US\"},{\"@type\":\"WebPage\",\"@id\":\"https:\\\/\\\/darkamazi.info\\\/archives\\\/1032369\",\"url\":\"https:\\\/\\\/darkamazi.info\\\/archives\\\/1032369\",\"name\":\"Deriyek\u00ee din \u00ea s\u00eenor\u00ee di navbera Her\u00eama Kurdistan\u00ea \u00fb \u00ceran\u00ea de t\u00ea vekirin - Darka Maz\u00ee\",\"isPartOf\":{\"@id\":\"https:\\\/\\\/darkamazi.info\\\/#website\"},\"primaryImageOfPage\":{\"@id\":\"https:\\\/\\\/darkamazi.info\\\/archives\\\/1032369#primaryimage\"},\"image\":{\"@id\":\"https:\\\/\\\/darkamazi.info\\\/archives\\\/1032369#primaryimage\"},\"thumbnailUrl\":\"https:\\\/\\\/darkamazi.info\\\/darka-content\\\/uploads\\\/2022\\\/09\\\/kurdistan-iran-erbil-soran.jpg\",\"datePublished\":\"2022-09-03T14:57:25+00:00\",\"breadcrumb\":{\"@id\":\"https:\\\/\\\/darkamazi.info\\\/archives\\\/1032369#breadcrumb\"},\"inLanguage\":\"en-US\",\"potentialAction\":[{\"@type\":\"ReadAction\",\"target\":[\"https:\\\/\\\/darkamazi.info\\\/archives\\\/1032369\"]}]},{\"@type\":\"ImageObject\",\"inLanguage\":\"en-US\",\"@id\":\"https:\\\/\\\/darkamazi.info\\\/archives\\\/1032369#primaryimage\",\"url\":\"https:\\\/\\\/darkamazi.info\\\/darka-content\\\/uploads\\\/2022\\\/09\\\/kurdistan-iran-erbil-soran.jpg\",\"contentUrl\":\"https:\\\/\\\/darkamazi.info\\\/darka-content\\\/uploads\\\/2022\\\/09\\\/kurdistan-iran-erbil-soran.jpg\",\"width\":900,\"height\":497,\"caption\":\"kurdistan-iran-erbil-soran\"},{\"@type\":\"BreadcrumbList\",\"@id\":\"https:\\\/\\\/darkamazi.info\\\/archives\\\/1032369#breadcrumb\",\"itemListElement\":[{\"@type\":\"ListItem\",\"position\":1,\"name\":\"Home\",\"item\":\"https:\\\/\\\/darkamazi.info\\\/\"},{\"@type\":\"ListItem\",\"position\":2,\"name\":\"Deriyek\u00ee din \u00ea s\u00eenor\u00ee di navbera Her\u00eama Kurdistan\u00ea \u00fb \u00ceran\u00ea de t\u00ea vekirin\"}]},{\"@type\":\"WebSite\",\"@id\":\"https:\\\/\\\/darkamazi.info\\\/#website\",\"url\":\"https:\\\/\\\/darkamazi.info\\\/\",\"name\":\"Darka Maz\u00ee\",\"description\":\"P\u00eageha Zanyariy\u00ean Nebih\u00eest\u00ee\",\"publisher\":{\"@id\":\"https:\\\/\\\/darkamazi.info\\\/#organization\"},\"potentialAction\":[{\"@type\":\"SearchAction\",\"target\":{\"@type\":\"EntryPoint\",\"urlTemplate\":\"https:\\\/\\\/darkamazi.info\\\/?s={search_term_string}\"},\"query-input\":{\"@type\":\"PropertyValueSpecification\",\"valueRequired\":true,\"valueName\":\"search_term_string\"}}],\"inLanguage\":\"en-US\"},{\"@type\":\"Organization\",\"@id\":\"https:\\\/\\\/darkamazi.info\\\/#organization\",\"name\":\"Darka Maz\u00ee\",\"url\":\"https:\\\/\\\/darkamazi.info\\\/\",\"logo\":{\"@type\":\"ImageObject\",\"inLanguage\":\"en-US\",\"@id\":\"https:\\\/\\\/darkamazi.info\\\/#\\\/schema\\\/logo\\\/image\\\/\",\"url\":\"https:\\\/\\\/darkamazi.info\\\/darka-content\\\/uploads\\\/2017\\\/12\\\/darka-mazi-logo.png\",\"contentUrl\":\"https:\\\/\\\/darkamazi.info\\\/darka-content\\\/uploads\\\/2017\\\/12\\\/darka-mazi-logo.png\",\"width\":151,\"height\":75,\"caption\":\"Darka Maz\u00ee\"},\"image\":{\"@id\":\"https:\\\/\\\/darkamazi.info\\\/#\\\/schema\\\/logo\\\/image\\\/\"},\"sameAs\":[\"https:\\\/\\\/www.facebook.com\\\/DarMaziKurmanci\",\"https:\\\/\\\/x.com\\\/DarkaMaziLatini\",\"https:\\\/\\\/www.instagram.com\\\/darkamazi.kurmanci\\\/\",\"https:\\\/\\\/www.youtube.com\\\/channel\\\/UCa5HkTdmI8U1qCUFuTw8B2g\"]},{\"@type\":\"Person\",\"@id\":\"https:\\\/\\\/darkamazi.info\\\/#\\\/schema\\\/person\\\/5ad3e24553a0567993fa8ed4bd0a776c\",\"name\":\"darka mazi\",\"sameAs\":[\"https:\\\/\\\/darkamazi.info\\\/\"],\"url\":\"https:\\\/\\\/darkamazi.info\\\/archives\\\/author\\\/kurdi\"}]}<\/script>\n<!-- \/ Yoast SEO plugin. -->","seo_head_json":{"title":"Deriyek\u00ee din \u00ea s\u00eenor\u00ee di navbera Her\u00eama Kurdistan\u00ea \u00fb \u00ceran\u00ea de t\u00ea vekirin - Darka Maz\u00ee","robots":{"index":"index","follow":"follow","max-snippet":"max-snippet:-1","max-image-preview":"max-image-preview:large","max-video-preview":"max-video-preview:-1"},"canonical":"https:\/\/darkamazi.info\/archives\/1032369","og_locale":"en_US","og_type":"article","og_title":"Deriyek\u00ee din \u00ea s\u00eenor\u00ee di navbera Her\u00eama Kurdistan\u00ea \u00fb \u00ceran\u00ea de t\u00ea vekirin - Darka Maz\u00ee","og_description":"Rayedar\u00ean Her\u00eama Kurdistan\u00ea \u00fb \u00ceran\u00ea di civ\u00een\u00ean her\u00ee daw\u00ee y\u00ean navbera wan de li hev kirin ku deriyek\u00ee din \u00ea s\u00eenor\u00ee li s\u00eenor\u00ea par\u00eazgeha Hewl\u00ear \u00fb \u00eedareya serbixwe ya Soran\u00ea, ku hevs\u00eenor\u00ea par\u00eazgeha Urmiy\u00ea ye, vekin. Deriy\u00ea s\u00eenor\u00ee dikeve daristana K\u00eale\u015f\u00een a li devera Biradost a ser bi bajarok\u00ea S\u00eedekan li s\u00eenor\u00ea \u00cedareya Serbixwe ya [&hellip;]","og_url":"https:\/\/darkamazi.info\/archives\/1032369","og_site_name":"Darka Maz\u00ee","article_publisher":"https:\/\/www.facebook.com\/DarMaziKurmanci","article_published_time":"2022-09-03T14:57:25+00:00","og_image":[{"width":900,"height":497,"url":"https:\/\/darkamazi.info\/file\/2022\/09\/kurdistan-iran-erbil-soran.jpg","type":"image\/jpeg"}],"author":"darka mazi","twitter_card":"summary_large_image","twitter_creator":"@DarkaMaziLatini","twitter_site":"@DarkaMaziLatini","twitter_misc":{"Written by":"darka mazi","Est. reading time":"1 minute"},"schema":{"@context":"https:\/\/schema.org","@graph":[{"@type":"Article","@id":"https:\/\/darkamazi.info\/archives\/1032369#article","isPartOf":{"@id":"https:\/\/darkamazi.info\/archives\/1032369"},"author":{"name":"darka mazi","@id":"https:\/\/darkamazi.info\/#\/schema\/person\/5ad3e24553a0567993fa8ed4bd0a776c"},"headline":"Deriyek\u00ee din \u00ea s\u00eenor\u00ee di navbera Her\u00eama Kurdistan\u00ea \u00fb \u00ceran\u00ea de t\u00ea vekirin","datePublished":"2022-09-03T14:57:25+00:00","mainEntityOfPage":{"@id":"https:\/\/darkamazi.info\/archives\/1032369"},"wordCount":232,"publisher":{"@id":"https:\/\/darkamazi.info\/#organization"},"image":{"@id":"https:\/\/darkamazi.info\/archives\/1032369#primaryimage"},"thumbnailUrl":"https:\/\/darkamazi.info\/file\/2022\/09\/kurdistan-iran-erbil-soran.jpg","keywords":["sereke"],"articleSection":["Kurdistan"],"inLanguage":"en-US"},{"@type":"WebPage","@id":"https:\/\/darkamazi.info\/archives\/1032369","url":"https:\/\/darkamazi.info\/archives\/1032369","name":"Deriyek\u00ee din \u00ea s\u00eenor\u00ee di navbera Her\u00eama Kurdistan\u00ea \u00fb \u00ceran\u00ea de t\u00ea vekirin - Darka Maz\u00ee","isPartOf":{"@id":"https:\/\/darkamazi.info\/#website"},"primaryImageOfPage":{"@id":"https:\/\/darkamazi.info\/archives\/1032369#primaryimage"},"image":{"@id":"https:\/\/darkamazi.info\/archives\/1032369#primaryimage"},"thumbnailUrl":"https:\/\/darkamazi.info\/file\/2022\/09\/kurdistan-iran-erbil-soran.jpg","datePublished":"2022-09-03T14:57:25+00:00","breadcrumb":{"@id":"https:\/\/darkamazi.info\/archives\/1032369#breadcrumb"},"inLanguage":"en-US","potentialAction":[{"@type":"ReadAction","target":["https:\/\/darkamazi.info\/archives\/1032369"]}]},{"@type":"ImageObject","inLanguage":"en-US","@id":"https:\/\/darkamazi.info\/archives\/1032369#primaryimage","url":"https:\/\/darkamazi.info\/file\/2022\/09\/kurdistan-iran-erbil-soran.jpg","contentUrl":"https:\/\/darkamazi.info\/file\/2022\/09\/kurdistan-iran-erbil-soran.jpg","width":900,"height":497,"caption":"kurdistan-iran-erbil-soran"},{"@type":"BreadcrumbList","@id":"https:\/\/darkamazi.info\/archives\/1032369#breadcrumb","itemListElement":[{"@type":"ListItem","position":1,"name":"Home","item":"https:\/\/darkamazi.info\/"},{"@type":"ListItem","position":2,"name":"Deriyek\u00ee din \u00ea s\u00eenor\u00ee di navbera Her\u00eama Kurdistan\u00ea \u00fb \u00ceran\u00ea de t\u00ea vekirin"}]},{"@type":"WebSite","@id":"https:\/\/darkamazi.info\/#website","url":"https:\/\/darkamazi.info\/","name":"Darka Maz\u00ee","description":"P\u00eageha Zanyariy\u00ean Nebih\u00eest\u00ee","publisher":{"@id":"https:\/\/darkamazi.info\/#organization"},"potentialAction":[{"@type":"SearchAction","target":{"@type":"EntryPoint","urlTemplate":"https:\/\/darkamazi.info\/?s={search_term_string}"},"query-input":{"@type":"PropertyValueSpecification","valueRequired":true,"valueName":"search_term_string"}}],"inLanguage":"en-US"},{"@type":"Organization","@id":"https:\/\/darkamazi.info\/#organization","name":"Darka Maz\u00ee","url":"https:\/\/darkamazi.info\/","logo":{"@type":"ImageObject","inLanguage":"en-US","@id":"https:\/\/darkamazi.info\/#\/schema\/logo\/image\/","url":"https:\/\/darkamazi.info\/file\/2017\/12\/darka-mazi-logo.png","contentUrl":"https:\/\/darkamazi.info\/file\/2017\/12\/darka-mazi-logo.png","width":151,"height":75,"caption":"Darka Maz\u00ee"},"image":{"@id":"https:\/\/darkamazi.info\/#\/schema\/logo\/image\/"},"sameAs":["https:\/\/www.facebook.com\/DarMaziKurmanci","https:\/\/x.com\/DarkaMaziLatini","https:\/\/www.instagram.com\/darkamazi.kurmanci\/","https:\/\/www.youtube.com\/channel\/UCa5HkTdmI8U1qCUFuTw8B2g"]},{"@type":"Person","@id":"https:\/\/darkamazi.info\/#\/schema\/person\/5ad3e24553a0567993fa8ed4bd0a776c","name":"darka mazi","sameAs":["https:\/\/darkamazi.info\/"],"url":"https:\/\/darkamazi.info\/archives\/author\/kurdi"}]}},"_links":{"self":[{"href":"https:\/\/darkamazi.info\/funavuv\/wp\/v2\/posts\/1032369","targetHints":{"allow":["GET"]}}],"collection":[{"href":"https:\/\/darkamazi.info\/funavuv\/wp\/v2\/posts"}],"about":[{"href":"https:\/\/darkamazi.info\/funavuv\/wp\/v2\/types\/post"}],"author":[{"embeddable":true,"href":"https:\/\/darkamazi.info\/funavuv\/wp\/v2\/users\/2"}],"replies":[{"embeddable":true,"href":"https:\/\/darkamazi.info\/funavuv\/wp\/v2\/comments?post=1032369"}],"version-history":[{"count":0,"href":"https:\/\/darkamazi.info\/funavuv\/wp\/v2\/posts\/1032369\/revisions"}],"wp:featuredmedia":[{"embeddable":true,"href":"https:\/\/darkamazi.info\/funavuv\/wp\/v2\/media\/1032370"}],"wp:attachment":[{"href":"https:\/\/darkamazi.info\/funavuv\/wp\/v2\/media?parent=1032369"}],"wp:term":[{"taxonomy":"category","embeddable":true,"href":"https:\/\/darkamazi.info\/funavuv\/wp\/v2\/categories?post=1032369"},{"taxonomy":"post_tag","embeddable":true,"href":"https:\/\/darkamazi.info\/funavuv\/wp\/v2\/tags?post=1032369"}],"curies":[{"name":"wp","href":"https:\/\/api.w.org\/{rel}","templated":true}]}}