{"id":1032438,"date":"2022-09-06T20:14:06","date_gmt":"2022-09-06T17:14:06","guid":{"rendered":"https:\/\/darkamazi.info\/?p=1032438"},"modified":"2022-09-06T20:14:06","modified_gmt":"2022-09-06T17:14:06","slug":"sere-salen-note-ye-pkke-u-hikumeta-kurdistane-cawa-destpekir","status":"publish","type":"post","link":"https:\/\/darkamazi.info\/archives\/1032438","title":{"rendered":"\u015eer\u00ea sal\u00ean not\u00ea y\u00ea PKK\u00ea \u00fb Hik\u00fbmeta Kurdistan\u00ea \u00e7awa destp\u00eakir?"},"content":{"rendered":"<h3 style=\"text-align: justify\"><span style=\"font-family: 'arial black', sans-serif;font-size: 18pt\">Gelek b\u00fbyer li pey rizgar b\u00fbna Ba\u015f\u00fbr\u00ea Kurdistan\u00ea hatin jiyan kirin, y\u00eak j\u00ea \u015fer\u00ea dil bi \u00ea\u015f\u00ea \u201cKurd \u00fb Kurdan\u201d bi xwe b\u00fb, \u015fer\u00ea ku li destp\u00eaka sal\u00ean not\u00ea PKK\u00ea li ser gel\u00ea h\u00eajan ji xwe\u015fya azadiy\u00ea tam nekir\u00ee, ferz kir\u00ee.<\/span><\/h3>\n<h3 style=\"text-align: justify\"><span style=\"font-family: arial, helvetica, sans-serif\">PKK\u00ea bi h\u00earseke pir mezin li rizgarb\u00fbna Her\u00eama Kurdistan\u00ea di ner\u00ee, w\u00ea serketina \u201c\u015eore\u015fa Ba\u015f\u00fbr\u00ea Kurdistan\u00ea\u201d qed hezim nekir, loma j\u00ee her di z\u00fb de asteng\u00ee \u00e7\u00eakirin \u00fb xwest serketin\u00ea bo xwe hesab bike, ew wek h\u00eazek\u00ee m\u00eahvan tevnegeriya \u00fb dawiya daw\u00ee hik\u00fbmeta b\u00ea tecrube a Kurdistan\u00ea hedef kir \u00fb ala \u015fer\u00ea Birakujiy\u00ea hilda j\u00fbr.<\/span><\/h3>\n<h3 style=\"text-align: justify\"><span style=\"font-family: 'arial black', sans-serif;color: #7d0000;font-size: 18pt\">Bi rast\u00ee j\u00ee \u015fer\u00ee \u00e7awa destp\u00eakir?<\/span><\/h3>\n<h3 style=\"text-align: justify\"><span style=\"font-family: arial, helvetica, sans-serif\">Serok Barzan\u00ee di be\u015fa nehem\u00een a pirt\u00fbka xwe ya bi nav\u00ea \u201cBarzan\u00ee \u00fb tevgera rizgar\u00eexwaza Kurdistan\u00ea \u2013 berg\u00ea 5\u201d bas li \u00eestifzaz\u00ean PKK\u00ea y\u00ean beriya \u015fer dike, her wiha bi tu away\u00ee PKK\u00ea xeter\u00ee li ser Kurdistan\u00ea \u00e7\u00eadikr \u00fb \u00e7awa del\u00eeve da dest\u00ea Tirkiy\u00ea ku bi hinceta PKK\u00ea, gefan li Kurdistana n\u00fb rizgar kir\u00ee bixwe.<\/span><\/h3>\n<h3 style=\"text-align: justify\"><span style=\"font-family: arial, helvetica, sans-serif\">Barzan\u00ee di niv\u00ees\u00eene: \u201cLi dema xwe Tirkiy\u00ea em rexne kirin \u00fb ji me re digo ku hewe mecalek\u00ee pir ba\u015f bi PKK\u00ea day\u00ee ye, loma heger h\u00fbn s\u00eenorek\u00ee ji boy PKK\u00ea nedanin, em\u00ea hereket\u00ea bikin, li w\u00ea dem\u00ea Tirkiye raz\u00ee bib\u00fb PKKe li Her\u00eama Kurdistan\u00ea bim\u00eene \u00fb \u00e7alakiy\u00ean siyas\u00ee encam bide, l\u00ea raz\u00ee neb\u00fb ku \u00e7alakiy\u00ean le\u015fker\u00ee li Tirkiy\u00ea encam bide\u201d.<\/span><\/h3>\n<h3 style=\"text-align: justify\"><span style=\"font-family: arial, helvetica, sans-serif\">Serok Barzan\u00ee \u00fb Celal Taleban\u00ee, li tebaxa 1992an serdana Enqerey\u00ea kirin, di civ\u00eenan de Tirkiy\u00ea rasterast j\u00ea re gotin ku heger h\u00fbn p\u00ea\u015fiy\u00ea li PKK\u00ea negirin, em\u00ea bingeha Encer\u00eelk\u00ea bi r\u00fby\u00ea h\u00eaz\u00ean navnetew\u00ee y\u00ean ku Kurdistan\u00ea li gor\u00ee biryara Enc\u00fbmeta Ewlehiya Navnetew\u00ee dipar\u00eazin qepat bikin, Tirkiy\u00ea ev y\u00eak weke gef bikaran\u00ee, ji ber ku nemana Encer\u00eelk\u00ea dih\u00eate w\u00ea watey\u00ea ku biryara \u201cdije fir\u00een\u00ea\u201d a parastina Ba\u015f\u00fbr\u00ea Kurdistan\u00ea bi h\u00easan\u00ee ney\u00ea c\u00ee bi c\u00ee kirin, bi gotinek din \u00ead\u00ee Kurd\u00ean Ba\u015f\u00fbr w\u00ea careke din bikevin ber rehma \u00ear\u00ee\u015f \u00fb qetilam\u00ean Rej\u00eema Seddam.<\/span><\/h3>\n<h3 style=\"text-align: justify\"><span style=\"font-family: arial, helvetica, sans-serif\">Tev\u00ee v\u00ea Amer\u00eek\u00eeyan j\u00ee li w\u00ea dem\u00ea ji Barzan\u00ee re gotin ku p\u00eaw\u00eeste hesasiya Tirkiy\u00ea li ber \u00e7av b\u00ea girtin, ji ber ku Encer\u00eelk nebe, neh\u00easane erk\u00ean parastina Ba\u015f\u00fbr b\u00ean encam day\u00een.<\/span><\/h3>\n<h3 style=\"text-align: justify\"><span style=\"font-family: arial, helvetica, sans-serif\">Barzan\u00ee di pirt\u00fbka xwe da wisa bas li hewl\u00ean raz\u00eekirina PKK\u00ea dike:<\/span><\/h3>\n<h3 style=\"text-align: justify\"><span style=\"font-family: arial, helvetica, sans-serif\">\u201cHewl\u00ean mezin li gel PKK\u00ea hatin day\u00een, ji bo ku rew\u015fa Ba\u015f\u00fbr\u00ea Kurdistan\u00ea li ber \u00e7av bigirin, \u00e7alakiy\u00ean le\u015fker\u00ee encam nedin \u00fb ji s\u00eenoran d\u00fbr bikevin, l\u00eabel\u00ea PKKe bi tu awayek\u00ee raz\u00ee neb\u00fb \u00fb guh neda tu ti\u015ftek\u00ea\u201d.<\/span><\/h3>\n<h3 style=\"text-align: justify\"><span style=\"font-family: 'arial black', sans-serif;font-size: 18pt;color: #7d0000\">K\u00ea li dehola \u015fer xist?<\/span><\/h3>\n<h3 style=\"text-align: justify\"><span style=\"font-family: arial, helvetica, sans-serif\">Serkirdayetiya Kurdistan\u00ea, li w\u00ea dem\u00ea dev ji hewl\u00ean raz\u00eekirina PKK\u00ea berneda, tev\u00ee ku PKK\u00ea li dehola \u015fer dixist, li 27 \u00eelona 1992\u00ea pol\u00eetb\u00eeroy\u00ean PDK\u00ea \u00fb YNK\u00ea civiyan \u00fb di hiz\u00fbra Mam Celal Taleban\u00ee de, ev biryar hatin girtin:<\/span><\/h3>\n<h3 style=\"text-align: justify\"><span style=\"font-family: 'arial black', sans-serif;color: #808080\">1.Parlmento \u00fb Hik\u00fbmeta Kurdistan\u00ea, di z\u00fb de hem\u00ee partiy\u00ean Kurdistan\u00ee vexw\u00eenin \u00fb xeteriya PKK\u00ea ya li ser Her\u00eama Kurdistan\u00ea, anal\u00eeze bikin ji bo ku \u00e7areseriyek a\u015fitiyane b\u00ea d\u00eetin.<\/span><\/h3>\n<h3 style=\"text-align: justify\"><span style=\"font-family: 'arial black', sans-serif;color: #808080\">2.New\u015f\u00earwan Mistefa ji bo serdana Xakurk\u00ea \u00fb civ\u00eena li gel r\u00eavebiriya PKK\u00ea b\u00ea erikdar kirin ku ji wan re bib\u00eaje: \u00cad\u00ee reftar\u00ean we li ser Her\u00eama Kurdistan\u00ea b\u00fbne xeter\u00ee.<\/span><\/h3>\n<h3 style=\"text-align: justify\"><span style=\"font-family: 'arial black', sans-serif;color: #7d0000\">Pi\u015ftre bi vexwendina Parlmento \u00fb Hik\u00fbmet\u00ea, civ\u00eeneke berfereh li baregeha Parlmentoy\u00ea hat saz kirin \u00fb ev al\u00ee t\u00ea de hazir b\u00fbn:<\/span><\/h3>\n<h3 style=\"text-align: justify\"><span style=\"font-family: 'arial black', sans-serif;color: #808080\">Ji ba\u015f\u00fbr: PDKe, YNKe, H\u00eezba \u015eyo\u00ee, Yekgirtin, Zehmetk\u00ea\u015f \u00fb Tevgera Demokrat ya A\u015f\u00fbr\u00ee.<\/span><\/h3>\n<h3 style=\"text-align: justify\"><span style=\"font-family: 'arial black', sans-serif;color: #808080\">Ji Rojihlat: HDKA, Komele \u00fb Yek\u00eetiya \u015eore\u015fger\u00ean Kurdistan\u00ea.<\/span><\/h3>\n<h3 style=\"text-align: justify\"><span style=\"font-family: 'arial black', sans-serif;color: #808080\">Ji Bakur: PDKe, Yekb\u00fbn, Kawe, Vej\u00een \u00fb Partiya Rizgar\u00ee.<\/span><\/h3>\n<h3 style=\"text-align: justify\"><span style=\"font-family: arial, helvetica, sans-serif\">Di civ\u00een\u00ea de tev aliyan pi\u015ftgir\u00ee ji boy hewl\u00ean Parlimento \u00fb Hik\u00fbmeta Kurdistan\u00ea diyar kirin, n\u00eegeraniya xwe j\u00ee derbar\u00ea reftar\u00ean PKK\u00ea li Her\u00eama Kurdistan\u00ee an\u00een ziman, hemwext van aliyan xwest p\u00ea\u015f\u00ee li \u015fer\u00ea birakujiy\u00ea b\u00ea girtin, Serok Barzan\u00ee j\u00ee di pirt\u00fbka xwe de niv\u00eesandiye: \u201cEv daxwaza mej\u00ee b\u00fb\u201d.<\/span><\/h3>\n<h3 style=\"text-align: justify\"><span style=\"font-family: 'arial black', sans-serif;font-size: 18pt;color: #7d0000\">New\u015f\u00earwan Mistefa k\u00ee weke d\u00eel p\u00ea\u015f Osman Ocalan ve da dest\u00ea PKK\u00ea?<\/span><\/h3>\n<h3 style=\"text-align: justify\"><span style=\"font-family: arial, helvetica, sans-serif\">Li ber ronahiya civ\u00eena Parlimentoy\u00ea, biryar hat girtin ku \u015fandek serdana PKK\u00ea bike, \u201cHDKA \u00fb Komele\u201d\u00a0 bo v\u00ea hatin erikdar kirin.<\/span><\/h3>\n<h3 style=\"text-align: justify\"><span style=\"font-family: arial, helvetica, sans-serif\">Barzan\u00ee dib\u00eaje: \u201cL\u00eabel\u00ea mixabin PKK\u00ea tu hesab ji boy tu kes\u00ee nekir, pi\u015ftre \u00fb ji boy civ\u00eena li gel r\u00eavebiriya PKK\u00ea her y\u00eak Mihemed P\u00eanciw\u00een\u00ee \u00fb New\u015f\u00earwan Mistefa, serdana Mic\u00easra n\u00eaz\u00ee S\u00eedekan\u00ea kirin, biryarb\u00fb PKKe Osman Ocalan \u00ea biray\u00ea &#8216;Abdulla Ocalan bi\u015f\u00eene w\u00ee c\u00eeh\u00ee, bi merc\u00ea w\u00ea ku hinek ji endam\u00ean serkirdayetiya Kurdistan\u00ea weke d\u00eel li cem PKK\u00ea bim\u00eenin heya dema vegera Osman\u201d.<\/span><\/h3>\n<h3 style=\"text-align: justify\"><span style=\"font-family: arial, helvetica, sans-serif\">New\u015f\u00earwan Mistefa, ev daxwaz\u00eeya PKK\u00ea qeb\u00fbl kir \u00fb her y\u00eak ji \u201cMam Rostem \u00fb Hamid Hac\u00ee Xal\u00ee \u00fb \u015e\u00eax Tariq\u201d \u015fandin cem PKK\u00ea, pi\u015ftre Osman Ocalan kete r\u00ea l\u00ea li n\u00eaz\u00ee Mic\u00easr\u00ea sekin\u00ee \u00fb car din veger\u00ee, civ\u00een nehat li darxistin, sedem\u00ean veger\u00eena Osman nehatin zan\u00een, l\u00ea ti\u015fta ku hatiye zan\u00een ev b\u00fb ku van hewl\u00ean New\u015f\u00earwan Mistefa tu kar\u00eeger\u00ee li reftar\u00ean PKK\u00ea nekir.<\/span><\/h3>\n<h3 style=\"text-align: justify\"><span style=\"font-family: arial, helvetica, sans-serif\">Tev\u00ee hewl\u00ean a\u015fitiy\u00ea y\u00ean serkirdayetiya Kurdistan\u00ea bo babeta PKK\u00ea, haziriy\u00ean le\u015fker\u00ee j\u00ee dihatin encam day\u00een, ev hazir\u00ee ji boy w\u00ea yek\u00ea b\u00fbn heger PKKe guhdariya hewl\u00ean a\u015fitiy\u00ea neke, bi h\u00eaz\u00ea s\u00eenorek bo were dan\u00een, pilan bi v\u00ee away\u00ee b\u00fbn:<\/span><\/h3>\n<h3 style=\"text-align: justify\"><span style=\"font-family: 'arial black', sans-serif;color: #808080\">1.Fermandar\u00eat\u00ee \u00fb r\u00eabertiya eniya Xakurk\u00ea: Hem\u00eed Efend\u00ee, Mistefa \u00c7awre\u015f \u00fb Mamosta Bekir.<\/span><\/h3>\n<h3 style=\"text-align: justify\"><span style=\"font-family: 'arial black', sans-serif;color: #808080\">2.Fermandar\u00eat\u00ee \u00fb r\u00eabertiya eniya Bad\u00eenan: Fazil M\u00eeran\u00ee \u00fb Hesen Kw\u00eastan\u00ee.<\/span><\/h3>\n<h3 style=\"text-align: justify\"><span style=\"font-family: arial, helvetica, sans-serif;font-size: 18pt;color: #7d0000\">Serok Barzan\u00ee di pirt\u00fbka xwe de b\u00fbyer\u00ean pa\u015f hewl\u00ean a\u015fitiy\u00ea bi v\u00ee away\u00ee niv\u00eesandine:<\/span><\/h3>\n<h3 style=\"text-align: justify\"><span style=\"font-family: arial, helvetica, sans-serif\">Bi mixabin\u00ee ve, ke\u015f \u00fb hewayek wisa derket ku b\u00eahtir b\u00eahna \u015fer dikir, rew\u015f m\u00eena berm\u00eeleke bar\u00fbt\u00ea b\u00fb ku bi k\u00eamtir\u00een agir\u00ee b\u00ea teqandin, mixabin li naverasta meha \u00e7iriya yekem a sala 1992 \u00ea \u015fer qewim\u00ee, ewil P\u00ea\u015fmergehan tu hesabek bo PKK\u00ea nedikir \u00fb bi \u00e7avek k\u00eam li wan diner\u00ee, loma zirar\u00ean mezin xwarin, pi\u015ftre pilan\u00ean \u015fer hatin \u00e7\u00eakirin \u00fb li dawiy\u00ea Kosret Res\u00fbl hat sipartin \u00fb serdana Xakurk\u00ea kir, pa\u015f derbasb\u00fbna du hefteyan PKKe \u015fikest \u00fb ragihand ku ew amadene tesl\u00eem bibin.<\/span><\/h3>\n<h3 style=\"text-align: justify\"><span style=\"font-family: 'arial black', sans-serif;color: #7d0000;font-size: 18pt\">Pi\u015ftre peyman \u00e7\u00eab\u00fb \u00fb ev biryar\u00ean p\u00eaw\u00eest hatin girtin:<\/span><\/h3>\n<h3 style=\"text-align: justify\"><span style=\"font-family: 'arial black', sans-serif;color: #808080\">1.P\u00eaw\u00eeste PKKe Xakurk\u00ea bi c\u00eeh bih\u00eale \u00fb li nav\u00e7eya Zel\u00ea ya s\u00eenor\u00ea \u00ceran\u00ea bim\u00eenin.<\/span><\/h3>\n<h3 style=\"text-align: justify\"><span style=\"font-family: 'arial black', sans-serif;color: #808080\">2.Li Bad\u00eenan\u00ea j\u00ee li tu nav\u00e7eyek\u00ea nem\u00eenin \u00fb ten\u00ea li wan nuqteyan y\u00ean ku ji boy wan t\u00ean destn\u00ee\u015fan kirin.<\/span><\/h3>\n<h3 style=\"text-align: justify\"><span style=\"font-family: 'arial black', sans-serif;font-size: 18pt\">YNK\u00ea \u00e7awa ev y\u00eak ji bo re\u015fkirina PDK\u00ea \u00eest\u00eesmar kir?<\/span><\/h3>\n<h3 style=\"text-align: justify\"><span style=\"font-family: arial, helvetica, sans-serif\">Heya ragihandina PKK\u00ea bo helwesta tesl\u00eemb\u00fbn\u00ea, rew\u015f di berjewend\u00eeya serkirdayetiya Kurdistan\u00ea de bir\u00eavedi\u00e7\u00fb, l\u00ea bel\u00ea biryar\u00ean ku li dij\u00ee PKK\u00ea hatine girtin, ji h\u00eala PKK\u00ea ve hatin \u015fikandin \u00fb YNK\u00ea j\u00ee peyman \u015fikand \u00fb mehk\u00fbm\u00ee biryaran neb\u00fb, YNK\u00ea xwest v\u00ee \u015fer\u00ee wisa n\u00ee\u015fan bide ku PDK\u00ea \u015fer p\u00ea xwe\u015fe \u00fb agir\u00ea \u015fer her PDKe xwe\u015f dike.<\/span><\/h3>\n<h3 style=\"text-align: justify\"><span style=\"font-family: arial, helvetica, sans-serif\">Pa\u015f van b\u00fbyeran \u00fb li roja 29 kan\u00fbna yekem a sala 1993\u00ea Osman Ocalan \u00fb s\u00ea kes\u00ean din bi nav\u00ean \u201cWeys\u00ee, Suad \u00fb Yas\u00een\u201d, serdana Serko Barzan\u00ee kirin, di civ\u00een\u00ea de wan p\u00fb\u015fmaniya xwe \u00fb r\u00eaxistina xwe ji destp\u00eakirina \u015fer\u00ea li dij\u00ee Hik\u00fbmeta Kurdistan\u00ea diyar kir, her wiha wan amadeh\u00ee ji boy her cure hevahengiyeka ku li cem PDK\u00ea guncaw be diyar kirin, her y\u00eak ji \u201cFazil M\u00eeran\u00ee, Ker\u00eem \u015eingal \u00fb Izedd\u00een Berwar\u00ee\u201d di v\u00ea civ\u00ean\u00ea de r\u00fbni\u015ft\u00ee b\u00fbn \u00fb bi v\u00ee away\u00ee bersiva PKK\u00ea hat day\u00een: \u201cBera bas li tu hevahengiyan were kirin, p\u00eaw\u00eeste h\u00fbn reftar\u00ean xwe bi guher\u00eenin, pi\u015ftre em\u00ea hevahengiy\u00ea \u00fb \u00e7\u00eakirina peymanan n\u00eeqa\u015f bikin\u201d.<\/span><\/h3>\n<h3 style=\"text-align: justify\"><span style=\"font-family: arial, helvetica, sans-serif\">L\u00ea bel\u00ea pa\u015f derbasb\u00fbna demeke kin, PKKe d\u00eesa veger\u00ee \u00eestifzaz \u00fb \u015ferfro\u015fiya xwe ya li dij\u00ee gel \u00fb Hik\u00fbmeta Ba\u015f\u00fbr\u00ea Kurdistan\u00ea.<\/span><\/h3>\n<h3 style=\"text-align: justify\"><span style=\"font-family: arial, helvetica, sans-serif\">PKKe ji roja ku ketiye di ba\u015f\u00fbr\u00ea Kurdistan\u00ea de, ewil bi Rej\u00eema Seddam re \u00fb pi\u015ftire bi al\u00eekariya \u00ceran\u00ea, tim asteng\u00ee ji bo Kurd\u00ean v\u00ea per\u00e7eya welat \u00e7\u00eakirine, ew b\u00fb sedema r\u00ea\u015ftina xw\u00eena bi sedehan P\u00ea\u015fmergehan \u00fb siv\u00eelan, zarok \u00fb ke\u00e7 revandine \u00fb bac ji \u015f\u00eaniyan distendin, gund\u00ean Ba\u015f\u00fbr kavil \u00fb w\u00earan kirin, \u015fer\u00ea ku li dawiya sala 1992\u00ea daye destp\u00eakirin, ne \u015fer\u00ea y\u00eakem \u00fb ne y\u00ea dawiy\u00ea b\u00fb ku bi Kurd\u00ean ba\u015f\u00fbr difro\u015fe, \u015ferfro\u015fiya v\u00ea r\u00eaxistina ku niha b\u00fbye be\u015fek\u00ee \u201cM\u00eehwer\u00ea Miqawem\u00ea\u201d li dij\u00ee Kurd \u00fb Kurdistan\u00ea heya roja me ya \u00eero dewam dike.<\/span><\/h3>\n","protected":false},"excerpt":{"rendered":"<p>Gelek b\u00fbyer li pey rizgar b\u00fbna Ba\u015f\u00fbr\u00ea Kurdistan\u00ea hatin jiyan kirin, y\u00eak j\u00ea \u015fer\u00ea dil bi \u00ea\u015f\u00ea \u201cKurd \u00fb Kurdan\u201d bi xwe b\u00fb, \u015fer\u00ea ku li destp\u00eaka sal\u00ean not\u00ea PKK\u00ea li ser gel\u00ea h\u00eajan ji xwe\u015fya azadiy\u00ea tam nekir\u00ee, ferz kir\u00ee. PKK\u00ea bi h\u00earseke pir mezin li rizgarb\u00fbna Her\u00eama Kurdistan\u00ea di ner\u00ee, w\u00ea serketina \u201c\u015eore\u015fa [&hellip;]<\/p>\n","protected":false},"author":2,"featured_media":1032439,"comment_status":"closed","ping_status":"closed","sticky":false,"template":"","format":"standard","meta":{"footnotes":""},"categories":[40],"tags":[37],"class_list":["post-1032438","post","type-post","status-publish","format-standard","has-post-thumbnail","hentry","category-niheni","tag-sereke"],"blocksy_meta":[],"seo_head":"<!-- This site is optimized with the Yoast SEO plugin v27.5 - https:\/\/yoast.com\/product\/yoast-seo-wordpress\/ -->\n<title>\u015eer\u00ea sal\u00ean not\u00ea y\u00ea PKK\u00ea \u00fb Hik\u00fbmeta Kurdistan\u00ea \u00e7awa destp\u00eakir? - Darka Maz\u00ee<\/title>\n<meta name=\"robots\" content=\"index, follow, max-snippet:-1, max-image-preview:large, max-video-preview:-1\" \/>\n<link rel=\"canonical\" href=\"https:\/\/darkamazi.info\/archives\/1032438\" \/>\n<meta property=\"og:locale\" content=\"en_US\" \/>\n<meta property=\"og:type\" content=\"article\" \/>\n<meta property=\"og:title\" content=\"\u015eer\u00ea sal\u00ean not\u00ea y\u00ea PKK\u00ea \u00fb Hik\u00fbmeta Kurdistan\u00ea \u00e7awa destp\u00eakir? - Darka Maz\u00ee\" \/>\n<meta property=\"og:description\" content=\"Gelek b\u00fbyer li pey rizgar b\u00fbna Ba\u015f\u00fbr\u00ea Kurdistan\u00ea hatin jiyan kirin, y\u00eak j\u00ea \u015fer\u00ea dil bi \u00ea\u015f\u00ea \u201cKurd \u00fb Kurdan\u201d bi xwe b\u00fb, \u015fer\u00ea ku li destp\u00eaka sal\u00ean not\u00ea PKK\u00ea li ser gel\u00ea h\u00eajan ji xwe\u015fya azadiy\u00ea tam nekir\u00ee, ferz kir\u00ee. PKK\u00ea bi h\u00earseke pir mezin li rizgarb\u00fbna Her\u00eama Kurdistan\u00ea di ner\u00ee, w\u00ea serketina \u201c\u015eore\u015fa [&hellip;]\" \/>\n<meta property=\"og:url\" content=\"https:\/\/darkamazi.info\/archives\/1032438\" \/>\n<meta property=\"og:site_name\" content=\"Darka Maz\u00ee\" \/>\n<meta property=\"article:publisher\" content=\"https:\/\/www.facebook.com\/DarMaziKurmanci\" \/>\n<meta property=\"article:published_time\" content=\"2022-09-06T17:14:06+00:00\" \/>\n<meta property=\"og:image\" content=\"https:\/\/darkamazi.info\/file\/2022\/09\/serok-mam-jalal-pkk-kurdistan-1992-birakuji-pkk-kck-hpg-kurdistan-parliment-puk-pdk-hdka-iran-turkey-info.jpg\" \/>\n\t<meta property=\"og:image:width\" content=\"900\" \/>\n\t<meta property=\"og:image:height\" content=\"497\" \/>\n\t<meta property=\"og:image:type\" content=\"image\/jpeg\" \/>\n<meta name=\"author\" content=\"darka mazi\" \/>\n<meta name=\"twitter:card\" content=\"summary_large_image\" \/>\n<meta name=\"twitter:creator\" content=\"@DarkaMaziLatini\" \/>\n<meta name=\"twitter:site\" content=\"@DarkaMaziLatini\" \/>\n<meta name=\"twitter:label1\" content=\"Written by\" \/>\n\t<meta name=\"twitter:data1\" content=\"darka mazi\" \/>\n\t<meta name=\"twitter:label2\" content=\"Est. reading time\" \/>\n\t<meta name=\"twitter:data2\" content=\"6 minutes\" \/>\n<script type=\"application\/ld+json\" class=\"seo-schema-graph\">{\"@context\":\"https:\\\/\\\/schema.org\",\"@graph\":[{\"@type\":\"Article\",\"@id\":\"https:\\\/\\\/darkamazi.info\\\/archives\\\/1032438#article\",\"isPartOf\":{\"@id\":\"https:\\\/\\\/darkamazi.info\\\/archives\\\/1032438\"},\"author\":{\"name\":\"darka mazi\",\"@id\":\"https:\\\/\\\/darkamazi.info\\\/#\\\/schema\\\/person\\\/5ad3e24553a0567993fa8ed4bd0a776c\"},\"headline\":\"\u015eer\u00ea sal\u00ean not\u00ea y\u00ea PKK\u00ea \u00fb Hik\u00fbmeta Kurdistan\u00ea \u00e7awa destp\u00eakir?\",\"datePublished\":\"2022-09-06T17:14:06+00:00\",\"mainEntityOfPage\":{\"@id\":\"https:\\\/\\\/darkamazi.info\\\/archives\\\/1032438\"},\"wordCount\":1462,\"publisher\":{\"@id\":\"https:\\\/\\\/darkamazi.info\\\/#organization\"},\"image\":{\"@id\":\"https:\\\/\\\/darkamazi.info\\\/archives\\\/1032438#primaryimage\"},\"thumbnailUrl\":\"https:\\\/\\\/darkamazi.info\\\/darka-content\\\/uploads\\\/2022\\\/09\\\/serok-mam-jalal-pkk-kurdistan-1992-birakuji-pkk-kck-hpg-kurdistan-parliment-puk-pdk-hdka-iran-turkey-info.jpg\",\"keywords\":[\"sereke\"],\"articleSection\":[\"Nih\u00ean\u00ee\"],\"inLanguage\":\"en-US\"},{\"@type\":\"WebPage\",\"@id\":\"https:\\\/\\\/darkamazi.info\\\/archives\\\/1032438\",\"url\":\"https:\\\/\\\/darkamazi.info\\\/archives\\\/1032438\",\"name\":\"\u015eer\u00ea sal\u00ean not\u00ea y\u00ea PKK\u00ea \u00fb Hik\u00fbmeta Kurdistan\u00ea \u00e7awa destp\u00eakir? - Darka Maz\u00ee\",\"isPartOf\":{\"@id\":\"https:\\\/\\\/darkamazi.info\\\/#website\"},\"primaryImageOfPage\":{\"@id\":\"https:\\\/\\\/darkamazi.info\\\/archives\\\/1032438#primaryimage\"},\"image\":{\"@id\":\"https:\\\/\\\/darkamazi.info\\\/archives\\\/1032438#primaryimage\"},\"thumbnailUrl\":\"https:\\\/\\\/darkamazi.info\\\/darka-content\\\/uploads\\\/2022\\\/09\\\/serok-mam-jalal-pkk-kurdistan-1992-birakuji-pkk-kck-hpg-kurdistan-parliment-puk-pdk-hdka-iran-turkey-info.jpg\",\"datePublished\":\"2022-09-06T17:14:06+00:00\",\"breadcrumb\":{\"@id\":\"https:\\\/\\\/darkamazi.info\\\/archives\\\/1032438#breadcrumb\"},\"inLanguage\":\"en-US\",\"potentialAction\":[{\"@type\":\"ReadAction\",\"target\":[\"https:\\\/\\\/darkamazi.info\\\/archives\\\/1032438\"]}]},{\"@type\":\"ImageObject\",\"inLanguage\":\"en-US\",\"@id\":\"https:\\\/\\\/darkamazi.info\\\/archives\\\/1032438#primaryimage\",\"url\":\"https:\\\/\\\/darkamazi.info\\\/darka-content\\\/uploads\\\/2022\\\/09\\\/serok-mam-jalal-pkk-kurdistan-1992-birakuji-pkk-kck-hpg-kurdistan-parliment-puk-pdk-hdka-iran-turkey-info.jpg\",\"contentUrl\":\"https:\\\/\\\/darkamazi.info\\\/darka-content\\\/uploads\\\/2022\\\/09\\\/serok-mam-jalal-pkk-kurdistan-1992-birakuji-pkk-kck-hpg-kurdistan-parliment-puk-pdk-hdka-iran-turkey-info.jpg\",\"width\":900,\"height\":497,\"caption\":\"serok-mam-jalal-pkk-kurdistan-1992-birakuji-pkk-kck-hpg-kurdistan-parliment-puk-pdk-hdka-iran-turkey-info\"},{\"@type\":\"BreadcrumbList\",\"@id\":\"https:\\\/\\\/darkamazi.info\\\/archives\\\/1032438#breadcrumb\",\"itemListElement\":[{\"@type\":\"ListItem\",\"position\":1,\"name\":\"Home\",\"item\":\"https:\\\/\\\/darkamazi.info\\\/\"},{\"@type\":\"ListItem\",\"position\":2,\"name\":\"\u015eer\u00ea sal\u00ean not\u00ea y\u00ea PKK\u00ea \u00fb Hik\u00fbmeta Kurdistan\u00ea \u00e7awa destp\u00eakir?\"}]},{\"@type\":\"WebSite\",\"@id\":\"https:\\\/\\\/darkamazi.info\\\/#website\",\"url\":\"https:\\\/\\\/darkamazi.info\\\/\",\"name\":\"Darka Maz\u00ee\",\"description\":\"P\u00eageha Zanyariy\u00ean Nebih\u00eest\u00ee\",\"publisher\":{\"@id\":\"https:\\\/\\\/darkamazi.info\\\/#organization\"},\"potentialAction\":[{\"@type\":\"SearchAction\",\"target\":{\"@type\":\"EntryPoint\",\"urlTemplate\":\"https:\\\/\\\/darkamazi.info\\\/?s={search_term_string}\"},\"query-input\":{\"@type\":\"PropertyValueSpecification\",\"valueRequired\":true,\"valueName\":\"search_term_string\"}}],\"inLanguage\":\"en-US\"},{\"@type\":\"Organization\",\"@id\":\"https:\\\/\\\/darkamazi.info\\\/#organization\",\"name\":\"Darka Maz\u00ee\",\"url\":\"https:\\\/\\\/darkamazi.info\\\/\",\"logo\":{\"@type\":\"ImageObject\",\"inLanguage\":\"en-US\",\"@id\":\"https:\\\/\\\/darkamazi.info\\\/#\\\/schema\\\/logo\\\/image\\\/\",\"url\":\"https:\\\/\\\/darkamazi.info\\\/darka-content\\\/uploads\\\/2017\\\/12\\\/darka-mazi-logo.png\",\"contentUrl\":\"https:\\\/\\\/darkamazi.info\\\/darka-content\\\/uploads\\\/2017\\\/12\\\/darka-mazi-logo.png\",\"width\":151,\"height\":75,\"caption\":\"Darka Maz\u00ee\"},\"image\":{\"@id\":\"https:\\\/\\\/darkamazi.info\\\/#\\\/schema\\\/logo\\\/image\\\/\"},\"sameAs\":[\"https:\\\/\\\/www.facebook.com\\\/DarMaziKurmanci\",\"https:\\\/\\\/x.com\\\/DarkaMaziLatini\",\"https:\\\/\\\/www.instagram.com\\\/darkamazi.kurmanci\\\/\",\"https:\\\/\\\/www.youtube.com\\\/channel\\\/UCa5HkTdmI8U1qCUFuTw8B2g\"]},{\"@type\":\"Person\",\"@id\":\"https:\\\/\\\/darkamazi.info\\\/#\\\/schema\\\/person\\\/5ad3e24553a0567993fa8ed4bd0a776c\",\"name\":\"darka mazi\",\"sameAs\":[\"https:\\\/\\\/darkamazi.info\\\/\"],\"url\":\"https:\\\/\\\/darkamazi.info\\\/archives\\\/author\\\/kurdi\"}]}<\/script>\n<!-- \/ Yoast SEO plugin. -->","seo_head_json":{"title":"\u015eer\u00ea sal\u00ean not\u00ea y\u00ea PKK\u00ea \u00fb Hik\u00fbmeta Kurdistan\u00ea \u00e7awa destp\u00eakir? - Darka Maz\u00ee","robots":{"index":"index","follow":"follow","max-snippet":"max-snippet:-1","max-image-preview":"max-image-preview:large","max-video-preview":"max-video-preview:-1"},"canonical":"https:\/\/darkamazi.info\/archives\/1032438","og_locale":"en_US","og_type":"article","og_title":"\u015eer\u00ea sal\u00ean not\u00ea y\u00ea PKK\u00ea \u00fb Hik\u00fbmeta Kurdistan\u00ea \u00e7awa destp\u00eakir? - Darka Maz\u00ee","og_description":"Gelek b\u00fbyer li pey rizgar b\u00fbna Ba\u015f\u00fbr\u00ea Kurdistan\u00ea hatin jiyan kirin, y\u00eak j\u00ea \u015fer\u00ea dil bi \u00ea\u015f\u00ea \u201cKurd \u00fb Kurdan\u201d bi xwe b\u00fb, \u015fer\u00ea ku li destp\u00eaka sal\u00ean not\u00ea PKK\u00ea li ser gel\u00ea h\u00eajan ji xwe\u015fya azadiy\u00ea tam nekir\u00ee, ferz kir\u00ee. PKK\u00ea bi h\u00earseke pir mezin li rizgarb\u00fbna Her\u00eama Kurdistan\u00ea di ner\u00ee, w\u00ea serketina \u201c\u015eore\u015fa [&hellip;]","og_url":"https:\/\/darkamazi.info\/archives\/1032438","og_site_name":"Darka Maz\u00ee","article_publisher":"https:\/\/www.facebook.com\/DarMaziKurmanci","article_published_time":"2022-09-06T17:14:06+00:00","og_image":[{"width":900,"height":497,"url":"https:\/\/darkamazi.info\/file\/2022\/09\/serok-mam-jalal-pkk-kurdistan-1992-birakuji-pkk-kck-hpg-kurdistan-parliment-puk-pdk-hdka-iran-turkey-info.jpg","type":"image\/jpeg"}],"author":"darka mazi","twitter_card":"summary_large_image","twitter_creator":"@DarkaMaziLatini","twitter_site":"@DarkaMaziLatini","twitter_misc":{"Written by":"darka mazi","Est. reading time":"6 minutes"},"schema":{"@context":"https:\/\/schema.org","@graph":[{"@type":"Article","@id":"https:\/\/darkamazi.info\/archives\/1032438#article","isPartOf":{"@id":"https:\/\/darkamazi.info\/archives\/1032438"},"author":{"name":"darka mazi","@id":"https:\/\/darkamazi.info\/#\/schema\/person\/5ad3e24553a0567993fa8ed4bd0a776c"},"headline":"\u015eer\u00ea sal\u00ean not\u00ea y\u00ea PKK\u00ea \u00fb Hik\u00fbmeta Kurdistan\u00ea \u00e7awa destp\u00eakir?","datePublished":"2022-09-06T17:14:06+00:00","mainEntityOfPage":{"@id":"https:\/\/darkamazi.info\/archives\/1032438"},"wordCount":1462,"publisher":{"@id":"https:\/\/darkamazi.info\/#organization"},"image":{"@id":"https:\/\/darkamazi.info\/archives\/1032438#primaryimage"},"thumbnailUrl":"https:\/\/darkamazi.info\/file\/2022\/09\/serok-mam-jalal-pkk-kurdistan-1992-birakuji-pkk-kck-hpg-kurdistan-parliment-puk-pdk-hdka-iran-turkey-info.jpg","keywords":["sereke"],"articleSection":["Nih\u00ean\u00ee"],"inLanguage":"en-US"},{"@type":"WebPage","@id":"https:\/\/darkamazi.info\/archives\/1032438","url":"https:\/\/darkamazi.info\/archives\/1032438","name":"\u015eer\u00ea sal\u00ean not\u00ea y\u00ea PKK\u00ea \u00fb Hik\u00fbmeta Kurdistan\u00ea \u00e7awa destp\u00eakir? - Darka Maz\u00ee","isPartOf":{"@id":"https:\/\/darkamazi.info\/#website"},"primaryImageOfPage":{"@id":"https:\/\/darkamazi.info\/archives\/1032438#primaryimage"},"image":{"@id":"https:\/\/darkamazi.info\/archives\/1032438#primaryimage"},"thumbnailUrl":"https:\/\/darkamazi.info\/file\/2022\/09\/serok-mam-jalal-pkk-kurdistan-1992-birakuji-pkk-kck-hpg-kurdistan-parliment-puk-pdk-hdka-iran-turkey-info.jpg","datePublished":"2022-09-06T17:14:06+00:00","breadcrumb":{"@id":"https:\/\/darkamazi.info\/archives\/1032438#breadcrumb"},"inLanguage":"en-US","potentialAction":[{"@type":"ReadAction","target":["https:\/\/darkamazi.info\/archives\/1032438"]}]},{"@type":"ImageObject","inLanguage":"en-US","@id":"https:\/\/darkamazi.info\/archives\/1032438#primaryimage","url":"https:\/\/darkamazi.info\/file\/2022\/09\/serok-mam-jalal-pkk-kurdistan-1992-birakuji-pkk-kck-hpg-kurdistan-parliment-puk-pdk-hdka-iran-turkey-info.jpg","contentUrl":"https:\/\/darkamazi.info\/file\/2022\/09\/serok-mam-jalal-pkk-kurdistan-1992-birakuji-pkk-kck-hpg-kurdistan-parliment-puk-pdk-hdka-iran-turkey-info.jpg","width":900,"height":497,"caption":"serok-mam-jalal-pkk-kurdistan-1992-birakuji-pkk-kck-hpg-kurdistan-parliment-puk-pdk-hdka-iran-turkey-info"},{"@type":"BreadcrumbList","@id":"https:\/\/darkamazi.info\/archives\/1032438#breadcrumb","itemListElement":[{"@type":"ListItem","position":1,"name":"Home","item":"https:\/\/darkamazi.info\/"},{"@type":"ListItem","position":2,"name":"\u015eer\u00ea sal\u00ean not\u00ea y\u00ea PKK\u00ea \u00fb Hik\u00fbmeta Kurdistan\u00ea \u00e7awa destp\u00eakir?"}]},{"@type":"WebSite","@id":"https:\/\/darkamazi.info\/#website","url":"https:\/\/darkamazi.info\/","name":"Darka Maz\u00ee","description":"P\u00eageha Zanyariy\u00ean Nebih\u00eest\u00ee","publisher":{"@id":"https:\/\/darkamazi.info\/#organization"},"potentialAction":[{"@type":"SearchAction","target":{"@type":"EntryPoint","urlTemplate":"https:\/\/darkamazi.info\/?s={search_term_string}"},"query-input":{"@type":"PropertyValueSpecification","valueRequired":true,"valueName":"search_term_string"}}],"inLanguage":"en-US"},{"@type":"Organization","@id":"https:\/\/darkamazi.info\/#organization","name":"Darka Maz\u00ee","url":"https:\/\/darkamazi.info\/","logo":{"@type":"ImageObject","inLanguage":"en-US","@id":"https:\/\/darkamazi.info\/#\/schema\/logo\/image\/","url":"https:\/\/darkamazi.info\/file\/2017\/12\/darka-mazi-logo.png","contentUrl":"https:\/\/darkamazi.info\/file\/2017\/12\/darka-mazi-logo.png","width":151,"height":75,"caption":"Darka Maz\u00ee"},"image":{"@id":"https:\/\/darkamazi.info\/#\/schema\/logo\/image\/"},"sameAs":["https:\/\/www.facebook.com\/DarMaziKurmanci","https:\/\/x.com\/DarkaMaziLatini","https:\/\/www.instagram.com\/darkamazi.kurmanci\/","https:\/\/www.youtube.com\/channel\/UCa5HkTdmI8U1qCUFuTw8B2g"]},{"@type":"Person","@id":"https:\/\/darkamazi.info\/#\/schema\/person\/5ad3e24553a0567993fa8ed4bd0a776c","name":"darka mazi","sameAs":["https:\/\/darkamazi.info\/"],"url":"https:\/\/darkamazi.info\/archives\/author\/kurdi"}]}},"_links":{"self":[{"href":"https:\/\/darkamazi.info\/funavuv\/wp\/v2\/posts\/1032438","targetHints":{"allow":["GET"]}}],"collection":[{"href":"https:\/\/darkamazi.info\/funavuv\/wp\/v2\/posts"}],"about":[{"href":"https:\/\/darkamazi.info\/funavuv\/wp\/v2\/types\/post"}],"author":[{"embeddable":true,"href":"https:\/\/darkamazi.info\/funavuv\/wp\/v2\/users\/2"}],"replies":[{"embeddable":true,"href":"https:\/\/darkamazi.info\/funavuv\/wp\/v2\/comments?post=1032438"}],"version-history":[{"count":0,"href":"https:\/\/darkamazi.info\/funavuv\/wp\/v2\/posts\/1032438\/revisions"}],"wp:featuredmedia":[{"embeddable":true,"href":"https:\/\/darkamazi.info\/funavuv\/wp\/v2\/media\/1032439"}],"wp:attachment":[{"href":"https:\/\/darkamazi.info\/funavuv\/wp\/v2\/media?parent=1032438"}],"wp:term":[{"taxonomy":"category","embeddable":true,"href":"https:\/\/darkamazi.info\/funavuv\/wp\/v2\/categories?post=1032438"},{"taxonomy":"post_tag","embeddable":true,"href":"https:\/\/darkamazi.info\/funavuv\/wp\/v2\/tags?post=1032438"}],"curies":[{"name":"wp","href":"https:\/\/api.w.org\/{rel}","templated":true}]}}